{"id":17796,"date":"2021-03-18T06:05:55","date_gmt":"2021-03-18T05:05:55","guid":{"rendered":"https:\/\/www.article-marketing.eu\/comunicatistampa\/?p=17796"},"modified":"2021-03-18T06:05:55","modified_gmt":"2021-03-18T05:05:55","slug":"la-mia-vita-e-un-mosaico","status":"publish","type":"post","link":"https:\/\/www.article-marketing.eu\/comunicatistampa\/la-mia-vita-e-un-mosaico\/","title":{"rendered":"LA MIA VITA E\u2019 UN MOSAICO"},"content":{"rendered":"<p><em>\u201cScrivo perch\u00e9 non ci sono pi\u00f9 palchi da calcare\u201d<\/em><\/p>\n<p>Cos\u00ec afferma, con una punta di amarezza, un giovane\u00a0<strong><em>\u201cteatrante\u201d<\/em><\/strong>\u00a0con soli 40 anni di palcoscenico alle spalle.<\/p>\n<p>I testi da lui portati in scena, nel corso del tempo, sono tutti improvvisati, senza un copione definitivo e ci\u00f2 dimostra la grandezza, la capacit\u00e0 oratoria, la capacit\u00e0 di osservare tutti gli aspetti della natura che lo circonda e \u2013 cosa ben pi\u00f9 profonda \u2013 l\u2019animo umano.<\/p>\n<p><a href=\"https:\/\/www.lamacinamagazine.it\/wp-content\/uploads\/2021\/03\/Copertina-min.jpg\"><img loading=\"lazy\" decoding=\"async\" class=\"wp-image-6986 aligncenter\" src=\"https:\/\/www.lamacinamagazine.it\/wp-content\/uploads\/2021\/03\/Copertina-min-188x300.jpg\" alt=\"LA MIA VITA E\u2019 UN MOSAICO\" width=\"120\" height=\"191\" \/><\/a><\/p>\n<p><strong>59 racconti brevi<\/strong>, sagaci, pungenti, arguti, gradevolmente irriverenti che raccontano episodi di vita quotidiana familiare, politica, sociale, tutti immersi nella solida cultura di una piccola realt\u00e0 di paese ben pi\u00f9 apprezzabile di quella metropolitana.<\/p>\n<p><strong>59 racconti brevi<\/strong>\u00a0che catturano l\u2019attenzione del lettore fin dalle primissime righe della prima novella con un linguaggio scorrevole, semplice, d\u2019effetto e privo d\u2019artifici, dove la lingua italiana si alterna sapientemente al dialetto\u00a0<strong>necessario<\/strong>\u00a0a creare e rafforzare il significato dello scritto.<\/p>\n<p><strong>59 racconti brevi<\/strong>\u00a0che rimarcano quel\u00a0<strong><em>certo modo<\/em><\/strong>\u00a0di essere tipico del popolo\u00a0<strong><em>abbruzzese<\/em><\/strong>\u00a0(in lingua italiana si scrive correttamente con una sola \u201cb\u201d ma il dialetto di queste parti tende a rafforzare le lettere, le duplica\u00a0o\u00a0addirittura le triplica) capace di entrarti nel sangue e nel cuore con una saggezza spiazzante.<\/p>\n<p>Stiamo parlando di\u00a0<strong>Domenico Turchi<\/strong>\u00a0che ha scritto la sua opera libraria\u00a0<strong>\u201cLa mia vita \u00e8 un mosaico\u201d<\/strong><\/p>\n<p>Questo gustoso racconto,<strong>\u00a0\u201cNonno e il cane Carina\u201d\u00a0<\/strong>tratto da YouTube, ci consente da subito di scacciare la malinconia:<\/p>\n<p>Il libro \u00e8 una vera e propria lezione di vita, una sorta di\u00a0<em><strong>carpe diem<\/strong><\/em><em>\u00a0<\/em>in grado di mettere in luce lo spaccato di una regione ed una comunit\u00e0 colta e ricca non solo dal punto di vista linguistico, ma che esprime quella cultura che affonda le radici nella sana e solida realt\u00e0 contadina, nella diversit\u00e0 tra le genti di mare che lambisce il territorio e quelle della vicina montagna.<\/p>\n<p><strong>Domenico Turchi<\/strong>\u00a0con\u00a0<strong>\u201cLa Mia vita \u00e8 un mosaico\u201d<\/strong>\u00a0ci racconta la sua vita, la sua realt\u00e0 che si incastona perfettamente con quella di tutti noi che sentiamo fortemente il senso di appartenenza alla nostra terra ed alle sue tradizioni.<\/p>\n<p>Dal racconto:\u00a0<strong>\u201cIl miracolo del sedano\u201d<\/strong><\/p>\n<p><em>\u201c\u2026Preso da una sconosciuta emozione mi avvicinai ai carri della maggiolata e con il dito pi\u00f9 lungo che avevo, l\u2019indice, toccai le chiappe di una ragazza\u2026Pap\u00e0 prese 2 piante di sedano e mi disse: lu lacce (il sedano) \u00e8 afrodisiaco. Mingo lu lacce ti fa rizz\u00e0 la picche\u201d<\/em><\/p>\n<p>Semplicit\u00e0 unita ad una sana ingenuit\u00e0 giovanile.<\/p>\n<p>L\u2019opera descrive scene vive e tangibili, fortemente descrittive ed evocative; chiudendo gli occhi si avvertono gli odori, i profumi, si percepiscono i colori e i sapori del cibo contadino.<\/p>\n<p>La lettura del libro ci proietta in quel preciso contesto descritto: ci si ritrova immersi tra i profumi della nostra montagna, la\u00a0<strong>Majella<\/strong>, si assapora il gusto degli\u00a0<em>arrosticini<\/em>, rigorosamente a multipli di 10, accompagnati da un buon vino cotto mentre lo sguardo si perde tra le acque del nostro mare.<\/p>\n<p><a href=\"https:\/\/www.lamacinamagazine.it\/wp-content\/uploads\/2021\/03\/interno2-min.jpg\"><img loading=\"lazy\" decoding=\"async\" class=\"alignnone wp-image-6987\" src=\"https:\/\/www.lamacinamagazine.it\/wp-content\/uploads\/2021\/03\/interno2-min.jpg\" alt=\"LA MIA VITA E\u2019 UN MOSAICO\" width=\"132\" height=\"178\" \/><\/a><\/p>\n<p>Tutti i racconti sono lezione di vita ed illustrano un vissuto reale, concreto, genuino, umano, sensibile e, principalmente, rispettoso e curioso.<\/p>\n<p>Dal racconto:\u00a0<strong>\u201cLuoghi\u201d<\/strong><\/p>\n<p><em>\u201c\u2026come si fa ad abbandonare questi luoghi? Apparteniamo ad essi come l\u2019asparago selvatico appartiene a noi\u201d<\/em><\/p>\n<p>La madre terra a cui dobbiamo portare rispetto.<\/p>\n<p><strong>Domenico Turchi<\/strong>\u00a0con\u00a0<strong>\u201cLa Mia vita \u00e8 un mosaico\u201d<\/strong>\u00a0riesce ad affascinarci con i suoi racconti che rappresentano il perfetto incastro tra le esperienze semplici e genuine della gente e del suo territorio.<\/p>\n<p>Si confessa\u00a0<strong>Domenico Turchi<\/strong>,\u00a0\u00a0<strong>Mingo<\/strong>\u00a0per gli amici e mi auguro sia considerato tale,\u00a0<em>\u201cla mia non \u00e8 una grammatica corretta, uso i puntini pi\u00f9 che una virgola perch\u00e9 quando scrivo recito\u201d<\/em><\/p>\n<p>Ed \u00e8 proprio questo il gran merito di\u00a0<strong>Domenico<\/strong>, rimanere fedele al\u00a0<strong>\u201cSuo\u201d<\/strong>\u00a0teatro.<\/p>\n<p>Nella stesura dell\u2019opera libraria\u00a0<strong>\u201cLa mia vita \u00e8 un mosaico\u201d,<\/strong>\u00a0<strong>Domenico<\/strong>\u00a0ha vissuto, respirato e recitato come se ci fosse il pubblico seduto in platea.<\/p>\n<p>Ed il suo pubblico, tutti noi, sapremo ancora una volta essere vicini a\u00a0<strong>Domenico Turchi\u00a0<\/strong>e potremo godere della lettura del suo libro\u00a0<strong>\u201cLa Mia vita \u00e8 un mosaico\u201d<\/strong><\/p>\n<p>Buona lettura.<\/p>\n<p>Complimenti sinceri\u00a0<strong>Domenico Turchi\u00a0<\/strong>da parte di tutti noi.<\/p>\n<p><a href=\"https:\/\/www.lamacinamagazine.it\/wp-content\/uploads\/2021\/03\/interno1-min-1.jpg\"><img loading=\"lazy\" decoding=\"async\" class=\"alignnone wp-image-6988\" src=\"https:\/\/www.lamacinamagazine.it\/wp-content\/uploads\/2021\/03\/interno1-min-1-300x187.jpg\" alt=\"LA MIA VITA E\u2019 UN MOSAICO\" width=\"179\" height=\"112\" \/><\/a><\/p>\n<p><strong>\u201cLa Mia vita \u00e8 un mosaico\u201d<\/strong>\u00a0di\u00a0<strong>Domenico Turchi<\/strong><\/p>\n<p>Per informazioni complete sull\u2019autore e per un contatto diretto visitare la pagina:<\/p>\n<p><strong>https:\/\/www.facebook.com\/domenico.turchi.9<\/strong><\/p>\n<p>Edito da Streetlib Write edizione cartacea e eBook \u00a0\u00a0\u00a0http:\/\/write.streetlib.com<\/p>\n<p>Edizioni eBook on line:<\/p>\n<p><iframe loading=\"lazy\" title=\"La mia vita \u00e8 un mosaico: Racconti di Domenico Turchi\" type=\"text\/html\" width=\"1050\" height=\"550\" frameborder=\"0\" allowfullscreen style=\"max-width:100%\" src=\"https:\/\/leggi.amazon.it\/kp\/card?preview=inline&#038;linkCode=kpd&#038;ref_=k4w_oembed_XSwAbc0F1QcHwj&#038;asin=B087M8TJ9Q&#038;tag=kpembed-20\"><\/iframe><\/p>\n<p>https:\/\/www.ibs.it\/mia-vita-mosaico-ebook-domenico-turchi\/e\/9788835807667#<\/p>\n<p>https:\/\/www.mondadoristore.it\/La-mia-vita-e-un-mosaico-Domenico-Turchi\/eai978883580766\/<\/p>\n<p>&nbsp;<\/p>\n<p>&nbsp;<\/p>\n","protected":false},"excerpt":{"rendered":"<p>\u201cScrivo perch\u00e9 non ci sono pi\u00f9 palchi da calcare\u201d Cos\u00ec afferma, con una punta di amarezza, un giovane\u00a0\u201cteatrante\u201d\u00a0con soli 40 anni di palcoscenico alle spalle. I testi da lui portati in scena, nel corso del tempo, sono tutti improvvisati, senza un copione definitivo e ci\u00f2 dimostra la grandezza, la capacit\u00e0 oratoria, la capacit\u00e0 di osservare tutti gli aspetti della natura che lo circonda e \u2013 cosa ben pi\u00f9 profonda \u2013<\/p>\n<p><a class=\"continue-reading\" href=\"https:\/\/www.article-marketing.eu\/comunicatistampa\/la-mia-vita-e-un-mosaico\/\">Continue reading&#8230;<\/a><\/p>\n","protected":false},"author":5603,"featured_media":0,"comment_status":"open","ping_status":"open","sticky":false,"template":"","format":"standard","meta":{"_monsterinsights_skip_tracking":false,"_monsterinsights_sitenote_active":false,"_monsterinsights_sitenote_note":"","_monsterinsights_sitenote_category":0,"footnotes":""},"categories":[410],"tags":[571,570,7483,647],"class_list":["post-17796","post","type-post","status-publish","format-standard","hentry","category-libri","tag-arte","tag-cultura","tag-domenico-turchi","tag-teatro"],"yoast_head":"<!-- This site is optimized with the Yoast SEO plugin v27.3 - https:\/\/yoast.com\/product\/yoast-seo-wordpress\/ -->\n<title>LA MIA VITA E\u2019 UN MOSAICO di Domenico Turchi<\/title>\n<meta name=\"description\" content=\"LA MIA VITA E\u2019 UN MOSAICO, l&#039;opera libraria di Domenico Turchi che con i suoi racconti ci immerge nei sani valori del suo territorio.\" \/>\n<meta name=\"robots\" content=\"index, follow, max-snippet:-1, max-image-preview:large, max-video-preview:-1\" \/>\n<link rel=\"canonical\" href=\"https:\/\/www.article-marketing.eu\/comunicatistampa\/la-mia-vita-e-un-mosaico\/\" \/>\n<meta property=\"og:locale\" content=\"it_IT\" \/>\n<meta property=\"og:type\" content=\"article\" \/>\n<meta property=\"og:title\" content=\"LA MIA VITA E\u2019 UN MOSAICO di Domenico Turchi\" \/>\n<meta property=\"og:description\" content=\"LA MIA VITA E\u2019 UN MOSAICO, l&#039;opera libraria di Domenico Turchi che con i suoi racconti ci immerge nei sani valori del suo territorio.\" \/>\n<meta property=\"og:url\" content=\"https:\/\/www.article-marketing.eu\/comunicatistampa\/la-mia-vita-e-un-mosaico\/\" \/>\n<meta property=\"og:site_name\" content=\"Article Marketing\" \/>\n<meta property=\"article:author\" content=\"https:\/\/www.facebook.com\/lamacina.onlus\" \/>\n<meta property=\"article:published_time\" content=\"2021-03-18T05:05:55+00:00\" \/>\n<meta property=\"og:image\" content=\"https:\/\/www.lamacinamagazine.it\/wp-content\/uploads\/2021\/03\/Copertina-min-188x300.jpg\" \/>\n<meta name=\"author\" content=\"La Macina Magazine\" \/>\n<meta name=\"twitter:card\" content=\"summary_large_image\" \/>\n<meta name=\"twitter:creator\" content=\"@https:\/\/twitter.com\/LAMACINAONLUS\" \/>\n<meta name=\"twitter:label1\" content=\"Scritto da\" \/>\n\t<meta name=\"twitter:data1\" content=\"La Macina Magazine\" \/>\n\t<meta name=\"twitter:label2\" content=\"Tempo di lettura stimato\" \/>\n\t<meta name=\"twitter:data2\" content=\"4 minuti\" \/>\n<script type=\"application\/ld+json\" class=\"yoast-schema-graph\">{\"@context\":\"https:\\\/\\\/schema.org\",\"@graph\":[{\"@type\":\"Article\",\"@id\":\"https:\\\/\\\/www.article-marketing.eu\\\/comunicatistampa\\\/la-mia-vita-e-un-mosaico\\\/#article\",\"isPartOf\":{\"@id\":\"https:\\\/\\\/www.article-marketing.eu\\\/comunicatistampa\\\/la-mia-vita-e-un-mosaico\\\/\"},\"author\":{\"name\":\"La Macina Magazine\",\"@id\":\"https:\\\/\\\/www.article-marketing.eu\\\/comunicatistampa\\\/#\\\/schema\\\/person\\\/1745353dbe89ed35550459191c7824c9\"},\"headline\":\"LA MIA VITA E\u2019 UN MOSAICO\",\"datePublished\":\"2021-03-18T05:05:55+00:00\",\"mainEntityOfPage\":{\"@id\":\"https:\\\/\\\/www.article-marketing.eu\\\/comunicatistampa\\\/la-mia-vita-e-un-mosaico\\\/\"},\"wordCount\":748,\"commentCount\":0,\"image\":{\"@id\":\"https:\\\/\\\/www.article-marketing.eu\\\/comunicatistampa\\\/la-mia-vita-e-un-mosaico\\\/#primaryimage\"},\"thumbnailUrl\":\"https:\\\/\\\/www.lamacinamagazine.it\\\/wp-content\\\/uploads\\\/2021\\\/03\\\/Copertina-min-188x300.jpg\",\"keywords\":[\"Arte\",\"Cultura\",\"Domenico Turchi\",\"Teatro\"],\"articleSection\":[\"Libri\"],\"inLanguage\":\"it-IT\",\"potentialAction\":[{\"@type\":\"CommentAction\",\"name\":\"Comment\",\"target\":[\"https:\\\/\\\/www.article-marketing.eu\\\/comunicatistampa\\\/la-mia-vita-e-un-mosaico\\\/#respond\"]}]},{\"@type\":\"WebPage\",\"@id\":\"https:\\\/\\\/www.article-marketing.eu\\\/comunicatistampa\\\/la-mia-vita-e-un-mosaico\\\/\",\"url\":\"https:\\\/\\\/www.article-marketing.eu\\\/comunicatistampa\\\/la-mia-vita-e-un-mosaico\\\/\",\"name\":\"LA MIA VITA E\u2019 UN MOSAICO di Domenico Turchi\",\"isPartOf\":{\"@id\":\"https:\\\/\\\/www.article-marketing.eu\\\/comunicatistampa\\\/#website\"},\"primaryImageOfPage\":{\"@id\":\"https:\\\/\\\/www.article-marketing.eu\\\/comunicatistampa\\\/la-mia-vita-e-un-mosaico\\\/#primaryimage\"},\"image\":{\"@id\":\"https:\\\/\\\/www.article-marketing.eu\\\/comunicatistampa\\\/la-mia-vita-e-un-mosaico\\\/#primaryimage\"},\"thumbnailUrl\":\"https:\\\/\\\/www.lamacinamagazine.it\\\/wp-content\\\/uploads\\\/2021\\\/03\\\/Copertina-min-188x300.jpg\",\"datePublished\":\"2021-03-18T05:05:55+00:00\",\"author\":{\"@id\":\"https:\\\/\\\/www.article-marketing.eu\\\/comunicatistampa\\\/#\\\/schema\\\/person\\\/1745353dbe89ed35550459191c7824c9\"},\"description\":\"LA MIA VITA E\u2019 UN MOSAICO, l'opera libraria di Domenico Turchi che con i suoi racconti ci immerge nei sani valori del suo territorio.\",\"breadcrumb\":{\"@id\":\"https:\\\/\\\/www.article-marketing.eu\\\/comunicatistampa\\\/la-mia-vita-e-un-mosaico\\\/#breadcrumb\"},\"inLanguage\":\"it-IT\",\"potentialAction\":[{\"@type\":\"ReadAction\",\"target\":[\"https:\\\/\\\/www.article-marketing.eu\\\/comunicatistampa\\\/la-mia-vita-e-un-mosaico\\\/\"]}]},{\"@type\":\"ImageObject\",\"inLanguage\":\"it-IT\",\"@id\":\"https:\\\/\\\/www.article-marketing.eu\\\/comunicatistampa\\\/la-mia-vita-e-un-mosaico\\\/#primaryimage\",\"url\":\"https:\\\/\\\/www.lamacinamagazine.it\\\/wp-content\\\/uploads\\\/2021\\\/03\\\/Copertina-min-188x300.jpg\",\"contentUrl\":\"https:\\\/\\\/www.lamacinamagazine.it\\\/wp-content\\\/uploads\\\/2021\\\/03\\\/Copertina-min-188x300.jpg\"},{\"@type\":\"BreadcrumbList\",\"@id\":\"https:\\\/\\\/www.article-marketing.eu\\\/comunicatistampa\\\/la-mia-vita-e-un-mosaico\\\/#breadcrumb\",\"itemListElement\":[{\"@type\":\"ListItem\",\"position\":1,\"name\":\"Home\",\"item\":\"https:\\\/\\\/www.article-marketing.eu\\\/comunicatistampa\\\/\"},{\"@type\":\"ListItem\",\"position\":2,\"name\":\"LA MIA VITA E\u2019 UN MOSAICO\"}]},{\"@type\":\"WebSite\",\"@id\":\"https:\\\/\\\/www.article-marketing.eu\\\/comunicatistampa\\\/#website\",\"url\":\"https:\\\/\\\/www.article-marketing.eu\\\/comunicatistampa\\\/\",\"name\":\"Article Marketing\",\"description\":\"article marketing &amp; press release\",\"potentialAction\":[{\"@type\":\"SearchAction\",\"target\":{\"@type\":\"EntryPoint\",\"urlTemplate\":\"https:\\\/\\\/www.article-marketing.eu\\\/comunicatistampa\\\/?s={search_term_string}\"},\"query-input\":{\"@type\":\"PropertyValueSpecification\",\"valueRequired\":true,\"valueName\":\"search_term_string\"}}],\"inLanguage\":\"it-IT\"},{\"@type\":\"Person\",\"@id\":\"https:\\\/\\\/www.article-marketing.eu\\\/comunicatistampa\\\/#\\\/schema\\\/person\\\/1745353dbe89ed35550459191c7824c9\",\"name\":\"La Macina Magazine\",\"image\":{\"@type\":\"ImageObject\",\"inLanguage\":\"it-IT\",\"@id\":\"https:\\\/\\\/secure.gravatar.com\\\/avatar\\\/cda0654dfaa9cea252a11d3b7706406282e513bb36c8715d95f1126f7ac5a90b?s=96&d=mm&r=g\",\"url\":\"https:\\\/\\\/secure.gravatar.com\\\/avatar\\\/cda0654dfaa9cea252a11d3b7706406282e513bb36c8715d95f1126f7ac5a90b?s=96&d=mm&r=g\",\"contentUrl\":\"https:\\\/\\\/secure.gravatar.com\\\/avatar\\\/cda0654dfaa9cea252a11d3b7706406282e513bb36c8715d95f1126f7ac5a90b?s=96&d=mm&r=g\",\"caption\":\"La Macina Magazine\"},\"sameAs\":[\"https:\\\/\\\/www.lamacinamagazine.it\\\/\",\"https:\\\/\\\/www.facebook.com\\\/lamacina.onlus\",\"https:\\\/\\\/www.linkedin.com\\\/in\\\/la-macina-onlus-roma-67564941\\\/\",\"https:\\\/\\\/x.com\\\/https:\\\/\\\/twitter.com\\\/LAMACINAONLUS\"],\"url\":\"https:\\\/\\\/www.article-marketing.eu\\\/comunicatistampa\\\/author\\\/piero-casoli\\\/\"}]}<\/script>\n<!-- \/ Yoast SEO plugin. -->","yoast_head_json":{"title":"LA MIA VITA E\u2019 UN MOSAICO di Domenico Turchi","description":"LA MIA VITA E\u2019 UN MOSAICO, l'opera libraria di Domenico Turchi che con i suoi racconti ci immerge nei sani valori del suo territorio.","robots":{"index":"index","follow":"follow","max-snippet":"max-snippet:-1","max-image-preview":"max-image-preview:large","max-video-preview":"max-video-preview:-1"},"canonical":"https:\/\/www.article-marketing.eu\/comunicatistampa\/la-mia-vita-e-un-mosaico\/","og_locale":"it_IT","og_type":"article","og_title":"LA MIA VITA E\u2019 UN MOSAICO di Domenico Turchi","og_description":"LA MIA VITA E\u2019 UN MOSAICO, l'opera libraria di Domenico Turchi che con i suoi racconti ci immerge nei sani valori del suo territorio.","og_url":"https:\/\/www.article-marketing.eu\/comunicatistampa\/la-mia-vita-e-un-mosaico\/","og_site_name":"Article Marketing","article_author":"https:\/\/www.facebook.com\/lamacina.onlus","article_published_time":"2021-03-18T05:05:55+00:00","og_image":[{"url":"https:\/\/www.lamacinamagazine.it\/wp-content\/uploads\/2021\/03\/Copertina-min-188x300.jpg","type":"","width":"","height":""}],"author":"La Macina Magazine","twitter_card":"summary_large_image","twitter_creator":"@https:\/\/twitter.com\/LAMACINAONLUS","twitter_misc":{"Scritto da":"La Macina Magazine","Tempo di lettura stimato":"4 minuti"},"schema":{"@context":"https:\/\/schema.org","@graph":[{"@type":"Article","@id":"https:\/\/www.article-marketing.eu\/comunicatistampa\/la-mia-vita-e-un-mosaico\/#article","isPartOf":{"@id":"https:\/\/www.article-marketing.eu\/comunicatistampa\/la-mia-vita-e-un-mosaico\/"},"author":{"name":"La Macina Magazine","@id":"https:\/\/www.article-marketing.eu\/comunicatistampa\/#\/schema\/person\/1745353dbe89ed35550459191c7824c9"},"headline":"LA MIA VITA E\u2019 UN MOSAICO","datePublished":"2021-03-18T05:05:55+00:00","mainEntityOfPage":{"@id":"https:\/\/www.article-marketing.eu\/comunicatistampa\/la-mia-vita-e-un-mosaico\/"},"wordCount":748,"commentCount":0,"image":{"@id":"https:\/\/www.article-marketing.eu\/comunicatistampa\/la-mia-vita-e-un-mosaico\/#primaryimage"},"thumbnailUrl":"https:\/\/www.lamacinamagazine.it\/wp-content\/uploads\/2021\/03\/Copertina-min-188x300.jpg","keywords":["Arte","Cultura","Domenico Turchi","Teatro"],"articleSection":["Libri"],"inLanguage":"it-IT","potentialAction":[{"@type":"CommentAction","name":"Comment","target":["https:\/\/www.article-marketing.eu\/comunicatistampa\/la-mia-vita-e-un-mosaico\/#respond"]}]},{"@type":"WebPage","@id":"https:\/\/www.article-marketing.eu\/comunicatistampa\/la-mia-vita-e-un-mosaico\/","url":"https:\/\/www.article-marketing.eu\/comunicatistampa\/la-mia-vita-e-un-mosaico\/","name":"LA MIA VITA E\u2019 UN MOSAICO di Domenico Turchi","isPartOf":{"@id":"https:\/\/www.article-marketing.eu\/comunicatistampa\/#website"},"primaryImageOfPage":{"@id":"https:\/\/www.article-marketing.eu\/comunicatistampa\/la-mia-vita-e-un-mosaico\/#primaryimage"},"image":{"@id":"https:\/\/www.article-marketing.eu\/comunicatistampa\/la-mia-vita-e-un-mosaico\/#primaryimage"},"thumbnailUrl":"https:\/\/www.lamacinamagazine.it\/wp-content\/uploads\/2021\/03\/Copertina-min-188x300.jpg","datePublished":"2021-03-18T05:05:55+00:00","author":{"@id":"https:\/\/www.article-marketing.eu\/comunicatistampa\/#\/schema\/person\/1745353dbe89ed35550459191c7824c9"},"description":"LA MIA VITA E\u2019 UN MOSAICO, l'opera libraria di Domenico Turchi che con i suoi racconti ci immerge nei sani valori del suo territorio.","breadcrumb":{"@id":"https:\/\/www.article-marketing.eu\/comunicatistampa\/la-mia-vita-e-un-mosaico\/#breadcrumb"},"inLanguage":"it-IT","potentialAction":[{"@type":"ReadAction","target":["https:\/\/www.article-marketing.eu\/comunicatistampa\/la-mia-vita-e-un-mosaico\/"]}]},{"@type":"ImageObject","inLanguage":"it-IT","@id":"https:\/\/www.article-marketing.eu\/comunicatistampa\/la-mia-vita-e-un-mosaico\/#primaryimage","url":"https:\/\/www.lamacinamagazine.it\/wp-content\/uploads\/2021\/03\/Copertina-min-188x300.jpg","contentUrl":"https:\/\/www.lamacinamagazine.it\/wp-content\/uploads\/2021\/03\/Copertina-min-188x300.jpg"},{"@type":"BreadcrumbList","@id":"https:\/\/www.article-marketing.eu\/comunicatistampa\/la-mia-vita-e-un-mosaico\/#breadcrumb","itemListElement":[{"@type":"ListItem","position":1,"name":"Home","item":"https:\/\/www.article-marketing.eu\/comunicatistampa\/"},{"@type":"ListItem","position":2,"name":"LA MIA VITA E\u2019 UN MOSAICO"}]},{"@type":"WebSite","@id":"https:\/\/www.article-marketing.eu\/comunicatistampa\/#website","url":"https:\/\/www.article-marketing.eu\/comunicatistampa\/","name":"Article Marketing","description":"article marketing &amp; press release","potentialAction":[{"@type":"SearchAction","target":{"@type":"EntryPoint","urlTemplate":"https:\/\/www.article-marketing.eu\/comunicatistampa\/?s={search_term_string}"},"query-input":{"@type":"PropertyValueSpecification","valueRequired":true,"valueName":"search_term_string"}}],"inLanguage":"it-IT"},{"@type":"Person","@id":"https:\/\/www.article-marketing.eu\/comunicatistampa\/#\/schema\/person\/1745353dbe89ed35550459191c7824c9","name":"La Macina Magazine","image":{"@type":"ImageObject","inLanguage":"it-IT","@id":"https:\/\/secure.gravatar.com\/avatar\/cda0654dfaa9cea252a11d3b7706406282e513bb36c8715d95f1126f7ac5a90b?s=96&d=mm&r=g","url":"https:\/\/secure.gravatar.com\/avatar\/cda0654dfaa9cea252a11d3b7706406282e513bb36c8715d95f1126f7ac5a90b?s=96&d=mm&r=g","contentUrl":"https:\/\/secure.gravatar.com\/avatar\/cda0654dfaa9cea252a11d3b7706406282e513bb36c8715d95f1126f7ac5a90b?s=96&d=mm&r=g","caption":"La Macina Magazine"},"sameAs":["https:\/\/www.lamacinamagazine.it\/","https:\/\/www.facebook.com\/lamacina.onlus","https:\/\/www.linkedin.com\/in\/la-macina-onlus-roma-67564941\/","https:\/\/x.com\/https:\/\/twitter.com\/LAMACINAONLUS"],"url":"https:\/\/www.article-marketing.eu\/comunicatistampa\/author\/piero-casoli\/"}]}},"_links":{"self":[{"href":"https:\/\/www.article-marketing.eu\/comunicatistampa\/wp-json\/wp\/v2\/posts\/17796","targetHints":{"allow":["GET"]}}],"collection":[{"href":"https:\/\/www.article-marketing.eu\/comunicatistampa\/wp-json\/wp\/v2\/posts"}],"about":[{"href":"https:\/\/www.article-marketing.eu\/comunicatistampa\/wp-json\/wp\/v2\/types\/post"}],"author":[{"embeddable":true,"href":"https:\/\/www.article-marketing.eu\/comunicatistampa\/wp-json\/wp\/v2\/users\/5603"}],"replies":[{"embeddable":true,"href":"https:\/\/www.article-marketing.eu\/comunicatistampa\/wp-json\/wp\/v2\/comments?post=17796"}],"version-history":[{"count":3,"href":"https:\/\/www.article-marketing.eu\/comunicatistampa\/wp-json\/wp\/v2\/posts\/17796\/revisions"}],"predecessor-version":[{"id":17807,"href":"https:\/\/www.article-marketing.eu\/comunicatistampa\/wp-json\/wp\/v2\/posts\/17796\/revisions\/17807"}],"wp:attachment":[{"href":"https:\/\/www.article-marketing.eu\/comunicatistampa\/wp-json\/wp\/v2\/media?parent=17796"}],"wp:term":[{"taxonomy":"category","embeddable":true,"href":"https:\/\/www.article-marketing.eu\/comunicatistampa\/wp-json\/wp\/v2\/categories?post=17796"},{"taxonomy":"post_tag","embeddable":true,"href":"https:\/\/www.article-marketing.eu\/comunicatistampa\/wp-json\/wp\/v2\/tags?post=17796"}],"curies":[{"name":"wp","href":"https:\/\/api.w.org\/{rel}","templated":true}]}}