{"id":17853,"date":"2021-03-21T01:39:36","date_gmt":"2021-03-21T00:39:36","guid":{"rendered":"https:\/\/www.article-marketing.eu\/comunicatistampa\/?p=17853"},"modified":"2021-03-21T01:39:36","modified_gmt":"2021-03-21T00:39:36","slug":"il-tema-del-viaggio-per-arredare-planisferi-personalizzati-da-parete","status":"publish","type":"post","link":"https:\/\/www.article-marketing.eu\/comunicatistampa\/il-tema-del-viaggio-per-arredare-planisferi-personalizzati-da-parete\/","title":{"rendered":"Il tema del viaggio per arredare: planisferi personalizzati da parete"},"content":{"rendered":"<p><span style=\"font-family: verdana, geneva, sans-serif;\">Nell&#8217;arredamento, si sa, i mobili da soli non bastano a creare uno stile. E&#8217;indispensabile aggiungere i complementi d&#8217;arredo per dare quel tocco di atmosfera che rende ogni spazio pi\u00f9 caldo e personale. <\/span><\/p>\n<p><span style=\"font-family: verdana, geneva, sans-serif;\">Per usare un paragone efficace, si pu\u00f2 dire che i mobili sono il corpo di un ambiente, e i complementi d&#8217;arredo l&#8217;anima. Fra i complementi d&#8217;arredo pi\u00f9 amati di sempre ci sono sicuramente le carte geografiche, e in particolare i planisferi. <\/span><\/p>\n<p><span style=\"font-family: verdana, geneva, sans-serif;\">Con la loro rappresentazione dell&#8217;intera superficie terrestre, queste mappe riescono immediatamente a creare una sensazione di ampiezza, dando respiro anche ai contesti angusti, anonimi o poco luminosi. <\/span><\/p>\n<p><span style=\"font-family: verdana, geneva, sans-serif;\">In pi\u00f9, possiedono un&#8217;eleganza senza tempo che li rende non solo belli, ma anche intramontabili. <\/span><\/p>\n<p><span style=\"font-family: verdana, geneva, sans-serif;\">Grazie a queste prerogative, un planisfero aggiunge sempre quel &#8220;tocco in pi\u00f9&#8221;, indipendentemente dall&#8217;arredamento e dalla destinazione d&#8217;uso dell&#8217;ambiente: basta scegliere il soggetto che meglio risponde alle proprie esigenze di gusto, stile o sensibilit\u00e0. <\/span><\/p>\n<p><span style=\"font-family: verdana, geneva, sans-serif;\">Il prestigioso catalogo Visceglia offre in tal senso un ventaglio di proposte completo: planisferi antichi, moderni, vintage, antichizzati, amministrativi, bicolori, in bianco e nero&#8230; a questa scelta di base si affianca un flessibile servizio di personalizzazione che consente di trasformare ogni planisfero in un complemento d&#8217;arredo accattivante e assolutamente unico. <\/span><\/p>\n<p><span style=\"font-family: verdana, geneva, sans-serif;\">Per ogni mappa, infatti, \u00e8 possibile decidere il formato, il materiale, i colori, la cornice e quant&#8217;altro suggerisca la fantasia; si possono poi aggiungere loghi, frasi, nomi, date e altre iscrizioni a piacere. <\/span><\/p>\n<p><span style=\"font-family: verdana, geneva, sans-serif;\">Quest&#8217;ultima opportunit\u00e0 risulta particolarmente preziosa quando si desidera utilizzare il planisfero per fare un regalo speciale oppure per celebrare un particolare evento professionale (l&#8217;anniversario di una fondazione, una convention, la realizzazione di un progetto importante, ecc.). <\/span><\/p>\n<p><span style=\"font-family: verdana, geneva, sans-serif;\">Il bello del planisfero personalizzato \u00e8 che pu\u00f2 essere inserito in ogni ambiente: un vantaggio notevole, specie per chi cambia spesso l&#8217;arredamento o per chi ama spostare periodicamente i complementi d&#8217;arredo da una stanza all&#8217;altra. <\/span><\/p>\n<h2><span style=\"font-family: verdana, geneva, sans-serif;\">Qualche esempio? <\/span><\/h2>\n<p><span style=\"font-family: verdana, geneva, sans-serif;\">Un planisfero cinquecentesco, ideale in un salotto rococ\u00f2 o in una camera da letto stile impero, pu\u00f2 essere tranquillamente inserito in un soggiorno di design: basta cambiare la cornice e il gioco \u00e8 fatto! <\/span><\/p>\n<p><span style=\"font-family: verdana, geneva, sans-serif;\">Anche il formato ha una grande importanza. L&#8217;ingresso di casa diventa pi\u00f9 accogliente con un trittico di piccole carte del mondo di epoche diverse; in ufficio, la cara vecchia scrivania riceve nuovo smalto da un grande planisfero politico nei colori grigio e blu cobalto. <\/span><\/p>\n<p><span style=\"font-family: verdana, geneva, sans-serif;\">In alternativa alla classica cornice puoi optare per una soluzione originale, come la stampa su legno o su tela canvas. <\/span><\/p>\n<p><span style=\"font-family: verdana, geneva, sans-serif;\">Vuoi qualcosa di davvero speciale per la cameretta dei tuoi bimbi? Rivesti le pareti con una carta da parati con la stampa di un planisfero a colori vivaci: l&#8217;effetto sar\u00e0 strepitoso!<\/span><\/p>\n<h3><a href=\"https:\/\/www.visceglia.it\/it\/52-planisfero-e-mondo\"><span style=\"font-family: verdana, geneva, sans-serif;\">Per saperne di pi\u00f9 &gt;&gt;<\/span><\/a><\/h3>\n","protected":false},"excerpt":{"rendered":"<p>Nell&#8217;arredamento, si sa, i mobili da soli non bastano a creare uno stile. E&#8217;indispensabile aggiungere i complementi d&#8217;arredo per dare quel tocco di atmosfera che rende ogni spazio pi\u00f9 caldo e personale. Per usare un paragone efficace, si pu\u00f2 dire che i mobili sono il corpo di un ambiente, e i complementi d&#8217;arredo l&#8217;anima. Fra i complementi d&#8217;arredo pi\u00f9 amati di sempre ci sono sicuramente le carte geografiche, e in<\/p>\n<p><a class=\"continue-reading\" href=\"https:\/\/www.article-marketing.eu\/comunicatistampa\/il-tema-del-viaggio-per-arredare-planisferi-personalizzati-da-parete\/\">Continue reading&#8230;<\/a><\/p>\n","protected":false},"author":81,"featured_media":0,"comment_status":"open","ping_status":"open","sticky":false,"template":"","format":"standard","meta":{"_monsterinsights_skip_tracking":false,"_monsterinsights_sitenote_active":false,"_monsterinsights_sitenote_note":"","_monsterinsights_sitenote_category":0,"footnotes":""},"categories":[415,406],"tags":[7505],"class_list":["post-17853","post","type-post","status-publish","format-standard","hentry","category-architecture","category-interni","tag-planisfero"],"yoast_head":"<!-- This site is optimized with the Yoast SEO plugin v27.3 - https:\/\/yoast.com\/product\/yoast-seo-wordpress\/ -->\n<title>Il tema del viaggio per arredare: planisferi personalizzati da parete<\/title>\n<meta name=\"robots\" content=\"index, follow, max-snippet:-1, max-image-preview:large, max-video-preview:-1\" \/>\n<link rel=\"canonical\" href=\"https:\/\/www.article-marketing.eu\/comunicatistampa\/il-tema-del-viaggio-per-arredare-planisferi-personalizzati-da-parete\/\" \/>\n<meta property=\"og:locale\" content=\"it_IT\" \/>\n<meta property=\"og:type\" content=\"article\" \/>\n<meta property=\"og:title\" content=\"Il tema del viaggio per arredare: planisferi personalizzati da parete\" \/>\n<meta property=\"og:description\" content=\"Nell&#039;arredamento, si sa, i mobili da soli non bastano a creare uno stile. E&#039;indispensabile aggiungere i complementi d&#039;arredo per dare quel tocco di atmosfera che rende ogni spazio pi\u00f9 caldo e personale.\" \/>\n<meta property=\"og:url\" content=\"https:\/\/www.article-marketing.eu\/comunicatistampa\/il-tema-del-viaggio-per-arredare-planisferi-personalizzati-da-parete\/\" \/>\n<meta property=\"og:site_name\" content=\"Article Marketing\" \/>\n<meta property=\"article:published_time\" content=\"2021-03-21T00:39:36+00:00\" \/>\n<meta name=\"author\" content=\"Visceglia\" \/>\n<meta name=\"twitter:card\" content=\"summary_large_image\" \/>\n<meta name=\"twitter:title\" content=\"Il tema del viaggio per arredare: planisferi personalizzati da parete\" \/>\n<meta name=\"twitter:description\" content=\"Nell&#039;arredamento, si sa, i mobili da soli non bastano a creare uno stile. E&#039;indispensabile aggiungere i complementi d&#039;arredo per dare quel tocco di atmosfera che rende ogni spazio pi\u00f9 caldo e personale.\" \/>\n<meta name=\"twitter:label1\" content=\"Scritto da\" \/>\n\t<meta name=\"twitter:data1\" content=\"Visceglia\" \/>\n\t<meta name=\"twitter:label2\" content=\"Tempo di lettura stimato\" \/>\n\t<meta name=\"twitter:data2\" content=\"2 minuti\" \/>\n<script type=\"application\/ld+json\" class=\"yoast-schema-graph\">{\"@context\":\"https:\\\/\\\/schema.org\",\"@graph\":[{\"@type\":\"Article\",\"@id\":\"https:\\\/\\\/www.article-marketing.eu\\\/comunicatistampa\\\/il-tema-del-viaggio-per-arredare-planisferi-personalizzati-da-parete\\\/#article\",\"isPartOf\":{\"@id\":\"https:\\\/\\\/www.article-marketing.eu\\\/comunicatistampa\\\/il-tema-del-viaggio-per-arredare-planisferi-personalizzati-da-parete\\\/\"},\"author\":{\"name\":\"Visceglia\",\"@id\":\"https:\\\/\\\/www.article-marketing.eu\\\/comunicatistampa\\\/#\\\/schema\\\/person\\\/4d14ba6f13faa910ce6282d42f74a30b\"},\"headline\":\"Il tema del viaggio per arredare: planisferi personalizzati da parete\",\"datePublished\":\"2021-03-21T00:39:36+00:00\",\"mainEntityOfPage\":{\"@id\":\"https:\\\/\\\/www.article-marketing.eu\\\/comunicatistampa\\\/il-tema-del-viaggio-per-arredare-planisferi-personalizzati-da-parete\\\/\"},\"wordCount\":447,\"commentCount\":0,\"keywords\":[\"planisfero\"],\"articleSection\":[\"Architecture\",\"Interni\"],\"inLanguage\":\"it-IT\",\"potentialAction\":[{\"@type\":\"CommentAction\",\"name\":\"Comment\",\"target\":[\"https:\\\/\\\/www.article-marketing.eu\\\/comunicatistampa\\\/il-tema-del-viaggio-per-arredare-planisferi-personalizzati-da-parete\\\/#respond\"]}]},{\"@type\":\"WebPage\",\"@id\":\"https:\\\/\\\/www.article-marketing.eu\\\/comunicatistampa\\\/il-tema-del-viaggio-per-arredare-planisferi-personalizzati-da-parete\\\/\",\"url\":\"https:\\\/\\\/www.article-marketing.eu\\\/comunicatistampa\\\/il-tema-del-viaggio-per-arredare-planisferi-personalizzati-da-parete\\\/\",\"name\":\"Il tema del viaggio per arredare: planisferi personalizzati da parete\",\"isPartOf\":{\"@id\":\"https:\\\/\\\/www.article-marketing.eu\\\/comunicatistampa\\\/#website\"},\"datePublished\":\"2021-03-21T00:39:36+00:00\",\"author\":{\"@id\":\"https:\\\/\\\/www.article-marketing.eu\\\/comunicatistampa\\\/#\\\/schema\\\/person\\\/4d14ba6f13faa910ce6282d42f74a30b\"},\"breadcrumb\":{\"@id\":\"https:\\\/\\\/www.article-marketing.eu\\\/comunicatistampa\\\/il-tema-del-viaggio-per-arredare-planisferi-personalizzati-da-parete\\\/#breadcrumb\"},\"inLanguage\":\"it-IT\",\"potentialAction\":[{\"@type\":\"ReadAction\",\"target\":[\"https:\\\/\\\/www.article-marketing.eu\\\/comunicatistampa\\\/il-tema-del-viaggio-per-arredare-planisferi-personalizzati-da-parete\\\/\"]}]},{\"@type\":\"BreadcrumbList\",\"@id\":\"https:\\\/\\\/www.article-marketing.eu\\\/comunicatistampa\\\/il-tema-del-viaggio-per-arredare-planisferi-personalizzati-da-parete\\\/#breadcrumb\",\"itemListElement\":[{\"@type\":\"ListItem\",\"position\":1,\"name\":\"Home\",\"item\":\"https:\\\/\\\/www.article-marketing.eu\\\/comunicatistampa\\\/\"},{\"@type\":\"ListItem\",\"position\":2,\"name\":\"Il tema del viaggio per arredare: planisferi personalizzati da parete\"}]},{\"@type\":\"WebSite\",\"@id\":\"https:\\\/\\\/www.article-marketing.eu\\\/comunicatistampa\\\/#website\",\"url\":\"https:\\\/\\\/www.article-marketing.eu\\\/comunicatistampa\\\/\",\"name\":\"Article Marketing\",\"description\":\"article marketing &amp; press release\",\"potentialAction\":[{\"@type\":\"SearchAction\",\"target\":{\"@type\":\"EntryPoint\",\"urlTemplate\":\"https:\\\/\\\/www.article-marketing.eu\\\/comunicatistampa\\\/?s={search_term_string}\"},\"query-input\":{\"@type\":\"PropertyValueSpecification\",\"valueRequired\":true,\"valueName\":\"search_term_string\"}}],\"inLanguage\":\"it-IT\"},{\"@type\":\"Person\",\"@id\":\"https:\\\/\\\/www.article-marketing.eu\\\/comunicatistampa\\\/#\\\/schema\\\/person\\\/4d14ba6f13faa910ce6282d42f74a30b\",\"name\":\"Visceglia\",\"image\":{\"@type\":\"ImageObject\",\"inLanguage\":\"it-IT\",\"@id\":\"https:\\\/\\\/secure.gravatar.com\\\/avatar\\\/a0351dc2f94509c3d5cdf6e8a49bfd9004215a4dd093d7ee26594c6dabc6af28?s=96&d=mm&r=g\",\"url\":\"https:\\\/\\\/secure.gravatar.com\\\/avatar\\\/a0351dc2f94509c3d5cdf6e8a49bfd9004215a4dd093d7ee26594c6dabc6af28?s=96&d=mm&r=g\",\"contentUrl\":\"https:\\\/\\\/secure.gravatar.com\\\/avatar\\\/a0351dc2f94509c3d5cdf6e8a49bfd9004215a4dd093d7ee26594c6dabc6af28?s=96&d=mm&r=g\",\"caption\":\"Visceglia\"},\"url\":\"https:\\\/\\\/www.article-marketing.eu\\\/comunicatistampa\\\/author\\\/visceglia\\\/\"}]}<\/script>\n<!-- \/ Yoast SEO plugin. -->","yoast_head_json":{"title":"Il tema del viaggio per arredare: planisferi personalizzati da parete","robots":{"index":"index","follow":"follow","max-snippet":"max-snippet:-1","max-image-preview":"max-image-preview:large","max-video-preview":"max-video-preview:-1"},"canonical":"https:\/\/www.article-marketing.eu\/comunicatistampa\/il-tema-del-viaggio-per-arredare-planisferi-personalizzati-da-parete\/","og_locale":"it_IT","og_type":"article","og_title":"Il tema del viaggio per arredare: planisferi personalizzati da parete","og_description":"Nell'arredamento, si sa, i mobili da soli non bastano a creare uno stile. E'indispensabile aggiungere i complementi d'arredo per dare quel tocco di atmosfera che rende ogni spazio pi\u00f9 caldo e personale.","og_url":"https:\/\/www.article-marketing.eu\/comunicatistampa\/il-tema-del-viaggio-per-arredare-planisferi-personalizzati-da-parete\/","og_site_name":"Article Marketing","article_published_time":"2021-03-21T00:39:36+00:00","author":"Visceglia","twitter_card":"summary_large_image","twitter_title":"Il tema del viaggio per arredare: planisferi personalizzati da parete","twitter_description":"Nell'arredamento, si sa, i mobili da soli non bastano a creare uno stile. E'indispensabile aggiungere i complementi d'arredo per dare quel tocco di atmosfera che rende ogni spazio pi\u00f9 caldo e personale.","twitter_misc":{"Scritto da":"Visceglia","Tempo di lettura stimato":"2 minuti"},"schema":{"@context":"https:\/\/schema.org","@graph":[{"@type":"Article","@id":"https:\/\/www.article-marketing.eu\/comunicatistampa\/il-tema-del-viaggio-per-arredare-planisferi-personalizzati-da-parete\/#article","isPartOf":{"@id":"https:\/\/www.article-marketing.eu\/comunicatistampa\/il-tema-del-viaggio-per-arredare-planisferi-personalizzati-da-parete\/"},"author":{"name":"Visceglia","@id":"https:\/\/www.article-marketing.eu\/comunicatistampa\/#\/schema\/person\/4d14ba6f13faa910ce6282d42f74a30b"},"headline":"Il tema del viaggio per arredare: planisferi personalizzati da parete","datePublished":"2021-03-21T00:39:36+00:00","mainEntityOfPage":{"@id":"https:\/\/www.article-marketing.eu\/comunicatistampa\/il-tema-del-viaggio-per-arredare-planisferi-personalizzati-da-parete\/"},"wordCount":447,"commentCount":0,"keywords":["planisfero"],"articleSection":["Architecture","Interni"],"inLanguage":"it-IT","potentialAction":[{"@type":"CommentAction","name":"Comment","target":["https:\/\/www.article-marketing.eu\/comunicatistampa\/il-tema-del-viaggio-per-arredare-planisferi-personalizzati-da-parete\/#respond"]}]},{"@type":"WebPage","@id":"https:\/\/www.article-marketing.eu\/comunicatistampa\/il-tema-del-viaggio-per-arredare-planisferi-personalizzati-da-parete\/","url":"https:\/\/www.article-marketing.eu\/comunicatistampa\/il-tema-del-viaggio-per-arredare-planisferi-personalizzati-da-parete\/","name":"Il tema del viaggio per arredare: planisferi personalizzati da parete","isPartOf":{"@id":"https:\/\/www.article-marketing.eu\/comunicatistampa\/#website"},"datePublished":"2021-03-21T00:39:36+00:00","author":{"@id":"https:\/\/www.article-marketing.eu\/comunicatistampa\/#\/schema\/person\/4d14ba6f13faa910ce6282d42f74a30b"},"breadcrumb":{"@id":"https:\/\/www.article-marketing.eu\/comunicatistampa\/il-tema-del-viaggio-per-arredare-planisferi-personalizzati-da-parete\/#breadcrumb"},"inLanguage":"it-IT","potentialAction":[{"@type":"ReadAction","target":["https:\/\/www.article-marketing.eu\/comunicatistampa\/il-tema-del-viaggio-per-arredare-planisferi-personalizzati-da-parete\/"]}]},{"@type":"BreadcrumbList","@id":"https:\/\/www.article-marketing.eu\/comunicatistampa\/il-tema-del-viaggio-per-arredare-planisferi-personalizzati-da-parete\/#breadcrumb","itemListElement":[{"@type":"ListItem","position":1,"name":"Home","item":"https:\/\/www.article-marketing.eu\/comunicatistampa\/"},{"@type":"ListItem","position":2,"name":"Il tema del viaggio per arredare: planisferi personalizzati da parete"}]},{"@type":"WebSite","@id":"https:\/\/www.article-marketing.eu\/comunicatistampa\/#website","url":"https:\/\/www.article-marketing.eu\/comunicatistampa\/","name":"Article Marketing","description":"article marketing &amp; press release","potentialAction":[{"@type":"SearchAction","target":{"@type":"EntryPoint","urlTemplate":"https:\/\/www.article-marketing.eu\/comunicatistampa\/?s={search_term_string}"},"query-input":{"@type":"PropertyValueSpecification","valueRequired":true,"valueName":"search_term_string"}}],"inLanguage":"it-IT"},{"@type":"Person","@id":"https:\/\/www.article-marketing.eu\/comunicatistampa\/#\/schema\/person\/4d14ba6f13faa910ce6282d42f74a30b","name":"Visceglia","image":{"@type":"ImageObject","inLanguage":"it-IT","@id":"https:\/\/secure.gravatar.com\/avatar\/a0351dc2f94509c3d5cdf6e8a49bfd9004215a4dd093d7ee26594c6dabc6af28?s=96&d=mm&r=g","url":"https:\/\/secure.gravatar.com\/avatar\/a0351dc2f94509c3d5cdf6e8a49bfd9004215a4dd093d7ee26594c6dabc6af28?s=96&d=mm&r=g","contentUrl":"https:\/\/secure.gravatar.com\/avatar\/a0351dc2f94509c3d5cdf6e8a49bfd9004215a4dd093d7ee26594c6dabc6af28?s=96&d=mm&r=g","caption":"Visceglia"},"url":"https:\/\/www.article-marketing.eu\/comunicatistampa\/author\/visceglia\/"}]}},"_links":{"self":[{"href":"https:\/\/www.article-marketing.eu\/comunicatistampa\/wp-json\/wp\/v2\/posts\/17853","targetHints":{"allow":["GET"]}}],"collection":[{"href":"https:\/\/www.article-marketing.eu\/comunicatistampa\/wp-json\/wp\/v2\/posts"}],"about":[{"href":"https:\/\/www.article-marketing.eu\/comunicatistampa\/wp-json\/wp\/v2\/types\/post"}],"author":[{"embeddable":true,"href":"https:\/\/www.article-marketing.eu\/comunicatistampa\/wp-json\/wp\/v2\/users\/81"}],"replies":[{"embeddable":true,"href":"https:\/\/www.article-marketing.eu\/comunicatistampa\/wp-json\/wp\/v2\/comments?post=17853"}],"version-history":[{"count":2,"href":"https:\/\/www.article-marketing.eu\/comunicatistampa\/wp-json\/wp\/v2\/posts\/17853\/revisions"}],"predecessor-version":[{"id":17873,"href":"https:\/\/www.article-marketing.eu\/comunicatistampa\/wp-json\/wp\/v2\/posts\/17853\/revisions\/17873"}],"wp:attachment":[{"href":"https:\/\/www.article-marketing.eu\/comunicatistampa\/wp-json\/wp\/v2\/media?parent=17853"}],"wp:term":[{"taxonomy":"category","embeddable":true,"href":"https:\/\/www.article-marketing.eu\/comunicatistampa\/wp-json\/wp\/v2\/categories?post=17853"},{"taxonomy":"post_tag","embeddable":true,"href":"https:\/\/www.article-marketing.eu\/comunicatistampa\/wp-json\/wp\/v2\/tags?post=17853"}],"curies":[{"name":"wp","href":"https:\/\/api.w.org\/{rel}","templated":true}]}}