{"id":17885,"date":"2021-03-26T08:59:28","date_gmt":"2021-03-26T07:59:28","guid":{"rendered":"https:\/\/www.article-marketing.eu\/comunicatistampa\/?p=17885"},"modified":"2021-03-26T08:59:28","modified_gmt":"2021-03-26T07:59:28","slug":"weevo-firma-con-kotler-impact-per-lexport-digitale-dei-brand-italiani","status":"publish","type":"post","link":"https:\/\/www.article-marketing.eu\/comunicatistampa\/weevo-firma-con-kotler-impact-per-lexport-digitale-dei-brand-italiani\/","title":{"rendered":"Weevo firma con Kotler Impact per l\u2019Export Digitale dei brand italiani"},"content":{"rendered":"<p><b>COMUNICATO DEL 25 MARZO 2021<\/b><\/p>\n<p>&nbsp;<\/p>\n<p><i>Weevo firma con Kotler Impact per l\u2019Export Digitale dei brand italiani<\/i><\/p>\n<p>&nbsp;<\/p>\n<p><b>Nasce il primo riconoscimento per le aziende che valorizzano l\u2019Italia<\/b><\/p>\n<p>&nbsp;<\/p>\n<p><b>Il progetto di Weevo e Kotler Impact<\/b>, denominato \u201c50 brilliant italian companies\u201d <b>verr\u00e0 ufficialmente presentato il 21 aprile in un webinar organizzato insieme a Confindustria Emilia<\/b>, nel contesto di \u201cAssociati per Associati\u201d. Il webinar si terr\u00e0 dalle 10:00 alle 11:30, \u00e8 possibile <b>iscriversi gratuitamente attraverso il sito web dedicato all\u2019iniziativa: <\/b><a href=\"https:\/\/bebrilliant.it\"><b>https:\/\/bebrilliant.it<\/b><\/a><b>\u00a0<\/b><\/p>\n<p>&nbsp;<\/p>\n<p>L\u2019Export Digitale \u00e8 rimasto l\u2019unico modo possibile per le aziende di proseguire le attivit\u00e0 di promozione commerciale e di reputazione del brand.<\/p>\n<p>&nbsp;<\/p>\n<p><b>Weevo Srl, azienda impegnata gi\u00e0 da nove anni nell\u2019unire il web all\u2019internazionalizzazione<\/b>, firma un accordo con Kotler Impact Inc., una delle societ\u00e0 fondate dal <b>Prof. Philip Kotler, padre del marketing moderno<\/b>.<\/p>\n<p>&nbsp;<\/p>\n<p>Insieme, le due aziende hanno avviato <b>la selezione delle cinquanta imprese italiane pi\u00f9 brillanti<\/b>, la cui storia di successo verr\u00e0 inserita nel nuovo libro scritto dal Prof. Kotler e da altri autori, in pubblicazione quest\u2019anno. <b>Le previsioni di vendita superano il milione di copie entro l\u2019anno<\/b>.<\/p>\n<p>&nbsp;<\/p>\n<p><b>Tra gli autori nel nuovo libro, Essentials of Modern Marketing, anche Gabriele Carboni<\/b>, co-fondatore di Weevo Srl. Il capitolo redatto dall\u2019esperto di marketing digitale internazionale riguarder\u00e0 l\u2019utilizzo del digitale nell\u2019era post-pandemica.<\/p>\n<p>&nbsp;<\/p>\n<p>Una grandissima opportunit\u00e0 di visibilit\u00e0 sui mercati internazionali anche per le piccole e medie imprese. Commenta cos\u00ec l\u2019iniziativa Gabriele Carboni che interverr\u00e0 al webinar:<\/p>\n<p><i>\u201cSottovalutare l\u2019importanza di far conoscere il proprio marchio significa perdere la grande occasione di dire a tutti chi siamo.\u201d<\/i><\/p>\n<p>&nbsp;<\/p>\n<p>Il progetto si chiuder\u00e0 a novembre 2021 con la pubblicazione dell\u2019edizione italiana a cura di Kotler Impact.<\/p>\n<p><b>I partner<\/b> dell\u2019iniziativa sono Uniexportmanager e Il Giornale delle PMI.<\/p>\n<p>&nbsp;<\/p>\n<p><b>Weevo Srl <\/b>\u00e8 l\u2019agenzia di comunicazione B2B che dal 2012 ha unito il web marketing all\u2019internazionalizzazione dando vita al termine Export Digitale. Guidata da David Rimini e Gabriele Carboni con sede a Pesaro, Vignola (MO) e Castiglione delle Stiviere (MN), specializzata nell\u2019uso degli strumenti digitali a supporto dei processi di internazionalizzazione delle imprese.<\/p>\n<p><b>Kotler Impact Inc<\/b>. societ\u00e0 canadese parte del gruppo World Marketing Summit fondato dal Prof. Philip Kotler. Si tratta di una comunit\u00e0 di marketing strategico che cerca di impiegare uno sviluppo economico sostenibile.<\/p>\n<p><b>Contatti<\/b><\/p>\n<p>(info: Weevo Srl :\u00a0 bebrilliant@weevo.it)<\/p>\n<p><b>Media kit<\/b><\/p>\n<p><a href=\"https:\/\/drive.google.com\/drive\/folders\/1XBmCAaGaYcUCrXhLBJ_9WNUW8qKBi7P-?usp=sharing\"><b>https:\/\/drive.google.com\/drive\/folders\/1XBmCAaGaYcUCrXhLBJ_9WNUW8qKBi7P-?usp=sharing<\/b><\/a><b>\u00a0<\/b><\/p>\n<p><b>Scopri di pi\u00f9<\/b><\/p>\n<p><a href=\"https:\/\/bebrilliant.it\">https:\/\/bebrilliant.it<\/a><\/p>\n<p>https:\/\/www.weevo.it\/<\/p>\n<p>https:\/\/digitalexportmanager.com<\/p>\n<p>http:\/\/exportdigitale.weevo.it<\/p>\n<p>&nbsp;<\/p>\n","protected":false},"excerpt":{"rendered":"<p>COMUNICATO DEL 25 MARZO 2021 &nbsp; Weevo firma con Kotler Impact per l\u2019Export Digitale dei brand italiani &nbsp; Nasce il primo riconoscimento per le aziende che valorizzano l\u2019Italia &nbsp; Il progetto di Weevo e Kotler Impact, denominato \u201c50 brilliant italian companies\u201d verr\u00e0 ufficialmente presentato il 21 aprile in un webinar organizzato insieme a Confindustria Emilia, nel contesto di \u201cAssociati per Associati\u201d. Il webinar si terr\u00e0 dalle 10:00 alle 11:30, \u00e8<\/p>\n<p><a class=\"continue-reading\" href=\"https:\/\/www.article-marketing.eu\/comunicatistampa\/weevo-firma-con-kotler-impact-per-lexport-digitale-dei-brand-italiani\/\">Continue reading&#8230;<\/a><\/p>\n","protected":false},"author":5570,"featured_media":0,"comment_status":"open","ping_status":"open","sticky":false,"template":"","format":"standard","meta":{"_monsterinsights_skip_tracking":false,"_monsterinsights_sitenote_active":false,"_monsterinsights_sitenote_note":"","_monsterinsights_sitenote_category":0,"footnotes":""},"categories":[389],"tags":[6978,6981,7518],"class_list":["post-17885","post","type-post","status-publish","format-standard","hentry","category-marketing","tag-export-digitale","tag-gabriele-carboni","tag-philip-kotler"],"yoast_head":"<!-- This site is optimized with the Yoast SEO plugin v27.3 - https:\/\/yoast.com\/product\/yoast-seo-wordpress\/ -->\n<title>Weevo firma con Kotler Impact per l\u2019Export Digitale dei brand italiani<\/title>\n<meta name=\"robots\" content=\"index, follow, max-snippet:-1, max-image-preview:large, max-video-preview:-1\" \/>\n<link rel=\"canonical\" href=\"https:\/\/www.article-marketing.eu\/comunicatistampa\/weevo-firma-con-kotler-impact-per-lexport-digitale-dei-brand-italiani\/\" \/>\n<meta property=\"og:locale\" content=\"it_IT\" \/>\n<meta property=\"og:type\" content=\"article\" \/>\n<meta property=\"og:title\" content=\"Weevo firma con Kotler Impact per l\u2019Export Digitale dei brand italiani\" \/>\n<meta property=\"og:description\" content=\"COMUNICATO DEL 25 MARZO 2021 &nbsp; Weevo firma con Kotler Impact per l\u2019Export Digitale dei brand italiani &nbsp; Nasce il primo riconoscimento per le aziende che valorizzano l\u2019Italia &nbsp; Il progetto di Weevo e Kotler Impact, denominato \u201c50 brilliant italian companies\u201d verr\u00e0 ufficialmente presentato il 21 aprile in un webinar organizzato insieme a Confindustria Emilia, nel contesto di \u201cAssociati per Associati\u201d. Il webinar si terr\u00e0 dalle 10:00 alle 11:30, \u00e8Continue reading...\" \/>\n<meta property=\"og:url\" content=\"https:\/\/www.article-marketing.eu\/comunicatistampa\/weevo-firma-con-kotler-impact-per-lexport-digitale-dei-brand-italiani\/\" \/>\n<meta property=\"og:site_name\" content=\"Article Marketing\" \/>\n<meta property=\"article:published_time\" content=\"2021-03-26T07:59:28+00:00\" \/>\n<meta name=\"author\" content=\"gabbariele\" \/>\n<meta name=\"twitter:card\" content=\"summary_large_image\" \/>\n<meta name=\"twitter:label1\" content=\"Scritto da\" \/>\n\t<meta name=\"twitter:data1\" content=\"gabbariele\" \/>\n\t<meta name=\"twitter:label2\" content=\"Tempo di lettura stimato\" \/>\n\t<meta name=\"twitter:data2\" content=\"2 minuti\" \/>\n<script type=\"application\/ld+json\" class=\"yoast-schema-graph\">{\"@context\":\"https:\\\/\\\/schema.org\",\"@graph\":[{\"@type\":\"Article\",\"@id\":\"https:\\\/\\\/www.article-marketing.eu\\\/comunicatistampa\\\/weevo-firma-con-kotler-impact-per-lexport-digitale-dei-brand-italiani\\\/#article\",\"isPartOf\":{\"@id\":\"https:\\\/\\\/www.article-marketing.eu\\\/comunicatistampa\\\/weevo-firma-con-kotler-impact-per-lexport-digitale-dei-brand-italiani\\\/\"},\"author\":{\"name\":\"gabbariele\",\"@id\":\"https:\\\/\\\/www.article-marketing.eu\\\/comunicatistampa\\\/#\\\/schema\\\/person\\\/f1e450541f84fb1b0578539e05e81211\"},\"headline\":\"Weevo firma con Kotler Impact per l\u2019Export Digitale dei brand italiani\",\"datePublished\":\"2021-03-26T07:59:28+00:00\",\"mainEntityOfPage\":{\"@id\":\"https:\\\/\\\/www.article-marketing.eu\\\/comunicatistampa\\\/weevo-firma-con-kotler-impact-per-lexport-digitale-dei-brand-italiani\\\/\"},\"wordCount\":434,\"commentCount\":0,\"keywords\":[\"export digitale\",\"gabriele carboni\",\"Philip Kotler\"],\"articleSection\":[\"Marketing\"],\"inLanguage\":\"it-IT\",\"potentialAction\":[{\"@type\":\"CommentAction\",\"name\":\"Comment\",\"target\":[\"https:\\\/\\\/www.article-marketing.eu\\\/comunicatistampa\\\/weevo-firma-con-kotler-impact-per-lexport-digitale-dei-brand-italiani\\\/#respond\"]}]},{\"@type\":\"WebPage\",\"@id\":\"https:\\\/\\\/www.article-marketing.eu\\\/comunicatistampa\\\/weevo-firma-con-kotler-impact-per-lexport-digitale-dei-brand-italiani\\\/\",\"url\":\"https:\\\/\\\/www.article-marketing.eu\\\/comunicatistampa\\\/weevo-firma-con-kotler-impact-per-lexport-digitale-dei-brand-italiani\\\/\",\"name\":\"Weevo firma con Kotler Impact per l\u2019Export Digitale dei brand italiani\",\"isPartOf\":{\"@id\":\"https:\\\/\\\/www.article-marketing.eu\\\/comunicatistampa\\\/#website\"},\"datePublished\":\"2021-03-26T07:59:28+00:00\",\"author\":{\"@id\":\"https:\\\/\\\/www.article-marketing.eu\\\/comunicatistampa\\\/#\\\/schema\\\/person\\\/f1e450541f84fb1b0578539e05e81211\"},\"breadcrumb\":{\"@id\":\"https:\\\/\\\/www.article-marketing.eu\\\/comunicatistampa\\\/weevo-firma-con-kotler-impact-per-lexport-digitale-dei-brand-italiani\\\/#breadcrumb\"},\"inLanguage\":\"it-IT\",\"potentialAction\":[{\"@type\":\"ReadAction\",\"target\":[\"https:\\\/\\\/www.article-marketing.eu\\\/comunicatistampa\\\/weevo-firma-con-kotler-impact-per-lexport-digitale-dei-brand-italiani\\\/\"]}]},{\"@type\":\"BreadcrumbList\",\"@id\":\"https:\\\/\\\/www.article-marketing.eu\\\/comunicatistampa\\\/weevo-firma-con-kotler-impact-per-lexport-digitale-dei-brand-italiani\\\/#breadcrumb\",\"itemListElement\":[{\"@type\":\"ListItem\",\"position\":1,\"name\":\"Home\",\"item\":\"https:\\\/\\\/www.article-marketing.eu\\\/comunicatistampa\\\/\"},{\"@type\":\"ListItem\",\"position\":2,\"name\":\"Weevo firma con Kotler Impact per l\u2019Export Digitale dei brand italiani\"}]},{\"@type\":\"WebSite\",\"@id\":\"https:\\\/\\\/www.article-marketing.eu\\\/comunicatistampa\\\/#website\",\"url\":\"https:\\\/\\\/www.article-marketing.eu\\\/comunicatistampa\\\/\",\"name\":\"Article Marketing\",\"description\":\"article marketing &amp; press release\",\"potentialAction\":[{\"@type\":\"SearchAction\",\"target\":{\"@type\":\"EntryPoint\",\"urlTemplate\":\"https:\\\/\\\/www.article-marketing.eu\\\/comunicatistampa\\\/?s={search_term_string}\"},\"query-input\":{\"@type\":\"PropertyValueSpecification\",\"valueRequired\":true,\"valueName\":\"search_term_string\"}}],\"inLanguage\":\"it-IT\"},{\"@type\":\"Person\",\"@id\":\"https:\\\/\\\/www.article-marketing.eu\\\/comunicatistampa\\\/#\\\/schema\\\/person\\\/f1e450541f84fb1b0578539e05e81211\",\"name\":\"gabbariele\",\"image\":{\"@type\":\"ImageObject\",\"inLanguage\":\"it-IT\",\"@id\":\"https:\\\/\\\/secure.gravatar.com\\\/avatar\\\/0a4fb0c9cfe457bfc3a3b733f29f39e03b4f845ef5c57d410de6a3d1bece112c?s=96&d=mm&r=g\",\"url\":\"https:\\\/\\\/secure.gravatar.com\\\/avatar\\\/0a4fb0c9cfe457bfc3a3b733f29f39e03b4f845ef5c57d410de6a3d1bece112c?s=96&d=mm&r=g\",\"contentUrl\":\"https:\\\/\\\/secure.gravatar.com\\\/avatar\\\/0a4fb0c9cfe457bfc3a3b733f29f39e03b4f845ef5c57d410de6a3d1bece112c?s=96&d=mm&r=g\",\"caption\":\"gabbariele\"},\"url\":\"https:\\\/\\\/www.article-marketing.eu\\\/comunicatistampa\\\/author\\\/gabbariele\\\/\"}]}<\/script>\n<!-- \/ Yoast SEO plugin. -->","yoast_head_json":{"title":"Weevo firma con Kotler Impact per l\u2019Export Digitale dei brand italiani","robots":{"index":"index","follow":"follow","max-snippet":"max-snippet:-1","max-image-preview":"max-image-preview:large","max-video-preview":"max-video-preview:-1"},"canonical":"https:\/\/www.article-marketing.eu\/comunicatistampa\/weevo-firma-con-kotler-impact-per-lexport-digitale-dei-brand-italiani\/","og_locale":"it_IT","og_type":"article","og_title":"Weevo firma con Kotler Impact per l\u2019Export Digitale dei brand italiani","og_description":"COMUNICATO DEL 25 MARZO 2021 &nbsp; Weevo firma con Kotler Impact per l\u2019Export Digitale dei brand italiani &nbsp; Nasce il primo riconoscimento per le aziende che valorizzano l\u2019Italia &nbsp; Il progetto di Weevo e Kotler Impact, denominato \u201c50 brilliant italian companies\u201d verr\u00e0 ufficialmente presentato il 21 aprile in un webinar organizzato insieme a Confindustria Emilia, nel contesto di \u201cAssociati per Associati\u201d. Il webinar si terr\u00e0 dalle 10:00 alle 11:30, \u00e8Continue reading...","og_url":"https:\/\/www.article-marketing.eu\/comunicatistampa\/weevo-firma-con-kotler-impact-per-lexport-digitale-dei-brand-italiani\/","og_site_name":"Article Marketing","article_published_time":"2021-03-26T07:59:28+00:00","author":"gabbariele","twitter_card":"summary_large_image","twitter_misc":{"Scritto da":"gabbariele","Tempo di lettura stimato":"2 minuti"},"schema":{"@context":"https:\/\/schema.org","@graph":[{"@type":"Article","@id":"https:\/\/www.article-marketing.eu\/comunicatistampa\/weevo-firma-con-kotler-impact-per-lexport-digitale-dei-brand-italiani\/#article","isPartOf":{"@id":"https:\/\/www.article-marketing.eu\/comunicatistampa\/weevo-firma-con-kotler-impact-per-lexport-digitale-dei-brand-italiani\/"},"author":{"name":"gabbariele","@id":"https:\/\/www.article-marketing.eu\/comunicatistampa\/#\/schema\/person\/f1e450541f84fb1b0578539e05e81211"},"headline":"Weevo firma con Kotler Impact per l\u2019Export Digitale dei brand italiani","datePublished":"2021-03-26T07:59:28+00:00","mainEntityOfPage":{"@id":"https:\/\/www.article-marketing.eu\/comunicatistampa\/weevo-firma-con-kotler-impact-per-lexport-digitale-dei-brand-italiani\/"},"wordCount":434,"commentCount":0,"keywords":["export digitale","gabriele carboni","Philip Kotler"],"articleSection":["Marketing"],"inLanguage":"it-IT","potentialAction":[{"@type":"CommentAction","name":"Comment","target":["https:\/\/www.article-marketing.eu\/comunicatistampa\/weevo-firma-con-kotler-impact-per-lexport-digitale-dei-brand-italiani\/#respond"]}]},{"@type":"WebPage","@id":"https:\/\/www.article-marketing.eu\/comunicatistampa\/weevo-firma-con-kotler-impact-per-lexport-digitale-dei-brand-italiani\/","url":"https:\/\/www.article-marketing.eu\/comunicatistampa\/weevo-firma-con-kotler-impact-per-lexport-digitale-dei-brand-italiani\/","name":"Weevo firma con Kotler Impact per l\u2019Export Digitale dei brand italiani","isPartOf":{"@id":"https:\/\/www.article-marketing.eu\/comunicatistampa\/#website"},"datePublished":"2021-03-26T07:59:28+00:00","author":{"@id":"https:\/\/www.article-marketing.eu\/comunicatistampa\/#\/schema\/person\/f1e450541f84fb1b0578539e05e81211"},"breadcrumb":{"@id":"https:\/\/www.article-marketing.eu\/comunicatistampa\/weevo-firma-con-kotler-impact-per-lexport-digitale-dei-brand-italiani\/#breadcrumb"},"inLanguage":"it-IT","potentialAction":[{"@type":"ReadAction","target":["https:\/\/www.article-marketing.eu\/comunicatistampa\/weevo-firma-con-kotler-impact-per-lexport-digitale-dei-brand-italiani\/"]}]},{"@type":"BreadcrumbList","@id":"https:\/\/www.article-marketing.eu\/comunicatistampa\/weevo-firma-con-kotler-impact-per-lexport-digitale-dei-brand-italiani\/#breadcrumb","itemListElement":[{"@type":"ListItem","position":1,"name":"Home","item":"https:\/\/www.article-marketing.eu\/comunicatistampa\/"},{"@type":"ListItem","position":2,"name":"Weevo firma con Kotler Impact per l\u2019Export Digitale dei brand italiani"}]},{"@type":"WebSite","@id":"https:\/\/www.article-marketing.eu\/comunicatistampa\/#website","url":"https:\/\/www.article-marketing.eu\/comunicatistampa\/","name":"Article Marketing","description":"article marketing &amp; press release","potentialAction":[{"@type":"SearchAction","target":{"@type":"EntryPoint","urlTemplate":"https:\/\/www.article-marketing.eu\/comunicatistampa\/?s={search_term_string}"},"query-input":{"@type":"PropertyValueSpecification","valueRequired":true,"valueName":"search_term_string"}}],"inLanguage":"it-IT"},{"@type":"Person","@id":"https:\/\/www.article-marketing.eu\/comunicatistampa\/#\/schema\/person\/f1e450541f84fb1b0578539e05e81211","name":"gabbariele","image":{"@type":"ImageObject","inLanguage":"it-IT","@id":"https:\/\/secure.gravatar.com\/avatar\/0a4fb0c9cfe457bfc3a3b733f29f39e03b4f845ef5c57d410de6a3d1bece112c?s=96&d=mm&r=g","url":"https:\/\/secure.gravatar.com\/avatar\/0a4fb0c9cfe457bfc3a3b733f29f39e03b4f845ef5c57d410de6a3d1bece112c?s=96&d=mm&r=g","contentUrl":"https:\/\/secure.gravatar.com\/avatar\/0a4fb0c9cfe457bfc3a3b733f29f39e03b4f845ef5c57d410de6a3d1bece112c?s=96&d=mm&r=g","caption":"gabbariele"},"url":"https:\/\/www.article-marketing.eu\/comunicatistampa\/author\/gabbariele\/"}]}},"_links":{"self":[{"href":"https:\/\/www.article-marketing.eu\/comunicatistampa\/wp-json\/wp\/v2\/posts\/17885","targetHints":{"allow":["GET"]}}],"collection":[{"href":"https:\/\/www.article-marketing.eu\/comunicatistampa\/wp-json\/wp\/v2\/posts"}],"about":[{"href":"https:\/\/www.article-marketing.eu\/comunicatistampa\/wp-json\/wp\/v2\/types\/post"}],"author":[{"embeddable":true,"href":"https:\/\/www.article-marketing.eu\/comunicatistampa\/wp-json\/wp\/v2\/users\/5570"}],"replies":[{"embeddable":true,"href":"https:\/\/www.article-marketing.eu\/comunicatistampa\/wp-json\/wp\/v2\/comments?post=17885"}],"version-history":[{"count":2,"href":"https:\/\/www.article-marketing.eu\/comunicatistampa\/wp-json\/wp\/v2\/posts\/17885\/revisions"}],"predecessor-version":[{"id":17956,"href":"https:\/\/www.article-marketing.eu\/comunicatistampa\/wp-json\/wp\/v2\/posts\/17885\/revisions\/17956"}],"wp:attachment":[{"href":"https:\/\/www.article-marketing.eu\/comunicatistampa\/wp-json\/wp\/v2\/media?parent=17885"}],"wp:term":[{"taxonomy":"category","embeddable":true,"href":"https:\/\/www.article-marketing.eu\/comunicatistampa\/wp-json\/wp\/v2\/categories?post=17885"},{"taxonomy":"post_tag","embeddable":true,"href":"https:\/\/www.article-marketing.eu\/comunicatistampa\/wp-json\/wp\/v2\/tags?post=17885"}],"curies":[{"name":"wp","href":"https:\/\/api.w.org\/{rel}","templated":true}]}}