{"id":1790,"date":"2017-04-05T19:17:05","date_gmt":"2017-04-05T17:17:05","guid":{"rendered":"http:\/\/www.article-marketing.eu\/comunicatistampa\/?p=1790"},"modified":"2017-04-05T22:00:59","modified_gmt":"2017-04-05T20:00:59","slug":"allenarsi-per-il-futuro-giovedi-6-aprile-la-conferenza-spettacolo-alluniversita-john-cabot","status":"publish","type":"post","link":"https:\/\/www.article-marketing.eu\/comunicatistampa\/allenarsi-per-il-futuro-giovedi-6-aprile-la-conferenza-spettacolo-alluniversita-john-cabot\/","title":{"rendered":"&#8220;Allenarsi per il futuro&#8221;. Gioved\u00ec 6 aprile la conferenza spettacolo all\u2019Universit\u00e0 John Cabot"},"content":{"rendered":"<p><em>6 aprile 2017<\/em> &#8211; Fa tappa a Roma, presso l\u2019Universit\u00e0 John Cabot, la conferenza-spettacolo \u2018Allenarsi per il futuro. Il Lavoro \u00e8 un gioco da bambini\u2019. Rivolta a giovani, meno giovani e a tutti quelli che hanno la consapevolezza che, per la lunga gara che \u00e8 la vita, l&#8217;allenamento deve essere costante.<\/p>\n<p>\u201cNon \u00e8 stata pensata per essere una predica o una pedante lezione di economia, ma uno sprone a capire quanto sta avvenendo intorno a noi. Vogliamo incoraggiarci e incoraggiare le persone a tornare ad essere quelli che eravamo da bambini, <strong>curiosi<\/strong>, <strong>creativi e intraprendenti<\/strong>: tre caratteristiche fondamentali che guidano l\u2019apprendimento di un bambino e che lo portano ad imparare a camminare, a parlare, a scrivere\u201d \u2013 affermano Pietro Paganini e Stefano Cianciotta autori dell\u2019omonimo libro dal quale \u00e8 tratto lo spettacolo.<\/p>\n<p>La classicit\u00e0 del teatro mescolata all&#8217;innovazione, la multidisciplinariet\u00e0 e i linguaggi apparentemente cos\u00ec diversi, rendono ALLENARSI PER IL FUTURO una sintesi inedita fra arte e divulgazione.<\/p>\n<p><strong>Un comico, Pietro Sparacino,<\/strong> e <strong>due professori universitari, Stefano Cianciotta e Pietro Paganini.<\/strong> Questo lo strano trio di attori che dar\u00e0 voce e corpo alla conferenza-spettacolo. Due professori universitari nei panni degli attori che, utilizzando la forza comunicativa del teatro, portano in scena <strong>l&#8217;adattamento del loro libro, \u2018<\/strong><strong><em>Allenarsi per il futuro, Idee e strumenti per il lavoro che verr<\/em><\/strong><strong><em>\u00e0\u2019.<\/em><\/strong><em>. <\/em>E Sparacino che approfondir\u00e0 i temi trattati dai professori da un punto di vista diverso, mettendo le tematiche dello spettacolo sotto la lente di ingrandimento impietosa della satira. Il linguaggio diretto, asciutto e informale, mette immediatamente attori e spettatore sullo stesso piano e la rottura della quarta parete e l&#8217;interattivit\u00e0 renderanno lo spettatore protagonista del viaggio nel quale i performer lo accompagneranno. Alcuni spettatori verranno coinvolti in giochi ed esperimenti sul palco e il testo verr\u00e0 accompagnato da contributi video che faranno da sfondo e da cornice ai vari momenti dello spettacolo.<\/p>\n<p>Negli ultimi decenni lo sviluppo economico, scientifico e tecnologico ha dato un forte input all&#8217;evoluzione e all&#8217;innovazione della nostra vita. Ogni settore \u00e8 cambiato: l&#8217;economia, il mercato del lavoro, la comunicazione, la mobilit\u00e0, l&#8217;energia. Mentre il mondo corre a un ritmo vertiginoso, il sistema scolastico non sembra essere al passo con i tempi e non sempre \u00e8 adatto a formare e preparare al meglio gli studenti ad affrontare le sfide del futuro. Nel nostro Paese, nonostante le tante riforme scolastiche che si sono succedute negli anni, ancora oggi al centro della scuola non ci sono gli studenti. <strong>Dovrebbe partire, invece, proprio dalla scuola una grande rivoluzione culturale che dia spazio alla curiosit<\/strong><strong>\u00e0 <\/strong><strong>dello studente, per liberare le sue energie positive da impiegare poi nella scelta del percorso di studio e professionale.<\/strong> Le nuove generazioni cambieranno dai 5 ai 7 lavori in media. Non cambieranno 5 luoghi o datori di lavoro. No, si tratter\u00e0 di professioni completamente diverse, che forse non esistono ancora.<\/p>\n<p>Anche il mercato del lavoro e in generale i modelli produttivi di oggi e di domani richiedono e richiederanno sempre pi\u00f9 questi tre attributi: la propensione a scoprire il mondo, che poi \u00e8 la fame di imparare; la proiezione a risolvere i problemi, che \u00e8 la capacit\u00e0 di sviluppare soluzioni sempre diverse; e la volont\u00e0 di intraprendere nuove sfide, cio\u00e8 quello spirito pionieristico che ha portato l\u2019uomo a comprendere l\u2019universo.<\/p>\n<p>Ecco, il mondo oggi sembra richiedere proprio curiosit\u00e0, creativit\u00e0 e intraprendenza. Solo riscoprendole saremo in grado di darci e inventarci un futuro. Di pari passo l&#8217;istituzione scolastica dovr\u00e0 dunque dimostrarsi pronta nel formare nuovi talenti da un punto di vista tecnico ed intellettuale, sollecitando creativit\u00e0 e visione per affrontare le professioni del futuro.<\/p>\n<p>Questo significa che dobbiamo ripensare completamente la scuola attuale che tende ad assopire, se non addirittura sopprimere qualsiasi pulsione creativa e imprenditoriale. Essere CURIOSI, essere CREATIVI, essere INTRAPRENDENTI: sono queste le tre principali attitudini attorno alle quali dovr\u00e0 essere organizzata l\u2019attivit\u00e0 di insegnamento, in un contesto nel quale il sapere sar\u00e0 ancora pi\u00f9 facilmente accessibile e condivisibile attraverso la rete e le tecnologie. Le classi odierne, frontali e obsolete, dovranno trasformarsi in laboratori di sperimentazione e collaborazione; il ruolo dell\u2019insegnante non si limiter\u00e0 ad essere il tramite attraverso il quale apprendere, ma dovr\u00e0 essere un coordinatore, una guida, un vero e proprio motivatore&#8221; \u2013 afferma Pietro Paganini.<\/p>\n<p>&#8220;Il nuovo modello scolastico pedagogico, oltre che complementare al mercato del lavoro e ai cambiamenti socio-culturali \u2013 sostiene Stefano Cianciotta &#8211; dovr\u00e0 essere in grado di anticipare e favorire la formazione di modelli di sviluppo sempre nuovi e proporre un metodo di apprendimento capace di far crescere una generazione di innovatori che siano in grado di adattarsi costantemente alle trasformazioni socio-economiche, anche quando avranno un&#8217;et\u00e0 avanzata. Ed \u00e8 anche per questo che il nuovo sistema formativo, cos\u00ec come quello gi\u00e0 proposto da Montessori, operer\u00e0 attraverso un processo di apprendimento costante nel tempo, long life learning, perch\u00e9 sappia formare chi deve continuare ad \u201callenarsi\u201d per affrontare le sfide del Futuro.&#8221;<\/p>\n","protected":false},"excerpt":{"rendered":"<p>6 aprile 2017 &#8211; Fa tappa a Roma, presso l\u2019Universit\u00e0 John Cabot, la conferenza-spettacolo \u2018Allenarsi per il futuro. Il Lavoro \u00e8 un gioco da bambini\u2019. Rivolta a giovani, meno giovani e a tutti quelli che hanno la consapevolezza che, per la lunga gara che \u00e8 la vita, l&#8217;allenamento deve essere costante. \u201cNon \u00e8 stata pensata per essere una predica o una pedante lezione di economia, ma uno sprone a capire<\/p>\n<p><a class=\"continue-reading\" href=\"https:\/\/www.article-marketing.eu\/comunicatistampa\/allenarsi-per-il-futuro-giovedi-6-aprile-la-conferenza-spettacolo-alluniversita-john-cabot\/\">Continue reading&#8230;<\/a><\/p>\n","protected":false},"author":74,"featured_media":0,"comment_status":"open","ping_status":"open","sticky":false,"template":"","format":"standard","meta":{"_monsterinsights_skip_tracking":false,"_monsterinsights_sitenote_active":false,"_monsterinsights_sitenote_note":"","_monsterinsights_sitenote_category":0,"footnotes":""},"categories":[78,386,392,367,390,414],"tags":[721,990,988,989],"class_list":["post-1790","post","type-post","status-publish","format-standard","hentry","category-comunicati-stampa","category-economia-e-lavoro","category-eventi","category-news-e-attualita","category-professionisti","category-teatro","tag-lavoro","tag-ragazzi","tag-scuola","tag-universita"],"yoast_head":"<!-- This site is optimized with the Yoast SEO plugin v27.3 - https:\/\/yoast.com\/product\/yoast-seo-wordpress\/ -->\n<title>&quot;Allenarsi per il futuro&quot;. Gioved\u00ec 6 aprile la conferenza spettacolo all\u2019Universit\u00e0 John Cabot - Article Marketing<\/title>\n<meta name=\"robots\" content=\"index, follow, max-snippet:-1, max-image-preview:large, max-video-preview:-1\" \/>\n<link rel=\"canonical\" href=\"https:\/\/www.article-marketing.eu\/comunicatistampa\/allenarsi-per-il-futuro-giovedi-6-aprile-la-conferenza-spettacolo-alluniversita-john-cabot\/\" \/>\n<meta property=\"og:locale\" content=\"it_IT\" \/>\n<meta property=\"og:type\" content=\"article\" \/>\n<meta property=\"og:title\" content=\"&quot;Allenarsi per il futuro&quot;. Gioved\u00ec 6 aprile la conferenza spettacolo all\u2019Universit\u00e0 John Cabot - Article Marketing\" \/>\n<meta property=\"og:description\" content=\"6 aprile 2017 &#8211; Fa tappa a Roma, presso l\u2019Universit\u00e0 John Cabot, la conferenza-spettacolo \u2018Allenarsi per il futuro. Il Lavoro \u00e8 un gioco da bambini\u2019. Rivolta a giovani, meno giovani e a tutti quelli che hanno la consapevolezza che, per la lunga gara che \u00e8 la vita, l&#8217;allenamento deve essere costante. \u201cNon \u00e8 stata pensata per essere una predica o una pedante lezione di economia, ma uno sprone a capireContinue reading...\" \/>\n<meta property=\"og:url\" content=\"https:\/\/www.article-marketing.eu\/comunicatistampa\/allenarsi-per-il-futuro-giovedi-6-aprile-la-conferenza-spettacolo-alluniversita-john-cabot\/\" \/>\n<meta property=\"og:site_name\" content=\"Article Marketing\" \/>\n<meta property=\"article:published_time\" content=\"2017-04-05T17:17:05+00:00\" \/>\n<meta property=\"article:modified_time\" content=\"2017-04-05T20:00:59+00:00\" \/>\n<meta name=\"author\" content=\"Rosanna Donati\" \/>\n<meta name=\"twitter:card\" content=\"summary_large_image\" \/>\n<meta name=\"twitter:label1\" content=\"Scritto da\" \/>\n\t<meta name=\"twitter:data1\" content=\"Rosanna Donati\" \/>\n\t<meta name=\"twitter:label2\" content=\"Tempo di lettura stimato\" \/>\n\t<meta name=\"twitter:data2\" content=\"4 minuti\" \/>\n<script type=\"application\/ld+json\" class=\"yoast-schema-graph\">{\"@context\":\"https:\\\/\\\/schema.org\",\"@graph\":[{\"@type\":\"Article\",\"@id\":\"https:\\\/\\\/www.article-marketing.eu\\\/comunicatistampa\\\/allenarsi-per-il-futuro-giovedi-6-aprile-la-conferenza-spettacolo-alluniversita-john-cabot\\\/#article\",\"isPartOf\":{\"@id\":\"https:\\\/\\\/www.article-marketing.eu\\\/comunicatistampa\\\/allenarsi-per-il-futuro-giovedi-6-aprile-la-conferenza-spettacolo-alluniversita-john-cabot\\\/\"},\"author\":{\"name\":\"Rosanna Donati\",\"@id\":\"https:\\\/\\\/www.article-marketing.eu\\\/comunicatistampa\\\/#\\\/schema\\\/person\\\/c6ad5945a8ca7a85b6849d4dfaa8d2ae\"},\"headline\":\"&#8220;Allenarsi per il futuro&#8221;. Gioved\u00ec 6 aprile la conferenza spettacolo all\u2019Universit\u00e0 John Cabot\",\"datePublished\":\"2017-04-05T17:17:05+00:00\",\"dateModified\":\"2017-04-05T20:00:59+00:00\",\"mainEntityOfPage\":{\"@id\":\"https:\\\/\\\/www.article-marketing.eu\\\/comunicatistampa\\\/allenarsi-per-il-futuro-giovedi-6-aprile-la-conferenza-spettacolo-alluniversita-john-cabot\\\/\"},\"wordCount\":813,\"commentCount\":0,\"keywords\":[\"lavoro\",\"ragazzi\",\"scuola\",\"universit\u00e0\"],\"articleSection\":[\"Comunicati stampa\",\"Economia e lavoro\",\"Eventi\",\"News e Attualit\u00e0\",\"Professionisti\",\"Teatro\"],\"inLanguage\":\"it-IT\",\"potentialAction\":[{\"@type\":\"CommentAction\",\"name\":\"Comment\",\"target\":[\"https:\\\/\\\/www.article-marketing.eu\\\/comunicatistampa\\\/allenarsi-per-il-futuro-giovedi-6-aprile-la-conferenza-spettacolo-alluniversita-john-cabot\\\/#respond\"]}]},{\"@type\":\"WebPage\",\"@id\":\"https:\\\/\\\/www.article-marketing.eu\\\/comunicatistampa\\\/allenarsi-per-il-futuro-giovedi-6-aprile-la-conferenza-spettacolo-alluniversita-john-cabot\\\/\",\"url\":\"https:\\\/\\\/www.article-marketing.eu\\\/comunicatistampa\\\/allenarsi-per-il-futuro-giovedi-6-aprile-la-conferenza-spettacolo-alluniversita-john-cabot\\\/\",\"name\":\"\\\"Allenarsi per il futuro\\\". Gioved\u00ec 6 aprile la conferenza spettacolo all\u2019Universit\u00e0 John Cabot - Article Marketing\",\"isPartOf\":{\"@id\":\"https:\\\/\\\/www.article-marketing.eu\\\/comunicatistampa\\\/#website\"},\"datePublished\":\"2017-04-05T17:17:05+00:00\",\"dateModified\":\"2017-04-05T20:00:59+00:00\",\"author\":{\"@id\":\"https:\\\/\\\/www.article-marketing.eu\\\/comunicatistampa\\\/#\\\/schema\\\/person\\\/c6ad5945a8ca7a85b6849d4dfaa8d2ae\"},\"breadcrumb\":{\"@id\":\"https:\\\/\\\/www.article-marketing.eu\\\/comunicatistampa\\\/allenarsi-per-il-futuro-giovedi-6-aprile-la-conferenza-spettacolo-alluniversita-john-cabot\\\/#breadcrumb\"},\"inLanguage\":\"it-IT\",\"potentialAction\":[{\"@type\":\"ReadAction\",\"target\":[\"https:\\\/\\\/www.article-marketing.eu\\\/comunicatistampa\\\/allenarsi-per-il-futuro-giovedi-6-aprile-la-conferenza-spettacolo-alluniversita-john-cabot\\\/\"]}]},{\"@type\":\"BreadcrumbList\",\"@id\":\"https:\\\/\\\/www.article-marketing.eu\\\/comunicatistampa\\\/allenarsi-per-il-futuro-giovedi-6-aprile-la-conferenza-spettacolo-alluniversita-john-cabot\\\/#breadcrumb\",\"itemListElement\":[{\"@type\":\"ListItem\",\"position\":1,\"name\":\"Home\",\"item\":\"https:\\\/\\\/www.article-marketing.eu\\\/comunicatistampa\\\/\"},{\"@type\":\"ListItem\",\"position\":2,\"name\":\"&#8220;Allenarsi per il futuro&#8221;. Gioved\u00ec 6 aprile la conferenza spettacolo all\u2019Universit\u00e0 John Cabot\"}]},{\"@type\":\"WebSite\",\"@id\":\"https:\\\/\\\/www.article-marketing.eu\\\/comunicatistampa\\\/#website\",\"url\":\"https:\\\/\\\/www.article-marketing.eu\\\/comunicatistampa\\\/\",\"name\":\"Article Marketing\",\"description\":\"article marketing &amp; press release\",\"potentialAction\":[{\"@type\":\"SearchAction\",\"target\":{\"@type\":\"EntryPoint\",\"urlTemplate\":\"https:\\\/\\\/www.article-marketing.eu\\\/comunicatistampa\\\/?s={search_term_string}\"},\"query-input\":{\"@type\":\"PropertyValueSpecification\",\"valueRequired\":true,\"valueName\":\"search_term_string\"}}],\"inLanguage\":\"it-IT\"},{\"@type\":\"Person\",\"@id\":\"https:\\\/\\\/www.article-marketing.eu\\\/comunicatistampa\\\/#\\\/schema\\\/person\\\/c6ad5945a8ca7a85b6849d4dfaa8d2ae\",\"name\":\"Rosanna Donati\",\"image\":{\"@type\":\"ImageObject\",\"inLanguage\":\"it-IT\",\"@id\":\"https:\\\/\\\/secure.gravatar.com\\\/avatar\\\/c40e358f35ad7105c7b5b7132430b2744edf34bda93aeaeb023fb65fb3449a70?s=96&d=mm&r=g\",\"url\":\"https:\\\/\\\/secure.gravatar.com\\\/avatar\\\/c40e358f35ad7105c7b5b7132430b2744edf34bda93aeaeb023fb65fb3449a70?s=96&d=mm&r=g\",\"contentUrl\":\"https:\\\/\\\/secure.gravatar.com\\\/avatar\\\/c40e358f35ad7105c7b5b7132430b2744edf34bda93aeaeb023fb65fb3449a70?s=96&d=mm&r=g\",\"caption\":\"Rosanna Donati\"},\"url\":\"https:\\\/\\\/www.article-marketing.eu\\\/comunicatistampa\\\/author\\\/rosanna-donati\\\/\"}]}<\/script>\n<!-- \/ Yoast SEO plugin. -->","yoast_head_json":{"title":"\"Allenarsi per il futuro\". Gioved\u00ec 6 aprile la conferenza spettacolo all\u2019Universit\u00e0 John Cabot - Article Marketing","robots":{"index":"index","follow":"follow","max-snippet":"max-snippet:-1","max-image-preview":"max-image-preview:large","max-video-preview":"max-video-preview:-1"},"canonical":"https:\/\/www.article-marketing.eu\/comunicatistampa\/allenarsi-per-il-futuro-giovedi-6-aprile-la-conferenza-spettacolo-alluniversita-john-cabot\/","og_locale":"it_IT","og_type":"article","og_title":"\"Allenarsi per il futuro\". Gioved\u00ec 6 aprile la conferenza spettacolo all\u2019Universit\u00e0 John Cabot - Article Marketing","og_description":"6 aprile 2017 &#8211; Fa tappa a Roma, presso l\u2019Universit\u00e0 John Cabot, la conferenza-spettacolo \u2018Allenarsi per il futuro. Il Lavoro \u00e8 un gioco da bambini\u2019. Rivolta a giovani, meno giovani e a tutti quelli che hanno la consapevolezza che, per la lunga gara che \u00e8 la vita, l&#8217;allenamento deve essere costante. \u201cNon \u00e8 stata pensata per essere una predica o una pedante lezione di economia, ma uno sprone a capireContinue reading...","og_url":"https:\/\/www.article-marketing.eu\/comunicatistampa\/allenarsi-per-il-futuro-giovedi-6-aprile-la-conferenza-spettacolo-alluniversita-john-cabot\/","og_site_name":"Article Marketing","article_published_time":"2017-04-05T17:17:05+00:00","article_modified_time":"2017-04-05T20:00:59+00:00","author":"Rosanna Donati","twitter_card":"summary_large_image","twitter_misc":{"Scritto da":"Rosanna Donati","Tempo di lettura stimato":"4 minuti"},"schema":{"@context":"https:\/\/schema.org","@graph":[{"@type":"Article","@id":"https:\/\/www.article-marketing.eu\/comunicatistampa\/allenarsi-per-il-futuro-giovedi-6-aprile-la-conferenza-spettacolo-alluniversita-john-cabot\/#article","isPartOf":{"@id":"https:\/\/www.article-marketing.eu\/comunicatistampa\/allenarsi-per-il-futuro-giovedi-6-aprile-la-conferenza-spettacolo-alluniversita-john-cabot\/"},"author":{"name":"Rosanna Donati","@id":"https:\/\/www.article-marketing.eu\/comunicatistampa\/#\/schema\/person\/c6ad5945a8ca7a85b6849d4dfaa8d2ae"},"headline":"&#8220;Allenarsi per il futuro&#8221;. Gioved\u00ec 6 aprile la conferenza spettacolo all\u2019Universit\u00e0 John Cabot","datePublished":"2017-04-05T17:17:05+00:00","dateModified":"2017-04-05T20:00:59+00:00","mainEntityOfPage":{"@id":"https:\/\/www.article-marketing.eu\/comunicatistampa\/allenarsi-per-il-futuro-giovedi-6-aprile-la-conferenza-spettacolo-alluniversita-john-cabot\/"},"wordCount":813,"commentCount":0,"keywords":["lavoro","ragazzi","scuola","universit\u00e0"],"articleSection":["Comunicati stampa","Economia e lavoro","Eventi","News e Attualit\u00e0","Professionisti","Teatro"],"inLanguage":"it-IT","potentialAction":[{"@type":"CommentAction","name":"Comment","target":["https:\/\/www.article-marketing.eu\/comunicatistampa\/allenarsi-per-il-futuro-giovedi-6-aprile-la-conferenza-spettacolo-alluniversita-john-cabot\/#respond"]}]},{"@type":"WebPage","@id":"https:\/\/www.article-marketing.eu\/comunicatistampa\/allenarsi-per-il-futuro-giovedi-6-aprile-la-conferenza-spettacolo-alluniversita-john-cabot\/","url":"https:\/\/www.article-marketing.eu\/comunicatistampa\/allenarsi-per-il-futuro-giovedi-6-aprile-la-conferenza-spettacolo-alluniversita-john-cabot\/","name":"\"Allenarsi per il futuro\". Gioved\u00ec 6 aprile la conferenza spettacolo all\u2019Universit\u00e0 John Cabot - Article Marketing","isPartOf":{"@id":"https:\/\/www.article-marketing.eu\/comunicatistampa\/#website"},"datePublished":"2017-04-05T17:17:05+00:00","dateModified":"2017-04-05T20:00:59+00:00","author":{"@id":"https:\/\/www.article-marketing.eu\/comunicatistampa\/#\/schema\/person\/c6ad5945a8ca7a85b6849d4dfaa8d2ae"},"breadcrumb":{"@id":"https:\/\/www.article-marketing.eu\/comunicatistampa\/allenarsi-per-il-futuro-giovedi-6-aprile-la-conferenza-spettacolo-alluniversita-john-cabot\/#breadcrumb"},"inLanguage":"it-IT","potentialAction":[{"@type":"ReadAction","target":["https:\/\/www.article-marketing.eu\/comunicatistampa\/allenarsi-per-il-futuro-giovedi-6-aprile-la-conferenza-spettacolo-alluniversita-john-cabot\/"]}]},{"@type":"BreadcrumbList","@id":"https:\/\/www.article-marketing.eu\/comunicatistampa\/allenarsi-per-il-futuro-giovedi-6-aprile-la-conferenza-spettacolo-alluniversita-john-cabot\/#breadcrumb","itemListElement":[{"@type":"ListItem","position":1,"name":"Home","item":"https:\/\/www.article-marketing.eu\/comunicatistampa\/"},{"@type":"ListItem","position":2,"name":"&#8220;Allenarsi per il futuro&#8221;. Gioved\u00ec 6 aprile la conferenza spettacolo all\u2019Universit\u00e0 John Cabot"}]},{"@type":"WebSite","@id":"https:\/\/www.article-marketing.eu\/comunicatistampa\/#website","url":"https:\/\/www.article-marketing.eu\/comunicatistampa\/","name":"Article Marketing","description":"article marketing &amp; press release","potentialAction":[{"@type":"SearchAction","target":{"@type":"EntryPoint","urlTemplate":"https:\/\/www.article-marketing.eu\/comunicatistampa\/?s={search_term_string}"},"query-input":{"@type":"PropertyValueSpecification","valueRequired":true,"valueName":"search_term_string"}}],"inLanguage":"it-IT"},{"@type":"Person","@id":"https:\/\/www.article-marketing.eu\/comunicatistampa\/#\/schema\/person\/c6ad5945a8ca7a85b6849d4dfaa8d2ae","name":"Rosanna Donati","image":{"@type":"ImageObject","inLanguage":"it-IT","@id":"https:\/\/secure.gravatar.com\/avatar\/c40e358f35ad7105c7b5b7132430b2744edf34bda93aeaeb023fb65fb3449a70?s=96&d=mm&r=g","url":"https:\/\/secure.gravatar.com\/avatar\/c40e358f35ad7105c7b5b7132430b2744edf34bda93aeaeb023fb65fb3449a70?s=96&d=mm&r=g","contentUrl":"https:\/\/secure.gravatar.com\/avatar\/c40e358f35ad7105c7b5b7132430b2744edf34bda93aeaeb023fb65fb3449a70?s=96&d=mm&r=g","caption":"Rosanna Donati"},"url":"https:\/\/www.article-marketing.eu\/comunicatistampa\/author\/rosanna-donati\/"}]}},"_links":{"self":[{"href":"https:\/\/www.article-marketing.eu\/comunicatistampa\/wp-json\/wp\/v2\/posts\/1790","targetHints":{"allow":["GET"]}}],"collection":[{"href":"https:\/\/www.article-marketing.eu\/comunicatistampa\/wp-json\/wp\/v2\/posts"}],"about":[{"href":"https:\/\/www.article-marketing.eu\/comunicatistampa\/wp-json\/wp\/v2\/types\/post"}],"author":[{"embeddable":true,"href":"https:\/\/www.article-marketing.eu\/comunicatistampa\/wp-json\/wp\/v2\/users\/74"}],"replies":[{"embeddable":true,"href":"https:\/\/www.article-marketing.eu\/comunicatistampa\/wp-json\/wp\/v2\/comments?post=1790"}],"version-history":[{"count":1,"href":"https:\/\/www.article-marketing.eu\/comunicatistampa\/wp-json\/wp\/v2\/posts\/1790\/revisions"}],"predecessor-version":[{"id":1791,"href":"https:\/\/www.article-marketing.eu\/comunicatistampa\/wp-json\/wp\/v2\/posts\/1790\/revisions\/1791"}],"wp:attachment":[{"href":"https:\/\/www.article-marketing.eu\/comunicatistampa\/wp-json\/wp\/v2\/media?parent=1790"}],"wp:term":[{"taxonomy":"category","embeddable":true,"href":"https:\/\/www.article-marketing.eu\/comunicatistampa\/wp-json\/wp\/v2\/categories?post=1790"},{"taxonomy":"post_tag","embeddable":true,"href":"https:\/\/www.article-marketing.eu\/comunicatistampa\/wp-json\/wp\/v2\/tags?post=1790"}],"curies":[{"name":"wp","href":"https:\/\/api.w.org\/{rel}","templated":true}]}}