{"id":17935,"date":"2021-03-26T09:46:56","date_gmt":"2021-03-26T08:46:56","guid":{"rendered":"https:\/\/www.article-marketing.eu\/comunicatistampa\/?p=17935"},"modified":"2021-03-26T09:46:56","modified_gmt":"2021-03-26T08:46:56","slug":"mozart-a-432-hertz-quando-la-musica-si-accorda-allanima","status":"publish","type":"post","link":"https:\/\/www.article-marketing.eu\/comunicatistampa\/mozart-a-432-hertz-quando-la-musica-si-accorda-allanima\/","title":{"rendered":"Mozart a 432 Hertz: quando la musica si accorda all\u2019anima"},"content":{"rendered":"<h4><strong>Tre concerti di Mozart in un\u2019inedita registrazione sulle frequenze dell\u2019accordatura aurea<\/strong>.<\/h4>\n<p>Esce per l\u2019etichetta\u00a0<a href=\"https:\/\/www.aulicusclassics.com\/\" target=\"_blank\" rel=\"noopener\">Aulicus Classics<\/a>\u00a0<strong>Mozart<\/strong>, un CD dedicato ad alcune fra le pi\u00f9 belle pagine del repertorio Mozartiano registrato a\u00a0<strong>432 Hertz<\/strong>: l\u2019Andante in Do maggiore\u00a0per flauto e orchestra KV 315, il\u00a0Concerto nr. 12\u00a0per pianoforte KV 414 e la\u00a0Sinfonia\u00a0in La Maggiore KV 201. Il progetto, realizzato in occasione di un concerto presso la chiesa della\u00a0Nostra Signora del Sacro cuore\u00a0il 6 Gennaio 2020, vede protagonisti del concerto\u00a0<strong>Sebastiano Brusco<\/strong>\u00a0al piano e\u00a0 di\u00a0<strong>Andrea Ceccomori<\/strong>\u00a0al flauto accompagnati dall\u2019orchestra\u00a0<strong>Harmoniae Aureae<\/strong>\u00a0per la direzione di\u00a0<strong>Manfred Croci<\/strong>. A rendere speciale questa registrazione \u00e8 l\u2019utilizzo dell\u2019accordatura aurea, nella quale il \u201cla\u201d \u00e8 accordato a 432 Hertz e si rif\u00e0, quindi, alla proporzione aurea, generando una frequenza armonica ed avvolgente, in grado di restituire un suono pi\u00f9 naturale e ricco di sfumature, capace di immergere completamente l\u2019uditorio nella musica.<\/p>\n<p>L\u2019album sar\u00e0 disponibile presso tutti i principali stores online e piattaforme digitali.<\/p>\n<p>L\u2019intonazione e la frequenza di queste interpretazioni accompagnano gli ascoltatori in un\u2019atmosfera senza tempo, in totale equilibrio con le frequenze del corpo umano e della mente, ma soprattutto in linea con le originali sonorit\u00e0 ricercate da Mozart, ricreate attraverso il talento dei musicisti dell\u2019orchestra\u00a0<em>Harmoniae Aureae<\/em>, che sin dal loro debutto nel 2019 hanno continuato ad omaggiare il genio e la poesia del compositore di Salisburgo.<\/p>\n<p>&nbsp;<\/p>\n<p><strong>Gli Autori:<\/strong><\/p>\n<p><strong>Manfred Croci<\/strong>\u00a0(Direttore)<strong>:\u00a0<\/strong>diplomato in violino presso il conservatorio di Santa Cecilia di Roma, ha successivamente conseguito una laurea in\u00a0<em>musica da camera\u00a0<\/em>sempre presso Santa Cecilia ed una in\u00a0<em>concertistica\u00a0<\/em>presso la\u00a0<em>Hochschule f\u00fcr muzik\u00a0<\/em>di W\u00fcrzburg in Germania. Ha Studiato con alcuni dei violinisti migliori al mondo come Ghirshenko, Vinnitsky e Tretiakov. Il suo percorso da direttore d\u2019orchestra segue le orme del padre, Cesare Croci, e durante la sua carriera ha diretto l\u2019orchestra sinfonica di Roma, l\u2019orchestra sinfonica italiana ed il Rom\u00c6nsemble.<\/p>\n<p><strong>Sebastiano Brusco<\/strong>\u00a0(Piano)<strong>:\u00a0<\/strong>vincitore di numerosissimi premi in Italia ed all\u2019estero, da solista ha suonato assieme ad alcune delle pi\u00f9 importanti orchestre del mondo:\u00a0<em>Solisti Veneti, Orchestra Verdi, National Transylvanian Orchestra, l\u2019orchestra di Tirana, la sinfonica abruzzese<\/em>. Durante il suo tour in Cina ha portato, per la prima volta in Asia, un concerto con due piani sul palco: uno accordato a 432 Hz, l\u2019altro a 440 Hz. Attualmente sta registrando l\u2019intera sonata di Mozart per piano, sempre per la Aulicus Classics.\u00a0\u00a0<em>\u00a0<\/em><\/p>\n<p><strong>Andrea Ceccomori<\/strong>\u00a0(Flauto): ha completato i suoi studi presso l\u2019<em>Accademia Chigiana\u00a0<\/em>di Siena, oggi compone la sua musica e suona sia musica classica che contemporanea, dedicandosi alla scoperta di nuove sonorit\u00e0 ed artisti emergenti in tutto il mondo. Nella sua carriera \u00e8 arrivato a suonare di fronte alla Regina Elisabetta e Papa Francesco, e suona di frequente presso Televisioni e radio italiane. Ad oggi tiene diverse\u00a0<em>masterclass\u00a0<\/em>in giro per l\u2019Italia e scrive per diverse testate di settore come\u00a0<em>Amadeus, Falaut e Syrinx<\/em><\/p>\n","protected":false},"excerpt":{"rendered":"<p>Tre concerti di Mozart in un\u2019inedita registrazione sulle frequenze dell\u2019accordatura aurea. Esce per l\u2019etichetta\u00a0Aulicus Classics\u00a0Mozart, un CD dedicato ad alcune fra le pi\u00f9 belle pagine del repertorio Mozartiano registrato a\u00a0432 Hertz: l\u2019Andante in Do maggiore\u00a0per flauto e orchestra KV 315, il\u00a0Concerto nr. 12\u00a0per pianoforte KV 414 e la\u00a0Sinfonia\u00a0in La Maggiore KV 201. Il progetto, realizzato in occasione di un concerto presso la chiesa della\u00a0Nostra Signora del Sacro cuore\u00a0il 6 Gennaio<\/p>\n<p><a class=\"continue-reading\" href=\"https:\/\/www.article-marketing.eu\/comunicatistampa\/mozart-a-432-hertz-quando-la-musica-si-accorda-allanima\/\">Continue reading&#8230;<\/a><\/p>\n","protected":false},"author":732,"featured_media":0,"comment_status":"open","ping_status":"open","sticky":false,"template":"","format":"standard","meta":{"_monsterinsights_skip_tracking":false,"_monsterinsights_sitenote_active":false,"_monsterinsights_sitenote_note":"","_monsterinsights_sitenote_category":0,"footnotes":""},"categories":[78],"tags":[7577,7574,7576,7575,7578],"class_list":["post-17935","post","type-post","status-publish","format-standard","hentry","category-comunicati-stampa","tag-aulicus-classics-mozart","tag-mozart","tag-mozart-432-hertz","tag-mozart-accordatura-aurea","tag-mozart-andrea-ceccomori"],"yoast_head":"<!-- This site is optimized with the Yoast SEO plugin v27.3 - https:\/\/yoast.com\/product\/yoast-seo-wordpress\/ -->\n<title>Mozart a 432 Hertz: quando la musica si accorda all\u2019anima<\/title>\n<meta name=\"description\" content=\"Mozart a 432 Hertz, quando la musica si accorda all&#039;anima. Esce per Aulicus Classics una raccolta di tre concerti di Mozart registrati a 432 Hertz.\" \/>\n<meta name=\"robots\" content=\"index, follow, max-snippet:-1, max-image-preview:large, max-video-preview:-1\" \/>\n<link rel=\"canonical\" href=\"https:\/\/www.article-marketing.eu\/comunicatistampa\/mozart-a-432-hertz-quando-la-musica-si-accorda-allanima\/\" \/>\n<meta property=\"og:locale\" content=\"it_IT\" \/>\n<meta property=\"og:type\" content=\"article\" \/>\n<meta property=\"og:title\" content=\"Mozart a 432 Hertz: quando la musica si accorda all\u2019anima\" \/>\n<meta property=\"og:description\" content=\"Mozart a 432 Hertz, quando la musica si accorda all&#039;anima. Esce per Aulicus Classics una raccolta di tre concerti di Mozart registrati a 432 Hertz.\" \/>\n<meta property=\"og:url\" content=\"https:\/\/www.article-marketing.eu\/comunicatistampa\/mozart-a-432-hertz-quando-la-musica-si-accorda-allanima\/\" \/>\n<meta property=\"og:site_name\" content=\"Article Marketing\" \/>\n<meta property=\"article:published_time\" content=\"2021-03-26T08:46:56+00:00\" \/>\n<meta name=\"author\" content=\"studioalfa\" \/>\n<meta name=\"twitter:card\" content=\"summary_large_image\" \/>\n<meta name=\"twitter:label1\" content=\"Scritto da\" \/>\n\t<meta name=\"twitter:data1\" content=\"studioalfa\" \/>\n\t<meta name=\"twitter:label2\" content=\"Tempo di lettura stimato\" \/>\n\t<meta name=\"twitter:data2\" content=\"3 minuti\" \/>\n<script type=\"application\/ld+json\" class=\"yoast-schema-graph\">{\"@context\":\"https:\\\/\\\/schema.org\",\"@graph\":[{\"@type\":\"Article\",\"@id\":\"https:\\\/\\\/www.article-marketing.eu\\\/comunicatistampa\\\/mozart-a-432-hertz-quando-la-musica-si-accorda-allanima\\\/#article\",\"isPartOf\":{\"@id\":\"https:\\\/\\\/www.article-marketing.eu\\\/comunicatistampa\\\/mozart-a-432-hertz-quando-la-musica-si-accorda-allanima\\\/\"},\"author\":{\"name\":\"studioalfa\",\"@id\":\"https:\\\/\\\/www.article-marketing.eu\\\/comunicatistampa\\\/#\\\/schema\\\/person\\\/016dfd52849dd05631ba118c3dff9ace\"},\"headline\":\"Mozart a 432 Hertz: quando la musica si accorda all\u2019anima\",\"datePublished\":\"2021-03-26T08:46:56+00:00\",\"mainEntityOfPage\":{\"@id\":\"https:\\\/\\\/www.article-marketing.eu\\\/comunicatistampa\\\/mozart-a-432-hertz-quando-la-musica-si-accorda-allanima\\\/\"},\"wordCount\":504,\"commentCount\":0,\"keywords\":[\"aulicus classics mozart\",\"mozart\",\"mozart 432 hertz\",\"mozart accordatura aurea\",\"mozart andrea ceccomori\"],\"articleSection\":[\"Comunicati stampa\"],\"inLanguage\":\"it-IT\",\"potentialAction\":[{\"@type\":\"CommentAction\",\"name\":\"Comment\",\"target\":[\"https:\\\/\\\/www.article-marketing.eu\\\/comunicatistampa\\\/mozart-a-432-hertz-quando-la-musica-si-accorda-allanima\\\/#respond\"]}]},{\"@type\":\"WebPage\",\"@id\":\"https:\\\/\\\/www.article-marketing.eu\\\/comunicatistampa\\\/mozart-a-432-hertz-quando-la-musica-si-accorda-allanima\\\/\",\"url\":\"https:\\\/\\\/www.article-marketing.eu\\\/comunicatistampa\\\/mozart-a-432-hertz-quando-la-musica-si-accorda-allanima\\\/\",\"name\":\"Mozart a 432 Hertz: quando la musica si accorda all\u2019anima\",\"isPartOf\":{\"@id\":\"https:\\\/\\\/www.article-marketing.eu\\\/comunicatistampa\\\/#website\"},\"datePublished\":\"2021-03-26T08:46:56+00:00\",\"author\":{\"@id\":\"https:\\\/\\\/www.article-marketing.eu\\\/comunicatistampa\\\/#\\\/schema\\\/person\\\/016dfd52849dd05631ba118c3dff9ace\"},\"description\":\"Mozart a 432 Hertz, quando la musica si accorda all'anima. Esce per Aulicus Classics una raccolta di tre concerti di Mozart registrati a 432 Hertz.\",\"breadcrumb\":{\"@id\":\"https:\\\/\\\/www.article-marketing.eu\\\/comunicatistampa\\\/mozart-a-432-hertz-quando-la-musica-si-accorda-allanima\\\/#breadcrumb\"},\"inLanguage\":\"it-IT\",\"potentialAction\":[{\"@type\":\"ReadAction\",\"target\":[\"https:\\\/\\\/www.article-marketing.eu\\\/comunicatistampa\\\/mozart-a-432-hertz-quando-la-musica-si-accorda-allanima\\\/\"]}]},{\"@type\":\"BreadcrumbList\",\"@id\":\"https:\\\/\\\/www.article-marketing.eu\\\/comunicatistampa\\\/mozart-a-432-hertz-quando-la-musica-si-accorda-allanima\\\/#breadcrumb\",\"itemListElement\":[{\"@type\":\"ListItem\",\"position\":1,\"name\":\"Home\",\"item\":\"https:\\\/\\\/www.article-marketing.eu\\\/comunicatistampa\\\/\"},{\"@type\":\"ListItem\",\"position\":2,\"name\":\"Mozart a 432 Hertz: quando la musica si accorda all\u2019anima\"}]},{\"@type\":\"WebSite\",\"@id\":\"https:\\\/\\\/www.article-marketing.eu\\\/comunicatistampa\\\/#website\",\"url\":\"https:\\\/\\\/www.article-marketing.eu\\\/comunicatistampa\\\/\",\"name\":\"Article Marketing\",\"description\":\"article marketing &amp; press release\",\"potentialAction\":[{\"@type\":\"SearchAction\",\"target\":{\"@type\":\"EntryPoint\",\"urlTemplate\":\"https:\\\/\\\/www.article-marketing.eu\\\/comunicatistampa\\\/?s={search_term_string}\"},\"query-input\":{\"@type\":\"PropertyValueSpecification\",\"valueRequired\":true,\"valueName\":\"search_term_string\"}}],\"inLanguage\":\"it-IT\"},{\"@type\":\"Person\",\"@id\":\"https:\\\/\\\/www.article-marketing.eu\\\/comunicatistampa\\\/#\\\/schema\\\/person\\\/016dfd52849dd05631ba118c3dff9ace\",\"name\":\"studioalfa\",\"image\":{\"@type\":\"ImageObject\",\"inLanguage\":\"it-IT\",\"@id\":\"https:\\\/\\\/secure.gravatar.com\\\/avatar\\\/e7a37e17b09595ecf7196e00f441c7cc74f75800109ba49376861d605b8805d4?s=96&d=mm&r=g\",\"url\":\"https:\\\/\\\/secure.gravatar.com\\\/avatar\\\/e7a37e17b09595ecf7196e00f441c7cc74f75800109ba49376861d605b8805d4?s=96&d=mm&r=g\",\"contentUrl\":\"https:\\\/\\\/secure.gravatar.com\\\/avatar\\\/e7a37e17b09595ecf7196e00f441c7cc74f75800109ba49376861d605b8805d4?s=96&d=mm&r=g\",\"caption\":\"studioalfa\"},\"url\":\"https:\\\/\\\/www.article-marketing.eu\\\/comunicatistampa\\\/author\\\/studioalfa\\\/\"}]}<\/script>\n<!-- \/ Yoast SEO plugin. -->","yoast_head_json":{"title":"Mozart a 432 Hertz: quando la musica si accorda all\u2019anima","description":"Mozart a 432 Hertz, quando la musica si accorda all'anima. Esce per Aulicus Classics una raccolta di tre concerti di Mozart registrati a 432 Hertz.","robots":{"index":"index","follow":"follow","max-snippet":"max-snippet:-1","max-image-preview":"max-image-preview:large","max-video-preview":"max-video-preview:-1"},"canonical":"https:\/\/www.article-marketing.eu\/comunicatistampa\/mozart-a-432-hertz-quando-la-musica-si-accorda-allanima\/","og_locale":"it_IT","og_type":"article","og_title":"Mozart a 432 Hertz: quando la musica si accorda all\u2019anima","og_description":"Mozart a 432 Hertz, quando la musica si accorda all'anima. Esce per Aulicus Classics una raccolta di tre concerti di Mozart registrati a 432 Hertz.","og_url":"https:\/\/www.article-marketing.eu\/comunicatistampa\/mozart-a-432-hertz-quando-la-musica-si-accorda-allanima\/","og_site_name":"Article Marketing","article_published_time":"2021-03-26T08:46:56+00:00","author":"studioalfa","twitter_card":"summary_large_image","twitter_misc":{"Scritto da":"studioalfa","Tempo di lettura stimato":"3 minuti"},"schema":{"@context":"https:\/\/schema.org","@graph":[{"@type":"Article","@id":"https:\/\/www.article-marketing.eu\/comunicatistampa\/mozart-a-432-hertz-quando-la-musica-si-accorda-allanima\/#article","isPartOf":{"@id":"https:\/\/www.article-marketing.eu\/comunicatistampa\/mozart-a-432-hertz-quando-la-musica-si-accorda-allanima\/"},"author":{"name":"studioalfa","@id":"https:\/\/www.article-marketing.eu\/comunicatistampa\/#\/schema\/person\/016dfd52849dd05631ba118c3dff9ace"},"headline":"Mozart a 432 Hertz: quando la musica si accorda all\u2019anima","datePublished":"2021-03-26T08:46:56+00:00","mainEntityOfPage":{"@id":"https:\/\/www.article-marketing.eu\/comunicatistampa\/mozart-a-432-hertz-quando-la-musica-si-accorda-allanima\/"},"wordCount":504,"commentCount":0,"keywords":["aulicus classics mozart","mozart","mozart 432 hertz","mozart accordatura aurea","mozart andrea ceccomori"],"articleSection":["Comunicati stampa"],"inLanguage":"it-IT","potentialAction":[{"@type":"CommentAction","name":"Comment","target":["https:\/\/www.article-marketing.eu\/comunicatistampa\/mozart-a-432-hertz-quando-la-musica-si-accorda-allanima\/#respond"]}]},{"@type":"WebPage","@id":"https:\/\/www.article-marketing.eu\/comunicatistampa\/mozart-a-432-hertz-quando-la-musica-si-accorda-allanima\/","url":"https:\/\/www.article-marketing.eu\/comunicatistampa\/mozart-a-432-hertz-quando-la-musica-si-accorda-allanima\/","name":"Mozart a 432 Hertz: quando la musica si accorda all\u2019anima","isPartOf":{"@id":"https:\/\/www.article-marketing.eu\/comunicatistampa\/#website"},"datePublished":"2021-03-26T08:46:56+00:00","author":{"@id":"https:\/\/www.article-marketing.eu\/comunicatistampa\/#\/schema\/person\/016dfd52849dd05631ba118c3dff9ace"},"description":"Mozart a 432 Hertz, quando la musica si accorda all'anima. Esce per Aulicus Classics una raccolta di tre concerti di Mozart registrati a 432 Hertz.","breadcrumb":{"@id":"https:\/\/www.article-marketing.eu\/comunicatistampa\/mozart-a-432-hertz-quando-la-musica-si-accorda-allanima\/#breadcrumb"},"inLanguage":"it-IT","potentialAction":[{"@type":"ReadAction","target":["https:\/\/www.article-marketing.eu\/comunicatistampa\/mozart-a-432-hertz-quando-la-musica-si-accorda-allanima\/"]}]},{"@type":"BreadcrumbList","@id":"https:\/\/www.article-marketing.eu\/comunicatistampa\/mozart-a-432-hertz-quando-la-musica-si-accorda-allanima\/#breadcrumb","itemListElement":[{"@type":"ListItem","position":1,"name":"Home","item":"https:\/\/www.article-marketing.eu\/comunicatistampa\/"},{"@type":"ListItem","position":2,"name":"Mozart a 432 Hertz: quando la musica si accorda all\u2019anima"}]},{"@type":"WebSite","@id":"https:\/\/www.article-marketing.eu\/comunicatistampa\/#website","url":"https:\/\/www.article-marketing.eu\/comunicatistampa\/","name":"Article Marketing","description":"article marketing &amp; press release","potentialAction":[{"@type":"SearchAction","target":{"@type":"EntryPoint","urlTemplate":"https:\/\/www.article-marketing.eu\/comunicatistampa\/?s={search_term_string}"},"query-input":{"@type":"PropertyValueSpecification","valueRequired":true,"valueName":"search_term_string"}}],"inLanguage":"it-IT"},{"@type":"Person","@id":"https:\/\/www.article-marketing.eu\/comunicatistampa\/#\/schema\/person\/016dfd52849dd05631ba118c3dff9ace","name":"studioalfa","image":{"@type":"ImageObject","inLanguage":"it-IT","@id":"https:\/\/secure.gravatar.com\/avatar\/e7a37e17b09595ecf7196e00f441c7cc74f75800109ba49376861d605b8805d4?s=96&d=mm&r=g","url":"https:\/\/secure.gravatar.com\/avatar\/e7a37e17b09595ecf7196e00f441c7cc74f75800109ba49376861d605b8805d4?s=96&d=mm&r=g","contentUrl":"https:\/\/secure.gravatar.com\/avatar\/e7a37e17b09595ecf7196e00f441c7cc74f75800109ba49376861d605b8805d4?s=96&d=mm&r=g","caption":"studioalfa"},"url":"https:\/\/www.article-marketing.eu\/comunicatistampa\/author\/studioalfa\/"}]}},"_links":{"self":[{"href":"https:\/\/www.article-marketing.eu\/comunicatistampa\/wp-json\/wp\/v2\/posts\/17935","targetHints":{"allow":["GET"]}}],"collection":[{"href":"https:\/\/www.article-marketing.eu\/comunicatistampa\/wp-json\/wp\/v2\/posts"}],"about":[{"href":"https:\/\/www.article-marketing.eu\/comunicatistampa\/wp-json\/wp\/v2\/types\/post"}],"author":[{"embeddable":true,"href":"https:\/\/www.article-marketing.eu\/comunicatistampa\/wp-json\/wp\/v2\/users\/732"}],"replies":[{"embeddable":true,"href":"https:\/\/www.article-marketing.eu\/comunicatistampa\/wp-json\/wp\/v2\/comments?post=17935"}],"version-history":[{"count":2,"href":"https:\/\/www.article-marketing.eu\/comunicatistampa\/wp-json\/wp\/v2\/posts\/17935\/revisions"}],"predecessor-version":[{"id":17972,"href":"https:\/\/www.article-marketing.eu\/comunicatistampa\/wp-json\/wp\/v2\/posts\/17935\/revisions\/17972"}],"wp:attachment":[{"href":"https:\/\/www.article-marketing.eu\/comunicatistampa\/wp-json\/wp\/v2\/media?parent=17935"}],"wp:term":[{"taxonomy":"category","embeddable":true,"href":"https:\/\/www.article-marketing.eu\/comunicatistampa\/wp-json\/wp\/v2\/categories?post=17935"},{"taxonomy":"post_tag","embeddable":true,"href":"https:\/\/www.article-marketing.eu\/comunicatistampa\/wp-json\/wp\/v2\/tags?post=17935"}],"curies":[{"name":"wp","href":"https:\/\/api.w.org\/{rel}","templated":true}]}}