{"id":17984,"date":"2021-03-26T15:13:17","date_gmt":"2021-03-26T14:13:17","guid":{"rendered":"https:\/\/www.article-marketing.eu\/comunicatistampa\/?p=17984"},"modified":"2021-03-26T15:13:17","modified_gmt":"2021-03-26T14:13:17","slug":"fai-la-differenza-metti-i-rifiuti-al-proprio-posto","status":"publish","type":"post","link":"https:\/\/www.article-marketing.eu\/comunicatistampa\/fai-la-differenza-metti-i-rifiuti-al-proprio-posto\/","title":{"rendered":"Fai la differenza \u2013 Metti i rifiuti al proprio posto!"},"content":{"rendered":"<p>\u00c8 stato presentato oggi il nuovo progetto pilota \u201cFai la differenza \u2013 Metti i rifiuti al proprio posto!\u201d promosso dal Comune di Cinisello Balsamo, Nord Milano Ambiente Spa \u2013 la societ\u00e0 <em>in-house<\/em> che si occupa dei servizi di igiene urbana nel territorio comunale &#8211; e UniAbita, la pi\u00f9 grande cooperativa edificatrice d\u2019Italia.<\/p>\n<p>&nbsp;<\/p>\n<p>Un progetto innovativo nato come base per lo studio di fattibilit\u00e0 della tariffa puntuale nel Comune di Cinisello Balsamo. Protagonista, il caseggiato di via Bramante, 15 \u2013 identificato da UniAbita come luogo simbolo per attivare la sperimentazione \u2013 in cui attualmente vivono circa 325 famiglie per pi\u00f9 di 850 abitanti. Obiettivo, valutare all\u2019interno di un grande spazio e\/o quartiere l\u2019incidenza della raccolta differenziata, l\u2019efficacia di azioni concrete e informative nella diminuzione dell\u2019indifferenziato e la resa delle nuove modalit\u00e0 di raccolta dei rifiuti.<\/p>\n<p>&nbsp;<\/p>\n<p>\u201c<em>L<\/em><em>\u2019<\/em><em>applicazione della tariffa puntuale \u00e8 certamente una sfida avvenieristica per Cinisello Balsamo. Non siamo un piccolo comune e sappiamo bene le difficolt\u00e0 che abbiamo avuto e che stiamo ancora avendo nel percorso del corretto conferimento differenziato. Questo progetto \u00e8 molto importante per la nostra citt\u00e0 perch\u00e9 \u00e8 la base dello studio di fattibilit\u00e0 della possibile raccolta puntuale, e della conseguente possibile tariffa puntuale. Perci\u00f2 ringrazio gli attori in campo in questo studio, che ci dar\u00e0 una fotografia importante di ci\u00f2 che si potr\u00e0 fare, nella consapevolezza della specificit\u00e0 e delle difficolt\u00e0 di una citt\u00e0 come la nostra<\/em><em>\u201d<\/em><em>. <\/em>Cos\u00ec il Sindaco di Cinisello Balsamo Giacomo Ghilardi<\/p>\n<p>&nbsp;<\/p>\n<p><em>\u201c<\/em><em>La corretta raccolta differenziata dei rifiuti \u00e8 un dovere e una responsabilit\u00e0 civica. Seguire le regole che consentono il recupero dei materiali di scarto vuol dire rispettare gli altri e l<\/em><em>\u2019<\/em><em>ambiente in cui viviamo. Questo progetto \u00e8 un esempio di quello che le Istituzioni possono fare per aiutare i cittadini e facilitarli nel compito non sempre facile di separare correttamente i rifiuti e raggiungere migliori obiettivi nel recupero. Un<\/em><em>\u2019<\/em><em>informazione corretta e pi\u00f9 capillare, possono essere un valido aiuto per arrivare ad avere ambienti pi\u00f9 puliti, sani e vivibili. La mia speranza \u00e8 che questo progetto consenta alla Citt\u00e0 di Cinisello Balsamo di migliorare le proprie performance di raccolta differenziata, che si traducono anche in risparmio economico per l<\/em><em>\u2019<\/em><em>utente finale. Negli ultimi anni abbiamo fatto molto, ma possiamo fare di pi\u00f9. La comunicazione \u00e8 fondamentale e questo progetto va in questa direzione<\/em><em>\u201d<\/em><em>. <\/em>Cos\u00ec il Vicesindaco e Assessore all\u2019Ambiente Giuseppe Berlino<\/p>\n<p><em>\u00a0<\/em><\/p>\n<p><em>\u00a0<\/em><\/p>\n<p><em>\u00a0<\/em><\/p>\n<p><em>\u00a0<\/em><\/p>\n<p>IL PROGETTO<\/p>\n<p>Dal 16 febbraio al 16 marzo \u2013 ogni marted\u00ec e venerd\u00ec, in concomitanza con il consueto ritiro rifiuti \u2013 Nord Milano Ambiente ha analizzato la condizione abituale della raccolta rifiuti nel caseggiato, che ha portato ad una fotografia attuale della raccolta differenziata dei rifiuti che vede la raccolta differenziata pari al 62% dei rifiuti, un buon risultato, leggermente superiore rispetto alla media cittadina, ma in alcune circostanze non conforme alla raccolta del rifiuto. Per questo a partire dal 25 marzo, il progetto Fai la differenza \u2013 Metti i rifiuti al proprio posto! ha l\u2019obiettivo di il coinvolgere gli abitanti con un\u2019azione di comunicazione di sensibilizzazione mirata che verr\u00e0 svolta attraverso volantini informativi distribuiti a tutti i residenti del caseggiato, l\u2019attivazione del pulsante dedicato \u2018invia e-mail\u2019 sulla pagina Facebook di Nord Milano ambiente per la richiesta d\u2019informazioni,\u00a0 l\u2019installazione di nuovi raccoglitori e tre nuove raccolte: farmaci, pile e oli alimentari all\u2019interno delle quattro isole ecologiche dislocate nel caseggiato di Via Bramate.<\/p>\n<p>&nbsp;<\/p>\n<p>I DATI<\/p>\n<p>Dal 16 Febbraio al 16 Marzo Nord Milano Ambiente ha effettuato la pesatura di ogni ritiro dei rifiuti del caseggiato e la verifica della corretta separazione della differenziata. I Risultati ottenuti sono buoni e i residenti si dimostrano essere virtuosi verso la raccolta differenziata dei rifiuti. Nella fascia temporale definitiva, il caseggiato ha prodotto 5.950 Kg di rifiuti indifferenziati (pari al 37,85% di raccolta differenziata).<\/p>\n<p>Per quanto riguarda la raccolta differenziata, nel mese di competenza sono stati raccolti 2.070 Kg di carta (pari al 13,17% di raccolta differenziata), 1.520 kg di plastica (pari al 9,67% di raccolta differenziata) 2.330 kg di vetro (pari al 14,82% di raccolta differenziata), 3.850 di umido (pari al 24,49% di raccolta differenziata) raggiungendo il 62,15% di raccolta differenziata sul totale raccolto.<\/p>\n<p>&nbsp;<\/p>\n<p>\u201c<em>La nostra azienda sta operando per perseguire una serie di obiettivi ambiziosi, che passano attraverso la riorganizzazione e l<\/em><em>\u2019<\/em><em>ottimizzazione delle risorse. Il percorso verso la raccolta puntuale \u00e8 certamente lungo per la difficolt\u00e0 operativa vista la densit\u00e0 abitativa di Cinisello Balsamo. Il nostro impegno in questo studio \u00e8 nel valutare quali azioni sono necessarie e la loro fattibilit\u00e0 in un processo di raccolta puntuale<\/em><em>\u201d<\/em>, le parole dell&#8217;amministratore unico di Nord Milano Ambiente, Sandro Sisler<em>. <\/em><\/p>\n<p><em>\u00a0<\/em><\/p>\n<p>La prima fase del progetto terminer\u00e0 il 25 aprile. Due mesi focalizzati alla sensibilizzazione e incentivazione alla raccolta differenziata dei rifiuti affiancati ad una serie di azioni per tutti coloro che s\u2019impegneranno a svolgere una corretta raccolta differenziata e che vedr\u00e0 il riconoscimento di un premio se il caseggiato riuscir\u00e0 a raggiungere la percentuale del 64% di raccolta differenziata. Al termine del periodo di prova, Nord Milano Ambiente provveder\u00e0 ad analizzare nuovamente la quantit\u00e0 dell\u2019indifferenziato e la qualit\u00e0 della raccolta rifiuti, cos\u00ec da valutare l\u2019efficacia del progetto.<\/p>\n<p>&nbsp;<\/p>\n<p><em>\u201cIl buon dato di partenza emerso dalla prima pesatura dei rifiuti sul nostro caseggiato pi\u00f9 grande, Via Bramante 15, \u00e8 per noi motivo di orgoglio. UniAbita ogni giorno attraverso le bacheche elettroniche, la collaborazione coi Comitati e nuove assegnazioni consapevoli, invita i propri abitanti a prestare la massima attenzione alla differenziazione dei rifiuti ricordando che fare la raccolta differenziata \u00e8 un importante segno di civilt\u00e0. \u201cFai la differenza\u201d ben si inserisce nella nostra campagna quotidiana di lavoro sinergico con gli abitanti che punta al rispetto dell\u2019ambiente e del territorio in cui viviamo. UniAbita \u00e8 una importante realt\u00e0 cittadina e da sempre il lavoro di squadra e l\u2019attenzione ai territori sono valori cooperativi per noi importanti. Poniamo sempre molta attenzione a ricordare che il comportamento scorretto di alcuni ricade su tutti i Soci abitanti e sulla qualit\u00e0 della Citt\u00e0 in cui viviamo. \u00c8 una sfida difficile in cui crediamo molto e per questo abbiamo messo in palio un premio per il caseggiato di \u20ac5.000, qualora gli abitanti riuscissero a far crescere ancora di pi\u00f9 la percentuale della raccolta differenziata e migliorarne la qualit\u00e0, incrementando anche il servizio attraverso i nuovi bidoni destinati ai rifiuti speciali\u201d<\/em> conclude il\u00a0Presidente di UniAbita Pierpaolo Forello.<\/p>\n","protected":false},"excerpt":{"rendered":"<p>\u00c8 stato presentato oggi il nuovo progetto pilota \u201cFai la differenza \u2013 Metti i rifiuti al proprio posto!\u201d promosso dal Comune di Cinisello Balsamo, Nord Milano Ambiente Spa \u2013 la societ\u00e0 in-house che si occupa dei servizi di igiene urbana nel territorio comunale &#8211; e UniAbita, la pi\u00f9 grande cooperativa edificatrice d\u2019Italia. &nbsp; Un progetto innovativo nato come base per lo studio di fattibilit\u00e0 della tariffa puntuale nel Comune di<\/p>\n<p><a class=\"continue-reading\" href=\"https:\/\/www.article-marketing.eu\/comunicatistampa\/fai-la-differenza-metti-i-rifiuti-al-proprio-posto\/\">Continue reading&#8230;<\/a><\/p>\n","protected":false},"author":1855,"featured_media":0,"comment_status":"open","ping_status":"open","sticky":false,"template":"","format":"standard","meta":{"_monsterinsights_skip_tracking":false,"_monsterinsights_sitenote_active":false,"_monsterinsights_sitenote_note":"","_monsterinsights_sitenote_category":0,"footnotes":""},"categories":[78,394],"tags":[7580,7579],"class_list":["post-17984","post","type-post","status-publish","format-standard","hentry","category-comunicati-stampa","category-servizi","tag-progetto","tag-raccoltadifferenziata"],"yoast_head":"<!-- This site is optimized with the Yoast SEO plugin v27.3 - https:\/\/yoast.com\/product\/yoast-seo-wordpress\/ -->\n<title>Fai la differenza \u2013 Metti i rifiuti al proprio posto! - Article Marketing<\/title>\n<meta name=\"robots\" content=\"index, follow, max-snippet:-1, max-image-preview:large, max-video-preview:-1\" \/>\n<link rel=\"canonical\" href=\"https:\/\/www.article-marketing.eu\/comunicatistampa\/fai-la-differenza-metti-i-rifiuti-al-proprio-posto\/\" \/>\n<meta property=\"og:locale\" content=\"it_IT\" \/>\n<meta property=\"og:type\" content=\"article\" \/>\n<meta property=\"og:title\" content=\"Fai la differenza \u2013 Metti i rifiuti al proprio posto! - Article Marketing\" \/>\n<meta property=\"og:description\" content=\"\u00c8 stato presentato oggi il nuovo progetto pilota \u201cFai la differenza \u2013 Metti i rifiuti al proprio posto!\u201d promosso dal Comune di Cinisello Balsamo, Nord Milano Ambiente Spa \u2013 la societ\u00e0 in-house che si occupa dei servizi di igiene urbana nel territorio comunale &#8211; e UniAbita, la pi\u00f9 grande cooperativa edificatrice d\u2019Italia. &nbsp; Un progetto innovativo nato come base per lo studio di fattibilit\u00e0 della tariffa puntuale nel Comune diContinue reading...\" \/>\n<meta property=\"og:url\" content=\"https:\/\/www.article-marketing.eu\/comunicatistampa\/fai-la-differenza-metti-i-rifiuti-al-proprio-posto\/\" \/>\n<meta property=\"og:site_name\" content=\"Article Marketing\" \/>\n<meta property=\"article:published_time\" content=\"2021-03-26T14:13:17+00:00\" \/>\n<meta name=\"author\" content=\"Redaclem\" \/>\n<meta name=\"twitter:card\" content=\"summary_large_image\" \/>\n<meta name=\"twitter:label1\" content=\"Scritto da\" \/>\n\t<meta name=\"twitter:data1\" content=\"Redaclem\" \/>\n\t<meta name=\"twitter:label2\" content=\"Tempo di lettura stimato\" \/>\n\t<meta name=\"twitter:data2\" content=\"5 minuti\" \/>\n<script type=\"application\/ld+json\" class=\"yoast-schema-graph\">{\"@context\":\"https:\\\/\\\/schema.org\",\"@graph\":[{\"@type\":\"Article\",\"@id\":\"https:\\\/\\\/www.article-marketing.eu\\\/comunicatistampa\\\/fai-la-differenza-metti-i-rifiuti-al-proprio-posto\\\/#article\",\"isPartOf\":{\"@id\":\"https:\\\/\\\/www.article-marketing.eu\\\/comunicatistampa\\\/fai-la-differenza-metti-i-rifiuti-al-proprio-posto\\\/\"},\"author\":{\"name\":\"Redaclem\",\"@id\":\"https:\\\/\\\/www.article-marketing.eu\\\/comunicatistampa\\\/#\\\/schema\\\/person\\\/c0aa725eee5df8460e0adf901fde0c88\"},\"headline\":\"Fai la differenza \u2013 Metti i rifiuti al proprio posto!\",\"datePublished\":\"2021-03-26T14:13:17+00:00\",\"mainEntityOfPage\":{\"@id\":\"https:\\\/\\\/www.article-marketing.eu\\\/comunicatistampa\\\/fai-la-differenza-metti-i-rifiuti-al-proprio-posto\\\/\"},\"wordCount\":1033,\"commentCount\":0,\"keywords\":[\"#progetto\",\"#raccoltadifferenziata\"],\"articleSection\":[\"Comunicati stampa\",\"Servizi\"],\"inLanguage\":\"it-IT\",\"potentialAction\":[{\"@type\":\"CommentAction\",\"name\":\"Comment\",\"target\":[\"https:\\\/\\\/www.article-marketing.eu\\\/comunicatistampa\\\/fai-la-differenza-metti-i-rifiuti-al-proprio-posto\\\/#respond\"]}]},{\"@type\":\"WebPage\",\"@id\":\"https:\\\/\\\/www.article-marketing.eu\\\/comunicatistampa\\\/fai-la-differenza-metti-i-rifiuti-al-proprio-posto\\\/\",\"url\":\"https:\\\/\\\/www.article-marketing.eu\\\/comunicatistampa\\\/fai-la-differenza-metti-i-rifiuti-al-proprio-posto\\\/\",\"name\":\"Fai la differenza \u2013 Metti i rifiuti al proprio posto! - Article Marketing\",\"isPartOf\":{\"@id\":\"https:\\\/\\\/www.article-marketing.eu\\\/comunicatistampa\\\/#website\"},\"datePublished\":\"2021-03-26T14:13:17+00:00\",\"author\":{\"@id\":\"https:\\\/\\\/www.article-marketing.eu\\\/comunicatistampa\\\/#\\\/schema\\\/person\\\/c0aa725eee5df8460e0adf901fde0c88\"},\"breadcrumb\":{\"@id\":\"https:\\\/\\\/www.article-marketing.eu\\\/comunicatistampa\\\/fai-la-differenza-metti-i-rifiuti-al-proprio-posto\\\/#breadcrumb\"},\"inLanguage\":\"it-IT\",\"potentialAction\":[{\"@type\":\"ReadAction\",\"target\":[\"https:\\\/\\\/www.article-marketing.eu\\\/comunicatistampa\\\/fai-la-differenza-metti-i-rifiuti-al-proprio-posto\\\/\"]}]},{\"@type\":\"BreadcrumbList\",\"@id\":\"https:\\\/\\\/www.article-marketing.eu\\\/comunicatistampa\\\/fai-la-differenza-metti-i-rifiuti-al-proprio-posto\\\/#breadcrumb\",\"itemListElement\":[{\"@type\":\"ListItem\",\"position\":1,\"name\":\"Home\",\"item\":\"https:\\\/\\\/www.article-marketing.eu\\\/comunicatistampa\\\/\"},{\"@type\":\"ListItem\",\"position\":2,\"name\":\"Fai la differenza \u2013 Metti i rifiuti al proprio posto!\"}]},{\"@type\":\"WebSite\",\"@id\":\"https:\\\/\\\/www.article-marketing.eu\\\/comunicatistampa\\\/#website\",\"url\":\"https:\\\/\\\/www.article-marketing.eu\\\/comunicatistampa\\\/\",\"name\":\"Article Marketing\",\"description\":\"article marketing &amp; press release\",\"potentialAction\":[{\"@type\":\"SearchAction\",\"target\":{\"@type\":\"EntryPoint\",\"urlTemplate\":\"https:\\\/\\\/www.article-marketing.eu\\\/comunicatistampa\\\/?s={search_term_string}\"},\"query-input\":{\"@type\":\"PropertyValueSpecification\",\"valueRequired\":true,\"valueName\":\"search_term_string\"}}],\"inLanguage\":\"it-IT\"},{\"@type\":\"Person\",\"@id\":\"https:\\\/\\\/www.article-marketing.eu\\\/comunicatistampa\\\/#\\\/schema\\\/person\\\/c0aa725eee5df8460e0adf901fde0c88\",\"name\":\"Redaclem\",\"image\":{\"@type\":\"ImageObject\",\"inLanguage\":\"it-IT\",\"@id\":\"https:\\\/\\\/secure.gravatar.com\\\/avatar\\\/4c7e41f332a0583344a91d7d39723533da9b2d0df7737c2d8c69553168c2191e?s=96&d=mm&r=g\",\"url\":\"https:\\\/\\\/secure.gravatar.com\\\/avatar\\\/4c7e41f332a0583344a91d7d39723533da9b2d0df7737c2d8c69553168c2191e?s=96&d=mm&r=g\",\"contentUrl\":\"https:\\\/\\\/secure.gravatar.com\\\/avatar\\\/4c7e41f332a0583344a91d7d39723533da9b2d0df7737c2d8c69553168c2191e?s=96&d=mm&r=g\",\"caption\":\"Redaclem\"},\"url\":\"https:\\\/\\\/www.article-marketing.eu\\\/comunicatistampa\\\/author\\\/redaclem\\\/\"}]}<\/script>\n<!-- \/ Yoast SEO plugin. -->","yoast_head_json":{"title":"Fai la differenza \u2013 Metti i rifiuti al proprio posto! - Article Marketing","robots":{"index":"index","follow":"follow","max-snippet":"max-snippet:-1","max-image-preview":"max-image-preview:large","max-video-preview":"max-video-preview:-1"},"canonical":"https:\/\/www.article-marketing.eu\/comunicatistampa\/fai-la-differenza-metti-i-rifiuti-al-proprio-posto\/","og_locale":"it_IT","og_type":"article","og_title":"Fai la differenza \u2013 Metti i rifiuti al proprio posto! - Article Marketing","og_description":"\u00c8 stato presentato oggi il nuovo progetto pilota \u201cFai la differenza \u2013 Metti i rifiuti al proprio posto!\u201d promosso dal Comune di Cinisello Balsamo, Nord Milano Ambiente Spa \u2013 la societ\u00e0 in-house che si occupa dei servizi di igiene urbana nel territorio comunale &#8211; e UniAbita, la pi\u00f9 grande cooperativa edificatrice d\u2019Italia. &nbsp; Un progetto innovativo nato come base per lo studio di fattibilit\u00e0 della tariffa puntuale nel Comune diContinue reading...","og_url":"https:\/\/www.article-marketing.eu\/comunicatistampa\/fai-la-differenza-metti-i-rifiuti-al-proprio-posto\/","og_site_name":"Article Marketing","article_published_time":"2021-03-26T14:13:17+00:00","author":"Redaclem","twitter_card":"summary_large_image","twitter_misc":{"Scritto da":"Redaclem","Tempo di lettura stimato":"5 minuti"},"schema":{"@context":"https:\/\/schema.org","@graph":[{"@type":"Article","@id":"https:\/\/www.article-marketing.eu\/comunicatistampa\/fai-la-differenza-metti-i-rifiuti-al-proprio-posto\/#article","isPartOf":{"@id":"https:\/\/www.article-marketing.eu\/comunicatistampa\/fai-la-differenza-metti-i-rifiuti-al-proprio-posto\/"},"author":{"name":"Redaclem","@id":"https:\/\/www.article-marketing.eu\/comunicatistampa\/#\/schema\/person\/c0aa725eee5df8460e0adf901fde0c88"},"headline":"Fai la differenza \u2013 Metti i rifiuti al proprio posto!","datePublished":"2021-03-26T14:13:17+00:00","mainEntityOfPage":{"@id":"https:\/\/www.article-marketing.eu\/comunicatistampa\/fai-la-differenza-metti-i-rifiuti-al-proprio-posto\/"},"wordCount":1033,"commentCount":0,"keywords":["#progetto","#raccoltadifferenziata"],"articleSection":["Comunicati stampa","Servizi"],"inLanguage":"it-IT","potentialAction":[{"@type":"CommentAction","name":"Comment","target":["https:\/\/www.article-marketing.eu\/comunicatistampa\/fai-la-differenza-metti-i-rifiuti-al-proprio-posto\/#respond"]}]},{"@type":"WebPage","@id":"https:\/\/www.article-marketing.eu\/comunicatistampa\/fai-la-differenza-metti-i-rifiuti-al-proprio-posto\/","url":"https:\/\/www.article-marketing.eu\/comunicatistampa\/fai-la-differenza-metti-i-rifiuti-al-proprio-posto\/","name":"Fai la differenza \u2013 Metti i rifiuti al proprio posto! - Article Marketing","isPartOf":{"@id":"https:\/\/www.article-marketing.eu\/comunicatistampa\/#website"},"datePublished":"2021-03-26T14:13:17+00:00","author":{"@id":"https:\/\/www.article-marketing.eu\/comunicatistampa\/#\/schema\/person\/c0aa725eee5df8460e0adf901fde0c88"},"breadcrumb":{"@id":"https:\/\/www.article-marketing.eu\/comunicatistampa\/fai-la-differenza-metti-i-rifiuti-al-proprio-posto\/#breadcrumb"},"inLanguage":"it-IT","potentialAction":[{"@type":"ReadAction","target":["https:\/\/www.article-marketing.eu\/comunicatistampa\/fai-la-differenza-metti-i-rifiuti-al-proprio-posto\/"]}]},{"@type":"BreadcrumbList","@id":"https:\/\/www.article-marketing.eu\/comunicatistampa\/fai-la-differenza-metti-i-rifiuti-al-proprio-posto\/#breadcrumb","itemListElement":[{"@type":"ListItem","position":1,"name":"Home","item":"https:\/\/www.article-marketing.eu\/comunicatistampa\/"},{"@type":"ListItem","position":2,"name":"Fai la differenza \u2013 Metti i rifiuti al proprio posto!"}]},{"@type":"WebSite","@id":"https:\/\/www.article-marketing.eu\/comunicatistampa\/#website","url":"https:\/\/www.article-marketing.eu\/comunicatistampa\/","name":"Article Marketing","description":"article marketing &amp; press release","potentialAction":[{"@type":"SearchAction","target":{"@type":"EntryPoint","urlTemplate":"https:\/\/www.article-marketing.eu\/comunicatistampa\/?s={search_term_string}"},"query-input":{"@type":"PropertyValueSpecification","valueRequired":true,"valueName":"search_term_string"}}],"inLanguage":"it-IT"},{"@type":"Person","@id":"https:\/\/www.article-marketing.eu\/comunicatistampa\/#\/schema\/person\/c0aa725eee5df8460e0adf901fde0c88","name":"Redaclem","image":{"@type":"ImageObject","inLanguage":"it-IT","@id":"https:\/\/secure.gravatar.com\/avatar\/4c7e41f332a0583344a91d7d39723533da9b2d0df7737c2d8c69553168c2191e?s=96&d=mm&r=g","url":"https:\/\/secure.gravatar.com\/avatar\/4c7e41f332a0583344a91d7d39723533da9b2d0df7737c2d8c69553168c2191e?s=96&d=mm&r=g","contentUrl":"https:\/\/secure.gravatar.com\/avatar\/4c7e41f332a0583344a91d7d39723533da9b2d0df7737c2d8c69553168c2191e?s=96&d=mm&r=g","caption":"Redaclem"},"url":"https:\/\/www.article-marketing.eu\/comunicatistampa\/author\/redaclem\/"}]}},"_links":{"self":[{"href":"https:\/\/www.article-marketing.eu\/comunicatistampa\/wp-json\/wp\/v2\/posts\/17984","targetHints":{"allow":["GET"]}}],"collection":[{"href":"https:\/\/www.article-marketing.eu\/comunicatistampa\/wp-json\/wp\/v2\/posts"}],"about":[{"href":"https:\/\/www.article-marketing.eu\/comunicatistampa\/wp-json\/wp\/v2\/types\/post"}],"author":[{"embeddable":true,"href":"https:\/\/www.article-marketing.eu\/comunicatistampa\/wp-json\/wp\/v2\/users\/1855"}],"replies":[{"embeddable":true,"href":"https:\/\/www.article-marketing.eu\/comunicatistampa\/wp-json\/wp\/v2\/comments?post=17984"}],"version-history":[{"count":2,"href":"https:\/\/www.article-marketing.eu\/comunicatistampa\/wp-json\/wp\/v2\/posts\/17984\/revisions"}],"predecessor-version":[{"id":17989,"href":"https:\/\/www.article-marketing.eu\/comunicatistampa\/wp-json\/wp\/v2\/posts\/17984\/revisions\/17989"}],"wp:attachment":[{"href":"https:\/\/www.article-marketing.eu\/comunicatistampa\/wp-json\/wp\/v2\/media?parent=17984"}],"wp:term":[{"taxonomy":"category","embeddable":true,"href":"https:\/\/www.article-marketing.eu\/comunicatistampa\/wp-json\/wp\/v2\/categories?post=17984"},{"taxonomy":"post_tag","embeddable":true,"href":"https:\/\/www.article-marketing.eu\/comunicatistampa\/wp-json\/wp\/v2\/tags?post=17984"}],"curies":[{"name":"wp","href":"https:\/\/api.w.org\/{rel}","templated":true}]}}