{"id":18017,"date":"2021-03-29T18:12:46","date_gmt":"2021-03-29T16:12:46","guid":{"rendered":"https:\/\/www.article-marketing.eu\/comunicatistampa\/?p=18017"},"modified":"2021-03-29T18:12:46","modified_gmt":"2021-03-29T16:12:46","slug":"eruzione-di-un-vulcano-in-islanda","status":"publish","type":"post","link":"https:\/\/www.article-marketing.eu\/comunicatistampa\/eruzione-di-un-vulcano-in-islanda\/","title":{"rendered":"Eruzione di un vulcano in Islanda"},"content":{"rendered":"<div class=\"ssrcss-6gq9s0-Wrap e42f8510\">\n<div class=\"ssrcss-1yk8w6t-WrapWithWidth e42f8511\">\n<article class=\"ssrcss-5h7eao-ArticleWrapper e1nh2i2l0\">\n<header class=\"ssrcss-94m6rd-HeadingWrapper e1nh2i2l1\"><\/header>\n<div class=\"ssrcss-mxs2fu-ComponentWrapper e1xue1i80\" data-component=\"media-block\">\n<header class=\"css-an26vx euiyums0\">\n<div class=\"css-1vkm6nb ehdk2mb0\">\n<h1 id=\"link-2f6ae00e\" class=\"css-rsa88z e1h9rw200\" data-test-id=\"headline\"><\/h1>\n<\/div>\n<p id=\"article-summary\" class=\"css-w6ymp8 e1wiw3jv0\"><strong>Nessun ferito \u00e8 stato riportato dopo la rara eruzione vicino a Reykjavik, solo gioia da parte della popolazione e dei vulcanologi.<\/strong><\/p>\n<div class=\"css-1sowyjy\">\n<div class=\"css-1ijkfeb epjyd6m0\">\n<div class=\"css-1txwxcy ey68jwv0\" aria-hidden=\"true\"><\/div>\n<div class=\"css-1baulvz\"><\/div>\n<\/div>\n<\/div>\n<\/header>\n<section class=\"meteredContent css-1r7ky0e\">\n<div class=\"css-1fanzo5 StoryBodyCompanionColumn\">\n<div class=\"css-53u6y8\">\n<p class=\"css-axufdj evys1bk0\">Un vulcano \u00e8 esploso in Islanda, trasformando essenzialmente il cielo notturno in una vera lampada di lava.<\/p>\n<p class=\"css-axufdj evys1bk0\">L&#8217;eruzione \u00e8 avvenuta venerd\u00ec sera vicino al Monte Fagradalsfjall, a circa 20 miglia a sud-ovest della capitale\u00a0Reykjavik.<\/p>\n<p class=\"css-axufdj evys1bk0\">L&#8217;agenzia ha detto che le fontane di lava erano piccole per gli standard dei vulcani e che i sismometri non stavano registrando molta turbolenza.<\/p>\n<\/div>\n<\/div>\n<div id=\"story-ad-1-wrapper\" class=\"css-2ninbb\">\n<div id=\"after-story-ad-1\"><\/div>\n<\/div>\n<div class=\"css-1fanzo5 StoryBodyCompanionColumn\">\n<div class=\"css-53u6y8\">\n<p class=\"css-axufdj evys1bk0\">E non era niente in confronto all&#8217;eruzione nel 2010 del vulcano Eyjafjallajokull in Islanda, che ha sprigionato cos\u00ec tanta cenere da bloccare voli \u00a0per diverse settimane.<\/p>\n<p class=\"css-axufdj evys1bk0\"><strong>\u00a0\u00c8\u00a0stato anche reso disponibile\u00a0un\u00a0live\u00a0streaming\u00a0dell&#8217;eruzione.<\/strong><\/p>\n<\/div>\n<\/div>\n<div class=\"css-79elbk\" data-testid=\"photoviewer-wrapper\">\n<div class=\"css-1a48zt4 ehw59r15\" data-testid=\"photoviewer-children\"><\/div>\n<\/div>\n<div class=\"css-1fanzo5 StoryBodyCompanionColumn\">\n<div class=\"css-53u6y8\">\n<p class=\"css-axufdj evys1bk0\">L&#8217;eruzione ha coronato\u00a0un periodo insolitamente intenso di attivit\u00e0 sismica\u00a0nell&#8217;Islanda sudoccidentale che \u00e8 iniziato intorno a dicembre 2019.<\/p>\n<p class=\"css-axufdj evys1bk0\">Lo sciame sismico \u00e8 iniziato il 24 febbraio con un terremoto di magnitudo 5,7 e da allora sono seguite decine di migliaia di terremoti, con un massimo di 3.000 in soli un giorno all&#8217;inizio di questo mese.<\/p>\n<\/div>\n<\/div>\n<div id=\"story-ad-2-wrapper\" class=\"css-2ninbb\">\n<div id=\"story-ad-2\" class=\"ad story-ad-2-wrapper\" data-google-query-id=\"CMzg1IbJ1e8CFWPGuwgdvCkGmw\">\n<div id=\"google_ads_iframe_\/29390238\/nyt\/world\/europe_4__container__\"><\/div>\n<\/div>\n<\/div>\n<div class=\"css-1fanzo5 StoryBodyCompanionColumn\">\n<div class=\"css-53u6y8\">\n<h4 class=\"css-axufdj evys1bk0\">C&#8217;\u00e8 una lunga storia di attivit\u00e0 vulcanica in Islanda, che ha pi\u00f9 di 30 vulcani attivi.<\/h4>\n<p class=\"css-axufdj evys1bk0\">Il paese si trova a cavallo di due placche tettoniche, a loro volta divise da una catena montuosa sottomarina che trasuda roccia calda fusa, o magma.\u00a0I tremiti si verificano quando il magma spinge attraverso le piastre.<\/p>\n<p class=\"css-axufdj evys1bk0\">Ma \u00e8 raro vedere terremoti dentro e intorno alla grande area di Reykjavik, dove vive la maggior parte dei 368.000 residenti del paese.<\/p>\n<p class=\"css-axufdj evys1bk0\">Gli scienziati si stanno ora preparando per quello che potrebbero essere decenni di aumento dell&#8217;attivit\u00e0: hanno osservato che i vulcani nell&#8217;Islanda sudoccidentale diventano attivi circa ogni 800 anni e che le eruzioni possono quindi verificarsi fino a 200 anni.<\/p>\n<p class=\"css-axufdj evys1bk0\">Per il primo, tuttavia, vulcanologi e sismologi hanno affermato per settimane che non si aspettavano attivit\u00e0 nell&#8217;ordine del terremoto del 2010 al vulcano Eyjafjallajokull e che l&#8217;eruzione incombente sarebbe probabilmente esplosa senza molta forza esplosiva.<\/p>\n<\/div>\n<\/div>\n<div id=\"story-ad-3-wrapper\" class=\"css-2ninbb\">\n<div id=\"story-ad-3\" class=\"ad story-ad-3-wrapper\" data-google-query-id=\"CNTWtIrJ1e8CFfDiuwgd-FQJnQ\">\n<div id=\"google_ads_iframe_\/29390238\/nyt\/world\/europe_5__container__\"><\/div>\n<\/div>\n<\/div>\n<div class=\"css-1fanzo5 StoryBodyCompanionColumn\">\n<div class=\"css-53u6y8\"><\/div>\n<\/div>\n<div class=\"css-1fanzo5 StoryBodyCompanionColumn\">\n<div class=\"css-53u6y8\">\n<p class=\"css-axufdj evys1bk0\"><strong>E&#8217; proprio vero quando si parla dell&#8217;Islanda come la terra del ghiaccio e del fuoco; isola artica con decine di ghiacciai e altrettanti vulcani!<\/strong><\/p>\n<p class=\"css-axufdj evys1bk0\">Per saperne di pi\u00f9 su questa magnifica isola, potete consultare <a href=\"https:\/\/www.viaggisottozero.it\/\">Viaggi Sottozero<\/a>, un blog di viaggi all&#8217;insegna delle regioni di montagna e delle regioni polari, come appunto l&#8217;Islanda.<\/p>\n<\/div>\n<aside class=\"css-ew4tgv\" aria-label=\"colonna companion\"><\/aside>\n<\/div>\n<\/section>\n<\/div>\n<div class=\"ssrcss-5rhf4g-RichTextComponentWrapper e1xue1i83\" data-component=\"text-block\">\n<div class=\"ssrcss-3z08n3-RichTextContainer e5tfeyi2\"><\/div>\n<\/div>\n<div class=\"ssrcss-5rhf4g-RichTextComponentWrapper e1xue1i83\" data-component=\"text-block\">\n<div class=\"zn-body__paragraph\" data-paragraph-id=\"paragraph_9B5AA13B-6922-58D7-C6C8-69FD5BA3D5AD\"><\/div>\n<div class=\"el__embedded el__embedded--standard\">\n<div class=\"el__video--standard js__video--standard\" data-autoplay=\"false\"><\/div>\n<\/div>\n<\/div>\n<p>&nbsp;<\/p>\n<div class=\"ssrcss-cxscho-ComponentWrapper e1xue1i80\" data-component=\"image-block\"><\/div>\n<div class=\"ssrcss-cxscho-ComponentWrapper e1xue1i80\" data-component=\"image-block\">\n<figure class=\"ssrcss-2y05cd-StyledFigure e34k3c20\">\n<div class=\"ssrcss-kwaqyc-StyledFigureContainer e34k3c22\"><\/div>\n<\/figure>\n<\/div>\n<div class=\"ssrcss-cxscho-ComponentWrapper e1xue1i80\" data-component=\"image-block\"><\/div>\n<\/article>\n<\/div>\n<\/div>\n<footer id=\"footer-content\" class=\"ssrcss-n3hiv5-FooterSection eustbbg3\" data-testid=\"footer-content\">\n<div>\n<div class=\"ssrcss-3esohe-GlobalFooter ejnx8uh0\">\n<div class=\"ssrcss-6gq9s0-Wrap e42f8510\">\n<div class=\"ssrcss-1gdoejg-Stack e1y4nx260\">\n<div class=\"ssrcss-n0cuuj-Stack e1y4nx260\">\n<p>&nbsp;<\/p>\n<\/div>\n<\/div>\n<\/div>\n<\/div>\n<\/div>\n<\/footer>\n","protected":false},"excerpt":{"rendered":"<p>Nessun ferito \u00e8 stato riportato dopo la rara eruzione vicino a Reykjavik, solo gioia da parte della popolazione e dei vulcanologi. Un vulcano \u00e8 esploso in Islanda, trasformando essenzialmente il cielo notturno in una vera lampada di lava. L&#8217;eruzione \u00e8 avvenuta venerd\u00ec sera vicino al Monte Fagradalsfjall, a circa 20 miglia a sud-ovest della capitale\u00a0Reykjavik. L&#8217;agenzia ha detto che le fontane di lava erano piccole per gli standard dei vulcani<\/p>\n<p><a class=\"continue-reading\" href=\"https:\/\/www.article-marketing.eu\/comunicatistampa\/eruzione-di-un-vulcano-in-islanda\/\">Continue reading&#8230;<\/a><\/p>\n","protected":false},"author":6520,"featured_media":0,"comment_status":"open","ping_status":"open","sticky":false,"template":"","format":"standard","meta":{"_monsterinsights_skip_tracking":false,"_monsterinsights_sitenote_active":false,"_monsterinsights_sitenote_note":"","_monsterinsights_sitenote_category":0,"footnotes":""},"categories":[416,418,346],"tags":[],"class_list":["post-18017","post","type-post","status-publish","format-standard","hentry","category-ambiente","category-natura","category-viaggi-e-turismo"],"yoast_head":"<!-- This site is optimized with the Yoast SEO plugin v27.3 - https:\/\/yoast.com\/product\/yoast-seo-wordpress\/ -->\n<title>Eruzione di un vulcano in Islanda - Article Marketing<\/title>\n<meta name=\"description\" content=\"Eruzione piccola ma davvero sorprendente in questi giorni nel Sud-Ovest dell&#039;Islanda, vicino alla capitale Reykjavik\" \/>\n<meta name=\"robots\" content=\"index, follow, max-snippet:-1, max-image-preview:large, max-video-preview:-1\" \/>\n<link rel=\"canonical\" href=\"https:\/\/www.article-marketing.eu\/comunicatistampa\/eruzione-di-un-vulcano-in-islanda\/\" \/>\n<meta property=\"og:locale\" content=\"it_IT\" \/>\n<meta property=\"og:type\" content=\"article\" \/>\n<meta property=\"og:title\" content=\"Eruzione di un vulcano in Islanda - Article Marketing\" \/>\n<meta property=\"og:description\" content=\"Eruzione piccola ma davvero sorprendente in questi giorni nel Sud-Ovest dell&#039;Islanda, vicino alla capitale Reykjavik\" \/>\n<meta property=\"og:url\" content=\"https:\/\/www.article-marketing.eu\/comunicatistampa\/eruzione-di-un-vulcano-in-islanda\/\" \/>\n<meta property=\"og:site_name\" content=\"Article Marketing\" \/>\n<meta property=\"article:published_time\" content=\"2021-03-29T16:12:46+00:00\" \/>\n<meta name=\"author\" content=\"dando 90\" \/>\n<meta name=\"twitter:card\" content=\"summary_large_image\" \/>\n<meta name=\"twitter:label1\" content=\"Scritto da\" \/>\n\t<meta name=\"twitter:data1\" content=\"dando 90\" \/>\n\t<meta name=\"twitter:label2\" content=\"Tempo di lettura stimato\" \/>\n\t<meta name=\"twitter:data2\" content=\"2 minuti\" \/>\n<script type=\"application\/ld+json\" class=\"yoast-schema-graph\">{\"@context\":\"https:\\\/\\\/schema.org\",\"@graph\":[{\"@type\":\"Article\",\"@id\":\"https:\\\/\\\/www.article-marketing.eu\\\/comunicatistampa\\\/eruzione-di-un-vulcano-in-islanda\\\/#article\",\"isPartOf\":{\"@id\":\"https:\\\/\\\/www.article-marketing.eu\\\/comunicatistampa\\\/eruzione-di-un-vulcano-in-islanda\\\/\"},\"author\":{\"name\":\"dando 90\",\"@id\":\"https:\\\/\\\/www.article-marketing.eu\\\/comunicatistampa\\\/#\\\/schema\\\/person\\\/65b03bbb0a7ee40666a3ae7de1451fd7\"},\"headline\":\"Eruzione di un vulcano in Islanda\",\"datePublished\":\"2021-03-29T16:12:46+00:00\",\"mainEntityOfPage\":{\"@id\":\"https:\\\/\\\/www.article-marketing.eu\\\/comunicatistampa\\\/eruzione-di-un-vulcano-in-islanda\\\/\"},\"wordCount\":363,\"commentCount\":0,\"articleSection\":[\"Ambiente\",\"Natura\",\"Viaggi e turismo\"],\"inLanguage\":\"it-IT\",\"potentialAction\":[{\"@type\":\"CommentAction\",\"name\":\"Comment\",\"target\":[\"https:\\\/\\\/www.article-marketing.eu\\\/comunicatistampa\\\/eruzione-di-un-vulcano-in-islanda\\\/#respond\"]}]},{\"@type\":\"WebPage\",\"@id\":\"https:\\\/\\\/www.article-marketing.eu\\\/comunicatistampa\\\/eruzione-di-un-vulcano-in-islanda\\\/\",\"url\":\"https:\\\/\\\/www.article-marketing.eu\\\/comunicatistampa\\\/eruzione-di-un-vulcano-in-islanda\\\/\",\"name\":\"Eruzione di un vulcano in Islanda - Article Marketing\",\"isPartOf\":{\"@id\":\"https:\\\/\\\/www.article-marketing.eu\\\/comunicatistampa\\\/#website\"},\"datePublished\":\"2021-03-29T16:12:46+00:00\",\"author\":{\"@id\":\"https:\\\/\\\/www.article-marketing.eu\\\/comunicatistampa\\\/#\\\/schema\\\/person\\\/65b03bbb0a7ee40666a3ae7de1451fd7\"},\"description\":\"Eruzione piccola ma davvero sorprendente in questi giorni nel Sud-Ovest dell'Islanda, vicino alla capitale Reykjavik\",\"breadcrumb\":{\"@id\":\"https:\\\/\\\/www.article-marketing.eu\\\/comunicatistampa\\\/eruzione-di-un-vulcano-in-islanda\\\/#breadcrumb\"},\"inLanguage\":\"it-IT\",\"potentialAction\":[{\"@type\":\"ReadAction\",\"target\":[\"https:\\\/\\\/www.article-marketing.eu\\\/comunicatistampa\\\/eruzione-di-un-vulcano-in-islanda\\\/\"]}]},{\"@type\":\"BreadcrumbList\",\"@id\":\"https:\\\/\\\/www.article-marketing.eu\\\/comunicatistampa\\\/eruzione-di-un-vulcano-in-islanda\\\/#breadcrumb\",\"itemListElement\":[{\"@type\":\"ListItem\",\"position\":1,\"name\":\"Home\",\"item\":\"https:\\\/\\\/www.article-marketing.eu\\\/comunicatistampa\\\/\"},{\"@type\":\"ListItem\",\"position\":2,\"name\":\"Eruzione di un vulcano in Islanda\"}]},{\"@type\":\"WebSite\",\"@id\":\"https:\\\/\\\/www.article-marketing.eu\\\/comunicatistampa\\\/#website\",\"url\":\"https:\\\/\\\/www.article-marketing.eu\\\/comunicatistampa\\\/\",\"name\":\"Article Marketing\",\"description\":\"article marketing &amp; press release\",\"potentialAction\":[{\"@type\":\"SearchAction\",\"target\":{\"@type\":\"EntryPoint\",\"urlTemplate\":\"https:\\\/\\\/www.article-marketing.eu\\\/comunicatistampa\\\/?s={search_term_string}\"},\"query-input\":{\"@type\":\"PropertyValueSpecification\",\"valueRequired\":true,\"valueName\":\"search_term_string\"}}],\"inLanguage\":\"it-IT\"},{\"@type\":\"Person\",\"@id\":\"https:\\\/\\\/www.article-marketing.eu\\\/comunicatistampa\\\/#\\\/schema\\\/person\\\/65b03bbb0a7ee40666a3ae7de1451fd7\",\"name\":\"dando 90\",\"image\":{\"@type\":\"ImageObject\",\"inLanguage\":\"it-IT\",\"@id\":\"https:\\\/\\\/secure.gravatar.com\\\/avatar\\\/81b187ba3cc1ad57fd1fd7a77cf7d79f3ce211e5e119dce6f98ad534ad94ee03?s=96&d=mm&r=g\",\"url\":\"https:\\\/\\\/secure.gravatar.com\\\/avatar\\\/81b187ba3cc1ad57fd1fd7a77cf7d79f3ce211e5e119dce6f98ad534ad94ee03?s=96&d=mm&r=g\",\"contentUrl\":\"https:\\\/\\\/secure.gravatar.com\\\/avatar\\\/81b187ba3cc1ad57fd1fd7a77cf7d79f3ce211e5e119dce6f98ad534ad94ee03?s=96&d=mm&r=g\",\"caption\":\"dando 90\"},\"url\":\"https:\\\/\\\/www.article-marketing.eu\\\/comunicatistampa\\\/author\\\/dando-90\\\/\"}]}<\/script>\n<!-- \/ Yoast SEO plugin. -->","yoast_head_json":{"title":"Eruzione di un vulcano in Islanda - Article Marketing","description":"Eruzione piccola ma davvero sorprendente in questi giorni nel Sud-Ovest dell'Islanda, vicino alla capitale Reykjavik","robots":{"index":"index","follow":"follow","max-snippet":"max-snippet:-1","max-image-preview":"max-image-preview:large","max-video-preview":"max-video-preview:-1"},"canonical":"https:\/\/www.article-marketing.eu\/comunicatistampa\/eruzione-di-un-vulcano-in-islanda\/","og_locale":"it_IT","og_type":"article","og_title":"Eruzione di un vulcano in Islanda - Article Marketing","og_description":"Eruzione piccola ma davvero sorprendente in questi giorni nel Sud-Ovest dell'Islanda, vicino alla capitale Reykjavik","og_url":"https:\/\/www.article-marketing.eu\/comunicatistampa\/eruzione-di-un-vulcano-in-islanda\/","og_site_name":"Article Marketing","article_published_time":"2021-03-29T16:12:46+00:00","author":"dando 90","twitter_card":"summary_large_image","twitter_misc":{"Scritto da":"dando 90","Tempo di lettura stimato":"2 minuti"},"schema":{"@context":"https:\/\/schema.org","@graph":[{"@type":"Article","@id":"https:\/\/www.article-marketing.eu\/comunicatistampa\/eruzione-di-un-vulcano-in-islanda\/#article","isPartOf":{"@id":"https:\/\/www.article-marketing.eu\/comunicatistampa\/eruzione-di-un-vulcano-in-islanda\/"},"author":{"name":"dando 90","@id":"https:\/\/www.article-marketing.eu\/comunicatistampa\/#\/schema\/person\/65b03bbb0a7ee40666a3ae7de1451fd7"},"headline":"Eruzione di un vulcano in Islanda","datePublished":"2021-03-29T16:12:46+00:00","mainEntityOfPage":{"@id":"https:\/\/www.article-marketing.eu\/comunicatistampa\/eruzione-di-un-vulcano-in-islanda\/"},"wordCount":363,"commentCount":0,"articleSection":["Ambiente","Natura","Viaggi e turismo"],"inLanguage":"it-IT","potentialAction":[{"@type":"CommentAction","name":"Comment","target":["https:\/\/www.article-marketing.eu\/comunicatistampa\/eruzione-di-un-vulcano-in-islanda\/#respond"]}]},{"@type":"WebPage","@id":"https:\/\/www.article-marketing.eu\/comunicatistampa\/eruzione-di-un-vulcano-in-islanda\/","url":"https:\/\/www.article-marketing.eu\/comunicatistampa\/eruzione-di-un-vulcano-in-islanda\/","name":"Eruzione di un vulcano in Islanda - Article Marketing","isPartOf":{"@id":"https:\/\/www.article-marketing.eu\/comunicatistampa\/#website"},"datePublished":"2021-03-29T16:12:46+00:00","author":{"@id":"https:\/\/www.article-marketing.eu\/comunicatistampa\/#\/schema\/person\/65b03bbb0a7ee40666a3ae7de1451fd7"},"description":"Eruzione piccola ma davvero sorprendente in questi giorni nel Sud-Ovest dell'Islanda, vicino alla capitale Reykjavik","breadcrumb":{"@id":"https:\/\/www.article-marketing.eu\/comunicatistampa\/eruzione-di-un-vulcano-in-islanda\/#breadcrumb"},"inLanguage":"it-IT","potentialAction":[{"@type":"ReadAction","target":["https:\/\/www.article-marketing.eu\/comunicatistampa\/eruzione-di-un-vulcano-in-islanda\/"]}]},{"@type":"BreadcrumbList","@id":"https:\/\/www.article-marketing.eu\/comunicatistampa\/eruzione-di-un-vulcano-in-islanda\/#breadcrumb","itemListElement":[{"@type":"ListItem","position":1,"name":"Home","item":"https:\/\/www.article-marketing.eu\/comunicatistampa\/"},{"@type":"ListItem","position":2,"name":"Eruzione di un vulcano in Islanda"}]},{"@type":"WebSite","@id":"https:\/\/www.article-marketing.eu\/comunicatistampa\/#website","url":"https:\/\/www.article-marketing.eu\/comunicatistampa\/","name":"Article Marketing","description":"article marketing &amp; press release","potentialAction":[{"@type":"SearchAction","target":{"@type":"EntryPoint","urlTemplate":"https:\/\/www.article-marketing.eu\/comunicatistampa\/?s={search_term_string}"},"query-input":{"@type":"PropertyValueSpecification","valueRequired":true,"valueName":"search_term_string"}}],"inLanguage":"it-IT"},{"@type":"Person","@id":"https:\/\/www.article-marketing.eu\/comunicatistampa\/#\/schema\/person\/65b03bbb0a7ee40666a3ae7de1451fd7","name":"dando 90","image":{"@type":"ImageObject","inLanguage":"it-IT","@id":"https:\/\/secure.gravatar.com\/avatar\/81b187ba3cc1ad57fd1fd7a77cf7d79f3ce211e5e119dce6f98ad534ad94ee03?s=96&d=mm&r=g","url":"https:\/\/secure.gravatar.com\/avatar\/81b187ba3cc1ad57fd1fd7a77cf7d79f3ce211e5e119dce6f98ad534ad94ee03?s=96&d=mm&r=g","contentUrl":"https:\/\/secure.gravatar.com\/avatar\/81b187ba3cc1ad57fd1fd7a77cf7d79f3ce211e5e119dce6f98ad534ad94ee03?s=96&d=mm&r=g","caption":"dando 90"},"url":"https:\/\/www.article-marketing.eu\/comunicatistampa\/author\/dando-90\/"}]}},"_links":{"self":[{"href":"https:\/\/www.article-marketing.eu\/comunicatistampa\/wp-json\/wp\/v2\/posts\/18017","targetHints":{"allow":["GET"]}}],"collection":[{"href":"https:\/\/www.article-marketing.eu\/comunicatistampa\/wp-json\/wp\/v2\/posts"}],"about":[{"href":"https:\/\/www.article-marketing.eu\/comunicatistampa\/wp-json\/wp\/v2\/types\/post"}],"author":[{"embeddable":true,"href":"https:\/\/www.article-marketing.eu\/comunicatistampa\/wp-json\/wp\/v2\/users\/6520"}],"replies":[{"embeddable":true,"href":"https:\/\/www.article-marketing.eu\/comunicatistampa\/wp-json\/wp\/v2\/comments?post=18017"}],"version-history":[{"count":3,"href":"https:\/\/www.article-marketing.eu\/comunicatistampa\/wp-json\/wp\/v2\/posts\/18017\/revisions"}],"predecessor-version":[{"id":18030,"href":"https:\/\/www.article-marketing.eu\/comunicatistampa\/wp-json\/wp\/v2\/posts\/18017\/revisions\/18030"}],"wp:attachment":[{"href":"https:\/\/www.article-marketing.eu\/comunicatistampa\/wp-json\/wp\/v2\/media?parent=18017"}],"wp:term":[{"taxonomy":"category","embeddable":true,"href":"https:\/\/www.article-marketing.eu\/comunicatistampa\/wp-json\/wp\/v2\/categories?post=18017"},{"taxonomy":"post_tag","embeddable":true,"href":"https:\/\/www.article-marketing.eu\/comunicatistampa\/wp-json\/wp\/v2\/tags?post=18017"}],"curies":[{"name":"wp","href":"https:\/\/api.w.org\/{rel}","templated":true}]}}