{"id":18022,"date":"2021-03-29T18:11:51","date_gmt":"2021-03-29T16:11:51","guid":{"rendered":"https:\/\/www.article-marketing.eu\/comunicatistampa\/?p=18022"},"modified":"2021-04-03T08:22:37","modified_gmt":"2021-04-03T06:22:37","slug":"presentate-le-liste-de-la-squadra-per-la-musica-e-de-la-squadra-per-laudiovisivo","status":"publish","type":"post","link":"https:\/\/www.article-marketing.eu\/comunicatistampa\/presentate-le-liste-de-la-squadra-per-la-musica-e-de-la-squadra-per-laudiovisivo\/","title":{"rendered":"Presentate le liste de La Squadra per la Musica e de La Squadra per l\u2019Audiovisivo"},"content":{"rendered":"<h4>Le due liste si presentano alle prossime elezioni del Nuovo Imaie con artisti di grande livello e con programmi di grande rilievo.<br \/>\nTra le proposte: anche in Italia si faccia un test per la ripartenza dei concerti e dello spettacolo dal vivo.<\/h4>\n<p><img decoding=\"async\" class=\"aligncenter\" src=\"https:\/\/alfaprom.com\/wp-content\/uploads\/2021\/03\/audience-868074-scaled-630x300.jpeg\" alt=\"\" \/><\/p>\n<p>Sabato 27 marzo alle ore 11.30 si \u00e8 svolta online la conferenza stampa di presentazione de\u00a0<strong>La Squadra per la Musica\u00a0<\/strong>e<strong>\u00a0La Squadra per l\u2019Audiovisivo<\/strong>, due liste che si presentano per il rinnovo degli organi del\u00a0<strong>Nuovo Imaie<\/strong>. L\u2019evento \u00e8 stato trasmesso in diretta sulla pagina Facebook di SIEDAS, Societ\u00e0 Italia Esperti di Diritto delle Arti e dello Spettacolo, e sulle pagine social delle due liste. Per entrambe le squadre l\u2019obiettivo \u00e8 quello di\u00a0 valorizzare gli artisti, gli interpreti e gli esecutori all\u2019interno del Nuovo IMAIE, nella consapevolezza che questo ente ha un ruolo fondamentale nella tutela e nella salvaguardia dei diritti di chi fa musica.<br \/>\nDopo i saluti istituzionali a cura di Fabio Dell\u2019Aversana, Presidente SIEDAS, a prendere la parola \u00e8 stato Tommaso Zanello, rappresentante di lista de\u00a0<strong>La Squadra per la Musica,\u00a0<\/strong>che ha dichiarato: \u201cPer la prima volta si potr\u00e0 sostenere e far sostenere una lista di soli musicisti professionisti provenienti da tutti i generi musicali. Siamo tantissimi, siamo\u00a0<strong>La Squadra Per la Musica<\/strong>\u00a0e con il vostro supporto saremo ancora pi\u00f9 incisivi nel futuro del\u00a0<strong>Nuovo IMAIE<\/strong>. Mi preme citare alcuni dei punti salienti che compongono il nostro programma come investire nel digitale, rinnovare il portale del Nuovo IMAIE, ampliare la banca dati, far s\u00ec che vengano riconosciuti i diritti legati allo streaming e intavolare un dialogo con i giganti del web, attivare nuovi strumenti di tutela per gli iscritti, dare sostegno alla formazione e all\u2019aggiornamento\u201d. A fargli eco Ermanno Ribaudo, rappresentante di lista de\u00a0<strong>La Squadra per l\u2019Audiovisivo<\/strong>:\u00a0<em>\u201c<\/em>Mi ricandido alle elezioni del\u00a0<strong>Nuovo IMAIE<\/strong>\u00a0perch\u00e9 desidero rinnovare i miei propositi con la lista denominata\u00a0<strong>La Squadra per l\u2019Audiovisivo<\/strong>\u00a0perch\u00e9, a differenza delle altre liste, la nostra \u00e8 composta da giovani che porteranno una ventata di rinnovamento all\u2019Istituto. La composizione della nostra lista \u00e8 nata nell\u2019autunno del 2020 \u00e8 tra i punti fondamentali del programma annovera il ripristino dei patrocini, la raccolta di fondi per lo svolgimento di attivit\u00e0 di perfezionamento, il riconoscimento dei diritti legati all\u2019immagine e alla voce narrante maturati nei documentari, l\u2019aumento dell\u2019organico, l\u2019ampliamento dei componenti del CDS, la creazione di un organismo di garanzia\u201d.<br \/>\n<strong>La Squadra per la Musica<\/strong>\u00a0annovera al suo interno Tommaso Zanello in arte Piotta, Giordano Sangiorgi, Enrico Capuano, Erma Pia Castriotta in arte H.E.R., Omar Pedrini, Daniele Citriniti, Monica Matticoli, Marta Venturini, Paolo Chinaski dei Linea 77, Giuseppe Marasco, Moreno Il Biondo degli Extraliscio, Nando Popu dei Sud Sound System, Pasquale Catalano, Eugenio Merico degli Yo Yo Mundi, Massimo Minotti, Francesco Moneti dei Modena City Ramblers, Patrizio Fariselli, Anna Luppi, Fabio Abate, Lino Patruno e inoltre: Fefo Forconi degli Almamegretta, Matteo Gabbianelli dei Kutso, Marco Marchese Borrelli in arte Marcondiro, Paolo Damiani, Christian Perrotta dei\u00a0 Vallanzaska.\u00a0<strong>La Squadra per l\u2019Audiovisivo<\/strong>\u00a0vede tra i suoi componenti Ermanno Ribaudo, Gino Auriuso, Anna Galiena, Antonino Tosto, Yari Donato Gugliucci, Marco Simeoli, Andrea Stefano Macchi, Irma Ciaramella, Nicola Braile, Patrizio Cigliano, Gabriella Silvestri, Primo Reggiani, Stefano Sabelli, Maurizio Fiorentini, Massimo Vanni, Corrado Oddio, Caterina Costantino, Massimo Milazzo, Greta Bonetti, Emanuele Durante.<br \/>\nTra le proposte anche quella\u00a0 di fare in Italia in aprile un test per la ripartenza dei concerti e dello spettacolo dal vivo, come gi\u00e0 realizzati in diversi paesi.<br \/>\nLe liste sono state presentate dai capilista Tommaso Zanello in arte Piotta per la Musica e da Ermanno Ribaudo per l\u2019Audiovisivo.<br \/>\nTra gli interventi: per la musica Enrico Capuano, HER, Giuseppe Marasco e Matteo Gabbianelli dei Kutso; per l\u2019audiovisivo Gino Auriuso, Anna Galiena, Marco Simeoli, Patrizio Cigliano e Yari Gugliucci.<br \/>\nEntrambe le liste sono rappresentate legalmente da SIEDAS.<br \/>\nIl video della conferenza stampa \u00e8 disponibile sulla pagina Facebook di SIEDAS.<\/p>\n<p><img loading=\"lazy\" decoding=\"async\" class=\"aligncenter\" src=\"https:\/\/alfaprom.com\/wp-content\/uploads\/2021\/03\/LaSquadra-logo_Tavola-disegno-1-1024x312.jpg\" alt=\"\" width=\"652\" height=\"199\" \/><\/p>\n<h4>Il programma de &#8220;La squadra per la musica&#8221;:<\/h4>\n<p>1)\u00a0<strong>Investimento in informatizzazione e digitalizzazione dell\u2019Istituto<\/strong><br \/>\nNegli ultimi anni, si \u00e8 avuta una crescita esponenziale dell\u2019ente: a fronte dell\u2019incremento esponenziale di iscritti, di attivit\u00e0, di documentazione, di gestione, al repertorio acquisito e da acquisire, tuttavia, sono rimaste stabili le infrastrutture soprattutto digitali. \u00c8 necessario adeguare i profili della informatizzazione e della digitalizzazione dell\u2019Istituto per avvicinare ogni iscritto all\u2019ente.<\/p>\n<p>2)\u00a0<strong>Rinnovato portale Nuovo Imaie<\/strong><br \/>\nImmaginiamo un sito graficamente bello, intuitivo, veloce e, soprattutto, sempre aggiornato per arrivare a tutti gli iscritti.<\/p>\n<p>3)\u00a0<strong>Doppia Direzione Generale<\/strong><br \/>\nUna pi\u00f9 efficiente gestione amministrativa \u00e8 presupposto fondamentale per la salvaguardia dei diritti degli iscritti. Per questo motivo, si propone la suddivisione in due Direzioni generali \u2013 Musica e Audiovisivo \u2013 dell\u2019attuale Direzione generale. Una tale scelta \u00e8 strettamente collegata all\u2019aumento del numero di iscritti e alle specificit\u00e0 tecniche che ogni settore presenta;<\/p>\n<p>4)\u00a0<strong>Riorganizzazione della Governance del Consiglio di Amministrazione<\/strong><br \/>\nL\u2019esponenziale numero di iscritti, che riguarda soprattutto il lato musicale, fa sorgere la necessit\u00e0 di una modifica della governance del consiglio di amministrazione prevedendo anche una sua nuova rimodulazione interna con attribuzione di compiti ai consiglieri delegati chiamati a svolgere incarichi direttivi nelle rispettive aree di specializzazione e di competenza.<\/p>\n<p>5)\u00a0<strong>Ripartizione pi\u00f9 veloce<\/strong><br \/>\nInfrastrutture pi\u00f9 efficienti renderanno pi\u00f9 semplici le procedure di ripartizione di diritti e utili. Pi\u00f9 semplicit\u00e0 vorr\u00e0 dire pi\u00f9 velocit\u00e0.<\/p>\n<p>6)\u00a0<strong>Ampliamento Banca Dati<\/strong><br \/>\n\u00c8 di fondamentale importanza occuparsi delle registrazioni ancora da acquisire e delle questioni riguardanti eventuali crediti e\/o conflitti sulle registrazioni gi\u00e0 acquisite.<\/p>\n<p>7)\u00a0<strong>Ripartizione 100% copia privata<\/strong><br \/>\n\u00c8 indispensabile ripartire tutto ci\u00f2 che deve essere ripartito nel minor tempo possibile, a partire dall\u2019opportuna esigenza di ripartire il 100% della copia privata.<\/p>\n<p>8)\u00a0<strong>Ripartizione streaming digitale<\/strong><br \/>\nQualsiasi discorso sulla protezione dei diritti connessi degli artisti non avrebbe alcun senso in assenza di uno specifico riferimento allo streaming digitale. Il Nuovo IMAIE deve occuparsi con assoluta priorit\u00e0 di questo tema, che del mercato e dei relativi diritti \u00e8 presente e soprattutto futuro.<\/p>\n<p>9)\u00a0<strong>Ripartizione per Colonne Sonore e Sync in genere<\/strong><br \/>\nDovr\u00e0 essere finalmente riconosciuta la partecipazione degli interpreti musicali in colonne sonore originali alla ripartizione dei proventi derivanti del settore audiovisivo (trasmissioni televisive, streaming etc.), come pure quella derivante dalla presenza di interpreti musicali nella sincronizzazione di brani di repertorio nel succitato settore.<\/p>\n<p>A tal fine diventer\u00e0 necessario che il deposito delle opere non si limiti alle copie fisiche (cd, dvd) ma venga esteso alle opere audiovisive con presenza di musica, prevedendo come prova di partecipazione alla esecuzione quanto presente nelle schermate dei titoli di testa e di coda o in alternativa l\u2019accesso a database di settore quali IMDB, sul modello di quanto fatto dalle consorelle europee (come l\u2019ADAMI in Francia)<\/p>\n<p>10)\u00a0\u00a0<strong>Ripartizione tra primari e comprimari confermata in pari quota con l\u2019inserimento tra gli aventi diritto dei produttori artistici<\/strong><br \/>\nll compenso attribuito a una determinata opera verr\u00e0 ripartito garantendo ai singoli primari una quota pari a quella spettante ai singoli comprimari avente validit\u00e0 di quattro anni. Oltre a ci\u00f2 chiederemo finalmente il riconoscimento tra gli aventi diritto dei produttori artistici, dal classico arrangiatore fino alla nuova e moderna figura del DJ producer, cos\u00ec come gi\u00e0 avviene in altri Paese (ad es. in Spagna).<\/p>\n<p>11)\u00a0\u00a0<strong>Disintermediazione dei produttori per il riconoscimento agli artisti del 50% dei loro diritti<\/strong><br \/>\nUno degli obiettivi principali consiste nella ripartizione dei diritti degli artisti in maniera equa con quelli dei produttori. Oltretutto gli artisti potranno godere dei loro diritti in maniera diretta senza dover dipendere dall\u2019intermediazione dei produttori.<\/p>\n<p>12)\u00a0\u00a0<strong>Riconoscimento di borse di studio agli artisti e ai vincitori di contest e di festival<\/strong><\/p>\n<p>Verr\u00e0 riconosciuta agli Artisti una borsa di studio come riconoscimento del loro successo a seguito della vittoria ad un contest o festival.<\/p>\n<p>13)\u00a0\u00a0<strong>Dialogo con le rispettive collecting europee<\/strong><br \/>\nIl nostro obiettivo \u00e8 quello di formulare un dialogo con le societ\u00e0 di gestione collettiva di diritti d\u2019autore le quali ricevono mandato da parte degli artisti per la gestione e la tutela dei loro diritti<\/p>\n<p>14)\u00a0\u00a0<strong>Aprire un dialogo con i giganti del web per cercare di ottenere maggiore riconoscimento economico ai diritti Imaie degli artisti<\/strong><\/p>\n<p>Il problema maggiore che devono affrontare gli artisti \u00e8 quello del riconoscimento economico dei propri diritti che tende sempre pi\u00f9 a favore dei giganti del Web ed \u00e8 proprio per tale ragione che uno dei nostri primari interessi \u00e8 quello di aprire un dialogo con questi ultimi al fine di cercare di ottenere maggiore riconoscimento economico ai diritti iaie degli artisti<\/p>\n<p>15)\u00a0\u00a0<strong>Aumento di visibilit\u00e0 dal web alla distribuzione digitale e, ove possibile, anche dei passaggi nei canali radiofonici e televisivi degli artisti emergenti<\/strong><br \/>\nGli artisti emergenti verranno assistiti nel loro percorso di crescita professionale garantendo ad essi l\u2019aumento visibilit\u00e0 e passaggi nei canali radiofonici e televisivi.<\/p>\n<p>16)\u00a0\u00a0<strong>Riconoscimento di un rimborso forfettario per le audizioni dei musicisti<\/strong><br \/>\nSi vuole introdurre una misura economica per artisti che partecipano a talent, musical, tour, produzione dischi, programmi radio\/tv nazionali, purch\u00e9 documentate.<\/p>\n<p>17)\u00a0\u00a0<strong>Attivazione di nuovi strumenti di tutela (assicurazioni e convenzioni mediche) per tutti gli iscritti, in ragione del loro reddito secondo un criterio di proporzionalit\u00e0<\/strong><\/p>\n<p>Verranno riconosciuti strumenti di tutela, quali assicurazioni e convenzioni mediche, tramite un criterio di proporzionalit\u00e0 basato sul reddito di ciascun iscritto il quale potr\u00e0 usufruire di una copertura personalizzata<\/p>\n<p>18)\u00a0\u00a0<strong>Riconoscimenti di assegni di solidariet\u00e0 alle donne in condizione di maternit\u00e0 e ai soggetti che vertono i condizioni di necessit\u00e0<\/strong><br \/>\nPer assicurare una maggiore tutela ai soggetti che richiedono maggiori garanzie di tutela a fronte delle esigenze che investono la sfera privata di ogni iscritto, verr\u00e0 riconosciuto un assegno di solidariet\u00e0 alle donne in stato di maternit\u00e0 e ai soggetti che vertono in condizioni di necessit\u00e0.<\/p>\n<p>19)\u00a0\u00a0<strong>Sostegno agli autorevoli festival e ai contest che valorizzando gli artisti emergenti tramite fondi e bandi annuali<\/strong><br \/>\nPer gli artisti emergenti diventa sempre pi\u00f9 difficile guadagnare un loro spazio all\u2019interno del mercato odierno e al fine di incentivare la loro ascesa si dar\u00e0 sostegno a quegli autorevoli festival e contest che hanno come primario intento proprio quello di valorizzare gli artisti nascenti<\/p>\n<p>20)\u00a0\u00a0<strong>Sostegno alla formazione e all\u2019aggiornamento costante degli artisti per informarli sulle nuove disposizioni del mercato<\/strong><br \/>\nIl nostro scopo \u00e8 quello di promuovere l\u2019aggiornamento costante degli artisti in merito alle disposizioni presenti nel mercato le quali sono sempre in continuo aggiornamento.<\/p>\n","protected":false},"excerpt":{"rendered":"<p>Le due liste si presentano alle prossime elezioni del Nuovo Imaie con artisti di grande livello e con programmi di grande rilievo. Tra le proposte: anche in Italia si faccia un test per la ripartenza dei concerti e dello spettacolo dal vivo. Sabato 27 marzo alle ore 11.30 si \u00e8 svolta online la conferenza stampa di presentazione de\u00a0La Squadra per la Musica\u00a0e\u00a0La Squadra per l\u2019Audiovisivo, due liste che si presentano<\/p>\n<p><a class=\"continue-reading\" href=\"https:\/\/www.article-marketing.eu\/comunicatistampa\/presentate-le-liste-de-la-squadra-per-la-musica-e-de-la-squadra-per-laudiovisivo\/\">Continue reading&#8230;<\/a><\/p>\n","protected":false},"author":732,"featured_media":0,"comment_status":"open","ping_status":"open","sticky":false,"template":"","format":"standard","meta":{"_monsterinsights_skip_tracking":false,"_monsterinsights_sitenote_active":false,"_monsterinsights_sitenote_note":"","_monsterinsights_sitenote_category":0,"footnotes":""},"categories":[6466,407,411],"tags":[],"class_list":["post-18022","post","type-post","status-publish","format-standard","hentry","category-_r04","category-arte-e-cultura","category-musica"],"yoast_head":"<!-- This site is optimized with the Yoast SEO plugin v27.3 - https:\/\/yoast.com\/product\/yoast-seo-wordpress\/ -->\n<title>Presentate le liste de La Squadra per la Musica e de La Squadra per l\u2019Audiovisivo<\/title>\n<meta name=\"description\" content=\"Presentate le liste de La Squadra per la Musica e de La Squadra per l\u2019Audiovisivo il 27 marzo, per la scelta del nuovo IMAIE.\" \/>\n<meta name=\"robots\" content=\"index, follow, max-snippet:-1, max-image-preview:large, max-video-preview:-1\" \/>\n<link rel=\"canonical\" href=\"https:\/\/www.article-marketing.eu\/comunicatistampa\/presentate-le-liste-de-la-squadra-per-la-musica-e-de-la-squadra-per-laudiovisivo\/\" \/>\n<meta property=\"og:locale\" content=\"it_IT\" \/>\n<meta property=\"og:type\" content=\"article\" \/>\n<meta property=\"og:title\" content=\"Presentate le liste de La Squadra per la Musica e de La Squadra per l\u2019Audiovisivo\" \/>\n<meta property=\"og:description\" content=\"Presentate le liste de La Squadra per la Musica e de La Squadra per l\u2019Audiovisivo il 27 marzo, per la scelta del nuovo IMAIE.\" \/>\n<meta property=\"og:url\" content=\"https:\/\/www.article-marketing.eu\/comunicatistampa\/presentate-le-liste-de-la-squadra-per-la-musica-e-de-la-squadra-per-laudiovisivo\/\" \/>\n<meta property=\"og:site_name\" content=\"Article Marketing\" \/>\n<meta property=\"article:published_time\" content=\"2021-03-29T16:11:51+00:00\" \/>\n<meta property=\"article:modified_time\" content=\"2021-04-03T06:22:37+00:00\" \/>\n<meta property=\"og:image\" content=\"https:\/\/alfaprom.com\/wp-content\/uploads\/2021\/03\/audience-868074-scaled-630x300.jpeg\" \/>\n<meta name=\"author\" content=\"studioalfa\" \/>\n<meta name=\"twitter:card\" content=\"summary_large_image\" \/>\n<meta name=\"twitter:label1\" content=\"Scritto da\" \/>\n\t<meta name=\"twitter:data1\" content=\"studioalfa\" \/>\n\t<meta name=\"twitter:label2\" content=\"Tempo di lettura stimato\" \/>\n\t<meta name=\"twitter:data2\" content=\"8 minuti\" \/>\n<script type=\"application\/ld+json\" class=\"yoast-schema-graph\">{\"@context\":\"https:\\\/\\\/schema.org\",\"@graph\":[{\"@type\":\"Article\",\"@id\":\"https:\\\/\\\/www.article-marketing.eu\\\/comunicatistampa\\\/presentate-le-liste-de-la-squadra-per-la-musica-e-de-la-squadra-per-laudiovisivo\\\/#article\",\"isPartOf\":{\"@id\":\"https:\\\/\\\/www.article-marketing.eu\\\/comunicatistampa\\\/presentate-le-liste-de-la-squadra-per-la-musica-e-de-la-squadra-per-laudiovisivo\\\/\"},\"author\":{\"name\":\"studioalfa\",\"@id\":\"https:\\\/\\\/www.article-marketing.eu\\\/comunicatistampa\\\/#\\\/schema\\\/person\\\/016dfd52849dd05631ba118c3dff9ace\"},\"headline\":\"Presentate le liste de La Squadra per la Musica e de La Squadra per l\u2019Audiovisivo\",\"datePublished\":\"2021-03-29T16:11:51+00:00\",\"dateModified\":\"2021-04-03T06:22:37+00:00\",\"mainEntityOfPage\":{\"@id\":\"https:\\\/\\\/www.article-marketing.eu\\\/comunicatistampa\\\/presentate-le-liste-de-la-squadra-per-la-musica-e-de-la-squadra-per-laudiovisivo\\\/\"},\"wordCount\":1697,\"commentCount\":0,\"image\":{\"@id\":\"https:\\\/\\\/www.article-marketing.eu\\\/comunicatistampa\\\/presentate-le-liste-de-la-squadra-per-la-musica-e-de-la-squadra-per-laudiovisivo\\\/#primaryimage\"},\"thumbnailUrl\":\"https:\\\/\\\/alfaprom.com\\\/wp-content\\\/uploads\\\/2021\\\/03\\\/audience-868074-scaled-630x300.jpeg\",\"articleSection\":[\"_R04\",\"Arte e cultura\",\"Musica\"],\"inLanguage\":\"it-IT\",\"potentialAction\":[{\"@type\":\"CommentAction\",\"name\":\"Comment\",\"target\":[\"https:\\\/\\\/www.article-marketing.eu\\\/comunicatistampa\\\/presentate-le-liste-de-la-squadra-per-la-musica-e-de-la-squadra-per-laudiovisivo\\\/#respond\"]}]},{\"@type\":\"WebPage\",\"@id\":\"https:\\\/\\\/www.article-marketing.eu\\\/comunicatistampa\\\/presentate-le-liste-de-la-squadra-per-la-musica-e-de-la-squadra-per-laudiovisivo\\\/\",\"url\":\"https:\\\/\\\/www.article-marketing.eu\\\/comunicatistampa\\\/presentate-le-liste-de-la-squadra-per-la-musica-e-de-la-squadra-per-laudiovisivo\\\/\",\"name\":\"Presentate le liste de La Squadra per la Musica e de La Squadra per l\u2019Audiovisivo\",\"isPartOf\":{\"@id\":\"https:\\\/\\\/www.article-marketing.eu\\\/comunicatistampa\\\/#website\"},\"primaryImageOfPage\":{\"@id\":\"https:\\\/\\\/www.article-marketing.eu\\\/comunicatistampa\\\/presentate-le-liste-de-la-squadra-per-la-musica-e-de-la-squadra-per-laudiovisivo\\\/#primaryimage\"},\"image\":{\"@id\":\"https:\\\/\\\/www.article-marketing.eu\\\/comunicatistampa\\\/presentate-le-liste-de-la-squadra-per-la-musica-e-de-la-squadra-per-laudiovisivo\\\/#primaryimage\"},\"thumbnailUrl\":\"https:\\\/\\\/alfaprom.com\\\/wp-content\\\/uploads\\\/2021\\\/03\\\/audience-868074-scaled-630x300.jpeg\",\"datePublished\":\"2021-03-29T16:11:51+00:00\",\"dateModified\":\"2021-04-03T06:22:37+00:00\",\"author\":{\"@id\":\"https:\\\/\\\/www.article-marketing.eu\\\/comunicatistampa\\\/#\\\/schema\\\/person\\\/016dfd52849dd05631ba118c3dff9ace\"},\"description\":\"Presentate le liste de La Squadra per la Musica e de La Squadra per l\u2019Audiovisivo il 27 marzo, per la scelta del nuovo IMAIE.\",\"breadcrumb\":{\"@id\":\"https:\\\/\\\/www.article-marketing.eu\\\/comunicatistampa\\\/presentate-le-liste-de-la-squadra-per-la-musica-e-de-la-squadra-per-laudiovisivo\\\/#breadcrumb\"},\"inLanguage\":\"it-IT\",\"potentialAction\":[{\"@type\":\"ReadAction\",\"target\":[\"https:\\\/\\\/www.article-marketing.eu\\\/comunicatistampa\\\/presentate-le-liste-de-la-squadra-per-la-musica-e-de-la-squadra-per-laudiovisivo\\\/\"]}]},{\"@type\":\"ImageObject\",\"inLanguage\":\"it-IT\",\"@id\":\"https:\\\/\\\/www.article-marketing.eu\\\/comunicatistampa\\\/presentate-le-liste-de-la-squadra-per-la-musica-e-de-la-squadra-per-laudiovisivo\\\/#primaryimage\",\"url\":\"https:\\\/\\\/alfaprom.com\\\/wp-content\\\/uploads\\\/2021\\\/03\\\/audience-868074-scaled-630x300.jpeg\",\"contentUrl\":\"https:\\\/\\\/alfaprom.com\\\/wp-content\\\/uploads\\\/2021\\\/03\\\/audience-868074-scaled-630x300.jpeg\"},{\"@type\":\"BreadcrumbList\",\"@id\":\"https:\\\/\\\/www.article-marketing.eu\\\/comunicatistampa\\\/presentate-le-liste-de-la-squadra-per-la-musica-e-de-la-squadra-per-laudiovisivo\\\/#breadcrumb\",\"itemListElement\":[{\"@type\":\"ListItem\",\"position\":1,\"name\":\"Home\",\"item\":\"https:\\\/\\\/www.article-marketing.eu\\\/comunicatistampa\\\/\"},{\"@type\":\"ListItem\",\"position\":2,\"name\":\"Presentate le liste de La Squadra per la Musica e de La Squadra per l\u2019Audiovisivo\"}]},{\"@type\":\"WebSite\",\"@id\":\"https:\\\/\\\/www.article-marketing.eu\\\/comunicatistampa\\\/#website\",\"url\":\"https:\\\/\\\/www.article-marketing.eu\\\/comunicatistampa\\\/\",\"name\":\"Article Marketing\",\"description\":\"article marketing &amp; press release\",\"potentialAction\":[{\"@type\":\"SearchAction\",\"target\":{\"@type\":\"EntryPoint\",\"urlTemplate\":\"https:\\\/\\\/www.article-marketing.eu\\\/comunicatistampa\\\/?s={search_term_string}\"},\"query-input\":{\"@type\":\"PropertyValueSpecification\",\"valueRequired\":true,\"valueName\":\"search_term_string\"}}],\"inLanguage\":\"it-IT\"},{\"@type\":\"Person\",\"@id\":\"https:\\\/\\\/www.article-marketing.eu\\\/comunicatistampa\\\/#\\\/schema\\\/person\\\/016dfd52849dd05631ba118c3dff9ace\",\"name\":\"studioalfa\",\"image\":{\"@type\":\"ImageObject\",\"inLanguage\":\"it-IT\",\"@id\":\"https:\\\/\\\/secure.gravatar.com\\\/avatar\\\/e7a37e17b09595ecf7196e00f441c7cc74f75800109ba49376861d605b8805d4?s=96&d=mm&r=g\",\"url\":\"https:\\\/\\\/secure.gravatar.com\\\/avatar\\\/e7a37e17b09595ecf7196e00f441c7cc74f75800109ba49376861d605b8805d4?s=96&d=mm&r=g\",\"contentUrl\":\"https:\\\/\\\/secure.gravatar.com\\\/avatar\\\/e7a37e17b09595ecf7196e00f441c7cc74f75800109ba49376861d605b8805d4?s=96&d=mm&r=g\",\"caption\":\"studioalfa\"},\"url\":\"https:\\\/\\\/www.article-marketing.eu\\\/comunicatistampa\\\/author\\\/studioalfa\\\/\"}]}<\/script>\n<!-- \/ Yoast SEO plugin. -->","yoast_head_json":{"title":"Presentate le liste de La Squadra per la Musica e de La Squadra per l\u2019Audiovisivo","description":"Presentate le liste de La Squadra per la Musica e de La Squadra per l\u2019Audiovisivo il 27 marzo, per la scelta del nuovo IMAIE.","robots":{"index":"index","follow":"follow","max-snippet":"max-snippet:-1","max-image-preview":"max-image-preview:large","max-video-preview":"max-video-preview:-1"},"canonical":"https:\/\/www.article-marketing.eu\/comunicatistampa\/presentate-le-liste-de-la-squadra-per-la-musica-e-de-la-squadra-per-laudiovisivo\/","og_locale":"it_IT","og_type":"article","og_title":"Presentate le liste de La Squadra per la Musica e de La Squadra per l\u2019Audiovisivo","og_description":"Presentate le liste de La Squadra per la Musica e de La Squadra per l\u2019Audiovisivo il 27 marzo, per la scelta del nuovo IMAIE.","og_url":"https:\/\/www.article-marketing.eu\/comunicatistampa\/presentate-le-liste-de-la-squadra-per-la-musica-e-de-la-squadra-per-laudiovisivo\/","og_site_name":"Article Marketing","article_published_time":"2021-03-29T16:11:51+00:00","article_modified_time":"2021-04-03T06:22:37+00:00","og_image":[{"url":"https:\/\/alfaprom.com\/wp-content\/uploads\/2021\/03\/audience-868074-scaled-630x300.jpeg","type":"","width":"","height":""}],"author":"studioalfa","twitter_card":"summary_large_image","twitter_misc":{"Scritto da":"studioalfa","Tempo di lettura stimato":"8 minuti"},"schema":{"@context":"https:\/\/schema.org","@graph":[{"@type":"Article","@id":"https:\/\/www.article-marketing.eu\/comunicatistampa\/presentate-le-liste-de-la-squadra-per-la-musica-e-de-la-squadra-per-laudiovisivo\/#article","isPartOf":{"@id":"https:\/\/www.article-marketing.eu\/comunicatistampa\/presentate-le-liste-de-la-squadra-per-la-musica-e-de-la-squadra-per-laudiovisivo\/"},"author":{"name":"studioalfa","@id":"https:\/\/www.article-marketing.eu\/comunicatistampa\/#\/schema\/person\/016dfd52849dd05631ba118c3dff9ace"},"headline":"Presentate le liste de La Squadra per la Musica e de La Squadra per l\u2019Audiovisivo","datePublished":"2021-03-29T16:11:51+00:00","dateModified":"2021-04-03T06:22:37+00:00","mainEntityOfPage":{"@id":"https:\/\/www.article-marketing.eu\/comunicatistampa\/presentate-le-liste-de-la-squadra-per-la-musica-e-de-la-squadra-per-laudiovisivo\/"},"wordCount":1697,"commentCount":0,"image":{"@id":"https:\/\/www.article-marketing.eu\/comunicatistampa\/presentate-le-liste-de-la-squadra-per-la-musica-e-de-la-squadra-per-laudiovisivo\/#primaryimage"},"thumbnailUrl":"https:\/\/alfaprom.com\/wp-content\/uploads\/2021\/03\/audience-868074-scaled-630x300.jpeg","articleSection":["_R04","Arte e cultura","Musica"],"inLanguage":"it-IT","potentialAction":[{"@type":"CommentAction","name":"Comment","target":["https:\/\/www.article-marketing.eu\/comunicatistampa\/presentate-le-liste-de-la-squadra-per-la-musica-e-de-la-squadra-per-laudiovisivo\/#respond"]}]},{"@type":"WebPage","@id":"https:\/\/www.article-marketing.eu\/comunicatistampa\/presentate-le-liste-de-la-squadra-per-la-musica-e-de-la-squadra-per-laudiovisivo\/","url":"https:\/\/www.article-marketing.eu\/comunicatistampa\/presentate-le-liste-de-la-squadra-per-la-musica-e-de-la-squadra-per-laudiovisivo\/","name":"Presentate le liste de La Squadra per la Musica e de La Squadra per l\u2019Audiovisivo","isPartOf":{"@id":"https:\/\/www.article-marketing.eu\/comunicatistampa\/#website"},"primaryImageOfPage":{"@id":"https:\/\/www.article-marketing.eu\/comunicatistampa\/presentate-le-liste-de-la-squadra-per-la-musica-e-de-la-squadra-per-laudiovisivo\/#primaryimage"},"image":{"@id":"https:\/\/www.article-marketing.eu\/comunicatistampa\/presentate-le-liste-de-la-squadra-per-la-musica-e-de-la-squadra-per-laudiovisivo\/#primaryimage"},"thumbnailUrl":"https:\/\/alfaprom.com\/wp-content\/uploads\/2021\/03\/audience-868074-scaled-630x300.jpeg","datePublished":"2021-03-29T16:11:51+00:00","dateModified":"2021-04-03T06:22:37+00:00","author":{"@id":"https:\/\/www.article-marketing.eu\/comunicatistampa\/#\/schema\/person\/016dfd52849dd05631ba118c3dff9ace"},"description":"Presentate le liste de La Squadra per la Musica e de La Squadra per l\u2019Audiovisivo il 27 marzo, per la scelta del nuovo IMAIE.","breadcrumb":{"@id":"https:\/\/www.article-marketing.eu\/comunicatistampa\/presentate-le-liste-de-la-squadra-per-la-musica-e-de-la-squadra-per-laudiovisivo\/#breadcrumb"},"inLanguage":"it-IT","potentialAction":[{"@type":"ReadAction","target":["https:\/\/www.article-marketing.eu\/comunicatistampa\/presentate-le-liste-de-la-squadra-per-la-musica-e-de-la-squadra-per-laudiovisivo\/"]}]},{"@type":"ImageObject","inLanguage":"it-IT","@id":"https:\/\/www.article-marketing.eu\/comunicatistampa\/presentate-le-liste-de-la-squadra-per-la-musica-e-de-la-squadra-per-laudiovisivo\/#primaryimage","url":"https:\/\/alfaprom.com\/wp-content\/uploads\/2021\/03\/audience-868074-scaled-630x300.jpeg","contentUrl":"https:\/\/alfaprom.com\/wp-content\/uploads\/2021\/03\/audience-868074-scaled-630x300.jpeg"},{"@type":"BreadcrumbList","@id":"https:\/\/www.article-marketing.eu\/comunicatistampa\/presentate-le-liste-de-la-squadra-per-la-musica-e-de-la-squadra-per-laudiovisivo\/#breadcrumb","itemListElement":[{"@type":"ListItem","position":1,"name":"Home","item":"https:\/\/www.article-marketing.eu\/comunicatistampa\/"},{"@type":"ListItem","position":2,"name":"Presentate le liste de La Squadra per la Musica e de La Squadra per l\u2019Audiovisivo"}]},{"@type":"WebSite","@id":"https:\/\/www.article-marketing.eu\/comunicatistampa\/#website","url":"https:\/\/www.article-marketing.eu\/comunicatistampa\/","name":"Article Marketing","description":"article marketing &amp; press release","potentialAction":[{"@type":"SearchAction","target":{"@type":"EntryPoint","urlTemplate":"https:\/\/www.article-marketing.eu\/comunicatistampa\/?s={search_term_string}"},"query-input":{"@type":"PropertyValueSpecification","valueRequired":true,"valueName":"search_term_string"}}],"inLanguage":"it-IT"},{"@type":"Person","@id":"https:\/\/www.article-marketing.eu\/comunicatistampa\/#\/schema\/person\/016dfd52849dd05631ba118c3dff9ace","name":"studioalfa","image":{"@type":"ImageObject","inLanguage":"it-IT","@id":"https:\/\/secure.gravatar.com\/avatar\/e7a37e17b09595ecf7196e00f441c7cc74f75800109ba49376861d605b8805d4?s=96&d=mm&r=g","url":"https:\/\/secure.gravatar.com\/avatar\/e7a37e17b09595ecf7196e00f441c7cc74f75800109ba49376861d605b8805d4?s=96&d=mm&r=g","contentUrl":"https:\/\/secure.gravatar.com\/avatar\/e7a37e17b09595ecf7196e00f441c7cc74f75800109ba49376861d605b8805d4?s=96&d=mm&r=g","caption":"studioalfa"},"url":"https:\/\/www.article-marketing.eu\/comunicatistampa\/author\/studioalfa\/"}]}},"_links":{"self":[{"href":"https:\/\/www.article-marketing.eu\/comunicatistampa\/wp-json\/wp\/v2\/posts\/18022","targetHints":{"allow":["GET"]}}],"collection":[{"href":"https:\/\/www.article-marketing.eu\/comunicatistampa\/wp-json\/wp\/v2\/posts"}],"about":[{"href":"https:\/\/www.article-marketing.eu\/comunicatistampa\/wp-json\/wp\/v2\/types\/post"}],"author":[{"embeddable":true,"href":"https:\/\/www.article-marketing.eu\/comunicatistampa\/wp-json\/wp\/v2\/users\/732"}],"replies":[{"embeddable":true,"href":"https:\/\/www.article-marketing.eu\/comunicatistampa\/wp-json\/wp\/v2\/comments?post=18022"}],"version-history":[{"count":3,"href":"https:\/\/www.article-marketing.eu\/comunicatistampa\/wp-json\/wp\/v2\/posts\/18022\/revisions"}],"predecessor-version":[{"id":18026,"href":"https:\/\/www.article-marketing.eu\/comunicatistampa\/wp-json\/wp\/v2\/posts\/18022\/revisions\/18026"}],"wp:attachment":[{"href":"https:\/\/www.article-marketing.eu\/comunicatistampa\/wp-json\/wp\/v2\/media?parent=18022"}],"wp:term":[{"taxonomy":"category","embeddable":true,"href":"https:\/\/www.article-marketing.eu\/comunicatistampa\/wp-json\/wp\/v2\/categories?post=18022"},{"taxonomy":"post_tag","embeddable":true,"href":"https:\/\/www.article-marketing.eu\/comunicatistampa\/wp-json\/wp\/v2\/tags?post=18022"}],"curies":[{"name":"wp","href":"https:\/\/api.w.org\/{rel}","templated":true}]}}