{"id":18111,"date":"2021-03-31T15:49:34","date_gmt":"2021-03-31T13:49:34","guid":{"rendered":"https:\/\/www.article-marketing.eu\/comunicatistampa\/?p=18111"},"modified":"2021-03-31T15:49:34","modified_gmt":"2021-03-31T13:49:34","slug":"la-seconda-edizione-di-cover-me-oltrepassa-i-confini-e-diventa-internazionale","status":"publish","type":"post","link":"https:\/\/www.article-marketing.eu\/comunicatistampa\/la-seconda-edizione-di-cover-me-oltrepassa-i-confini-e-diventa-internazionale\/","title":{"rendered":"La seconda edizione di \u201cCover me\u201d oltrepassa i confini e diventa internazionale"},"content":{"rendered":"<p><b>C\u2019\u00e8 tempo fino al 31 maggio per partecipare al contest \u201cNOI &amp; Springsteen\u201d, reinterpretando un brano del rocker a stelle e strisce,<\/b><b> punto di riferimento per chi ancora crede in un mondo diverso da quello dei muri, della paura, dell\u2019odio razziale, dell\u2019isolamento. Il contest ispirato dall\u2019autenticit\u00e0 di The Boss per la prima volta si <\/b><b>apre anche a musicisti e band internazionali.\u00a0<\/b><\/p>\n<p>&nbsp;<\/p>\n<p><span style=\"font-weight: 400;\">La musica di Bruce Springsteen non conosce confini e unisce milioni di fan. \u00c8 proprio a loro che il gruppo <\/span><b>NOI &amp; Springsteen<\/b><span style=\"font-weight: 400;\"> si rivolge con <\/span><b>\u201cCover me\u201d<\/b><span style=\"font-weight: 400;\">, il primo contest dedicato a <\/span><i><span style=\"font-weight: 400;\">The Boss<\/span><\/i><span style=\"font-weight: 400;\">, con una grande <\/span><b>novit\u00e0<\/b><span style=\"font-weight: 400;\">. Dopo il successo della prima edizione che ha visto sfidarsi <\/span><b>76 artisti italiani<\/b><span style=\"font-weight: 400;\">,<\/span><b> NOI &amp; Springsteen<\/b><span style=\"font-weight: 400;\"> replica oltrepassando i confini nazionali. <\/span><b>\u201cCover me\u201d<\/b><span style=\"font-weight: 400;\">, infatti, quest\u2019anno chiama a raccolta<\/span> <span style=\"font-weight: 400;\">anche <\/span><b>artisti e band internazionali<\/b><span style=\"font-weight: 400;\"> che potranno presentare la propria candidatura e concorrere per il podio da mercoled\u00ec 31 marzo fino al 31 maggio inviando <\/span><span style=\"font-weight: 400;\">la propria proposta a info@noiespringsteen.com.\u00a0<\/span><\/p>\n<p>&nbsp;<\/p>\n<p><span style=\"font-weight: 400;\">La seconda<\/span> <span style=\"font-weight: 400;\">edizione del contest \u00e8 ispirata dall\u2019autenticit\u00e0 del<\/span> <span style=\"font-weight: 400;\">cantautore simbolo di un\u2019America che va oltre le apparenze, entrando in profondit\u00e0, con ogni strofa delle sue ballate, nelle ansie, nelle paure, nelle gioie e nelle aspirazioni delle working class di ieri e di oggi. Ed \u00e8 questa autenticit\u00e0 che si richiede agli artisti che partecipano al concorso: una rappresentazione di un brano della star del rock reso unico dal talento dei concorrenti<\/span><span style=\"font-weight: 400;\">, senza snaturarne l\u2019essenza e la melodia<\/span><span style=\"font-weight: 400;\">.\u00a0<\/span><\/p>\n<p>&nbsp;<\/p>\n<p><i><span style=\"font-weight: 400;\">\u201cNoi crediamo che la musica, cos\u00ec come qualsiasi altra forma di arte, possa essere un potente mezzo per diffondere il senso comune della vita. In un momento cos\u00ec delicato e incerto il rock di Springsteen rappresenta l\u2019anima coraggiosa di un\u2019umanit\u00e0 che non si arrende e continua a combattere. \u00c8 questo lo spirito del contest e del nostro gruppo. Vogliamo trasmettere un\u2019incredibile voglia di rinascita\u201d. &#8211; <\/span><\/i><span style=\"font-weight: 400;\">dichiarano <\/span><b>Alberto Lanfranchi, Alberto Cant\u00f9, Saverio Ceravolo, Luca Lanfranchi<\/b><span style=\"font-weight: 400;\">, membri del gruppo NOI &amp; Springsteen.<\/span><b>\u00a0<\/b><\/p>\n<p><span style=\"font-weight: 400;\">Le candidature verranno valutate da una <\/span><b>giuria di qualit\u00e0<\/b><span style=\"font-weight: 400;\"> composta da esperti e critici musicali: <\/span><b>Claudio Trotta<\/b><span style=\"font-weight: 400;\"> (promoter e fondatore di Barley Arts e presidente della giuria), <\/span><b>Gianni Poglio<\/b><span style=\"font-weight: 400;\"> (giornalista di Panormana), <\/span><b>Alberto Cant\u00f9<\/b><span style=\"font-weight: 400;\"> (componente del gruppo NOI &amp; Springsteen), <\/span><b>David Drusin<\/b><span style=\"font-weight: 400;\"> (titolare del \u2018Druso\u2019), <\/span><b>Ruggero Rosetti<\/b><span style=\"font-weight: 400;\"> (membro dell\u2019Associazione Nebraska dedicata alla musica rock), <\/span><b>Leonardo Colombati<\/b><span style=\"font-weight: 400;\"> (Scrittore e giornalista). La giuria selezioner\u00e0 30 brani che verranno pubblicati sul sito www.noiespringsteen.com, dando la possibilit\u00e0 al pubblico di votare. I 15 brani pi\u00f9 votati accederanno automaticamente alla finale che si terr\u00e0 a Bergamo <\/span><b>domenica 29 agosto<\/b><span style=\"font-weight: 400;\">, in occasione del meeting dedicato a The Boss: <\/span><b>Bergamo Racconta Springsteen V Edizione. <\/b><span style=\"font-weight: 400;\">A completare il contest anche una <\/span><b>giuria della critica<\/b><span style=\"font-weight: 400;\"> composta da: <\/span><b>Massimo Cotto <\/b><span style=\"font-weight: 400;\">(scrittore e voce di Virgin Radio e presidente della giuria), <\/span><b>Giorgio Berta <\/b><span style=\"font-weight: 400;\">(Presidente Fondazione Donizetti), <\/span><b>Patrizia De Rossi <\/b><span style=\"font-weight: 400;\">(giornalista e direttrice di Hitmania Magazine), <\/span><b>Ugo Bacci <\/b><span style=\"font-weight: 400;\">(giornalista e critico musicale di L\u2019Eco di Bergamo), <\/span><b>Fabio Santini<\/b><span style=\"font-weight: 400;\"> (giornalista, conduttore e voce di RTL 102.5), <\/span><b>Ken Rosen<\/b><span style=\"font-weight: 400;\"> (storico per formazione, tecnologo di professione). Questi esperti assegneranno un punteggio da 0 a 3 punti ad ogni brand e l\u2019artista che otterr\u00e0 il maggior punteggio ricever\u00e0 il <\/span><b>Premio della Critica del Contest Cover Me<\/b><span style=\"font-weight: 400;\">.<\/span> <span style=\"font-weight: 400;\">Il regolamento completo \u00e8 consultabile sul sito <\/span><a href=\"https:\/\/www.noiespringsteen.com\/contest\/\"><span style=\"font-weight: 400;\">https:\/\/www.noiespringsteen.com\/contest\/<\/span><\/a><\/p>\n","protected":false},"excerpt":{"rendered":"<p>C\u2019\u00e8 tempo fino al 31 maggio per partecipare al contest \u201cNOI &amp; Springsteen\u201d, reinterpretando un brano del rocker a stelle e strisce, punto di riferimento per chi ancora crede in un mondo diverso da quello dei muri, della paura, dell\u2019odio razziale, dell\u2019isolamento. Il contest ispirato dall\u2019autenticit\u00e0 di The Boss per la prima volta si apre anche a musicisti e band internazionali.\u00a0 &nbsp; La musica di Bruce Springsteen non conosce confini<\/p>\n<p><a class=\"continue-reading\" href=\"https:\/\/www.article-marketing.eu\/comunicatistampa\/la-seconda-edizione-di-cover-me-oltrepassa-i-confini-e-diventa-internazionale\/\">Continue reading&#8230;<\/a><\/p>\n","protected":false},"author":1855,"featured_media":0,"comment_status":"open","ping_status":"open","sticky":false,"template":"","format":"standard","meta":{"_monsterinsights_skip_tracking":false,"_monsterinsights_sitenote_active":false,"_monsterinsights_sitenote_note":"","_monsterinsights_sitenote_category":0,"footnotes":""},"categories":[392,411],"tags":[6526,7654,994,3272],"class_list":["post-18111","post","type-post","status-publish","format-standard","hentry","category-eventi","category-musica","tag-brucespringsteen","tag-coverband","tag-contest","tag-rock"],"yoast_head":"<!-- This site is optimized with the Yoast SEO plugin v27.3 - https:\/\/yoast.com\/product\/yoast-seo-wordpress\/ -->\n<title>La seconda edizione di \u201cCover me\u201d oltrepassa i confini e diventa internazionale<\/title>\n<meta name=\"robots\" content=\"index, follow, max-snippet:-1, max-image-preview:large, max-video-preview:-1\" \/>\n<link rel=\"canonical\" href=\"https:\/\/www.article-marketing.eu\/comunicatistampa\/la-seconda-edizione-di-cover-me-oltrepassa-i-confini-e-diventa-internazionale\/\" \/>\n<meta property=\"og:locale\" content=\"it_IT\" \/>\n<meta property=\"og:type\" content=\"article\" \/>\n<meta property=\"og:title\" content=\"La seconda edizione di \u201cCover me\u201d oltrepassa i confini e diventa internazionale\" \/>\n<meta property=\"og:description\" content=\"C\u2019\u00e8 tempo fino al 31 maggio per partecipare al contest \u201cNOI &amp; Springsteen\u201d, reinterpretando un brano del rocker a stelle e strisce, punto di riferimento per chi ancora crede in un mondo diverso da quello dei muri, della paura, dell\u2019odio razziale, dell\u2019isolamento. Il contest ispirato dall\u2019autenticit\u00e0 di The Boss per la prima volta si apre anche a musicisti e band internazionali.\u00a0 &nbsp; La musica di Bruce Springsteen non conosce confiniContinue reading...\" \/>\n<meta property=\"og:url\" content=\"https:\/\/www.article-marketing.eu\/comunicatistampa\/la-seconda-edizione-di-cover-me-oltrepassa-i-confini-e-diventa-internazionale\/\" \/>\n<meta property=\"og:site_name\" content=\"Article Marketing\" \/>\n<meta property=\"article:published_time\" content=\"2021-03-31T13:49:34+00:00\" \/>\n<meta name=\"author\" content=\"Redaclem\" \/>\n<meta name=\"twitter:card\" content=\"summary_large_image\" \/>\n<meta name=\"twitter:label1\" content=\"Scritto da\" \/>\n\t<meta name=\"twitter:data1\" content=\"Redaclem\" \/>\n\t<meta name=\"twitter:label2\" content=\"Tempo di lettura stimato\" \/>\n\t<meta name=\"twitter:data2\" content=\"3 minuti\" \/>\n<script type=\"application\/ld+json\" class=\"yoast-schema-graph\">{\"@context\":\"https:\\\/\\\/schema.org\",\"@graph\":[{\"@type\":\"Article\",\"@id\":\"https:\\\/\\\/www.article-marketing.eu\\\/comunicatistampa\\\/la-seconda-edizione-di-cover-me-oltrepassa-i-confini-e-diventa-internazionale\\\/#article\",\"isPartOf\":{\"@id\":\"https:\\\/\\\/www.article-marketing.eu\\\/comunicatistampa\\\/la-seconda-edizione-di-cover-me-oltrepassa-i-confini-e-diventa-internazionale\\\/\"},\"author\":{\"name\":\"Redaclem\",\"@id\":\"https:\\\/\\\/www.article-marketing.eu\\\/comunicatistampa\\\/#\\\/schema\\\/person\\\/c0aa725eee5df8460e0adf901fde0c88\"},\"headline\":\"La seconda edizione di \u201cCover me\u201d oltrepassa i confini e diventa internazionale\",\"datePublished\":\"2021-03-31T13:49:34+00:00\",\"mainEntityOfPage\":{\"@id\":\"https:\\\/\\\/www.article-marketing.eu\\\/comunicatistampa\\\/la-seconda-edizione-di-cover-me-oltrepassa-i-confini-e-diventa-internazionale\\\/\"},\"wordCount\":545,\"commentCount\":0,\"keywords\":[\"#brucespringsteen\",\"#coverband\",\"Contest\",\"rock\"],\"articleSection\":[\"Eventi\",\"Musica\"],\"inLanguage\":\"it-IT\",\"potentialAction\":[{\"@type\":\"CommentAction\",\"name\":\"Comment\",\"target\":[\"https:\\\/\\\/www.article-marketing.eu\\\/comunicatistampa\\\/la-seconda-edizione-di-cover-me-oltrepassa-i-confini-e-diventa-internazionale\\\/#respond\"]}]},{\"@type\":\"WebPage\",\"@id\":\"https:\\\/\\\/www.article-marketing.eu\\\/comunicatistampa\\\/la-seconda-edizione-di-cover-me-oltrepassa-i-confini-e-diventa-internazionale\\\/\",\"url\":\"https:\\\/\\\/www.article-marketing.eu\\\/comunicatistampa\\\/la-seconda-edizione-di-cover-me-oltrepassa-i-confini-e-diventa-internazionale\\\/\",\"name\":\"La seconda edizione di \u201cCover me\u201d oltrepassa i confini e diventa internazionale\",\"isPartOf\":{\"@id\":\"https:\\\/\\\/www.article-marketing.eu\\\/comunicatistampa\\\/#website\"},\"datePublished\":\"2021-03-31T13:49:34+00:00\",\"author\":{\"@id\":\"https:\\\/\\\/www.article-marketing.eu\\\/comunicatistampa\\\/#\\\/schema\\\/person\\\/c0aa725eee5df8460e0adf901fde0c88\"},\"breadcrumb\":{\"@id\":\"https:\\\/\\\/www.article-marketing.eu\\\/comunicatistampa\\\/la-seconda-edizione-di-cover-me-oltrepassa-i-confini-e-diventa-internazionale\\\/#breadcrumb\"},\"inLanguage\":\"it-IT\",\"potentialAction\":[{\"@type\":\"ReadAction\",\"target\":[\"https:\\\/\\\/www.article-marketing.eu\\\/comunicatistampa\\\/la-seconda-edizione-di-cover-me-oltrepassa-i-confini-e-diventa-internazionale\\\/\"]}]},{\"@type\":\"BreadcrumbList\",\"@id\":\"https:\\\/\\\/www.article-marketing.eu\\\/comunicatistampa\\\/la-seconda-edizione-di-cover-me-oltrepassa-i-confini-e-diventa-internazionale\\\/#breadcrumb\",\"itemListElement\":[{\"@type\":\"ListItem\",\"position\":1,\"name\":\"Home\",\"item\":\"https:\\\/\\\/www.article-marketing.eu\\\/comunicatistampa\\\/\"},{\"@type\":\"ListItem\",\"position\":2,\"name\":\"La seconda edizione di \u201cCover me\u201d oltrepassa i confini e diventa internazionale\"}]},{\"@type\":\"WebSite\",\"@id\":\"https:\\\/\\\/www.article-marketing.eu\\\/comunicatistampa\\\/#website\",\"url\":\"https:\\\/\\\/www.article-marketing.eu\\\/comunicatistampa\\\/\",\"name\":\"Article Marketing\",\"description\":\"article marketing &amp; press release\",\"potentialAction\":[{\"@type\":\"SearchAction\",\"target\":{\"@type\":\"EntryPoint\",\"urlTemplate\":\"https:\\\/\\\/www.article-marketing.eu\\\/comunicatistampa\\\/?s={search_term_string}\"},\"query-input\":{\"@type\":\"PropertyValueSpecification\",\"valueRequired\":true,\"valueName\":\"search_term_string\"}}],\"inLanguage\":\"it-IT\"},{\"@type\":\"Person\",\"@id\":\"https:\\\/\\\/www.article-marketing.eu\\\/comunicatistampa\\\/#\\\/schema\\\/person\\\/c0aa725eee5df8460e0adf901fde0c88\",\"name\":\"Redaclem\",\"image\":{\"@type\":\"ImageObject\",\"inLanguage\":\"it-IT\",\"@id\":\"https:\\\/\\\/secure.gravatar.com\\\/avatar\\\/4c7e41f332a0583344a91d7d39723533da9b2d0df7737c2d8c69553168c2191e?s=96&d=mm&r=g\",\"url\":\"https:\\\/\\\/secure.gravatar.com\\\/avatar\\\/4c7e41f332a0583344a91d7d39723533da9b2d0df7737c2d8c69553168c2191e?s=96&d=mm&r=g\",\"contentUrl\":\"https:\\\/\\\/secure.gravatar.com\\\/avatar\\\/4c7e41f332a0583344a91d7d39723533da9b2d0df7737c2d8c69553168c2191e?s=96&d=mm&r=g\",\"caption\":\"Redaclem\"},\"url\":\"https:\\\/\\\/www.article-marketing.eu\\\/comunicatistampa\\\/author\\\/redaclem\\\/\"}]}<\/script>\n<!-- \/ Yoast SEO plugin. -->","yoast_head_json":{"title":"La seconda edizione di \u201cCover me\u201d oltrepassa i confini e diventa internazionale","robots":{"index":"index","follow":"follow","max-snippet":"max-snippet:-1","max-image-preview":"max-image-preview:large","max-video-preview":"max-video-preview:-1"},"canonical":"https:\/\/www.article-marketing.eu\/comunicatistampa\/la-seconda-edizione-di-cover-me-oltrepassa-i-confini-e-diventa-internazionale\/","og_locale":"it_IT","og_type":"article","og_title":"La seconda edizione di \u201cCover me\u201d oltrepassa i confini e diventa internazionale","og_description":"C\u2019\u00e8 tempo fino al 31 maggio per partecipare al contest \u201cNOI &amp; Springsteen\u201d, reinterpretando un brano del rocker a stelle e strisce, punto di riferimento per chi ancora crede in un mondo diverso da quello dei muri, della paura, dell\u2019odio razziale, dell\u2019isolamento. Il contest ispirato dall\u2019autenticit\u00e0 di The Boss per la prima volta si apre anche a musicisti e band internazionali.\u00a0 &nbsp; La musica di Bruce Springsteen non conosce confiniContinue reading...","og_url":"https:\/\/www.article-marketing.eu\/comunicatistampa\/la-seconda-edizione-di-cover-me-oltrepassa-i-confini-e-diventa-internazionale\/","og_site_name":"Article Marketing","article_published_time":"2021-03-31T13:49:34+00:00","author":"Redaclem","twitter_card":"summary_large_image","twitter_misc":{"Scritto da":"Redaclem","Tempo di lettura stimato":"3 minuti"},"schema":{"@context":"https:\/\/schema.org","@graph":[{"@type":"Article","@id":"https:\/\/www.article-marketing.eu\/comunicatistampa\/la-seconda-edizione-di-cover-me-oltrepassa-i-confini-e-diventa-internazionale\/#article","isPartOf":{"@id":"https:\/\/www.article-marketing.eu\/comunicatistampa\/la-seconda-edizione-di-cover-me-oltrepassa-i-confini-e-diventa-internazionale\/"},"author":{"name":"Redaclem","@id":"https:\/\/www.article-marketing.eu\/comunicatistampa\/#\/schema\/person\/c0aa725eee5df8460e0adf901fde0c88"},"headline":"La seconda edizione di \u201cCover me\u201d oltrepassa i confini e diventa internazionale","datePublished":"2021-03-31T13:49:34+00:00","mainEntityOfPage":{"@id":"https:\/\/www.article-marketing.eu\/comunicatistampa\/la-seconda-edizione-di-cover-me-oltrepassa-i-confini-e-diventa-internazionale\/"},"wordCount":545,"commentCount":0,"keywords":["#brucespringsteen","#coverband","Contest","rock"],"articleSection":["Eventi","Musica"],"inLanguage":"it-IT","potentialAction":[{"@type":"CommentAction","name":"Comment","target":["https:\/\/www.article-marketing.eu\/comunicatistampa\/la-seconda-edizione-di-cover-me-oltrepassa-i-confini-e-diventa-internazionale\/#respond"]}]},{"@type":"WebPage","@id":"https:\/\/www.article-marketing.eu\/comunicatistampa\/la-seconda-edizione-di-cover-me-oltrepassa-i-confini-e-diventa-internazionale\/","url":"https:\/\/www.article-marketing.eu\/comunicatistampa\/la-seconda-edizione-di-cover-me-oltrepassa-i-confini-e-diventa-internazionale\/","name":"La seconda edizione di \u201cCover me\u201d oltrepassa i confini e diventa internazionale","isPartOf":{"@id":"https:\/\/www.article-marketing.eu\/comunicatistampa\/#website"},"datePublished":"2021-03-31T13:49:34+00:00","author":{"@id":"https:\/\/www.article-marketing.eu\/comunicatistampa\/#\/schema\/person\/c0aa725eee5df8460e0adf901fde0c88"},"breadcrumb":{"@id":"https:\/\/www.article-marketing.eu\/comunicatistampa\/la-seconda-edizione-di-cover-me-oltrepassa-i-confini-e-diventa-internazionale\/#breadcrumb"},"inLanguage":"it-IT","potentialAction":[{"@type":"ReadAction","target":["https:\/\/www.article-marketing.eu\/comunicatistampa\/la-seconda-edizione-di-cover-me-oltrepassa-i-confini-e-diventa-internazionale\/"]}]},{"@type":"BreadcrumbList","@id":"https:\/\/www.article-marketing.eu\/comunicatistampa\/la-seconda-edizione-di-cover-me-oltrepassa-i-confini-e-diventa-internazionale\/#breadcrumb","itemListElement":[{"@type":"ListItem","position":1,"name":"Home","item":"https:\/\/www.article-marketing.eu\/comunicatistampa\/"},{"@type":"ListItem","position":2,"name":"La seconda edizione di \u201cCover me\u201d oltrepassa i confini e diventa internazionale"}]},{"@type":"WebSite","@id":"https:\/\/www.article-marketing.eu\/comunicatistampa\/#website","url":"https:\/\/www.article-marketing.eu\/comunicatistampa\/","name":"Article Marketing","description":"article marketing &amp; press release","potentialAction":[{"@type":"SearchAction","target":{"@type":"EntryPoint","urlTemplate":"https:\/\/www.article-marketing.eu\/comunicatistampa\/?s={search_term_string}"},"query-input":{"@type":"PropertyValueSpecification","valueRequired":true,"valueName":"search_term_string"}}],"inLanguage":"it-IT"},{"@type":"Person","@id":"https:\/\/www.article-marketing.eu\/comunicatistampa\/#\/schema\/person\/c0aa725eee5df8460e0adf901fde0c88","name":"Redaclem","image":{"@type":"ImageObject","inLanguage":"it-IT","@id":"https:\/\/secure.gravatar.com\/avatar\/4c7e41f332a0583344a91d7d39723533da9b2d0df7737c2d8c69553168c2191e?s=96&d=mm&r=g","url":"https:\/\/secure.gravatar.com\/avatar\/4c7e41f332a0583344a91d7d39723533da9b2d0df7737c2d8c69553168c2191e?s=96&d=mm&r=g","contentUrl":"https:\/\/secure.gravatar.com\/avatar\/4c7e41f332a0583344a91d7d39723533da9b2d0df7737c2d8c69553168c2191e?s=96&d=mm&r=g","caption":"Redaclem"},"url":"https:\/\/www.article-marketing.eu\/comunicatistampa\/author\/redaclem\/"}]}},"_links":{"self":[{"href":"https:\/\/www.article-marketing.eu\/comunicatistampa\/wp-json\/wp\/v2\/posts\/18111","targetHints":{"allow":["GET"]}}],"collection":[{"href":"https:\/\/www.article-marketing.eu\/comunicatistampa\/wp-json\/wp\/v2\/posts"}],"about":[{"href":"https:\/\/www.article-marketing.eu\/comunicatistampa\/wp-json\/wp\/v2\/types\/post"}],"author":[{"embeddable":true,"href":"https:\/\/www.article-marketing.eu\/comunicatistampa\/wp-json\/wp\/v2\/users\/1855"}],"replies":[{"embeddable":true,"href":"https:\/\/www.article-marketing.eu\/comunicatistampa\/wp-json\/wp\/v2\/comments?post=18111"}],"version-history":[{"count":2,"href":"https:\/\/www.article-marketing.eu\/comunicatistampa\/wp-json\/wp\/v2\/posts\/18111\/revisions"}],"predecessor-version":[{"id":18113,"href":"https:\/\/www.article-marketing.eu\/comunicatistampa\/wp-json\/wp\/v2\/posts\/18111\/revisions\/18113"}],"wp:attachment":[{"href":"https:\/\/www.article-marketing.eu\/comunicatistampa\/wp-json\/wp\/v2\/media?parent=18111"}],"wp:term":[{"taxonomy":"category","embeddable":true,"href":"https:\/\/www.article-marketing.eu\/comunicatistampa\/wp-json\/wp\/v2\/categories?post=18111"},{"taxonomy":"post_tag","embeddable":true,"href":"https:\/\/www.article-marketing.eu\/comunicatistampa\/wp-json\/wp\/v2\/tags?post=18111"}],"curies":[{"name":"wp","href":"https:\/\/api.w.org\/{rel}","templated":true}]}}