{"id":18134,"date":"2021-04-01T14:57:34","date_gmt":"2021-04-01T12:57:34","guid":{"rendered":"https:\/\/www.article-marketing.eu\/comunicatistampa\/?p=18134"},"modified":"2021-04-01T14:57:34","modified_gmt":"2021-04-01T12:57:34","slug":"giornata-mondiale-dellattivita-fisica-ogni-movimento-conta","status":"publish","type":"post","link":"https:\/\/www.article-marketing.eu\/comunicatistampa\/giornata-mondiale-dellattivita-fisica-ogni-movimento-conta\/","title":{"rendered":"Giornata Mondiale dell&#8217;Attivit\u00e0 Fisica: \u201cOgni movimento conta!\u201d"},"content":{"rendered":"<p>In occasione della <strong>Giornata Mondiale dell\u2019Attivit\u00e0 Fisica<\/strong>, che si terr\u00e0 il prossimo 6 aprile su iniziativa dell\u2019Organizzazione Mondiale della Salute (OMS), <strong>ATS Pavia promuove il decalogo \u201cOgni movimento conta!\u201d<\/strong>. Obiettivo, incentivare a svolgere una regolare attivit\u00e0 fisica a beneficio dello stile di vita e della propria salute, nonostante l\u2019emergenza sanitaria causata dal\u00a0<strong>Covid-19<\/strong> e i provvedimenti restrittivi per fronteggiarla che hanno determinato una limitazione del movimento e dell\u2019attivit\u00e0 fisica e una sedentariet\u00e0, in alcuni casi, forzata e prolungata come nel caso dello smart working e della didattica a distanza.<\/p>\n<p>\u201c<em>L\u2019emergenza pandemica dovuta alla diffusione mondiale dell\u2019infezione da coronavirus ha portato a restrizioni che non devono far abbassare l\u2019attenzione, anche in questa situazione, al mantenimento di un sano stile di vita per evitare che, una volta usciti dall\u2019emergenza, ci ritroviamo a fare i conti, individualmente e come popolazione, con un incremento di tutte quelle malattie (diabete, malattie cardiovascolari, tumori e malattie respiratorie croniche) che sono favorite o aggravate da comportamenti scorretti. Per vivere bene e in buona salute occorre adottare alcune semplici ma sane abitudini cercando di essere attivi il pi\u00f9 possibile per mantenerci in salute e per migliorare le difese immunitarie<\/em><em>\u201d<\/em> spiega <strong>il direttore generale Mara Azzi.<\/strong><\/p>\n<p>ATS Pavia celebra quindi la giornata mondiale dell\u2019attivit\u00e0 fisica dedicando alla popolazione un decalogo di buone abitudini contro la sedentariet\u00e0, da seguire anche durante l\u2019emergenza da Covid 19. Pur restando a casa, infatti, ATS Pavia raccomanda di mantenersi attivi, svolgendo regolare attivit\u00e0 fisica, praticando giardinaggio o bricolage, preferendo le scale all\u2019ascensore, evitando di stare seduti pi\u00f9 di 2 ore di seguito, anche durante lo smart working o la didattica a distanza.<\/p>\n<p><em>\u201cNon \u00e8 necessario allenarsi per le Olimpiadi o per la Maratona sono i piccoli movimenti quotidiani e una attivit\u00e0 fisica regolare e costante che fanno la differenza, soprattutto se si parte da zero. La sedentariet\u00e0 \u00e8 uno dei principali fattori di rischio per numerose patologie, cos\u00ec come il sovrappeso e l\u2019obesit\u00e0. Ciascuno di noi pu\u00f2 essere un esempio e trasmettere ai propri familiari l\u2019importanza di mantenere uno stile di vita sano e attivo. Ricordiamoci infine, che l\u2019attivit\u00e0 fisica ha un grande pregio: non ha n\u00e9 genere, n\u00e9 et\u00e0\u201d<\/em> <strong>conclude Azzi.<\/strong><\/p>\n<p>Per informazioni:<strong> www.ats-pavia.it<\/strong><\/p>\n<p><u>DECALOGO<\/u><\/p>\n<p>&nbsp;<\/p>\n<p><strong>\u00a0\u201cOGNI MOVIMENTO CONTA, AD OGNI ETA\u2019<\/strong><\/p>\n<p><strong>\u00a0<\/strong><\/p>\n<p><strong>ATS Pavia raccomanda di svolgere una regolare attivit\u00e0 fisica a beneficio dello stile di vita e della propria salute, nonostante il Covid-19. Questi consigli sono adatti e \u201cfanno bene\u201d ad ogni et\u00e0!<\/strong><\/p>\n<ul>\n<li>Uno stile di vita sano e attivo protegge da numerose patologie e contribuisce al benessere fisico e mentale. Se sei un adulto, pratica almeno 30 minuti di attivit\u00e0 fisica, se sei un bambino o un adolescente, 60 minuti!<\/li>\n<li>Camminare \u00e8 il modo pi\u00f9 semplice per mantenerti in forma e per migliorare la tua salute.<\/li>\n<li>Per vivere pi\u00f9 a lungo, muoviti! Anche in smart working non stare pi\u00f9 di due ore di seguito seduta\/o, allunga le gambe, cambia posizione e svolgi attivit\u00e0 in piedi (ad esempio quando parli al telefono). Anche le attivit\u00e0 quotidiane come il giardinaggio o il bricolage sono azioni semplici che fanno bene alla salute, soprattutto in et\u00e0 avanzata.<\/li>\n<li>Utilizza frequentemente le scale, se puoi evita l\u2019uso dell\u2019ascensore e delle scale mobili.<\/li>\n<li>Gioca attivamente con i tuoi figli: si pratica attivit\u00e0 fisica anche giocando.<\/li>\n<li>Divertiti! Scegli attivit\u00e0 che ti mettano di buon umore, e che non siano \u201cun peso\u201d. Passeggia con il cane, balla, pratica yoga o attivit\u00e0 simili che producono benefici sia fisici che mentali.<\/li>\n<li>Se parti da zero, poniti obiettivi concreti e realizzabili. Non devi allenarti per le Olimpiadi! Inizia ad utilizzare le scale o a spostarti a piedi e in bicicletta quando \u00e8 possibile.<\/li>\n<li>Sii un esempio: se sei attiva\/o trasmetterai ai familiari l\u2019importanza di uno stile di vita sano e attivo.<\/li>\n<li>L\u2019attivit\u00e0 fisica non ha n\u00e9 genere, n\u00e9 et\u00e0: pratica lo sport o l\u2019attivit\u00e0 che ami, senza il timore di pregiudizi.<\/li>\n<li>OGNI MOVIMENTO CONTA! Sostituisci il tempo trascorso seduta\/o con delle attivit\u00e0 fisiche, anche di bassa intensit\u00e0: interrompi ogni 30 minuti i periodi nei quali stai in posizione seduta facendo 2-3 minuti di attivit\u00e0, come brevi camminate o piegamenti sulle gambe. Aumenta i passi quotidiani e svolgi almeno 150 minuti di attivit\u00e0 fisica alla settimana. Evita la sedentariet\u00e0: \u00e8 un nemico da combattere!<\/li>\n<\/ul>\n","protected":false},"excerpt":{"rendered":"<p>In occasione della Giornata Mondiale dell\u2019Attivit\u00e0 Fisica, che si terr\u00e0 il prossimo 6 aprile su iniziativa dell\u2019Organizzazione Mondiale della Salute (OMS), ATS Pavia promuove il decalogo \u201cOgni movimento conta!\u201d. Obiettivo, incentivare a svolgere una regolare attivit\u00e0 fisica a beneficio dello stile di vita e della propria salute, nonostante l\u2019emergenza sanitaria causata dal\u00a0Covid-19 e i provvedimenti restrittivi per fronteggiarla che hanno determinato una limitazione del movimento e dell\u2019attivit\u00e0 fisica e una<\/p>\n<p><a class=\"continue-reading\" href=\"https:\/\/www.article-marketing.eu\/comunicatistampa\/giornata-mondiale-dellattivita-fisica-ogni-movimento-conta\/\">Continue reading&#8230;<\/a><\/p>\n","protected":false},"author":1855,"featured_media":0,"comment_status":"open","ping_status":"open","sticky":false,"template":"","format":"standard","meta":{"_monsterinsights_skip_tracking":false,"_monsterinsights_sitenote_active":false,"_monsterinsights_sitenote_note":"","_monsterinsights_sitenote_category":0,"footnotes":""},"categories":[369,373],"tags":[7667,7668],"class_list":["post-18134","post","type-post","status-publish","format-standard","hentry","category-salute-e-benessere","category-sport","tag-atspavia","tag-giornatamondialedellattivitafisica"],"yoast_head":"<!-- This site is optimized with the Yoast SEO plugin v27.3 - https:\/\/yoast.com\/product\/yoast-seo-wordpress\/ -->\n<title>Giornata Mondiale dell&#039;Attivit\u00e0 Fisica: \u201cOgni movimento conta!\u201d<\/title>\n<meta name=\"robots\" content=\"index, follow, max-snippet:-1, max-image-preview:large, max-video-preview:-1\" \/>\n<link rel=\"canonical\" href=\"https:\/\/www.article-marketing.eu\/comunicatistampa\/giornata-mondiale-dellattivita-fisica-ogni-movimento-conta\/\" \/>\n<meta property=\"og:locale\" content=\"it_IT\" \/>\n<meta property=\"og:type\" content=\"article\" \/>\n<meta property=\"og:title\" content=\"Giornata Mondiale dell&#039;Attivit\u00e0 Fisica: \u201cOgni movimento conta!\u201d\" \/>\n<meta property=\"og:description\" content=\"In occasione della Giornata Mondiale dell\u2019Attivit\u00e0 Fisica, che si terr\u00e0 il prossimo 6 aprile su iniziativa dell\u2019Organizzazione Mondiale della Salute (OMS), ATS Pavia promuove il decalogo \u201cOgni movimento conta!\u201d. Obiettivo, incentivare a svolgere una regolare attivit\u00e0 fisica a beneficio dello stile di vita e della propria salute, nonostante l\u2019emergenza sanitaria causata dal\u00a0Covid-19 e i provvedimenti restrittivi per fronteggiarla che hanno determinato una limitazione del movimento e dell\u2019attivit\u00e0 fisica e unaContinue reading...\" \/>\n<meta property=\"og:url\" content=\"https:\/\/www.article-marketing.eu\/comunicatistampa\/giornata-mondiale-dellattivita-fisica-ogni-movimento-conta\/\" \/>\n<meta property=\"og:site_name\" content=\"Article Marketing\" \/>\n<meta property=\"article:published_time\" content=\"2021-04-01T12:57:34+00:00\" \/>\n<meta name=\"author\" content=\"Redaclem\" \/>\n<meta name=\"twitter:card\" content=\"summary_large_image\" \/>\n<meta name=\"twitter:label1\" content=\"Scritto da\" \/>\n\t<meta name=\"twitter:data1\" content=\"Redaclem\" \/>\n\t<meta name=\"twitter:label2\" content=\"Tempo di lettura stimato\" \/>\n\t<meta name=\"twitter:data2\" content=\"4 minuti\" \/>\n<script type=\"application\/ld+json\" class=\"yoast-schema-graph\">{\"@context\":\"https:\\\/\\\/schema.org\",\"@graph\":[{\"@type\":\"Article\",\"@id\":\"https:\\\/\\\/www.article-marketing.eu\\\/comunicatistampa\\\/giornata-mondiale-dellattivita-fisica-ogni-movimento-conta\\\/#article\",\"isPartOf\":{\"@id\":\"https:\\\/\\\/www.article-marketing.eu\\\/comunicatistampa\\\/giornata-mondiale-dellattivita-fisica-ogni-movimento-conta\\\/\"},\"author\":{\"name\":\"Redaclem\",\"@id\":\"https:\\\/\\\/www.article-marketing.eu\\\/comunicatistampa\\\/#\\\/schema\\\/person\\\/c0aa725eee5df8460e0adf901fde0c88\"},\"headline\":\"Giornata Mondiale dell&#8217;Attivit\u00e0 Fisica: \u201cOgni movimento conta!\u201d\",\"datePublished\":\"2021-04-01T12:57:34+00:00\",\"mainEntityOfPage\":{\"@id\":\"https:\\\/\\\/www.article-marketing.eu\\\/comunicatistampa\\\/giornata-mondiale-dellattivita-fisica-ogni-movimento-conta\\\/\"},\"wordCount\":719,\"commentCount\":0,\"keywords\":[\"#atspavia\",\"#giornatamondialedell\u2019attivit\u00e0fisica\"],\"articleSection\":[\"Salute e benessere\",\"Sport\"],\"inLanguage\":\"it-IT\",\"potentialAction\":[{\"@type\":\"CommentAction\",\"name\":\"Comment\",\"target\":[\"https:\\\/\\\/www.article-marketing.eu\\\/comunicatistampa\\\/giornata-mondiale-dellattivita-fisica-ogni-movimento-conta\\\/#respond\"]}]},{\"@type\":\"WebPage\",\"@id\":\"https:\\\/\\\/www.article-marketing.eu\\\/comunicatistampa\\\/giornata-mondiale-dellattivita-fisica-ogni-movimento-conta\\\/\",\"url\":\"https:\\\/\\\/www.article-marketing.eu\\\/comunicatistampa\\\/giornata-mondiale-dellattivita-fisica-ogni-movimento-conta\\\/\",\"name\":\"Giornata Mondiale dell'Attivit\u00e0 Fisica: \u201cOgni movimento conta!\u201d\",\"isPartOf\":{\"@id\":\"https:\\\/\\\/www.article-marketing.eu\\\/comunicatistampa\\\/#website\"},\"datePublished\":\"2021-04-01T12:57:34+00:00\",\"author\":{\"@id\":\"https:\\\/\\\/www.article-marketing.eu\\\/comunicatistampa\\\/#\\\/schema\\\/person\\\/c0aa725eee5df8460e0adf901fde0c88\"},\"breadcrumb\":{\"@id\":\"https:\\\/\\\/www.article-marketing.eu\\\/comunicatistampa\\\/giornata-mondiale-dellattivita-fisica-ogni-movimento-conta\\\/#breadcrumb\"},\"inLanguage\":\"it-IT\",\"potentialAction\":[{\"@type\":\"ReadAction\",\"target\":[\"https:\\\/\\\/www.article-marketing.eu\\\/comunicatistampa\\\/giornata-mondiale-dellattivita-fisica-ogni-movimento-conta\\\/\"]}]},{\"@type\":\"BreadcrumbList\",\"@id\":\"https:\\\/\\\/www.article-marketing.eu\\\/comunicatistampa\\\/giornata-mondiale-dellattivita-fisica-ogni-movimento-conta\\\/#breadcrumb\",\"itemListElement\":[{\"@type\":\"ListItem\",\"position\":1,\"name\":\"Home\",\"item\":\"https:\\\/\\\/www.article-marketing.eu\\\/comunicatistampa\\\/\"},{\"@type\":\"ListItem\",\"position\":2,\"name\":\"Giornata Mondiale dell&#8217;Attivit\u00e0 Fisica: \u201cOgni movimento conta!\u201d\"}]},{\"@type\":\"WebSite\",\"@id\":\"https:\\\/\\\/www.article-marketing.eu\\\/comunicatistampa\\\/#website\",\"url\":\"https:\\\/\\\/www.article-marketing.eu\\\/comunicatistampa\\\/\",\"name\":\"Article Marketing\",\"description\":\"article marketing &amp; press release\",\"potentialAction\":[{\"@type\":\"SearchAction\",\"target\":{\"@type\":\"EntryPoint\",\"urlTemplate\":\"https:\\\/\\\/www.article-marketing.eu\\\/comunicatistampa\\\/?s={search_term_string}\"},\"query-input\":{\"@type\":\"PropertyValueSpecification\",\"valueRequired\":true,\"valueName\":\"search_term_string\"}}],\"inLanguage\":\"it-IT\"},{\"@type\":\"Person\",\"@id\":\"https:\\\/\\\/www.article-marketing.eu\\\/comunicatistampa\\\/#\\\/schema\\\/person\\\/c0aa725eee5df8460e0adf901fde0c88\",\"name\":\"Redaclem\",\"image\":{\"@type\":\"ImageObject\",\"inLanguage\":\"it-IT\",\"@id\":\"https:\\\/\\\/secure.gravatar.com\\\/avatar\\\/4c7e41f332a0583344a91d7d39723533da9b2d0df7737c2d8c69553168c2191e?s=96&d=mm&r=g\",\"url\":\"https:\\\/\\\/secure.gravatar.com\\\/avatar\\\/4c7e41f332a0583344a91d7d39723533da9b2d0df7737c2d8c69553168c2191e?s=96&d=mm&r=g\",\"contentUrl\":\"https:\\\/\\\/secure.gravatar.com\\\/avatar\\\/4c7e41f332a0583344a91d7d39723533da9b2d0df7737c2d8c69553168c2191e?s=96&d=mm&r=g\",\"caption\":\"Redaclem\"},\"url\":\"https:\\\/\\\/www.article-marketing.eu\\\/comunicatistampa\\\/author\\\/redaclem\\\/\"}]}<\/script>\n<!-- \/ Yoast SEO plugin. -->","yoast_head_json":{"title":"Giornata Mondiale dell'Attivit\u00e0 Fisica: \u201cOgni movimento conta!\u201d","robots":{"index":"index","follow":"follow","max-snippet":"max-snippet:-1","max-image-preview":"max-image-preview:large","max-video-preview":"max-video-preview:-1"},"canonical":"https:\/\/www.article-marketing.eu\/comunicatistampa\/giornata-mondiale-dellattivita-fisica-ogni-movimento-conta\/","og_locale":"it_IT","og_type":"article","og_title":"Giornata Mondiale dell'Attivit\u00e0 Fisica: \u201cOgni movimento conta!\u201d","og_description":"In occasione della Giornata Mondiale dell\u2019Attivit\u00e0 Fisica, che si terr\u00e0 il prossimo 6 aprile su iniziativa dell\u2019Organizzazione Mondiale della Salute (OMS), ATS Pavia promuove il decalogo \u201cOgni movimento conta!\u201d. Obiettivo, incentivare a svolgere una regolare attivit\u00e0 fisica a beneficio dello stile di vita e della propria salute, nonostante l\u2019emergenza sanitaria causata dal\u00a0Covid-19 e i provvedimenti restrittivi per fronteggiarla che hanno determinato una limitazione del movimento e dell\u2019attivit\u00e0 fisica e unaContinue reading...","og_url":"https:\/\/www.article-marketing.eu\/comunicatistampa\/giornata-mondiale-dellattivita-fisica-ogni-movimento-conta\/","og_site_name":"Article Marketing","article_published_time":"2021-04-01T12:57:34+00:00","author":"Redaclem","twitter_card":"summary_large_image","twitter_misc":{"Scritto da":"Redaclem","Tempo di lettura stimato":"4 minuti"},"schema":{"@context":"https:\/\/schema.org","@graph":[{"@type":"Article","@id":"https:\/\/www.article-marketing.eu\/comunicatistampa\/giornata-mondiale-dellattivita-fisica-ogni-movimento-conta\/#article","isPartOf":{"@id":"https:\/\/www.article-marketing.eu\/comunicatistampa\/giornata-mondiale-dellattivita-fisica-ogni-movimento-conta\/"},"author":{"name":"Redaclem","@id":"https:\/\/www.article-marketing.eu\/comunicatistampa\/#\/schema\/person\/c0aa725eee5df8460e0adf901fde0c88"},"headline":"Giornata Mondiale dell&#8217;Attivit\u00e0 Fisica: \u201cOgni movimento conta!\u201d","datePublished":"2021-04-01T12:57:34+00:00","mainEntityOfPage":{"@id":"https:\/\/www.article-marketing.eu\/comunicatistampa\/giornata-mondiale-dellattivita-fisica-ogni-movimento-conta\/"},"wordCount":719,"commentCount":0,"keywords":["#atspavia","#giornatamondialedell\u2019attivit\u00e0fisica"],"articleSection":["Salute e benessere","Sport"],"inLanguage":"it-IT","potentialAction":[{"@type":"CommentAction","name":"Comment","target":["https:\/\/www.article-marketing.eu\/comunicatistampa\/giornata-mondiale-dellattivita-fisica-ogni-movimento-conta\/#respond"]}]},{"@type":"WebPage","@id":"https:\/\/www.article-marketing.eu\/comunicatistampa\/giornata-mondiale-dellattivita-fisica-ogni-movimento-conta\/","url":"https:\/\/www.article-marketing.eu\/comunicatistampa\/giornata-mondiale-dellattivita-fisica-ogni-movimento-conta\/","name":"Giornata Mondiale dell'Attivit\u00e0 Fisica: \u201cOgni movimento conta!\u201d","isPartOf":{"@id":"https:\/\/www.article-marketing.eu\/comunicatistampa\/#website"},"datePublished":"2021-04-01T12:57:34+00:00","author":{"@id":"https:\/\/www.article-marketing.eu\/comunicatistampa\/#\/schema\/person\/c0aa725eee5df8460e0adf901fde0c88"},"breadcrumb":{"@id":"https:\/\/www.article-marketing.eu\/comunicatistampa\/giornata-mondiale-dellattivita-fisica-ogni-movimento-conta\/#breadcrumb"},"inLanguage":"it-IT","potentialAction":[{"@type":"ReadAction","target":["https:\/\/www.article-marketing.eu\/comunicatistampa\/giornata-mondiale-dellattivita-fisica-ogni-movimento-conta\/"]}]},{"@type":"BreadcrumbList","@id":"https:\/\/www.article-marketing.eu\/comunicatistampa\/giornata-mondiale-dellattivita-fisica-ogni-movimento-conta\/#breadcrumb","itemListElement":[{"@type":"ListItem","position":1,"name":"Home","item":"https:\/\/www.article-marketing.eu\/comunicatistampa\/"},{"@type":"ListItem","position":2,"name":"Giornata Mondiale dell&#8217;Attivit\u00e0 Fisica: \u201cOgni movimento conta!\u201d"}]},{"@type":"WebSite","@id":"https:\/\/www.article-marketing.eu\/comunicatistampa\/#website","url":"https:\/\/www.article-marketing.eu\/comunicatistampa\/","name":"Article Marketing","description":"article marketing &amp; press release","potentialAction":[{"@type":"SearchAction","target":{"@type":"EntryPoint","urlTemplate":"https:\/\/www.article-marketing.eu\/comunicatistampa\/?s={search_term_string}"},"query-input":{"@type":"PropertyValueSpecification","valueRequired":true,"valueName":"search_term_string"}}],"inLanguage":"it-IT"},{"@type":"Person","@id":"https:\/\/www.article-marketing.eu\/comunicatistampa\/#\/schema\/person\/c0aa725eee5df8460e0adf901fde0c88","name":"Redaclem","image":{"@type":"ImageObject","inLanguage":"it-IT","@id":"https:\/\/secure.gravatar.com\/avatar\/4c7e41f332a0583344a91d7d39723533da9b2d0df7737c2d8c69553168c2191e?s=96&d=mm&r=g","url":"https:\/\/secure.gravatar.com\/avatar\/4c7e41f332a0583344a91d7d39723533da9b2d0df7737c2d8c69553168c2191e?s=96&d=mm&r=g","contentUrl":"https:\/\/secure.gravatar.com\/avatar\/4c7e41f332a0583344a91d7d39723533da9b2d0df7737c2d8c69553168c2191e?s=96&d=mm&r=g","caption":"Redaclem"},"url":"https:\/\/www.article-marketing.eu\/comunicatistampa\/author\/redaclem\/"}]}},"_links":{"self":[{"href":"https:\/\/www.article-marketing.eu\/comunicatistampa\/wp-json\/wp\/v2\/posts\/18134","targetHints":{"allow":["GET"]}}],"collection":[{"href":"https:\/\/www.article-marketing.eu\/comunicatistampa\/wp-json\/wp\/v2\/posts"}],"about":[{"href":"https:\/\/www.article-marketing.eu\/comunicatistampa\/wp-json\/wp\/v2\/types\/post"}],"author":[{"embeddable":true,"href":"https:\/\/www.article-marketing.eu\/comunicatistampa\/wp-json\/wp\/v2\/users\/1855"}],"replies":[{"embeddable":true,"href":"https:\/\/www.article-marketing.eu\/comunicatistampa\/wp-json\/wp\/v2\/comments?post=18134"}],"version-history":[{"count":2,"href":"https:\/\/www.article-marketing.eu\/comunicatistampa\/wp-json\/wp\/v2\/posts\/18134\/revisions"}],"predecessor-version":[{"id":18147,"href":"https:\/\/www.article-marketing.eu\/comunicatistampa\/wp-json\/wp\/v2\/posts\/18134\/revisions\/18147"}],"wp:attachment":[{"href":"https:\/\/www.article-marketing.eu\/comunicatistampa\/wp-json\/wp\/v2\/media?parent=18134"}],"wp:term":[{"taxonomy":"category","embeddable":true,"href":"https:\/\/www.article-marketing.eu\/comunicatistampa\/wp-json\/wp\/v2\/categories?post=18134"},{"taxonomy":"post_tag","embeddable":true,"href":"https:\/\/www.article-marketing.eu\/comunicatistampa\/wp-json\/wp\/v2\/tags?post=18134"}],"curies":[{"name":"wp","href":"https:\/\/api.w.org\/{rel}","templated":true}]}}