{"id":18185,"date":"2021-04-08T10:37:08","date_gmt":"2021-04-08T08:37:08","guid":{"rendered":"https:\/\/www.article-marketing.eu\/comunicatistampa\/?p=18185"},"modified":"2021-04-17T16:28:12","modified_gmt":"2021-04-17T14:28:12","slug":"storie-di-umanita-fotografi-per-medici-senza-frontiere-al-via-la-prima-edizione-dellopen-call-per-fotografi-under-30","status":"publish","type":"post","link":"https:\/\/www.article-marketing.eu\/comunicatistampa\/storie-di-umanita-fotografi-per-medici-senza-frontiere-al-via-la-prima-edizione-dellopen-call-per-fotografi-under-30\/","title":{"rendered":"\u201cStorie di umanit\u00e0. Fotografi per Medici Senza Frontiere\u201d Al via la prima edizione dell\u2019Open Call per fotografi under 30"},"content":{"rendered":"<p><span style=\"font-weight: 400;\">Si aprono oggi le iscrizioni alla prima edizione dell\u2019Open Call di fotografia\u00a0<\/span><b>\u201cStorie di umanit\u00e0. Fotografi per Medici Senza Frontiere\u201d<\/b><span style=\"font-weight: 400;\">, lanciata dall\u2019organizzazione medico-umanitaria nell\u2019ambito delle iniziative dedicate alla celebrazione del suo cinquantesimo anniversario e realizzata in collaborazione con il festival internazionale di visual narrative <\/span><b>Cortona On The Move<\/b><span style=\"font-weight: 400;\">.\u00a0<\/span><\/p>\n<p><span style=\"font-weight: 400;\">Il contest, rivolto a\u00a0<\/span><b>fotografi amatoriali e professionisti<\/b><span style=\"font-weight: 400;\">\u00a0residenti in Italia di et\u00e0 compresa tra i 18 e i 30 anni, intende promuovere una riflessione collettiva sulla solidariet\u00e0 e l\u2019attenzione verso i pi\u00f9 vulnerabili attraverso la fotografia. \u201cStorie di umanit\u00e0\u201d \u00e8 un tema ampio che permetter\u00e0 ai partecipanti di esprimere con la massima libert\u00e0 espressiva il proprio punto di vista sulla condizione umana e l\u2019aiuto tra persone.<\/span><\/p>\n<p><span style=\"font-weight: 400;\">La giuria, composta da <\/span><b>Arianna Rinaldo,<\/b><span style=\"font-weight: 400;\">\u00a0direttrice artistica\u00a0<\/span><b>Cortona On The Move<\/b><span style=\"font-weight: 400;\">;<\/span><b> Renata Ferri,<\/b><span style=\"font-weight: 400;\">\u00a0photo editor\u00a0di <\/span><b>Io Donna\/Corriere della Sera<\/b><span style=\"font-weight: 400;\">; <\/span><b>Rosy Santella,<\/b><span style=\"font-weight: 400;\">\u00a0photo editor di <\/span><b>Internazionale<\/b><span style=\"font-weight: 400;\">; <\/span><b>Francesca Mapelli, <\/b><span style=\"font-weight: 400;\">direttrice comunicazione MSF; <\/span><b>Giuseppe La Rosa, <\/b><span style=\"font-weight: 400;\">multimedia content manager MSF, premier\u00e0 <\/span><b>tre fotografi<\/b><span style=\"font-weight: 400;\"> con l\u2019incarico di realizzare<\/span><b>\u00a0<\/b><span style=\"font-weight: 400;\">un\u00a0<\/span><b>reportage per documentare il lavoro di MSF <\/b><span style=\"font-weight: 400;\">sul campo. Il primo classificato potr\u00e0 documentare un progetto in uno degli 87\u00a0Paesi dove opera MSF, mentre\u00a0il secondo e il terzo visiteranno i progetti in Italia.<\/span><\/p>\n<p><span style=\"font-weight: 400;\">\u201c<\/span><i><span style=\"font-weight: 400;\">Quando una notizia non \u00e8 presente sui media e sui social, non lo sono neanche le popolazioni vittime di violenze, conflitti ed epidemie. Curare e testimoniare sono elementi fondamentali del DNA di MSF, che da sempre collabora con il mondo della fotografia per rappresentare emergenze vicine o lontane e portarle all\u2019attenzione del pubblico, attraverso un linguaggio coinvolgente come l\u2019immagine<\/span><\/i><span style=\"font-weight: 400;\">\u201d dichiara <\/span><b>Giuseppe La Rosa<\/b><span style=\"font-weight: 400;\">,<\/span><b> multimedia content manager <\/b><span style=\"font-weight: 400;\">di <\/span><b>MSF<\/b><span style=\"font-weight: 400;\">.\u00a0<\/span><\/p>\n<p><span style=\"font-weight: 400;\">\u201c<\/span><i><span style=\"font-weight: 400;\">Da sempre il festival internazionale di visual narrarive Cortona On The Move ospita storie che raccontano il mondo contemporaneo nella sua complessit\u00e0 e nelle sue contraddizioni. La collaborazione con Medici Senza Frontiere ci rende molto orgogliosi e rappresenta un riconoscimento importante al lavoro fatto negli anni. Siamo felici di dare la possibilit\u00e0 a fotografi under 30 di mettere alla prova il loro talento in contesti di difficile accesso come quelli in cui opera Medici Senza Frontiere<\/span><\/i><span style=\"font-weight: 400;\">\u201d dichiara <\/span><b>Antonio Carloni<\/b><span style=\"font-weight: 400;\">, <\/span><b>Direttore<\/b><span style=\"font-weight: 400;\"> di <\/span><b>Cortona On the Move<\/b><span style=\"font-weight: 400;\">.<\/span><\/p>\n<p><b>Le iscrizioni<span style=\"font-weight: 400;\">\u00a0sono\u00a0<\/span>aperte dal\u00a06 aprile al 5 giugno 2021.<\/b><\/p>\n","protected":false},"excerpt":{"rendered":"<p>Si aprono oggi le iscrizioni alla prima edizione dell\u2019Open Call di fotografia\u00a0\u201cStorie di umanit\u00e0. Fotografi per Medici Senza Frontiere\u201d, lanciata dall\u2019organizzazione medico-umanitaria nell\u2019ambito delle iniziative dedicate alla celebrazione del suo cinquantesimo anniversario e realizzata in collaborazione con il festival internazionale di visual narrative Cortona On The Move.\u00a0 Il contest, rivolto a\u00a0fotografi amatoriali e professionisti\u00a0residenti in Italia di et\u00e0 compresa tra i 18 e i 30 anni, intende promuovere una riflessione<\/p>\n<p><a class=\"continue-reading\" href=\"https:\/\/www.article-marketing.eu\/comunicatistampa\/storie-di-umanita-fotografi-per-medici-senza-frontiere-al-via-la-prima-edizione-dellopen-call-per-fotografi-under-30\/\">Continue reading&#8230;<\/a><\/p>\n","protected":false},"author":1855,"featured_media":0,"comment_status":"open","ping_status":"open","sticky":false,"template":"","format":"standard","meta":{"_monsterinsights_skip_tracking":false,"_monsterinsights_sitenote_active":false,"_monsterinsights_sitenote_note":"","_monsterinsights_sitenote_category":0,"footnotes":""},"categories":[6466,407],"tags":[7674,515,516],"class_list":["post-18185","post","type-post","status-publish","format-standard","hentry","category-_r04","category-arte-e-cultura","tag-msf","tag-concorso","tag-fotografia"],"yoast_head":"<!-- This site is optimized with the Yoast SEO plugin v27.3 - https:\/\/yoast.com\/product\/yoast-seo-wordpress\/ -->\n<title>\u201cStorie di umanit\u00e0. Fotografi per Medici Senza Frontiere\u201d Al via la prima edizione dell\u2019Open Call per fotografi under 30<\/title>\n<meta name=\"robots\" content=\"index, follow, max-snippet:-1, max-image-preview:large, max-video-preview:-1\" \/>\n<link rel=\"canonical\" href=\"https:\/\/www.article-marketing.eu\/comunicatistampa\/storie-di-umanita-fotografi-per-medici-senza-frontiere-al-via-la-prima-edizione-dellopen-call-per-fotografi-under-30\/\" \/>\n<meta property=\"og:locale\" content=\"it_IT\" \/>\n<meta property=\"og:type\" content=\"article\" \/>\n<meta property=\"og:title\" content=\"\u201cStorie di umanit\u00e0. Fotografi per Medici Senza Frontiere\u201d Al via la prima edizione dell\u2019Open Call per fotografi under 30\" \/>\n<meta property=\"og:description\" content=\"Si aprono oggi le iscrizioni alla prima edizione dell\u2019Open Call di fotografia\u00a0\u201cStorie di umanit\u00e0. Fotografi per Medici Senza Frontiere\u201d, lanciata dall\u2019organizzazione medico-umanitaria nell\u2019ambito delle iniziative dedicate alla celebrazione del suo cinquantesimo anniversario e realizzata in collaborazione con il festival internazionale di visual narrative Cortona On The Move.\u00a0 Il contest, rivolto a\u00a0fotografi amatoriali e professionisti\u00a0residenti in Italia di et\u00e0 compresa tra i 18 e i 30 anni, intende promuovere una riflessioneContinue reading...\" \/>\n<meta property=\"og:url\" content=\"https:\/\/www.article-marketing.eu\/comunicatistampa\/storie-di-umanita-fotografi-per-medici-senza-frontiere-al-via-la-prima-edizione-dellopen-call-per-fotografi-under-30\/\" \/>\n<meta property=\"og:site_name\" content=\"Article Marketing\" \/>\n<meta property=\"article:published_time\" content=\"2021-04-08T08:37:08+00:00\" \/>\n<meta property=\"article:modified_time\" content=\"2021-04-17T14:28:12+00:00\" \/>\n<meta name=\"author\" content=\"Redaclem\" \/>\n<meta name=\"twitter:card\" content=\"summary_large_image\" \/>\n<meta name=\"twitter:label1\" content=\"Scritto da\" \/>\n\t<meta name=\"twitter:data1\" content=\"Redaclem\" \/>\n\t<meta name=\"twitter:label2\" content=\"Tempo di lettura stimato\" \/>\n\t<meta name=\"twitter:data2\" content=\"2 minuti\" \/>\n<script type=\"application\/ld+json\" class=\"yoast-schema-graph\">{\"@context\":\"https:\\\/\\\/schema.org\",\"@graph\":[{\"@type\":\"Article\",\"@id\":\"https:\\\/\\\/www.article-marketing.eu\\\/comunicatistampa\\\/storie-di-umanita-fotografi-per-medici-senza-frontiere-al-via-la-prima-edizione-dellopen-call-per-fotografi-under-30\\\/#article\",\"isPartOf\":{\"@id\":\"https:\\\/\\\/www.article-marketing.eu\\\/comunicatistampa\\\/storie-di-umanita-fotografi-per-medici-senza-frontiere-al-via-la-prima-edizione-dellopen-call-per-fotografi-under-30\\\/\"},\"author\":{\"name\":\"Redaclem\",\"@id\":\"https:\\\/\\\/www.article-marketing.eu\\\/comunicatistampa\\\/#\\\/schema\\\/person\\\/c0aa725eee5df8460e0adf901fde0c88\"},\"headline\":\"\u201cStorie di umanit\u00e0. Fotografi per Medici Senza Frontiere\u201d Al via la prima edizione dell\u2019Open Call per fotografi under 30\",\"datePublished\":\"2021-04-08T08:37:08+00:00\",\"dateModified\":\"2021-04-17T14:28:12+00:00\",\"mainEntityOfPage\":{\"@id\":\"https:\\\/\\\/www.article-marketing.eu\\\/comunicatistampa\\\/storie-di-umanita-fotografi-per-medici-senza-frontiere-al-via-la-prima-edizione-dellopen-call-per-fotografi-under-30\\\/\"},\"wordCount\":380,\"commentCount\":0,\"keywords\":[\"#msf\",\"Concorso\",\"Fotografia\"],\"articleSection\":[\"_R04\",\"Arte e cultura\"],\"inLanguage\":\"it-IT\",\"potentialAction\":[{\"@type\":\"CommentAction\",\"name\":\"Comment\",\"target\":[\"https:\\\/\\\/www.article-marketing.eu\\\/comunicatistampa\\\/storie-di-umanita-fotografi-per-medici-senza-frontiere-al-via-la-prima-edizione-dellopen-call-per-fotografi-under-30\\\/#respond\"]}]},{\"@type\":\"WebPage\",\"@id\":\"https:\\\/\\\/www.article-marketing.eu\\\/comunicatistampa\\\/storie-di-umanita-fotografi-per-medici-senza-frontiere-al-via-la-prima-edizione-dellopen-call-per-fotografi-under-30\\\/\",\"url\":\"https:\\\/\\\/www.article-marketing.eu\\\/comunicatistampa\\\/storie-di-umanita-fotografi-per-medici-senza-frontiere-al-via-la-prima-edizione-dellopen-call-per-fotografi-under-30\\\/\",\"name\":\"\u201cStorie di umanit\u00e0. Fotografi per Medici Senza Frontiere\u201d Al via la prima edizione dell\u2019Open Call per fotografi under 30\",\"isPartOf\":{\"@id\":\"https:\\\/\\\/www.article-marketing.eu\\\/comunicatistampa\\\/#website\"},\"datePublished\":\"2021-04-08T08:37:08+00:00\",\"dateModified\":\"2021-04-17T14:28:12+00:00\",\"author\":{\"@id\":\"https:\\\/\\\/www.article-marketing.eu\\\/comunicatistampa\\\/#\\\/schema\\\/person\\\/c0aa725eee5df8460e0adf901fde0c88\"},\"breadcrumb\":{\"@id\":\"https:\\\/\\\/www.article-marketing.eu\\\/comunicatistampa\\\/storie-di-umanita-fotografi-per-medici-senza-frontiere-al-via-la-prima-edizione-dellopen-call-per-fotografi-under-30\\\/#breadcrumb\"},\"inLanguage\":\"it-IT\",\"potentialAction\":[{\"@type\":\"ReadAction\",\"target\":[\"https:\\\/\\\/www.article-marketing.eu\\\/comunicatistampa\\\/storie-di-umanita-fotografi-per-medici-senza-frontiere-al-via-la-prima-edizione-dellopen-call-per-fotografi-under-30\\\/\"]}]},{\"@type\":\"BreadcrumbList\",\"@id\":\"https:\\\/\\\/www.article-marketing.eu\\\/comunicatistampa\\\/storie-di-umanita-fotografi-per-medici-senza-frontiere-al-via-la-prima-edizione-dellopen-call-per-fotografi-under-30\\\/#breadcrumb\",\"itemListElement\":[{\"@type\":\"ListItem\",\"position\":1,\"name\":\"Home\",\"item\":\"https:\\\/\\\/www.article-marketing.eu\\\/comunicatistampa\\\/\"},{\"@type\":\"ListItem\",\"position\":2,\"name\":\"\u201cStorie di umanit\u00e0. Fotografi per Medici Senza Frontiere\u201d Al via la prima edizione dell\u2019Open Call per fotografi under 30\"}]},{\"@type\":\"WebSite\",\"@id\":\"https:\\\/\\\/www.article-marketing.eu\\\/comunicatistampa\\\/#website\",\"url\":\"https:\\\/\\\/www.article-marketing.eu\\\/comunicatistampa\\\/\",\"name\":\"Article Marketing\",\"description\":\"article marketing &amp; press release\",\"potentialAction\":[{\"@type\":\"SearchAction\",\"target\":{\"@type\":\"EntryPoint\",\"urlTemplate\":\"https:\\\/\\\/www.article-marketing.eu\\\/comunicatistampa\\\/?s={search_term_string}\"},\"query-input\":{\"@type\":\"PropertyValueSpecification\",\"valueRequired\":true,\"valueName\":\"search_term_string\"}}],\"inLanguage\":\"it-IT\"},{\"@type\":\"Person\",\"@id\":\"https:\\\/\\\/www.article-marketing.eu\\\/comunicatistampa\\\/#\\\/schema\\\/person\\\/c0aa725eee5df8460e0adf901fde0c88\",\"name\":\"Redaclem\",\"image\":{\"@type\":\"ImageObject\",\"inLanguage\":\"it-IT\",\"@id\":\"https:\\\/\\\/secure.gravatar.com\\\/avatar\\\/4c7e41f332a0583344a91d7d39723533da9b2d0df7737c2d8c69553168c2191e?s=96&d=mm&r=g\",\"url\":\"https:\\\/\\\/secure.gravatar.com\\\/avatar\\\/4c7e41f332a0583344a91d7d39723533da9b2d0df7737c2d8c69553168c2191e?s=96&d=mm&r=g\",\"contentUrl\":\"https:\\\/\\\/secure.gravatar.com\\\/avatar\\\/4c7e41f332a0583344a91d7d39723533da9b2d0df7737c2d8c69553168c2191e?s=96&d=mm&r=g\",\"caption\":\"Redaclem\"},\"url\":\"https:\\\/\\\/www.article-marketing.eu\\\/comunicatistampa\\\/author\\\/redaclem\\\/\"}]}<\/script>\n<!-- \/ Yoast SEO plugin. -->","yoast_head_json":{"title":"\u201cStorie di umanit\u00e0. Fotografi per Medici Senza Frontiere\u201d Al via la prima edizione dell\u2019Open Call per fotografi under 30","robots":{"index":"index","follow":"follow","max-snippet":"max-snippet:-1","max-image-preview":"max-image-preview:large","max-video-preview":"max-video-preview:-1"},"canonical":"https:\/\/www.article-marketing.eu\/comunicatistampa\/storie-di-umanita-fotografi-per-medici-senza-frontiere-al-via-la-prima-edizione-dellopen-call-per-fotografi-under-30\/","og_locale":"it_IT","og_type":"article","og_title":"\u201cStorie di umanit\u00e0. Fotografi per Medici Senza Frontiere\u201d Al via la prima edizione dell\u2019Open Call per fotografi under 30","og_description":"Si aprono oggi le iscrizioni alla prima edizione dell\u2019Open Call di fotografia\u00a0\u201cStorie di umanit\u00e0. Fotografi per Medici Senza Frontiere\u201d, lanciata dall\u2019organizzazione medico-umanitaria nell\u2019ambito delle iniziative dedicate alla celebrazione del suo cinquantesimo anniversario e realizzata in collaborazione con il festival internazionale di visual narrative Cortona On The Move.\u00a0 Il contest, rivolto a\u00a0fotografi amatoriali e professionisti\u00a0residenti in Italia di et\u00e0 compresa tra i 18 e i 30 anni, intende promuovere una riflessioneContinue reading...","og_url":"https:\/\/www.article-marketing.eu\/comunicatistampa\/storie-di-umanita-fotografi-per-medici-senza-frontiere-al-via-la-prima-edizione-dellopen-call-per-fotografi-under-30\/","og_site_name":"Article Marketing","article_published_time":"2021-04-08T08:37:08+00:00","article_modified_time":"2021-04-17T14:28:12+00:00","author":"Redaclem","twitter_card":"summary_large_image","twitter_misc":{"Scritto da":"Redaclem","Tempo di lettura stimato":"2 minuti"},"schema":{"@context":"https:\/\/schema.org","@graph":[{"@type":"Article","@id":"https:\/\/www.article-marketing.eu\/comunicatistampa\/storie-di-umanita-fotografi-per-medici-senza-frontiere-al-via-la-prima-edizione-dellopen-call-per-fotografi-under-30\/#article","isPartOf":{"@id":"https:\/\/www.article-marketing.eu\/comunicatistampa\/storie-di-umanita-fotografi-per-medici-senza-frontiere-al-via-la-prima-edizione-dellopen-call-per-fotografi-under-30\/"},"author":{"name":"Redaclem","@id":"https:\/\/www.article-marketing.eu\/comunicatistampa\/#\/schema\/person\/c0aa725eee5df8460e0adf901fde0c88"},"headline":"\u201cStorie di umanit\u00e0. Fotografi per Medici Senza Frontiere\u201d Al via la prima edizione dell\u2019Open Call per fotografi under 30","datePublished":"2021-04-08T08:37:08+00:00","dateModified":"2021-04-17T14:28:12+00:00","mainEntityOfPage":{"@id":"https:\/\/www.article-marketing.eu\/comunicatistampa\/storie-di-umanita-fotografi-per-medici-senza-frontiere-al-via-la-prima-edizione-dellopen-call-per-fotografi-under-30\/"},"wordCount":380,"commentCount":0,"keywords":["#msf","Concorso","Fotografia"],"articleSection":["_R04","Arte e cultura"],"inLanguage":"it-IT","potentialAction":[{"@type":"CommentAction","name":"Comment","target":["https:\/\/www.article-marketing.eu\/comunicatistampa\/storie-di-umanita-fotografi-per-medici-senza-frontiere-al-via-la-prima-edizione-dellopen-call-per-fotografi-under-30\/#respond"]}]},{"@type":"WebPage","@id":"https:\/\/www.article-marketing.eu\/comunicatistampa\/storie-di-umanita-fotografi-per-medici-senza-frontiere-al-via-la-prima-edizione-dellopen-call-per-fotografi-under-30\/","url":"https:\/\/www.article-marketing.eu\/comunicatistampa\/storie-di-umanita-fotografi-per-medici-senza-frontiere-al-via-la-prima-edizione-dellopen-call-per-fotografi-under-30\/","name":"\u201cStorie di umanit\u00e0. Fotografi per Medici Senza Frontiere\u201d Al via la prima edizione dell\u2019Open Call per fotografi under 30","isPartOf":{"@id":"https:\/\/www.article-marketing.eu\/comunicatistampa\/#website"},"datePublished":"2021-04-08T08:37:08+00:00","dateModified":"2021-04-17T14:28:12+00:00","author":{"@id":"https:\/\/www.article-marketing.eu\/comunicatistampa\/#\/schema\/person\/c0aa725eee5df8460e0adf901fde0c88"},"breadcrumb":{"@id":"https:\/\/www.article-marketing.eu\/comunicatistampa\/storie-di-umanita-fotografi-per-medici-senza-frontiere-al-via-la-prima-edizione-dellopen-call-per-fotografi-under-30\/#breadcrumb"},"inLanguage":"it-IT","potentialAction":[{"@type":"ReadAction","target":["https:\/\/www.article-marketing.eu\/comunicatistampa\/storie-di-umanita-fotografi-per-medici-senza-frontiere-al-via-la-prima-edizione-dellopen-call-per-fotografi-under-30\/"]}]},{"@type":"BreadcrumbList","@id":"https:\/\/www.article-marketing.eu\/comunicatistampa\/storie-di-umanita-fotografi-per-medici-senza-frontiere-al-via-la-prima-edizione-dellopen-call-per-fotografi-under-30\/#breadcrumb","itemListElement":[{"@type":"ListItem","position":1,"name":"Home","item":"https:\/\/www.article-marketing.eu\/comunicatistampa\/"},{"@type":"ListItem","position":2,"name":"\u201cStorie di umanit\u00e0. Fotografi per Medici Senza Frontiere\u201d Al via la prima edizione dell\u2019Open Call per fotografi under 30"}]},{"@type":"WebSite","@id":"https:\/\/www.article-marketing.eu\/comunicatistampa\/#website","url":"https:\/\/www.article-marketing.eu\/comunicatistampa\/","name":"Article Marketing","description":"article marketing &amp; press release","potentialAction":[{"@type":"SearchAction","target":{"@type":"EntryPoint","urlTemplate":"https:\/\/www.article-marketing.eu\/comunicatistampa\/?s={search_term_string}"},"query-input":{"@type":"PropertyValueSpecification","valueRequired":true,"valueName":"search_term_string"}}],"inLanguage":"it-IT"},{"@type":"Person","@id":"https:\/\/www.article-marketing.eu\/comunicatistampa\/#\/schema\/person\/c0aa725eee5df8460e0adf901fde0c88","name":"Redaclem","image":{"@type":"ImageObject","inLanguage":"it-IT","@id":"https:\/\/secure.gravatar.com\/avatar\/4c7e41f332a0583344a91d7d39723533da9b2d0df7737c2d8c69553168c2191e?s=96&d=mm&r=g","url":"https:\/\/secure.gravatar.com\/avatar\/4c7e41f332a0583344a91d7d39723533da9b2d0df7737c2d8c69553168c2191e?s=96&d=mm&r=g","contentUrl":"https:\/\/secure.gravatar.com\/avatar\/4c7e41f332a0583344a91d7d39723533da9b2d0df7737c2d8c69553168c2191e?s=96&d=mm&r=g","caption":"Redaclem"},"url":"https:\/\/www.article-marketing.eu\/comunicatistampa\/author\/redaclem\/"}]}},"_links":{"self":[{"href":"https:\/\/www.article-marketing.eu\/comunicatistampa\/wp-json\/wp\/v2\/posts\/18185","targetHints":{"allow":["GET"]}}],"collection":[{"href":"https:\/\/www.article-marketing.eu\/comunicatistampa\/wp-json\/wp\/v2\/posts"}],"about":[{"href":"https:\/\/www.article-marketing.eu\/comunicatistampa\/wp-json\/wp\/v2\/types\/post"}],"author":[{"embeddable":true,"href":"https:\/\/www.article-marketing.eu\/comunicatistampa\/wp-json\/wp\/v2\/users\/1855"}],"replies":[{"embeddable":true,"href":"https:\/\/www.article-marketing.eu\/comunicatistampa\/wp-json\/wp\/v2\/comments?post=18185"}],"version-history":[{"count":2,"href":"https:\/\/www.article-marketing.eu\/comunicatistampa\/wp-json\/wp\/v2\/posts\/18185\/revisions"}],"predecessor-version":[{"id":18224,"href":"https:\/\/www.article-marketing.eu\/comunicatistampa\/wp-json\/wp\/v2\/posts\/18185\/revisions\/18224"}],"wp:attachment":[{"href":"https:\/\/www.article-marketing.eu\/comunicatistampa\/wp-json\/wp\/v2\/media?parent=18185"}],"wp:term":[{"taxonomy":"category","embeddable":true,"href":"https:\/\/www.article-marketing.eu\/comunicatistampa\/wp-json\/wp\/v2\/categories?post=18185"},{"taxonomy":"post_tag","embeddable":true,"href":"https:\/\/www.article-marketing.eu\/comunicatistampa\/wp-json\/wp\/v2\/tags?post=18185"}],"curies":[{"name":"wp","href":"https:\/\/api.w.org\/{rel}","templated":true}]}}