{"id":18208,"date":"2021-04-08T10:49:59","date_gmt":"2021-04-08T08:49:59","guid":{"rendered":"https:\/\/www.article-marketing.eu\/comunicatistampa\/?p=18208"},"modified":"2021-04-08T10:49:59","modified_gmt":"2021-04-08T08:49:59","slug":"infilaser-di-addio-alla-rasatura-e-alla-ceretta-dai-il-benvenuto-ad-una-nuova-routine-di-cura-personale","status":"publish","type":"post","link":"https:\/\/www.article-marketing.eu\/comunicatistampa\/infilaser-di-addio-alla-rasatura-e-alla-ceretta-dai-il-benvenuto-ad-una-nuova-routine-di-cura-personale\/","title":{"rendered":"Infilaser &#8211; D\u00ec addio alla rasatura e alla ceretta, dai il benvenuto ad una nuova routine di cura personale"},"content":{"rendered":"<p>D\u00ec addio alla rasatura e alla ceretta, dai il benvenuto ad una nuova routine di cura personale. Il dispositivo per la depilazione Infilaser offre un trattamento di depilazione di qualit\u00e0 degna di salone di bellezza, con risultati rapidi e duraturi per una pelle liscia e senza peli.<\/p>\n<p><img loading=\"lazy\" decoding=\"async\" class=\"aligncenter\" src=\"https:\/\/i0.wp.com\/www.scatolepiene.it\/wp-content\/uploads\/2021\/04\/Image-1-1.jpg?w=434&amp;ssl=1\" alt=\"\" width=\"434\" height=\"386\" \/><\/p>\n<p>Il microtelefono per la depilazione Infilaser eroga una terapia con luce pulsata intensa (IPL) su rughe, macchie e peli superflui in meno di tre minuti. Pu\u00f2 anche eseguire un trattamento completo in meno di 30 minuti. Un utente pu\u00f2 rimuovere i peli con Infilaser in maniera fluida e indolore, senza graffi, tagli, urti o irritazioni. Il dispositivo \u00e8 stato progettato e testato per la sicurezza e si avvale della tecnologia standard clinica per la depilazione laser.<\/p>\n<p>Il dispositivo Infilaser \u00e8 dotato di cinque livelli di intensit\u00e0 della luce per un&#8217;efficace depilazione, ciascuno adatto a un diverso livello di crescita dei peli. Il dispositivo pu\u00f2 essere utilizzato su qualsiasi area della pelle, comprese le zone del viso, delle gambe e della brasiliana. I risultati visibili possono essere visti dopo pochi utilizzi, in genere circa tre settimane, con risultati completi visibili in dodici settimane. Il dispositivo funziona al meglio su tutti i toni della pelle tranne i pi\u00f9 chiari e pi\u00f9 scuri.<\/p>\n<p>L&#8217;Infilaser \u00e8 anche leggero e portatile, in grado di essere utilizzato sempre e ovunque. Il dispositivo \u00e8 un acquisto una tantum e non sono necessarie ricariche. Offre un&#8217;alternativa economica e rapida ai costosi trattamenti di epilazione laser nelle spa. Mentre i trattamenti laser focalizzano una lunghezza d&#8217;onda della luce sulla pelle, un trattamento IPL rilascia luce di molte lunghezze d&#8217;onda diverse, come un flash fotografico. La luce di un trattamento IPL \u00e8 pi\u00f9 diffusa e meno focalizzata di un laser. Numerosi studi hanno dimostrato che i trattamenti laser IPL sono sicuri ed efficaci per la depilazione. Gli utenti possono vivere l&#8217;esperienza del salone a casa, il tutto senza dover visitare una spa.<\/p>\n<p><img loading=\"lazy\" decoding=\"async\" class=\"aligncenter\" src=\"https:\/\/i0.wp.com\/www.scatolepiene.it\/wp-content\/uploads\/2021\/04\/Image-2.jpg?w=489&amp;ssl=1\" alt=\"\" width=\"489\" height=\"431\" \/><\/p>\n<p>La depilazione non \u00e8 mai stata cos\u00ec facile ei nostri clienti sono d&#8217;accordo. Sono rimasti entusiasti del dispositivo per la depilazione Infilaser e dicono che offre &#8220;una depilazione IPL di ottima qualit\u00e0&#8221; ed \u00e8 &#8220;davvero facile da usare ed \u00e8 molto utile&#8221;. Un cliente ha detto che il dispositivo mi ha &#8220;lasciato la pelle cos\u00ec liscia, che mi sta cambiando la vita dopo aver usato il rasoio per cos\u00ec tanti anni&#8221;. Altri hanno notato che l&#8217;Infilaser \u00e8 &#8220;leggero e semplice&#8221;, con una recensione che dice addirittura che il laser ha &#8220;cambiato la mia vita in meglio, mi ha dato la mia sicurezza e mi ha fatto sentire molto pi\u00f9 femminile&#8221;.<\/p>\n<p>Questa raccolta include un epilatore, un alimentatore universale e una guida per l&#8217;utente. Ai clienti viene offerta una garanzia di rimborso del 100% se non sono soddisfatti del set. Viene anche offerto supporto 24 ore su 24, 7 giorni su 7 per il prodotto.<\/p>\n<p>Visita il loro sito Web all&#8217;indirizzo <a href=\"https:\/\/infilaser.it\">https:\/\/infilaser.it<\/a> per saperne di pi\u00f9 sul prodotto e acquista un epilatore oggi stesso. Ottieni una pelle liscia come la seta e senza peli come hai sempre sognato.<\/p>\n","protected":false},"excerpt":{"rendered":"<p>D\u00ec addio alla rasatura e alla ceretta, dai il benvenuto ad una nuova routine di cura personale. Il dispositivo per la depilazione Infilaser offre un trattamento di depilazione di qualit\u00e0 degna di salone di bellezza, con risultati rapidi e duraturi per una pelle liscia e senza peli. Il microtelefono per la depilazione Infilaser eroga una terapia con luce pulsata intensa (IPL) su rughe, macchie e peli superflui in meno di<\/p>\n<p><a class=\"continue-reading\" href=\"https:\/\/www.article-marketing.eu\/comunicatistampa\/infilaser-di-addio-alla-rasatura-e-alla-ceretta-dai-il-benvenuto-ad-una-nuova-routine-di-cura-personale\/\">Continue reading&#8230;<\/a><\/p>\n","protected":false},"author":188,"featured_media":0,"comment_status":"open","ping_status":"open","sticky":false,"template":"","format":"standard","meta":{"_monsterinsights_skip_tracking":false,"_monsterinsights_sitenote_active":false,"_monsterinsights_sitenote_note":"","_monsterinsights_sitenote_category":0,"footnotes":""},"categories":[369],"tags":[],"class_list":["post-18208","post","type-post","status-publish","format-standard","hentry","category-salute-e-benessere"],"yoast_head":"<!-- This site is optimized with the Yoast SEO plugin v27.3 - https:\/\/yoast.com\/product\/yoast-seo-wordpress\/ -->\n<title>Infilaser - D\u00ec addio alla rasatura e alla ceretta, dai il benvenuto ad una nuova routine di cura personale<\/title>\n<meta name=\"robots\" content=\"index, follow, max-snippet:-1, max-image-preview:large, max-video-preview:-1\" \/>\n<link rel=\"canonical\" href=\"https:\/\/www.article-marketing.eu\/comunicatistampa\/infilaser-di-addio-alla-rasatura-e-alla-ceretta-dai-il-benvenuto-ad-una-nuova-routine-di-cura-personale\/\" \/>\n<meta property=\"og:locale\" content=\"it_IT\" \/>\n<meta property=\"og:type\" content=\"article\" \/>\n<meta property=\"og:title\" content=\"Infilaser - D\u00ec addio alla rasatura e alla ceretta, dai il benvenuto ad una nuova routine di cura personale\" \/>\n<meta property=\"og:description\" content=\"D\u00ec addio alla rasatura e alla ceretta, dai il benvenuto ad una nuova routine di cura personale. Il dispositivo per la depilazione Infilaser offre un trattamento di depilazione di qualit\u00e0 degna di salone di bellezza, con risultati rapidi e duraturi per una pelle liscia e senza peli. Il microtelefono per la depilazione Infilaser eroga una terapia con luce pulsata intensa (IPL) su rughe, macchie e peli superflui in meno diContinue reading...\" \/>\n<meta property=\"og:url\" content=\"https:\/\/www.article-marketing.eu\/comunicatistampa\/infilaser-di-addio-alla-rasatura-e-alla-ceretta-dai-il-benvenuto-ad-una-nuova-routine-di-cura-personale\/\" \/>\n<meta property=\"og:site_name\" content=\"Article Marketing\" \/>\n<meta property=\"article:published_time\" content=\"2021-04-08T08:49:59+00:00\" \/>\n<meta property=\"og:image\" content=\"https:\/\/i0.wp.com\/www.scatolepiene.it\/wp-content\/uploads\/2021\/04\/Image-1-1.jpg?w=434&amp;ssl=1\" \/>\n<meta name=\"author\" content=\"simonebaro\" \/>\n<meta name=\"twitter:card\" content=\"summary_large_image\" \/>\n<meta name=\"twitter:label1\" content=\"Scritto da\" \/>\n\t<meta name=\"twitter:data1\" content=\"simonebaro\" \/>\n\t<meta name=\"twitter:label2\" content=\"Tempo di lettura stimato\" \/>\n\t<meta name=\"twitter:data2\" content=\"3 minuti\" \/>\n<script type=\"application\/ld+json\" class=\"yoast-schema-graph\">{\"@context\":\"https:\\\/\\\/schema.org\",\"@graph\":[{\"@type\":\"Article\",\"@id\":\"https:\\\/\\\/www.article-marketing.eu\\\/comunicatistampa\\\/infilaser-di-addio-alla-rasatura-e-alla-ceretta-dai-il-benvenuto-ad-una-nuova-routine-di-cura-personale\\\/#article\",\"isPartOf\":{\"@id\":\"https:\\\/\\\/www.article-marketing.eu\\\/comunicatistampa\\\/infilaser-di-addio-alla-rasatura-e-alla-ceretta-dai-il-benvenuto-ad-una-nuova-routine-di-cura-personale\\\/\"},\"author\":{\"name\":\"simonebaro\",\"@id\":\"https:\\\/\\\/www.article-marketing.eu\\\/comunicatistampa\\\/#\\\/schema\\\/person\\\/542bf057ec329127e12499ce110dd211\"},\"headline\":\"Infilaser &#8211; D\u00ec addio alla rasatura e alla ceretta, dai il benvenuto ad una nuova routine di cura personale\",\"datePublished\":\"2021-04-08T08:49:59+00:00\",\"mainEntityOfPage\":{\"@id\":\"https:\\\/\\\/www.article-marketing.eu\\\/comunicatistampa\\\/infilaser-di-addio-alla-rasatura-e-alla-ceretta-dai-il-benvenuto-ad-una-nuova-routine-di-cura-personale\\\/\"},\"wordCount\":512,\"commentCount\":0,\"image\":{\"@id\":\"https:\\\/\\\/www.article-marketing.eu\\\/comunicatistampa\\\/infilaser-di-addio-alla-rasatura-e-alla-ceretta-dai-il-benvenuto-ad-una-nuova-routine-di-cura-personale\\\/#primaryimage\"},\"thumbnailUrl\":\"https:\\\/\\\/i0.wp.com\\\/www.scatolepiene.it\\\/wp-content\\\/uploads\\\/2021\\\/04\\\/Image-1-1.jpg?w=434&amp;ssl=1\",\"articleSection\":[\"Salute e benessere\"],\"inLanguage\":\"it-IT\",\"potentialAction\":[{\"@type\":\"CommentAction\",\"name\":\"Comment\",\"target\":[\"https:\\\/\\\/www.article-marketing.eu\\\/comunicatistampa\\\/infilaser-di-addio-alla-rasatura-e-alla-ceretta-dai-il-benvenuto-ad-una-nuova-routine-di-cura-personale\\\/#respond\"]}]},{\"@type\":\"WebPage\",\"@id\":\"https:\\\/\\\/www.article-marketing.eu\\\/comunicatistampa\\\/infilaser-di-addio-alla-rasatura-e-alla-ceretta-dai-il-benvenuto-ad-una-nuova-routine-di-cura-personale\\\/\",\"url\":\"https:\\\/\\\/www.article-marketing.eu\\\/comunicatistampa\\\/infilaser-di-addio-alla-rasatura-e-alla-ceretta-dai-il-benvenuto-ad-una-nuova-routine-di-cura-personale\\\/\",\"name\":\"Infilaser - D\u00ec addio alla rasatura e alla ceretta, dai il benvenuto ad una nuova routine di cura personale\",\"isPartOf\":{\"@id\":\"https:\\\/\\\/www.article-marketing.eu\\\/comunicatistampa\\\/#website\"},\"primaryImageOfPage\":{\"@id\":\"https:\\\/\\\/www.article-marketing.eu\\\/comunicatistampa\\\/infilaser-di-addio-alla-rasatura-e-alla-ceretta-dai-il-benvenuto-ad-una-nuova-routine-di-cura-personale\\\/#primaryimage\"},\"image\":{\"@id\":\"https:\\\/\\\/www.article-marketing.eu\\\/comunicatistampa\\\/infilaser-di-addio-alla-rasatura-e-alla-ceretta-dai-il-benvenuto-ad-una-nuova-routine-di-cura-personale\\\/#primaryimage\"},\"thumbnailUrl\":\"https:\\\/\\\/i0.wp.com\\\/www.scatolepiene.it\\\/wp-content\\\/uploads\\\/2021\\\/04\\\/Image-1-1.jpg?w=434&amp;ssl=1\",\"datePublished\":\"2021-04-08T08:49:59+00:00\",\"author\":{\"@id\":\"https:\\\/\\\/www.article-marketing.eu\\\/comunicatistampa\\\/#\\\/schema\\\/person\\\/542bf057ec329127e12499ce110dd211\"},\"breadcrumb\":{\"@id\":\"https:\\\/\\\/www.article-marketing.eu\\\/comunicatistampa\\\/infilaser-di-addio-alla-rasatura-e-alla-ceretta-dai-il-benvenuto-ad-una-nuova-routine-di-cura-personale\\\/#breadcrumb\"},\"inLanguage\":\"it-IT\",\"potentialAction\":[{\"@type\":\"ReadAction\",\"target\":[\"https:\\\/\\\/www.article-marketing.eu\\\/comunicatistampa\\\/infilaser-di-addio-alla-rasatura-e-alla-ceretta-dai-il-benvenuto-ad-una-nuova-routine-di-cura-personale\\\/\"]}]},{\"@type\":\"ImageObject\",\"inLanguage\":\"it-IT\",\"@id\":\"https:\\\/\\\/www.article-marketing.eu\\\/comunicatistampa\\\/infilaser-di-addio-alla-rasatura-e-alla-ceretta-dai-il-benvenuto-ad-una-nuova-routine-di-cura-personale\\\/#primaryimage\",\"url\":\"https:\\\/\\\/i0.wp.com\\\/www.scatolepiene.it\\\/wp-content\\\/uploads\\\/2021\\\/04\\\/Image-1-1.jpg?w=434&amp;ssl=1\",\"contentUrl\":\"https:\\\/\\\/i0.wp.com\\\/www.scatolepiene.it\\\/wp-content\\\/uploads\\\/2021\\\/04\\\/Image-1-1.jpg?w=434&amp;ssl=1\"},{\"@type\":\"BreadcrumbList\",\"@id\":\"https:\\\/\\\/www.article-marketing.eu\\\/comunicatistampa\\\/infilaser-di-addio-alla-rasatura-e-alla-ceretta-dai-il-benvenuto-ad-una-nuova-routine-di-cura-personale\\\/#breadcrumb\",\"itemListElement\":[{\"@type\":\"ListItem\",\"position\":1,\"name\":\"Home\",\"item\":\"https:\\\/\\\/www.article-marketing.eu\\\/comunicatistampa\\\/\"},{\"@type\":\"ListItem\",\"position\":2,\"name\":\"Infilaser &#8211; D\u00ec addio alla rasatura e alla ceretta, dai il benvenuto ad una nuova routine di cura personale\"}]},{\"@type\":\"WebSite\",\"@id\":\"https:\\\/\\\/www.article-marketing.eu\\\/comunicatistampa\\\/#website\",\"url\":\"https:\\\/\\\/www.article-marketing.eu\\\/comunicatistampa\\\/\",\"name\":\"Article Marketing\",\"description\":\"article marketing &amp; press release\",\"potentialAction\":[{\"@type\":\"SearchAction\",\"target\":{\"@type\":\"EntryPoint\",\"urlTemplate\":\"https:\\\/\\\/www.article-marketing.eu\\\/comunicatistampa\\\/?s={search_term_string}\"},\"query-input\":{\"@type\":\"PropertyValueSpecification\",\"valueRequired\":true,\"valueName\":\"search_term_string\"}}],\"inLanguage\":\"it-IT\"},{\"@type\":\"Person\",\"@id\":\"https:\\\/\\\/www.article-marketing.eu\\\/comunicatistampa\\\/#\\\/schema\\\/person\\\/542bf057ec329127e12499ce110dd211\",\"name\":\"simonebaro\",\"image\":{\"@type\":\"ImageObject\",\"inLanguage\":\"it-IT\",\"@id\":\"https:\\\/\\\/secure.gravatar.com\\\/avatar\\\/935af1bd53f57f412e6dde1939cf987f0d15301c74f7aed1b69e545cecb5d36f?s=96&d=mm&r=g\",\"url\":\"https:\\\/\\\/secure.gravatar.com\\\/avatar\\\/935af1bd53f57f412e6dde1939cf987f0d15301c74f7aed1b69e545cecb5d36f?s=96&d=mm&r=g\",\"contentUrl\":\"https:\\\/\\\/secure.gravatar.com\\\/avatar\\\/935af1bd53f57f412e6dde1939cf987f0d15301c74f7aed1b69e545cecb5d36f?s=96&d=mm&r=g\",\"caption\":\"simonebaro\"},\"url\":\"https:\\\/\\\/www.article-marketing.eu\\\/comunicatistampa\\\/author\\\/simonebaro\\\/\"}]}<\/script>\n<!-- \/ Yoast SEO plugin. -->","yoast_head_json":{"title":"Infilaser - D\u00ec addio alla rasatura e alla ceretta, dai il benvenuto ad una nuova routine di cura personale","robots":{"index":"index","follow":"follow","max-snippet":"max-snippet:-1","max-image-preview":"max-image-preview:large","max-video-preview":"max-video-preview:-1"},"canonical":"https:\/\/www.article-marketing.eu\/comunicatistampa\/infilaser-di-addio-alla-rasatura-e-alla-ceretta-dai-il-benvenuto-ad-una-nuova-routine-di-cura-personale\/","og_locale":"it_IT","og_type":"article","og_title":"Infilaser - D\u00ec addio alla rasatura e alla ceretta, dai il benvenuto ad una nuova routine di cura personale","og_description":"D\u00ec addio alla rasatura e alla ceretta, dai il benvenuto ad una nuova routine di cura personale. Il dispositivo per la depilazione Infilaser offre un trattamento di depilazione di qualit\u00e0 degna di salone di bellezza, con risultati rapidi e duraturi per una pelle liscia e senza peli. Il microtelefono per la depilazione Infilaser eroga una terapia con luce pulsata intensa (IPL) su rughe, macchie e peli superflui in meno diContinue reading...","og_url":"https:\/\/www.article-marketing.eu\/comunicatistampa\/infilaser-di-addio-alla-rasatura-e-alla-ceretta-dai-il-benvenuto-ad-una-nuova-routine-di-cura-personale\/","og_site_name":"Article Marketing","article_published_time":"2021-04-08T08:49:59+00:00","og_image":[{"url":"https:\/\/i0.wp.com\/www.scatolepiene.it\/wp-content\/uploads\/2021\/04\/Image-1-1.jpg?w=434&amp;ssl=1","type":"","width":"","height":""}],"author":"simonebaro","twitter_card":"summary_large_image","twitter_misc":{"Scritto da":"simonebaro","Tempo di lettura stimato":"3 minuti"},"schema":{"@context":"https:\/\/schema.org","@graph":[{"@type":"Article","@id":"https:\/\/www.article-marketing.eu\/comunicatistampa\/infilaser-di-addio-alla-rasatura-e-alla-ceretta-dai-il-benvenuto-ad-una-nuova-routine-di-cura-personale\/#article","isPartOf":{"@id":"https:\/\/www.article-marketing.eu\/comunicatistampa\/infilaser-di-addio-alla-rasatura-e-alla-ceretta-dai-il-benvenuto-ad-una-nuova-routine-di-cura-personale\/"},"author":{"name":"simonebaro","@id":"https:\/\/www.article-marketing.eu\/comunicatistampa\/#\/schema\/person\/542bf057ec329127e12499ce110dd211"},"headline":"Infilaser &#8211; D\u00ec addio alla rasatura e alla ceretta, dai il benvenuto ad una nuova routine di cura personale","datePublished":"2021-04-08T08:49:59+00:00","mainEntityOfPage":{"@id":"https:\/\/www.article-marketing.eu\/comunicatistampa\/infilaser-di-addio-alla-rasatura-e-alla-ceretta-dai-il-benvenuto-ad-una-nuova-routine-di-cura-personale\/"},"wordCount":512,"commentCount":0,"image":{"@id":"https:\/\/www.article-marketing.eu\/comunicatistampa\/infilaser-di-addio-alla-rasatura-e-alla-ceretta-dai-il-benvenuto-ad-una-nuova-routine-di-cura-personale\/#primaryimage"},"thumbnailUrl":"https:\/\/i0.wp.com\/www.scatolepiene.it\/wp-content\/uploads\/2021\/04\/Image-1-1.jpg?w=434&amp;ssl=1","articleSection":["Salute e benessere"],"inLanguage":"it-IT","potentialAction":[{"@type":"CommentAction","name":"Comment","target":["https:\/\/www.article-marketing.eu\/comunicatistampa\/infilaser-di-addio-alla-rasatura-e-alla-ceretta-dai-il-benvenuto-ad-una-nuova-routine-di-cura-personale\/#respond"]}]},{"@type":"WebPage","@id":"https:\/\/www.article-marketing.eu\/comunicatistampa\/infilaser-di-addio-alla-rasatura-e-alla-ceretta-dai-il-benvenuto-ad-una-nuova-routine-di-cura-personale\/","url":"https:\/\/www.article-marketing.eu\/comunicatistampa\/infilaser-di-addio-alla-rasatura-e-alla-ceretta-dai-il-benvenuto-ad-una-nuova-routine-di-cura-personale\/","name":"Infilaser - D\u00ec addio alla rasatura e alla ceretta, dai il benvenuto ad una nuova routine di cura personale","isPartOf":{"@id":"https:\/\/www.article-marketing.eu\/comunicatistampa\/#website"},"primaryImageOfPage":{"@id":"https:\/\/www.article-marketing.eu\/comunicatistampa\/infilaser-di-addio-alla-rasatura-e-alla-ceretta-dai-il-benvenuto-ad-una-nuova-routine-di-cura-personale\/#primaryimage"},"image":{"@id":"https:\/\/www.article-marketing.eu\/comunicatistampa\/infilaser-di-addio-alla-rasatura-e-alla-ceretta-dai-il-benvenuto-ad-una-nuova-routine-di-cura-personale\/#primaryimage"},"thumbnailUrl":"https:\/\/i0.wp.com\/www.scatolepiene.it\/wp-content\/uploads\/2021\/04\/Image-1-1.jpg?w=434&amp;ssl=1","datePublished":"2021-04-08T08:49:59+00:00","author":{"@id":"https:\/\/www.article-marketing.eu\/comunicatistampa\/#\/schema\/person\/542bf057ec329127e12499ce110dd211"},"breadcrumb":{"@id":"https:\/\/www.article-marketing.eu\/comunicatistampa\/infilaser-di-addio-alla-rasatura-e-alla-ceretta-dai-il-benvenuto-ad-una-nuova-routine-di-cura-personale\/#breadcrumb"},"inLanguage":"it-IT","potentialAction":[{"@type":"ReadAction","target":["https:\/\/www.article-marketing.eu\/comunicatistampa\/infilaser-di-addio-alla-rasatura-e-alla-ceretta-dai-il-benvenuto-ad-una-nuova-routine-di-cura-personale\/"]}]},{"@type":"ImageObject","inLanguage":"it-IT","@id":"https:\/\/www.article-marketing.eu\/comunicatistampa\/infilaser-di-addio-alla-rasatura-e-alla-ceretta-dai-il-benvenuto-ad-una-nuova-routine-di-cura-personale\/#primaryimage","url":"https:\/\/i0.wp.com\/www.scatolepiene.it\/wp-content\/uploads\/2021\/04\/Image-1-1.jpg?w=434&amp;ssl=1","contentUrl":"https:\/\/i0.wp.com\/www.scatolepiene.it\/wp-content\/uploads\/2021\/04\/Image-1-1.jpg?w=434&amp;ssl=1"},{"@type":"BreadcrumbList","@id":"https:\/\/www.article-marketing.eu\/comunicatistampa\/infilaser-di-addio-alla-rasatura-e-alla-ceretta-dai-il-benvenuto-ad-una-nuova-routine-di-cura-personale\/#breadcrumb","itemListElement":[{"@type":"ListItem","position":1,"name":"Home","item":"https:\/\/www.article-marketing.eu\/comunicatistampa\/"},{"@type":"ListItem","position":2,"name":"Infilaser &#8211; D\u00ec addio alla rasatura e alla ceretta, dai il benvenuto ad una nuova routine di cura personale"}]},{"@type":"WebSite","@id":"https:\/\/www.article-marketing.eu\/comunicatistampa\/#website","url":"https:\/\/www.article-marketing.eu\/comunicatistampa\/","name":"Article Marketing","description":"article marketing &amp; press release","potentialAction":[{"@type":"SearchAction","target":{"@type":"EntryPoint","urlTemplate":"https:\/\/www.article-marketing.eu\/comunicatistampa\/?s={search_term_string}"},"query-input":{"@type":"PropertyValueSpecification","valueRequired":true,"valueName":"search_term_string"}}],"inLanguage":"it-IT"},{"@type":"Person","@id":"https:\/\/www.article-marketing.eu\/comunicatistampa\/#\/schema\/person\/542bf057ec329127e12499ce110dd211","name":"simonebaro","image":{"@type":"ImageObject","inLanguage":"it-IT","@id":"https:\/\/secure.gravatar.com\/avatar\/935af1bd53f57f412e6dde1939cf987f0d15301c74f7aed1b69e545cecb5d36f?s=96&d=mm&r=g","url":"https:\/\/secure.gravatar.com\/avatar\/935af1bd53f57f412e6dde1939cf987f0d15301c74f7aed1b69e545cecb5d36f?s=96&d=mm&r=g","contentUrl":"https:\/\/secure.gravatar.com\/avatar\/935af1bd53f57f412e6dde1939cf987f0d15301c74f7aed1b69e545cecb5d36f?s=96&d=mm&r=g","caption":"simonebaro"},"url":"https:\/\/www.article-marketing.eu\/comunicatistampa\/author\/simonebaro\/"}]}},"_links":{"self":[{"href":"https:\/\/www.article-marketing.eu\/comunicatistampa\/wp-json\/wp\/v2\/posts\/18208","targetHints":{"allow":["GET"]}}],"collection":[{"href":"https:\/\/www.article-marketing.eu\/comunicatistampa\/wp-json\/wp\/v2\/posts"}],"about":[{"href":"https:\/\/www.article-marketing.eu\/comunicatistampa\/wp-json\/wp\/v2\/types\/post"}],"author":[{"embeddable":true,"href":"https:\/\/www.article-marketing.eu\/comunicatistampa\/wp-json\/wp\/v2\/users\/188"}],"replies":[{"embeddable":true,"href":"https:\/\/www.article-marketing.eu\/comunicatistampa\/wp-json\/wp\/v2\/comments?post=18208"}],"version-history":[{"count":2,"href":"https:\/\/www.article-marketing.eu\/comunicatistampa\/wp-json\/wp\/v2\/posts\/18208\/revisions"}],"predecessor-version":[{"id":18227,"href":"https:\/\/www.article-marketing.eu\/comunicatistampa\/wp-json\/wp\/v2\/posts\/18208\/revisions\/18227"}],"wp:attachment":[{"href":"https:\/\/www.article-marketing.eu\/comunicatistampa\/wp-json\/wp\/v2\/media?parent=18208"}],"wp:term":[{"taxonomy":"category","embeddable":true,"href":"https:\/\/www.article-marketing.eu\/comunicatistampa\/wp-json\/wp\/v2\/categories?post=18208"},{"taxonomy":"post_tag","embeddable":true,"href":"https:\/\/www.article-marketing.eu\/comunicatistampa\/wp-json\/wp\/v2\/tags?post=18208"}],"curies":[{"name":"wp","href":"https:\/\/api.w.org\/{rel}","templated":true}]}}