{"id":18246,"date":"2021-04-09T15:36:22","date_gmt":"2021-04-09T13:36:22","guid":{"rendered":"https:\/\/www.article-marketing.eu\/comunicatistampa\/?p=18246"},"modified":"2021-04-17T21:17:15","modified_gmt":"2021-04-17T19:17:15","slug":"pietro-napolano-relativo","status":"publish","type":"post","link":"https:\/\/www.article-marketing.eu\/comunicatistampa\/pietro-napolano-relativo\/","title":{"rendered":"Pietro Napolano, Relativo"},"content":{"rendered":"<p style=\"text-align: center;\"><i>Riparte da Relativo il nuovo progetto di Pietro Napolano<br \/>\n<\/i><i>(Universal)<br \/>\n<\/i><\/p>\n<p><img loading=\"lazy\" decoding=\"async\" class=\"aligncenter\" src=\"https:\/\/newscomunicati.altervista.org\/wp-content\/uploads\/2021\/04\/RELATIVO-COPERTINA.jpg\" width=\"465\" height=\"465\" \/><\/p>\n<p>Dopo il successo con i \u201cP-Quadro\u201d e dopo un periodo di riflessione e preparazione, torna da solista Pietro Napolano con un nuovo progetto.<\/p>\n<p>Tutto \u00e8 relativo. Tutto.<br \/>\nA seconda di come si guardano le cose tutto pu\u00f2 cambiare.<br \/>\nEinstein per esempio disse: \u201c<i>Si prenda un ultracentenario che rompe uno specchio: sar\u00e0 ben lieto di sapere che ha ancora sette anni di disgrazie<\/i>\u201d.<b> <\/b>Questo \u00e8 un esempio perfetto che ci mostra come ogni caso pu\u00f2 assumere un significato e un valore diverso a seconda di diversi fattori che lo circondano, o a seconda di come noi lo vogliamo interpretare.<\/p>\n<p><b>\u201cRelativo\u201d<\/b> \u00e8 un brano di natura Pop, attuale e dalle sonorit\u00e0 moderne.<br \/>\nIl testo, in cui tutti si possono rispecchiare, si rif\u00e0 alla relativit\u00e0 della vita e della nostra contemporaneit\u00e0.<br \/>\n\u00c8 un brano che in qualche modo ci invita a guardare al di l\u00e0 delle apparenze e a smettere di cercare in ogni cosa una verit\u00e0 assoluta che non esiste, ma piuttosto a trarre il meglio dal dono pi\u00f9 bello che abbiamo ricevuto: la vita.<\/p>\n<p>Pietro Napolano nasce a Mugnano Di Napoli il 19 Maggio 1984.<br \/>\nSin da piccolo ha la passione per la musica e per il canto.<br \/>\nDivide il suo tempo tra scuola, lezioni di canto, attivit\u00e0 parrocchiali e lavori estivi sempre inerenti al campo musicale. Man mano apprende l\u2019uso della chitarra da autodidatta, scoprendo cos\u00ec il mondo della scrittura.<br \/>\nNel 2004 entra a far parte della scuola di Amici di Maria De Filippi e vi resta fino alle fasi finali. Per tutto il 2005 fa parte del cast del musical Footloose.<br \/>\nNel 2006 fonda con Piero Romitelli il duo Pquadro e vincono il concorso Sanremolab che consente loro di partecipare al\u00a0Festival di Sanremo 2007, nella categoria Giovani, con il brano Malinconiche Sere, classificandosi al terzo posto.<br \/>\nNell&#8217;estate dello stesso anno vengono scelti dalla Disney, per in- terpretare \u201cTu Sei La musica In me\u201d, la versione italiana di \u201cYou Are The Music In Me\u201d, tratto dal film High School Musical 2.<br \/>\nNel 2008,i Pquadro, pubblicano &#8221; A24&#8243; il loro primo album e\u00a0girano per diversi anni tutta l&#8217;Italia con il loro tour.<br \/>\nNel 2012 per\u00f2 il duo si scioglie spinto da un\u2019esigenza comune di sviluppare un percorso individuale.<br \/>\nPietro prova quindi a perseguire il suo obbiettivo di \u201cdialogo&#8221; pre- parando i suoi nuovissimi brani, attraverso un viaggio musicale e introspettivo.<br \/>\nCos\u00ec produce, e scrive insieme ad altri autori e musicisti, i suoi due primi singoli, da solista, \u201cMartello e Incudine\u201d e \u201c Chi Sei ? \u201c.<br \/>\nNel Marzo 2014 partecipa al programma di Rai 2 THE VOICE OF ITALY entrando a far parte del team di J- Ax.<br \/>\nSubito dopo la breve esperienza di The Voice of Italy, Pietro, affron- ta un periodo buio dove decide di mettere la musica da parte.<br \/>\nDal 2014 al 2019 svolge vari lavori al di fuori del mondo artistico ma sente crescere sempre di pi\u00f9 un senso di vuoto che solo la musica avrebbe potuto colmare.<br \/>\nPer questo motivo nel 2019 decide di rimettersi in gioco dando vita al suo nuovo progetto che parte dal nuovo singolo \u201cRelativo\u201d.<\/p>\n<p>Facebook<br \/>\n<a href=\"https:\/\/www.facebook.com\/profile.php?id=100063601565713\">https:\/\/www.facebook.com\/profile.php?id=100063601565713<\/a><br \/>\nInstagram<br \/>\n<a href=\"https:\/\/www.instagram.com\/pietronapolano\">https:\/\/www.instagram.com\/pietronapolano<\/a><br \/>\nYoutube<br \/>\n<a href=\"https:\/\/www.youtube.com\/channel\/UCEtxOUxHNA6HQoNVtRIEsTw\">https:\/\/www.youtube.com\/channel\/UCEtxOUxHNA6HQoNVtRIEsTw<\/a><\/p>\n","protected":false},"excerpt":{"rendered":"<p>Riparte da Relativo il nuovo progetto di Pietro Napolano (Universal) Dopo il successo con i \u201cP-Quadro\u201d e dopo un periodo di riflessione e preparazione, torna da solista Pietro Napolano con un nuovo progetto. Tutto \u00e8 relativo. Tutto. A seconda di come si guardano le cose tutto pu\u00f2 cambiare. Einstein per esempio disse: \u201cSi prenda un ultracentenario che rompe uno specchio: sar\u00e0 ben lieto di sapere che ha ancora sette anni<\/p>\n<p><a class=\"continue-reading\" href=\"https:\/\/www.article-marketing.eu\/comunicatistampa\/pietro-napolano-relativo\/\">Continue reading&#8230;<\/a><\/p>\n","protected":false},"author":1680,"featured_media":0,"comment_status":"open","ping_status":"open","sticky":false,"template":"","format":"standard","meta":{"_monsterinsights_skip_tracking":false,"_monsterinsights_sitenote_active":false,"_monsterinsights_sitenote_note":"","_monsterinsights_sitenote_category":0,"footnotes":""},"categories":[6466,411],"tags":[7719,4172,7718,3522],"class_list":["post-18246","post","type-post","status-publish","format-standard","hentry","category-_r04","category-musica","tag-napolano","tag-news","tag-relativo","tag-singolo"],"yoast_head":"<!-- This site is optimized with the Yoast SEO plugin v27.3 - https:\/\/yoast.com\/product\/yoast-seo-wordpress\/ -->\n<title>Pietro Napolano, Relativo - Article Marketing<\/title>\n<meta name=\"robots\" content=\"index, follow, max-snippet:-1, max-image-preview:large, max-video-preview:-1\" \/>\n<link rel=\"canonical\" href=\"https:\/\/www.article-marketing.eu\/comunicatistampa\/pietro-napolano-relativo\/\" \/>\n<meta property=\"og:locale\" content=\"it_IT\" \/>\n<meta property=\"og:type\" content=\"article\" \/>\n<meta property=\"og:title\" content=\"Pietro Napolano, Relativo - Article Marketing\" \/>\n<meta property=\"og:description\" content=\"Riparte da Relativo il nuovo progetto di Pietro Napolano (Universal) Dopo il successo con i \u201cP-Quadro\u201d e dopo un periodo di riflessione e preparazione, torna da solista Pietro Napolano con un nuovo progetto. Tutto \u00e8 relativo. Tutto. A seconda di come si guardano le cose tutto pu\u00f2 cambiare. Einstein per esempio disse: \u201cSi prenda un ultracentenario che rompe uno specchio: sar\u00e0 ben lieto di sapere che ha ancora sette anniContinue reading...\" \/>\n<meta property=\"og:url\" content=\"https:\/\/www.article-marketing.eu\/comunicatistampa\/pietro-napolano-relativo\/\" \/>\n<meta property=\"og:site_name\" content=\"Article Marketing\" \/>\n<meta property=\"article:published_time\" content=\"2021-04-09T13:36:22+00:00\" \/>\n<meta property=\"article:modified_time\" content=\"2021-04-17T19:17:15+00:00\" \/>\n<meta property=\"og:image\" content=\"https:\/\/newscomunicati.altervista.org\/wp-content\/uploads\/2021\/04\/RELATIVO-COPERTINA.jpg\" \/>\n<meta name=\"author\" content=\"Micro961\" \/>\n<meta name=\"twitter:card\" content=\"summary_large_image\" \/>\n<meta name=\"twitter:label1\" content=\"Scritto da\" \/>\n\t<meta name=\"twitter:data1\" content=\"Micro961\" \/>\n\t<meta name=\"twitter:label2\" content=\"Tempo di lettura stimato\" \/>\n\t<meta name=\"twitter:data2\" content=\"3 minuti\" \/>\n<script type=\"application\/ld+json\" class=\"yoast-schema-graph\">{\"@context\":\"https:\\\/\\\/schema.org\",\"@graph\":[{\"@type\":\"Article\",\"@id\":\"https:\\\/\\\/www.article-marketing.eu\\\/comunicatistampa\\\/pietro-napolano-relativo\\\/#article\",\"isPartOf\":{\"@id\":\"https:\\\/\\\/www.article-marketing.eu\\\/comunicatistampa\\\/pietro-napolano-relativo\\\/\"},\"author\":{\"name\":\"Micro961\",\"@id\":\"https:\\\/\\\/www.article-marketing.eu\\\/comunicatistampa\\\/#\\\/schema\\\/person\\\/9beeb909be59832a9bcbec84cb3786f5\"},\"headline\":\"Pietro Napolano, Relativo\",\"datePublished\":\"2021-04-09T13:36:22+00:00\",\"dateModified\":\"2021-04-17T19:17:15+00:00\",\"mainEntityOfPage\":{\"@id\":\"https:\\\/\\\/www.article-marketing.eu\\\/comunicatistampa\\\/pietro-napolano-relativo\\\/\"},\"wordCount\":531,\"commentCount\":0,\"image\":{\"@id\":\"https:\\\/\\\/www.article-marketing.eu\\\/comunicatistampa\\\/pietro-napolano-relativo\\\/#primaryimage\"},\"thumbnailUrl\":\"https:\\\/\\\/newscomunicati.altervista.org\\\/wp-content\\\/uploads\\\/2021\\\/04\\\/RELATIVO-COPERTINA.jpg\",\"keywords\":[\"Napolano\",\"News\",\"Relativo\",\"Singolo\"],\"articleSection\":[\"_R04\",\"Musica\"],\"inLanguage\":\"it-IT\",\"potentialAction\":[{\"@type\":\"CommentAction\",\"name\":\"Comment\",\"target\":[\"https:\\\/\\\/www.article-marketing.eu\\\/comunicatistampa\\\/pietro-napolano-relativo\\\/#respond\"]}]},{\"@type\":\"WebPage\",\"@id\":\"https:\\\/\\\/www.article-marketing.eu\\\/comunicatistampa\\\/pietro-napolano-relativo\\\/\",\"url\":\"https:\\\/\\\/www.article-marketing.eu\\\/comunicatistampa\\\/pietro-napolano-relativo\\\/\",\"name\":\"Pietro Napolano, Relativo - Article Marketing\",\"isPartOf\":{\"@id\":\"https:\\\/\\\/www.article-marketing.eu\\\/comunicatistampa\\\/#website\"},\"primaryImageOfPage\":{\"@id\":\"https:\\\/\\\/www.article-marketing.eu\\\/comunicatistampa\\\/pietro-napolano-relativo\\\/#primaryimage\"},\"image\":{\"@id\":\"https:\\\/\\\/www.article-marketing.eu\\\/comunicatistampa\\\/pietro-napolano-relativo\\\/#primaryimage\"},\"thumbnailUrl\":\"https:\\\/\\\/newscomunicati.altervista.org\\\/wp-content\\\/uploads\\\/2021\\\/04\\\/RELATIVO-COPERTINA.jpg\",\"datePublished\":\"2021-04-09T13:36:22+00:00\",\"dateModified\":\"2021-04-17T19:17:15+00:00\",\"author\":{\"@id\":\"https:\\\/\\\/www.article-marketing.eu\\\/comunicatistampa\\\/#\\\/schema\\\/person\\\/9beeb909be59832a9bcbec84cb3786f5\"},\"breadcrumb\":{\"@id\":\"https:\\\/\\\/www.article-marketing.eu\\\/comunicatistampa\\\/pietro-napolano-relativo\\\/#breadcrumb\"},\"inLanguage\":\"it-IT\",\"potentialAction\":[{\"@type\":\"ReadAction\",\"target\":[\"https:\\\/\\\/www.article-marketing.eu\\\/comunicatistampa\\\/pietro-napolano-relativo\\\/\"]}]},{\"@type\":\"ImageObject\",\"inLanguage\":\"it-IT\",\"@id\":\"https:\\\/\\\/www.article-marketing.eu\\\/comunicatistampa\\\/pietro-napolano-relativo\\\/#primaryimage\",\"url\":\"https:\\\/\\\/newscomunicati.altervista.org\\\/wp-content\\\/uploads\\\/2021\\\/04\\\/RELATIVO-COPERTINA.jpg\",\"contentUrl\":\"https:\\\/\\\/newscomunicati.altervista.org\\\/wp-content\\\/uploads\\\/2021\\\/04\\\/RELATIVO-COPERTINA.jpg\"},{\"@type\":\"BreadcrumbList\",\"@id\":\"https:\\\/\\\/www.article-marketing.eu\\\/comunicatistampa\\\/pietro-napolano-relativo\\\/#breadcrumb\",\"itemListElement\":[{\"@type\":\"ListItem\",\"position\":1,\"name\":\"Home\",\"item\":\"https:\\\/\\\/www.article-marketing.eu\\\/comunicatistampa\\\/\"},{\"@type\":\"ListItem\",\"position\":2,\"name\":\"Pietro Napolano, Relativo\"}]},{\"@type\":\"WebSite\",\"@id\":\"https:\\\/\\\/www.article-marketing.eu\\\/comunicatistampa\\\/#website\",\"url\":\"https:\\\/\\\/www.article-marketing.eu\\\/comunicatistampa\\\/\",\"name\":\"Article Marketing\",\"description\":\"article marketing &amp; press release\",\"potentialAction\":[{\"@type\":\"SearchAction\",\"target\":{\"@type\":\"EntryPoint\",\"urlTemplate\":\"https:\\\/\\\/www.article-marketing.eu\\\/comunicatistampa\\\/?s={search_term_string}\"},\"query-input\":{\"@type\":\"PropertyValueSpecification\",\"valueRequired\":true,\"valueName\":\"search_term_string\"}}],\"inLanguage\":\"it-IT\"},{\"@type\":\"Person\",\"@id\":\"https:\\\/\\\/www.article-marketing.eu\\\/comunicatistampa\\\/#\\\/schema\\\/person\\\/9beeb909be59832a9bcbec84cb3786f5\",\"name\":\"Micro961\",\"image\":{\"@type\":\"ImageObject\",\"inLanguage\":\"it-IT\",\"@id\":\"https:\\\/\\\/secure.gravatar.com\\\/avatar\\\/cd6f5864b85cc3687c05b2965bb186afcd70a2a89789a156c92a4f1d66e87827?s=96&d=mm&r=g\",\"url\":\"https:\\\/\\\/secure.gravatar.com\\\/avatar\\\/cd6f5864b85cc3687c05b2965bb186afcd70a2a89789a156c92a4f1d66e87827?s=96&d=mm&r=g\",\"contentUrl\":\"https:\\\/\\\/secure.gravatar.com\\\/avatar\\\/cd6f5864b85cc3687c05b2965bb186afcd70a2a89789a156c92a4f1d66e87827?s=96&d=mm&r=g\",\"caption\":\"Micro961\"},\"url\":\"https:\\\/\\\/www.article-marketing.eu\\\/comunicatistampa\\\/author\\\/micro961\\\/\"}]}<\/script>\n<!-- \/ Yoast SEO plugin. -->","yoast_head_json":{"title":"Pietro Napolano, Relativo - Article Marketing","robots":{"index":"index","follow":"follow","max-snippet":"max-snippet:-1","max-image-preview":"max-image-preview:large","max-video-preview":"max-video-preview:-1"},"canonical":"https:\/\/www.article-marketing.eu\/comunicatistampa\/pietro-napolano-relativo\/","og_locale":"it_IT","og_type":"article","og_title":"Pietro Napolano, Relativo - Article Marketing","og_description":"Riparte da Relativo il nuovo progetto di Pietro Napolano (Universal) Dopo il successo con i \u201cP-Quadro\u201d e dopo un periodo di riflessione e preparazione, torna da solista Pietro Napolano con un nuovo progetto. Tutto \u00e8 relativo. Tutto. A seconda di come si guardano le cose tutto pu\u00f2 cambiare. Einstein per esempio disse: \u201cSi prenda un ultracentenario che rompe uno specchio: sar\u00e0 ben lieto di sapere che ha ancora sette anniContinue reading...","og_url":"https:\/\/www.article-marketing.eu\/comunicatistampa\/pietro-napolano-relativo\/","og_site_name":"Article Marketing","article_published_time":"2021-04-09T13:36:22+00:00","article_modified_time":"2021-04-17T19:17:15+00:00","og_image":[{"url":"https:\/\/newscomunicati.altervista.org\/wp-content\/uploads\/2021\/04\/RELATIVO-COPERTINA.jpg","type":"","width":"","height":""}],"author":"Micro961","twitter_card":"summary_large_image","twitter_misc":{"Scritto da":"Micro961","Tempo di lettura stimato":"3 minuti"},"schema":{"@context":"https:\/\/schema.org","@graph":[{"@type":"Article","@id":"https:\/\/www.article-marketing.eu\/comunicatistampa\/pietro-napolano-relativo\/#article","isPartOf":{"@id":"https:\/\/www.article-marketing.eu\/comunicatistampa\/pietro-napolano-relativo\/"},"author":{"name":"Micro961","@id":"https:\/\/www.article-marketing.eu\/comunicatistampa\/#\/schema\/person\/9beeb909be59832a9bcbec84cb3786f5"},"headline":"Pietro Napolano, Relativo","datePublished":"2021-04-09T13:36:22+00:00","dateModified":"2021-04-17T19:17:15+00:00","mainEntityOfPage":{"@id":"https:\/\/www.article-marketing.eu\/comunicatistampa\/pietro-napolano-relativo\/"},"wordCount":531,"commentCount":0,"image":{"@id":"https:\/\/www.article-marketing.eu\/comunicatistampa\/pietro-napolano-relativo\/#primaryimage"},"thumbnailUrl":"https:\/\/newscomunicati.altervista.org\/wp-content\/uploads\/2021\/04\/RELATIVO-COPERTINA.jpg","keywords":["Napolano","News","Relativo","Singolo"],"articleSection":["_R04","Musica"],"inLanguage":"it-IT","potentialAction":[{"@type":"CommentAction","name":"Comment","target":["https:\/\/www.article-marketing.eu\/comunicatistampa\/pietro-napolano-relativo\/#respond"]}]},{"@type":"WebPage","@id":"https:\/\/www.article-marketing.eu\/comunicatistampa\/pietro-napolano-relativo\/","url":"https:\/\/www.article-marketing.eu\/comunicatistampa\/pietro-napolano-relativo\/","name":"Pietro Napolano, Relativo - Article Marketing","isPartOf":{"@id":"https:\/\/www.article-marketing.eu\/comunicatistampa\/#website"},"primaryImageOfPage":{"@id":"https:\/\/www.article-marketing.eu\/comunicatistampa\/pietro-napolano-relativo\/#primaryimage"},"image":{"@id":"https:\/\/www.article-marketing.eu\/comunicatistampa\/pietro-napolano-relativo\/#primaryimage"},"thumbnailUrl":"https:\/\/newscomunicati.altervista.org\/wp-content\/uploads\/2021\/04\/RELATIVO-COPERTINA.jpg","datePublished":"2021-04-09T13:36:22+00:00","dateModified":"2021-04-17T19:17:15+00:00","author":{"@id":"https:\/\/www.article-marketing.eu\/comunicatistampa\/#\/schema\/person\/9beeb909be59832a9bcbec84cb3786f5"},"breadcrumb":{"@id":"https:\/\/www.article-marketing.eu\/comunicatistampa\/pietro-napolano-relativo\/#breadcrumb"},"inLanguage":"it-IT","potentialAction":[{"@type":"ReadAction","target":["https:\/\/www.article-marketing.eu\/comunicatistampa\/pietro-napolano-relativo\/"]}]},{"@type":"ImageObject","inLanguage":"it-IT","@id":"https:\/\/www.article-marketing.eu\/comunicatistampa\/pietro-napolano-relativo\/#primaryimage","url":"https:\/\/newscomunicati.altervista.org\/wp-content\/uploads\/2021\/04\/RELATIVO-COPERTINA.jpg","contentUrl":"https:\/\/newscomunicati.altervista.org\/wp-content\/uploads\/2021\/04\/RELATIVO-COPERTINA.jpg"},{"@type":"BreadcrumbList","@id":"https:\/\/www.article-marketing.eu\/comunicatistampa\/pietro-napolano-relativo\/#breadcrumb","itemListElement":[{"@type":"ListItem","position":1,"name":"Home","item":"https:\/\/www.article-marketing.eu\/comunicatistampa\/"},{"@type":"ListItem","position":2,"name":"Pietro Napolano, Relativo"}]},{"@type":"WebSite","@id":"https:\/\/www.article-marketing.eu\/comunicatistampa\/#website","url":"https:\/\/www.article-marketing.eu\/comunicatistampa\/","name":"Article Marketing","description":"article marketing &amp; press release","potentialAction":[{"@type":"SearchAction","target":{"@type":"EntryPoint","urlTemplate":"https:\/\/www.article-marketing.eu\/comunicatistampa\/?s={search_term_string}"},"query-input":{"@type":"PropertyValueSpecification","valueRequired":true,"valueName":"search_term_string"}}],"inLanguage":"it-IT"},{"@type":"Person","@id":"https:\/\/www.article-marketing.eu\/comunicatistampa\/#\/schema\/person\/9beeb909be59832a9bcbec84cb3786f5","name":"Micro961","image":{"@type":"ImageObject","inLanguage":"it-IT","@id":"https:\/\/secure.gravatar.com\/avatar\/cd6f5864b85cc3687c05b2965bb186afcd70a2a89789a156c92a4f1d66e87827?s=96&d=mm&r=g","url":"https:\/\/secure.gravatar.com\/avatar\/cd6f5864b85cc3687c05b2965bb186afcd70a2a89789a156c92a4f1d66e87827?s=96&d=mm&r=g","contentUrl":"https:\/\/secure.gravatar.com\/avatar\/cd6f5864b85cc3687c05b2965bb186afcd70a2a89789a156c92a4f1d66e87827?s=96&d=mm&r=g","caption":"Micro961"},"url":"https:\/\/www.article-marketing.eu\/comunicatistampa\/author\/micro961\/"}]}},"_links":{"self":[{"href":"https:\/\/www.article-marketing.eu\/comunicatistampa\/wp-json\/wp\/v2\/posts\/18246","targetHints":{"allow":["GET"]}}],"collection":[{"href":"https:\/\/www.article-marketing.eu\/comunicatistampa\/wp-json\/wp\/v2\/posts"}],"about":[{"href":"https:\/\/www.article-marketing.eu\/comunicatistampa\/wp-json\/wp\/v2\/types\/post"}],"author":[{"embeddable":true,"href":"https:\/\/www.article-marketing.eu\/comunicatistampa\/wp-json\/wp\/v2\/users\/1680"}],"replies":[{"embeddable":true,"href":"https:\/\/www.article-marketing.eu\/comunicatistampa\/wp-json\/wp\/v2\/comments?post=18246"}],"version-history":[{"count":3,"href":"https:\/\/www.article-marketing.eu\/comunicatistampa\/wp-json\/wp\/v2\/posts\/18246\/revisions"}],"predecessor-version":[{"id":18255,"href":"https:\/\/www.article-marketing.eu\/comunicatistampa\/wp-json\/wp\/v2\/posts\/18246\/revisions\/18255"}],"wp:attachment":[{"href":"https:\/\/www.article-marketing.eu\/comunicatistampa\/wp-json\/wp\/v2\/media?parent=18246"}],"wp:term":[{"taxonomy":"category","embeddable":true,"href":"https:\/\/www.article-marketing.eu\/comunicatistampa\/wp-json\/wp\/v2\/categories?post=18246"},{"taxonomy":"post_tag","embeddable":true,"href":"https:\/\/www.article-marketing.eu\/comunicatistampa\/wp-json\/wp\/v2\/tags?post=18246"}],"curies":[{"name":"wp","href":"https:\/\/api.w.org\/{rel}","templated":true}]}}