{"id":18256,"date":"2021-04-09T22:18:47","date_gmt":"2021-04-09T20:18:47","guid":{"rendered":"https:\/\/www.article-marketing.eu\/comunicatistampa\/?p=18256"},"modified":"2021-04-09T22:18:47","modified_gmt":"2021-04-09T20:18:47","slug":"una-partnership-a-servizio-della-collettivita-e-dellambiente","status":"publish","type":"post","link":"https:\/\/www.article-marketing.eu\/comunicatistampa\/una-partnership-a-servizio-della-collettivita-e-dellambiente\/","title":{"rendered":"Una partnership a servizio della collettivit\u00e0 e dell\u2019ambiente"},"content":{"rendered":"<p><em>Dal 9 aprile all\u201911 aprile Ortisti di Strada distribuir\u00e0 gratuitamente 300 alberi da frutto donati da Geoplant Vivai. Il punto di ritiro presso il Frutteto Sociale Ravenna<\/em><\/p>\n<p><em>\u00a0<\/em><\/p>\n<p><strong>Riavvicinare i cittadini alla terra <\/strong>e allo stesso tempo riqualificare il tessuto cittadino attraverso il rinverdimento di luoghi pubblici, scuole e aree parzialmente o totalmente abbandonate. \u00c8 il progetto che da diversi anni vede coinvolti <strong>Geoplant Vivai<\/strong>, azienda vivaistica di Ravenna, e <strong>Ortisti di strada<\/strong>, associazione no profit nata nel 2015 con lo scopo di ricongiungere la collettivit\u00e0 e soprattutto le nuove generazioni alla natura. La <strong>partnership<\/strong> ha gi\u00e0 visto a Ravenna la realizzazione del Frutteto Sociale dietro le case popolari di via Patuelli e durante il primo lockdown la donazione di alberi da frutto agli educatori dell\u2019et\u00e0 evolutiva.<\/p>\n<p>Una collaborazione nata per rendere la citt\u00e0 pi\u00f9 verde e fiorita e che anche quest\u2019anno si rinnover\u00e0 all\u2019insegna di valori condivisi come sostenibilit\u00e0, solidariet\u00e0 e inclusione sociale. <strong>Ortisti di Strada \u00e8 infatti pronta a distribuire gratuitamente 300 alberi da frutto donati da Geoplant Vivai<\/strong>. Le piante saranno donate alle associazioni o enti nel sociale che ne faranno richiesta. Considerando la situazione pandemica attuale, <strong>\u00e8 necessario comunicare il giorno e l\u2019orario del ritiro precisi compilando il form al link<\/strong> per gestire al meglio l\u2019arrivo delle persone: <a href=\"https:\/\/forms.gle\/thhWJJQVv5XCVdK77\">https:\/\/forms.gle\/thhWJJQVv5XCVdK77<\/a><\/p>\n<p>Purtroppo essendo piante a radice nuda, non vi \u00e8 la possibilit\u00e0 di rimandare oltre la messa a dimora per la primavera gi\u00e0 inoltrata. Il motivo dello spostamento per il ritiro pu\u00f2 essere indicato all\u2019interno dell\u2019autodichiarazione.<\/p>\n<p><strong>Le giornate disponibili per il ritiro<\/strong> saranno:<\/p>\n<ul>\n<li>Venerd\u00ec 9 aprile dalla 15 alle 18<\/li>\n<li>Sabato 10 aprile dalle 15 alle 18<\/li>\n<li>Domenica 11 aprile dalle 10 alle 13<\/li>\n<\/ul>\n<p><strong>Sono tante le realt\u00e0 che negli anni hanno aderito a questa iniziativa <\/strong>mettendo a dimora nuove piante come Legambiente, Arci, Fridays for Future, Centro Sociale Spartaco, Croce Rossa, HumuSapiens, Consorzio Selenia insieme a diverse scuole del territorio.<\/p>\n<p><strong>La filosofia promossa <\/strong>dagli Ortisti di Strada e condivisa da Geoplant ha le sue radici nella volont\u00e0 di <strong>combattere gli sprechi di materiale ecologico<\/strong>, nell\u2019ottica del suo pieno recupero e di un\u2019economia circolare: tutto deve essere riconsegnato al terreno e ricollocato per regalarne un beneficio all\u2019intera comunit\u00e0. <strong>Le piante rimanenti saranno destinate alla valorizzazione di aree verdi<\/strong> presenti in citt\u00e0 nella prospettiva di preservare gli spazi comuni e rendere le citt\u00e0 sempre pi\u00f9 resilienti agli effetti dei cambiamenti climatici e alimentare la biodiversit\u00e0.<\/p>\n<p>&nbsp;<\/p>\n<p><a href=\"https:\/\/ortistidistrada.com\/\"><strong>Ortisti di Strada <\/strong><\/a>\u00e8 un\u2019associazione no profit nata nel 2015 per accorciare le distanze tra la campagna e la citt\u00e0, promuovendo pratiche di agricoltura naturale all&#8217;interno dei centri urbani.<\/p>\n<p><strong><a href=\"http:\/\/www.geoplantvivai.com\/\">Geoplant Vivai<\/a> <\/strong>\u00e8 una societ\u00e0 agricola romagnola presente sul mercato da quasi quarant\u2019anni, specializzata nella coltivazione di piante di fragola e da frutto. Consapevole che le piante non rappresentino un bene di consumo, ma di investimento, l\u2019azienda agisce su pi\u00f9 direttrici per interpretare le esigenze dei clienti, impegnarsi a migliorare la struttura e la morfologia delle cultivar, controllare tutti i processi per la sicurezza sanitaria e proporre le migliori variet\u00e0 provenienti dalla ricerca mondiale.<\/p>\n","protected":false},"excerpt":{"rendered":"<p>Dal 9 aprile all\u201911 aprile Ortisti di Strada distribuir\u00e0 gratuitamente 300 alberi da frutto donati da Geoplant Vivai. Il punto di ritiro presso il Frutteto Sociale Ravenna \u00a0 Riavvicinare i cittadini alla terra e allo stesso tempo riqualificare il tessuto cittadino attraverso il rinverdimento di luoghi pubblici, scuole e aree parzialmente o totalmente abbandonate. \u00c8 il progetto che da diversi anni vede coinvolti Geoplant Vivai, azienda vivaistica di Ravenna, e<\/p>\n<p><a class=\"continue-reading\" href=\"https:\/\/www.article-marketing.eu\/comunicatistampa\/una-partnership-a-servizio-della-collettivita-e-dellambiente\/\">Continue reading&#8230;<\/a><\/p>\n","protected":false},"author":397,"featured_media":0,"comment_status":"open","ping_status":"open","sticky":false,"template":"","format":"standard","meta":{"_monsterinsights_skip_tracking":false,"_monsterinsights_sitenote_active":false,"_monsterinsights_sitenote_note":"","_monsterinsights_sitenote_category":0,"footnotes":""},"categories":[78,392,418,367],"tags":[],"class_list":["post-18256","post","type-post","status-publish","format-standard","hentry","category-comunicati-stampa","category-eventi","category-natura","category-news-e-attualita"],"yoast_head":"<!-- This site is optimized with the Yoast SEO plugin v27.3 - https:\/\/yoast.com\/product\/yoast-seo-wordpress\/ -->\n<title>Una partnership a servizio della collettivit\u00e0 e dell\u2019ambiente<\/title>\n<meta name=\"description\" content=\"Dal 9 aprile all\u201911 aprile Ortisti di Strada distribuir\u00e0 gratuitamente 300 alberi da frutto donati da Geoplant Vivai. Il punto di ritiro presso il Frutteto Sociale Ravenna\" \/>\n<meta name=\"robots\" content=\"index, follow, max-snippet:-1, max-image-preview:large, max-video-preview:-1\" \/>\n<link rel=\"canonical\" href=\"https:\/\/www.article-marketing.eu\/comunicatistampa\/una-partnership-a-servizio-della-collettivita-e-dellambiente\/\" \/>\n<meta property=\"og:locale\" content=\"it_IT\" \/>\n<meta property=\"og:type\" content=\"article\" \/>\n<meta property=\"og:title\" content=\"Una partnership a servizio della collettivit\u00e0 e dell\u2019ambiente\" \/>\n<meta property=\"og:description\" content=\"Dal 9 aprile all\u201911 aprile Ortisti di Strada distribuir\u00e0 gratuitamente 300 alberi da frutto donati da Geoplant Vivai. Il punto di ritiro presso il Frutteto Sociale Ravenna\" \/>\n<meta property=\"og:url\" content=\"https:\/\/www.article-marketing.eu\/comunicatistampa\/una-partnership-a-servizio-della-collettivita-e-dellambiente\/\" \/>\n<meta property=\"og:site_name\" content=\"Article Marketing\" \/>\n<meta property=\"article:published_time\" content=\"2021-04-09T20:18:47+00:00\" \/>\n<meta name=\"author\" content=\"Borderline Agency\" \/>\n<meta name=\"twitter:card\" content=\"summary_large_image\" \/>\n<meta name=\"twitter:label1\" content=\"Scritto da\" \/>\n\t<meta name=\"twitter:data1\" content=\"Borderline Agency\" \/>\n\t<meta name=\"twitter:label2\" content=\"Tempo di lettura stimato\" \/>\n\t<meta name=\"twitter:data2\" content=\"3 minuti\" \/>\n<script type=\"application\/ld+json\" class=\"yoast-schema-graph\">{\"@context\":\"https:\\\/\\\/schema.org\",\"@graph\":[{\"@type\":\"Article\",\"@id\":\"https:\\\/\\\/www.article-marketing.eu\\\/comunicatistampa\\\/una-partnership-a-servizio-della-collettivita-e-dellambiente\\\/#article\",\"isPartOf\":{\"@id\":\"https:\\\/\\\/www.article-marketing.eu\\\/comunicatistampa\\\/una-partnership-a-servizio-della-collettivita-e-dellambiente\\\/\"},\"author\":{\"name\":\"Borderline Agency\",\"@id\":\"https:\\\/\\\/www.article-marketing.eu\\\/comunicatistampa\\\/#\\\/schema\\\/person\\\/1c4ab1c7aad84347e26e78235da6ff1b\"},\"headline\":\"Una partnership a servizio della collettivit\u00e0 e dell\u2019ambiente\",\"datePublished\":\"2021-04-09T20:18:47+00:00\",\"mainEntityOfPage\":{\"@id\":\"https:\\\/\\\/www.article-marketing.eu\\\/comunicatistampa\\\/una-partnership-a-servizio-della-collettivita-e-dellambiente\\\/\"},\"wordCount\":505,\"commentCount\":0,\"articleSection\":[\"Comunicati stampa\",\"Eventi\",\"Natura\",\"News e Attualit\u00e0\"],\"inLanguage\":\"it-IT\",\"potentialAction\":[{\"@type\":\"CommentAction\",\"name\":\"Comment\",\"target\":[\"https:\\\/\\\/www.article-marketing.eu\\\/comunicatistampa\\\/una-partnership-a-servizio-della-collettivita-e-dellambiente\\\/#respond\"]}]},{\"@type\":\"WebPage\",\"@id\":\"https:\\\/\\\/www.article-marketing.eu\\\/comunicatistampa\\\/una-partnership-a-servizio-della-collettivita-e-dellambiente\\\/\",\"url\":\"https:\\\/\\\/www.article-marketing.eu\\\/comunicatistampa\\\/una-partnership-a-servizio-della-collettivita-e-dellambiente\\\/\",\"name\":\"Una partnership a servizio della collettivit\u00e0 e dell\u2019ambiente\",\"isPartOf\":{\"@id\":\"https:\\\/\\\/www.article-marketing.eu\\\/comunicatistampa\\\/#website\"},\"datePublished\":\"2021-04-09T20:18:47+00:00\",\"author\":{\"@id\":\"https:\\\/\\\/www.article-marketing.eu\\\/comunicatistampa\\\/#\\\/schema\\\/person\\\/1c4ab1c7aad84347e26e78235da6ff1b\"},\"description\":\"Dal 9 aprile all\u201911 aprile Ortisti di Strada distribuir\u00e0 gratuitamente 300 alberi da frutto donati da Geoplant Vivai. Il punto di ritiro presso il Frutteto Sociale Ravenna\",\"breadcrumb\":{\"@id\":\"https:\\\/\\\/www.article-marketing.eu\\\/comunicatistampa\\\/una-partnership-a-servizio-della-collettivita-e-dellambiente\\\/#breadcrumb\"},\"inLanguage\":\"it-IT\",\"potentialAction\":[{\"@type\":\"ReadAction\",\"target\":[\"https:\\\/\\\/www.article-marketing.eu\\\/comunicatistampa\\\/una-partnership-a-servizio-della-collettivita-e-dellambiente\\\/\"]}]},{\"@type\":\"BreadcrumbList\",\"@id\":\"https:\\\/\\\/www.article-marketing.eu\\\/comunicatistampa\\\/una-partnership-a-servizio-della-collettivita-e-dellambiente\\\/#breadcrumb\",\"itemListElement\":[{\"@type\":\"ListItem\",\"position\":1,\"name\":\"Home\",\"item\":\"https:\\\/\\\/www.article-marketing.eu\\\/comunicatistampa\\\/\"},{\"@type\":\"ListItem\",\"position\":2,\"name\":\"Una partnership a servizio della collettivit\u00e0 e dell\u2019ambiente\"}]},{\"@type\":\"WebSite\",\"@id\":\"https:\\\/\\\/www.article-marketing.eu\\\/comunicatistampa\\\/#website\",\"url\":\"https:\\\/\\\/www.article-marketing.eu\\\/comunicatistampa\\\/\",\"name\":\"Article Marketing\",\"description\":\"article marketing &amp; press release\",\"potentialAction\":[{\"@type\":\"SearchAction\",\"target\":{\"@type\":\"EntryPoint\",\"urlTemplate\":\"https:\\\/\\\/www.article-marketing.eu\\\/comunicatistampa\\\/?s={search_term_string}\"},\"query-input\":{\"@type\":\"PropertyValueSpecification\",\"valueRequired\":true,\"valueName\":\"search_term_string\"}}],\"inLanguage\":\"it-IT\"},{\"@type\":\"Person\",\"@id\":\"https:\\\/\\\/www.article-marketing.eu\\\/comunicatistampa\\\/#\\\/schema\\\/person\\\/1c4ab1c7aad84347e26e78235da6ff1b\",\"name\":\"Borderline Agency\",\"image\":{\"@type\":\"ImageObject\",\"inLanguage\":\"it-IT\",\"@id\":\"https:\\\/\\\/secure.gravatar.com\\\/avatar\\\/741fa053101610cb0be7dc835c116926549ae4ae2142ff35eac04d78fda61461?s=96&d=mm&r=g\",\"url\":\"https:\\\/\\\/secure.gravatar.com\\\/avatar\\\/741fa053101610cb0be7dc835c116926549ae4ae2142ff35eac04d78fda61461?s=96&d=mm&r=g\",\"contentUrl\":\"https:\\\/\\\/secure.gravatar.com\\\/avatar\\\/741fa053101610cb0be7dc835c116926549ae4ae2142ff35eac04d78fda61461?s=96&d=mm&r=g\",\"caption\":\"Borderline Agency\"},\"url\":\"https:\\\/\\\/www.article-marketing.eu\\\/comunicatistampa\\\/author\\\/borderline-agency\\\/\"}]}<\/script>\n<!-- \/ Yoast SEO plugin. -->","yoast_head_json":{"title":"Una partnership a servizio della collettivit\u00e0 e dell\u2019ambiente","description":"Dal 9 aprile all\u201911 aprile Ortisti di Strada distribuir\u00e0 gratuitamente 300 alberi da frutto donati da Geoplant Vivai. Il punto di ritiro presso il Frutteto Sociale Ravenna","robots":{"index":"index","follow":"follow","max-snippet":"max-snippet:-1","max-image-preview":"max-image-preview:large","max-video-preview":"max-video-preview:-1"},"canonical":"https:\/\/www.article-marketing.eu\/comunicatistampa\/una-partnership-a-servizio-della-collettivita-e-dellambiente\/","og_locale":"it_IT","og_type":"article","og_title":"Una partnership a servizio della collettivit\u00e0 e dell\u2019ambiente","og_description":"Dal 9 aprile all\u201911 aprile Ortisti di Strada distribuir\u00e0 gratuitamente 300 alberi da frutto donati da Geoplant Vivai. Il punto di ritiro presso il Frutteto Sociale Ravenna","og_url":"https:\/\/www.article-marketing.eu\/comunicatistampa\/una-partnership-a-servizio-della-collettivita-e-dellambiente\/","og_site_name":"Article Marketing","article_published_time":"2021-04-09T20:18:47+00:00","author":"Borderline Agency","twitter_card":"summary_large_image","twitter_misc":{"Scritto da":"Borderline Agency","Tempo di lettura stimato":"3 minuti"},"schema":{"@context":"https:\/\/schema.org","@graph":[{"@type":"Article","@id":"https:\/\/www.article-marketing.eu\/comunicatistampa\/una-partnership-a-servizio-della-collettivita-e-dellambiente\/#article","isPartOf":{"@id":"https:\/\/www.article-marketing.eu\/comunicatistampa\/una-partnership-a-servizio-della-collettivita-e-dellambiente\/"},"author":{"name":"Borderline Agency","@id":"https:\/\/www.article-marketing.eu\/comunicatistampa\/#\/schema\/person\/1c4ab1c7aad84347e26e78235da6ff1b"},"headline":"Una partnership a servizio della collettivit\u00e0 e dell\u2019ambiente","datePublished":"2021-04-09T20:18:47+00:00","mainEntityOfPage":{"@id":"https:\/\/www.article-marketing.eu\/comunicatistampa\/una-partnership-a-servizio-della-collettivita-e-dellambiente\/"},"wordCount":505,"commentCount":0,"articleSection":["Comunicati stampa","Eventi","Natura","News e Attualit\u00e0"],"inLanguage":"it-IT","potentialAction":[{"@type":"CommentAction","name":"Comment","target":["https:\/\/www.article-marketing.eu\/comunicatistampa\/una-partnership-a-servizio-della-collettivita-e-dellambiente\/#respond"]}]},{"@type":"WebPage","@id":"https:\/\/www.article-marketing.eu\/comunicatistampa\/una-partnership-a-servizio-della-collettivita-e-dellambiente\/","url":"https:\/\/www.article-marketing.eu\/comunicatistampa\/una-partnership-a-servizio-della-collettivita-e-dellambiente\/","name":"Una partnership a servizio della collettivit\u00e0 e dell\u2019ambiente","isPartOf":{"@id":"https:\/\/www.article-marketing.eu\/comunicatistampa\/#website"},"datePublished":"2021-04-09T20:18:47+00:00","author":{"@id":"https:\/\/www.article-marketing.eu\/comunicatistampa\/#\/schema\/person\/1c4ab1c7aad84347e26e78235da6ff1b"},"description":"Dal 9 aprile all\u201911 aprile Ortisti di Strada distribuir\u00e0 gratuitamente 300 alberi da frutto donati da Geoplant Vivai. Il punto di ritiro presso il Frutteto Sociale Ravenna","breadcrumb":{"@id":"https:\/\/www.article-marketing.eu\/comunicatistampa\/una-partnership-a-servizio-della-collettivita-e-dellambiente\/#breadcrumb"},"inLanguage":"it-IT","potentialAction":[{"@type":"ReadAction","target":["https:\/\/www.article-marketing.eu\/comunicatistampa\/una-partnership-a-servizio-della-collettivita-e-dellambiente\/"]}]},{"@type":"BreadcrumbList","@id":"https:\/\/www.article-marketing.eu\/comunicatistampa\/una-partnership-a-servizio-della-collettivita-e-dellambiente\/#breadcrumb","itemListElement":[{"@type":"ListItem","position":1,"name":"Home","item":"https:\/\/www.article-marketing.eu\/comunicatistampa\/"},{"@type":"ListItem","position":2,"name":"Una partnership a servizio della collettivit\u00e0 e dell\u2019ambiente"}]},{"@type":"WebSite","@id":"https:\/\/www.article-marketing.eu\/comunicatistampa\/#website","url":"https:\/\/www.article-marketing.eu\/comunicatistampa\/","name":"Article Marketing","description":"article marketing &amp; press release","potentialAction":[{"@type":"SearchAction","target":{"@type":"EntryPoint","urlTemplate":"https:\/\/www.article-marketing.eu\/comunicatistampa\/?s={search_term_string}"},"query-input":{"@type":"PropertyValueSpecification","valueRequired":true,"valueName":"search_term_string"}}],"inLanguage":"it-IT"},{"@type":"Person","@id":"https:\/\/www.article-marketing.eu\/comunicatistampa\/#\/schema\/person\/1c4ab1c7aad84347e26e78235da6ff1b","name":"Borderline Agency","image":{"@type":"ImageObject","inLanguage":"it-IT","@id":"https:\/\/secure.gravatar.com\/avatar\/741fa053101610cb0be7dc835c116926549ae4ae2142ff35eac04d78fda61461?s=96&d=mm&r=g","url":"https:\/\/secure.gravatar.com\/avatar\/741fa053101610cb0be7dc835c116926549ae4ae2142ff35eac04d78fda61461?s=96&d=mm&r=g","contentUrl":"https:\/\/secure.gravatar.com\/avatar\/741fa053101610cb0be7dc835c116926549ae4ae2142ff35eac04d78fda61461?s=96&d=mm&r=g","caption":"Borderline Agency"},"url":"https:\/\/www.article-marketing.eu\/comunicatistampa\/author\/borderline-agency\/"}]}},"_links":{"self":[{"href":"https:\/\/www.article-marketing.eu\/comunicatistampa\/wp-json\/wp\/v2\/posts\/18256","targetHints":{"allow":["GET"]}}],"collection":[{"href":"https:\/\/www.article-marketing.eu\/comunicatistampa\/wp-json\/wp\/v2\/posts"}],"about":[{"href":"https:\/\/www.article-marketing.eu\/comunicatistampa\/wp-json\/wp\/v2\/types\/post"}],"author":[{"embeddable":true,"href":"https:\/\/www.article-marketing.eu\/comunicatistampa\/wp-json\/wp\/v2\/users\/397"}],"replies":[{"embeddable":true,"href":"https:\/\/www.article-marketing.eu\/comunicatistampa\/wp-json\/wp\/v2\/comments?post=18256"}],"version-history":[{"count":2,"href":"https:\/\/www.article-marketing.eu\/comunicatistampa\/wp-json\/wp\/v2\/posts\/18256\/revisions"}],"predecessor-version":[{"id":18261,"href":"https:\/\/www.article-marketing.eu\/comunicatistampa\/wp-json\/wp\/v2\/posts\/18256\/revisions\/18261"}],"wp:attachment":[{"href":"https:\/\/www.article-marketing.eu\/comunicatistampa\/wp-json\/wp\/v2\/media?parent=18256"}],"wp:term":[{"taxonomy":"category","embeddable":true,"href":"https:\/\/www.article-marketing.eu\/comunicatistampa\/wp-json\/wp\/v2\/categories?post=18256"},{"taxonomy":"post_tag","embeddable":true,"href":"https:\/\/www.article-marketing.eu\/comunicatistampa\/wp-json\/wp\/v2\/tags?post=18256"}],"curies":[{"name":"wp","href":"https:\/\/api.w.org\/{rel}","templated":true}]}}