{"id":18259,"date":"2021-04-09T22:19:07","date_gmt":"2021-04-09T20:19:07","guid":{"rendered":"https:\/\/www.article-marketing.eu\/comunicatistampa\/?p=18259"},"modified":"2021-04-09T22:19:07","modified_gmt":"2021-04-09T20:19:07","slug":"novita-a-roma-in-tema-di-matrimonio-il-ricevimento-stile-social-presso-villa-marta","status":"publish","type":"post","link":"https:\/\/www.article-marketing.eu\/comunicatistampa\/novita-a-roma-in-tema-di-matrimonio-il-ricevimento-stile-social-presso-villa-marta\/","title":{"rendered":"Novit\u00e0 a Roma in tema di matrimonio: il ricevimento stile social presso Villa Marta"},"content":{"rendered":"<p>Il Social ormai da diversi anni circonda le nostre vite e soprattutto la nostra quotidianit\u00e0.<\/p>\n<p>Facebook, Instagram, Tik Tok ormai fanno parte di noi&#8230; Pensate a quante foto guardiamo o postiamo ogni giorno, a quante storie visualizziamo e quante altre ne mettiamo per far vedere cosa facciamo in tempo reale ad amici, parenti e anche sconosciuti.<\/p>\n<p>Ma allora se passiamo gran parte del nostro tempo su queste piattaforme online, un matrimonio a tema Social nel 2021 \u00e8 quello che ci vuole!<\/p>\n<p>Villa Marta \u00e8 senza alcun dubbio la Location pi\u00f9 social che ci possa essere.<\/p>\n<p>Varcherete i cancelli di questa meravigliosa struttura per attraversare un viale circondato da Palme, fiori e alberi per poi raggiungere il bordo piscina, altro luogo suggestivo che offre la location di Villa Marta.<\/p>\n<p>Durante lo svolgimento del vostro evento, il fotografo sar\u00e0 bravo nel cogliere gli attimi pi\u00f9 emozionanti, come il primo ballo che farete assieme ma anche gli attimi pi\u00f9 divertenti come quello del Photo Booth, che con parrucche e cappelli spiritosi vi faranno passare dei momenti che difficilmente scorderete.<\/p>\n<p>Verr\u00e0 girato un video che potr\u00e0 essere proiettato e guardato a fine serata sul grande schermo per rivedere assieme i momenti pi\u00f9 significativi del vostro matrimonio.<\/p>\n<p>Ma cosa sarebbe un matrimonio a tema Social senza una diretta?!<\/p>\n<p>On line nel momento del taglio della torta con relativo brindisi contornato da un nuovissimo Spettacolo laser oppure dalle ormai imprescindibili Fontane luminose, per non dimenticare la possibilit\u00e0 di lanciare in cielo dei coloratissimi Palloncini a led.<\/p>\n<p>Brevi video dalla durata massima di un minuto e storie da condividere subito con i vostri amici virtuali. Per gli amici veri e parenti presenti al vostro ricevimento, balli e giochi di animazione non mancheranno, come anche il buon cibo che solo lo chef di Villa Marta sa preparare.<\/p>\n<p>Angoli graziosi come quello della Confettata e delle Bomboniere saranno un plus al vostro evento fantastico e visto il tema scelto direi che come bomboniera la scelta pi\u00f9 corretta sia una chiavetta USB (sono certa che con quella non farete brutta figura).<\/p>\n<p>Per altre informazioni non esitate a contattare ai seguenti numeri. Il Sig, Giuseppe Tessitore e il suo staff saranno lieti di illustrarvi questo e molto altro nella maniera pi\u00f9 professionale e dettagliata possibile.<\/p>\n<p>Vi aspettiamo a Villa Marta!!!!<\/p>\n<p>Tel. Ufficio: 06 50 93 45 14<br \/>\nTel. Sig. Tessitore: 338 68 42 903<\/p>\n<p>Email: info@tessitorericevimenti.it<\/p>\n<blockquote class=\"wp-embedded-content\" data-secret=\"OJhzAWkPOF\"><p><a href=\"http:\/\/www.tessitorericevimenti.it\/\">Home<\/a><\/p><\/blockquote>\n<p><iframe loading=\"lazy\" class=\"wp-embedded-content\" sandbox=\"allow-scripts\" security=\"restricted\" style=\"position: absolute; clip: rect(1px, 1px, 1px, 1px);\" title=\"&#8220;Home&#8221; &#8212; Villa Ricevimenti &amp; Matrimonio Roma\" src=\"http:\/\/www.tessitorericevimenti.it\/embed\/#?secret=OJhzAWkPOF\" data-secret=\"OJhzAWkPOF\" width=\"600\" height=\"338\" frameborder=\"0\" marginwidth=\"0\" marginheight=\"0\" scrolling=\"no\"><\/iframe><\/p>\n","protected":false},"excerpt":{"rendered":"<p>Il Social ormai da diversi anni circonda le nostre vite e soprattutto la nostra quotidianit\u00e0. Facebook, Instagram, Tik Tok ormai fanno parte di noi&#8230; Pensate a quante foto guardiamo o postiamo ogni giorno, a quante storie visualizziamo e quante altre ne mettiamo per far vedere cosa facciamo in tempo reale ad amici, parenti e anche sconosciuti. Ma allora se passiamo gran parte del nostro tempo su queste piattaforme online, un<\/p>\n<p><a class=\"continue-reading\" href=\"https:\/\/www.article-marketing.eu\/comunicatistampa\/novita-a-roma-in-tema-di-matrimonio-il-ricevimento-stile-social-presso-villa-marta\/\">Continue reading&#8230;<\/a><\/p>\n","protected":false},"author":570,"featured_media":0,"comment_status":"open","ping_status":"open","sticky":false,"template":"","format":"standard","meta":{"_monsterinsights_skip_tracking":false,"_monsterinsights_sitenote_active":false,"_monsterinsights_sitenote_note":"","_monsterinsights_sitenote_category":0,"footnotes":""},"categories":[353,391,362],"tags":[2214,3308,2215],"class_list":["post-18259","post","type-post","status-publish","format-standard","hentry","category-intrattenimento","category-ristoranti","category-societa","tag-villa-matrimonio-roma","tag-villa-ricevimenti","tag-villa-ricevimenti-roma"],"yoast_head":"<!-- This site is optimized with the Yoast SEO plugin v27.3 - https:\/\/yoast.com\/product\/yoast-seo-wordpress\/ -->\n<title>Novit\u00e0 a Roma in tema di matrimonio: il ricevimento stile social presso Villa Marta<\/title>\n<meta name=\"robots\" content=\"index, follow, max-snippet:-1, max-image-preview:large, max-video-preview:-1\" \/>\n<link rel=\"canonical\" href=\"https:\/\/www.article-marketing.eu\/comunicatistampa\/novita-a-roma-in-tema-di-matrimonio-il-ricevimento-stile-social-presso-villa-marta\/\" \/>\n<meta property=\"og:locale\" content=\"it_IT\" \/>\n<meta property=\"og:type\" content=\"article\" \/>\n<meta property=\"og:title\" content=\"Novit\u00e0 a Roma in tema di matrimonio: il ricevimento stile social presso Villa Marta\" \/>\n<meta property=\"og:description\" content=\"Il Social ormai da diversi anni circonda le nostre vite e soprattutto la nostra quotidianit\u00e0. Facebook, Instagram, Tik Tok ormai fanno parte di noi&#8230; Pensate a quante foto guardiamo o postiamo ogni giorno, a quante storie visualizziamo e quante altre ne mettiamo per far vedere cosa facciamo in tempo reale ad amici, parenti e anche sconosciuti. Ma allora se passiamo gran parte del nostro tempo su queste piattaforme online, unContinue reading...\" \/>\n<meta property=\"og:url\" content=\"https:\/\/www.article-marketing.eu\/comunicatistampa\/novita-a-roma-in-tema-di-matrimonio-il-ricevimento-stile-social-presso-villa-marta\/\" \/>\n<meta property=\"og:site_name\" content=\"Article Marketing\" \/>\n<meta property=\"article:published_time\" content=\"2021-04-09T20:19:07+00:00\" \/>\n<meta name=\"author\" content=\"VillaMartaRoma\" \/>\n<meta name=\"twitter:card\" content=\"summary_large_image\" \/>\n<meta name=\"twitter:label1\" content=\"Scritto da\" \/>\n\t<meta name=\"twitter:data1\" content=\"VillaMartaRoma\" \/>\n\t<meta name=\"twitter:label2\" content=\"Tempo di lettura stimato\" \/>\n\t<meta name=\"twitter:data2\" content=\"2 minuti\" \/>\n<script type=\"application\/ld+json\" class=\"yoast-schema-graph\">{\"@context\":\"https:\\\/\\\/schema.org\",\"@graph\":[{\"@type\":\"Article\",\"@id\":\"https:\\\/\\\/www.article-marketing.eu\\\/comunicatistampa\\\/novita-a-roma-in-tema-di-matrimonio-il-ricevimento-stile-social-presso-villa-marta\\\/#article\",\"isPartOf\":{\"@id\":\"https:\\\/\\\/www.article-marketing.eu\\\/comunicatistampa\\\/novita-a-roma-in-tema-di-matrimonio-il-ricevimento-stile-social-presso-villa-marta\\\/\"},\"author\":{\"name\":\"VillaMartaRoma\",\"@id\":\"https:\\\/\\\/www.article-marketing.eu\\\/comunicatistampa\\\/#\\\/schema\\\/person\\\/89e3faf2a60bd0bdc02b969d73103daf\"},\"headline\":\"Novit\u00e0 a Roma in tema di matrimonio: il ricevimento stile social presso Villa Marta\",\"datePublished\":\"2021-04-09T20:19:07+00:00\",\"mainEntityOfPage\":{\"@id\":\"https:\\\/\\\/www.article-marketing.eu\\\/comunicatistampa\\\/novita-a-roma-in-tema-di-matrimonio-il-ricevimento-stile-social-presso-villa-marta\\\/\"},\"wordCount\":403,\"commentCount\":0,\"keywords\":[\"villa matrimonio roma\",\"villa ricevimenti\",\"villa ricevimenti roma\"],\"articleSection\":[\"Intrattenimento\",\"Ristoranti\",\"Societ\u00e0\"],\"inLanguage\":\"it-IT\",\"potentialAction\":[{\"@type\":\"CommentAction\",\"name\":\"Comment\",\"target\":[\"https:\\\/\\\/www.article-marketing.eu\\\/comunicatistampa\\\/novita-a-roma-in-tema-di-matrimonio-il-ricevimento-stile-social-presso-villa-marta\\\/#respond\"]}]},{\"@type\":\"WebPage\",\"@id\":\"https:\\\/\\\/www.article-marketing.eu\\\/comunicatistampa\\\/novita-a-roma-in-tema-di-matrimonio-il-ricevimento-stile-social-presso-villa-marta\\\/\",\"url\":\"https:\\\/\\\/www.article-marketing.eu\\\/comunicatistampa\\\/novita-a-roma-in-tema-di-matrimonio-il-ricevimento-stile-social-presso-villa-marta\\\/\",\"name\":\"Novit\u00e0 a Roma in tema di matrimonio: il ricevimento stile social presso Villa Marta\",\"isPartOf\":{\"@id\":\"https:\\\/\\\/www.article-marketing.eu\\\/comunicatistampa\\\/#website\"},\"datePublished\":\"2021-04-09T20:19:07+00:00\",\"author\":{\"@id\":\"https:\\\/\\\/www.article-marketing.eu\\\/comunicatistampa\\\/#\\\/schema\\\/person\\\/89e3faf2a60bd0bdc02b969d73103daf\"},\"breadcrumb\":{\"@id\":\"https:\\\/\\\/www.article-marketing.eu\\\/comunicatistampa\\\/novita-a-roma-in-tema-di-matrimonio-il-ricevimento-stile-social-presso-villa-marta\\\/#breadcrumb\"},\"inLanguage\":\"it-IT\",\"potentialAction\":[{\"@type\":\"ReadAction\",\"target\":[\"https:\\\/\\\/www.article-marketing.eu\\\/comunicatistampa\\\/novita-a-roma-in-tema-di-matrimonio-il-ricevimento-stile-social-presso-villa-marta\\\/\"]}]},{\"@type\":\"BreadcrumbList\",\"@id\":\"https:\\\/\\\/www.article-marketing.eu\\\/comunicatistampa\\\/novita-a-roma-in-tema-di-matrimonio-il-ricevimento-stile-social-presso-villa-marta\\\/#breadcrumb\",\"itemListElement\":[{\"@type\":\"ListItem\",\"position\":1,\"name\":\"Home\",\"item\":\"https:\\\/\\\/www.article-marketing.eu\\\/comunicatistampa\\\/\"},{\"@type\":\"ListItem\",\"position\":2,\"name\":\"Novit\u00e0 a Roma in tema di matrimonio: il ricevimento stile social presso Villa Marta\"}]},{\"@type\":\"WebSite\",\"@id\":\"https:\\\/\\\/www.article-marketing.eu\\\/comunicatistampa\\\/#website\",\"url\":\"https:\\\/\\\/www.article-marketing.eu\\\/comunicatistampa\\\/\",\"name\":\"Article Marketing\",\"description\":\"article marketing &amp; press release\",\"potentialAction\":[{\"@type\":\"SearchAction\",\"target\":{\"@type\":\"EntryPoint\",\"urlTemplate\":\"https:\\\/\\\/www.article-marketing.eu\\\/comunicatistampa\\\/?s={search_term_string}\"},\"query-input\":{\"@type\":\"PropertyValueSpecification\",\"valueRequired\":true,\"valueName\":\"search_term_string\"}}],\"inLanguage\":\"it-IT\"},{\"@type\":\"Person\",\"@id\":\"https:\\\/\\\/www.article-marketing.eu\\\/comunicatistampa\\\/#\\\/schema\\\/person\\\/89e3faf2a60bd0bdc02b969d73103daf\",\"name\":\"VillaMartaRoma\",\"image\":{\"@type\":\"ImageObject\",\"inLanguage\":\"it-IT\",\"@id\":\"https:\\\/\\\/secure.gravatar.com\\\/avatar\\\/3399d30d9ea29c9115944b8b2fb464afa49e522e76bb9eead700fc014c760845?s=96&d=mm&r=g\",\"url\":\"https:\\\/\\\/secure.gravatar.com\\\/avatar\\\/3399d30d9ea29c9115944b8b2fb464afa49e522e76bb9eead700fc014c760845?s=96&d=mm&r=g\",\"contentUrl\":\"https:\\\/\\\/secure.gravatar.com\\\/avatar\\\/3399d30d9ea29c9115944b8b2fb464afa49e522e76bb9eead700fc014c760845?s=96&d=mm&r=g\",\"caption\":\"VillaMartaRoma\"},\"url\":\"https:\\\/\\\/www.article-marketing.eu\\\/comunicatistampa\\\/author\\\/villamartaroma\\\/\"}]}<\/script>\n<!-- \/ Yoast SEO plugin. -->","yoast_head_json":{"title":"Novit\u00e0 a Roma in tema di matrimonio: il ricevimento stile social presso Villa Marta","robots":{"index":"index","follow":"follow","max-snippet":"max-snippet:-1","max-image-preview":"max-image-preview:large","max-video-preview":"max-video-preview:-1"},"canonical":"https:\/\/www.article-marketing.eu\/comunicatistampa\/novita-a-roma-in-tema-di-matrimonio-il-ricevimento-stile-social-presso-villa-marta\/","og_locale":"it_IT","og_type":"article","og_title":"Novit\u00e0 a Roma in tema di matrimonio: il ricevimento stile social presso Villa Marta","og_description":"Il Social ormai da diversi anni circonda le nostre vite e soprattutto la nostra quotidianit\u00e0. Facebook, Instagram, Tik Tok ormai fanno parte di noi&#8230; Pensate a quante foto guardiamo o postiamo ogni giorno, a quante storie visualizziamo e quante altre ne mettiamo per far vedere cosa facciamo in tempo reale ad amici, parenti e anche sconosciuti. Ma allora se passiamo gran parte del nostro tempo su queste piattaforme online, unContinue reading...","og_url":"https:\/\/www.article-marketing.eu\/comunicatistampa\/novita-a-roma-in-tema-di-matrimonio-il-ricevimento-stile-social-presso-villa-marta\/","og_site_name":"Article Marketing","article_published_time":"2021-04-09T20:19:07+00:00","author":"VillaMartaRoma","twitter_card":"summary_large_image","twitter_misc":{"Scritto da":"VillaMartaRoma","Tempo di lettura stimato":"2 minuti"},"schema":{"@context":"https:\/\/schema.org","@graph":[{"@type":"Article","@id":"https:\/\/www.article-marketing.eu\/comunicatistampa\/novita-a-roma-in-tema-di-matrimonio-il-ricevimento-stile-social-presso-villa-marta\/#article","isPartOf":{"@id":"https:\/\/www.article-marketing.eu\/comunicatistampa\/novita-a-roma-in-tema-di-matrimonio-il-ricevimento-stile-social-presso-villa-marta\/"},"author":{"name":"VillaMartaRoma","@id":"https:\/\/www.article-marketing.eu\/comunicatistampa\/#\/schema\/person\/89e3faf2a60bd0bdc02b969d73103daf"},"headline":"Novit\u00e0 a Roma in tema di matrimonio: il ricevimento stile social presso Villa Marta","datePublished":"2021-04-09T20:19:07+00:00","mainEntityOfPage":{"@id":"https:\/\/www.article-marketing.eu\/comunicatistampa\/novita-a-roma-in-tema-di-matrimonio-il-ricevimento-stile-social-presso-villa-marta\/"},"wordCount":403,"commentCount":0,"keywords":["villa matrimonio roma","villa ricevimenti","villa ricevimenti roma"],"articleSection":["Intrattenimento","Ristoranti","Societ\u00e0"],"inLanguage":"it-IT","potentialAction":[{"@type":"CommentAction","name":"Comment","target":["https:\/\/www.article-marketing.eu\/comunicatistampa\/novita-a-roma-in-tema-di-matrimonio-il-ricevimento-stile-social-presso-villa-marta\/#respond"]}]},{"@type":"WebPage","@id":"https:\/\/www.article-marketing.eu\/comunicatistampa\/novita-a-roma-in-tema-di-matrimonio-il-ricevimento-stile-social-presso-villa-marta\/","url":"https:\/\/www.article-marketing.eu\/comunicatistampa\/novita-a-roma-in-tema-di-matrimonio-il-ricevimento-stile-social-presso-villa-marta\/","name":"Novit\u00e0 a Roma in tema di matrimonio: il ricevimento stile social presso Villa Marta","isPartOf":{"@id":"https:\/\/www.article-marketing.eu\/comunicatistampa\/#website"},"datePublished":"2021-04-09T20:19:07+00:00","author":{"@id":"https:\/\/www.article-marketing.eu\/comunicatistampa\/#\/schema\/person\/89e3faf2a60bd0bdc02b969d73103daf"},"breadcrumb":{"@id":"https:\/\/www.article-marketing.eu\/comunicatistampa\/novita-a-roma-in-tema-di-matrimonio-il-ricevimento-stile-social-presso-villa-marta\/#breadcrumb"},"inLanguage":"it-IT","potentialAction":[{"@type":"ReadAction","target":["https:\/\/www.article-marketing.eu\/comunicatistampa\/novita-a-roma-in-tema-di-matrimonio-il-ricevimento-stile-social-presso-villa-marta\/"]}]},{"@type":"BreadcrumbList","@id":"https:\/\/www.article-marketing.eu\/comunicatistampa\/novita-a-roma-in-tema-di-matrimonio-il-ricevimento-stile-social-presso-villa-marta\/#breadcrumb","itemListElement":[{"@type":"ListItem","position":1,"name":"Home","item":"https:\/\/www.article-marketing.eu\/comunicatistampa\/"},{"@type":"ListItem","position":2,"name":"Novit\u00e0 a Roma in tema di matrimonio: il ricevimento stile social presso Villa Marta"}]},{"@type":"WebSite","@id":"https:\/\/www.article-marketing.eu\/comunicatistampa\/#website","url":"https:\/\/www.article-marketing.eu\/comunicatistampa\/","name":"Article Marketing","description":"article marketing &amp; press release","potentialAction":[{"@type":"SearchAction","target":{"@type":"EntryPoint","urlTemplate":"https:\/\/www.article-marketing.eu\/comunicatistampa\/?s={search_term_string}"},"query-input":{"@type":"PropertyValueSpecification","valueRequired":true,"valueName":"search_term_string"}}],"inLanguage":"it-IT"},{"@type":"Person","@id":"https:\/\/www.article-marketing.eu\/comunicatistampa\/#\/schema\/person\/89e3faf2a60bd0bdc02b969d73103daf","name":"VillaMartaRoma","image":{"@type":"ImageObject","inLanguage":"it-IT","@id":"https:\/\/secure.gravatar.com\/avatar\/3399d30d9ea29c9115944b8b2fb464afa49e522e76bb9eead700fc014c760845?s=96&d=mm&r=g","url":"https:\/\/secure.gravatar.com\/avatar\/3399d30d9ea29c9115944b8b2fb464afa49e522e76bb9eead700fc014c760845?s=96&d=mm&r=g","contentUrl":"https:\/\/secure.gravatar.com\/avatar\/3399d30d9ea29c9115944b8b2fb464afa49e522e76bb9eead700fc014c760845?s=96&d=mm&r=g","caption":"VillaMartaRoma"},"url":"https:\/\/www.article-marketing.eu\/comunicatistampa\/author\/villamartaroma\/"}]}},"_links":{"self":[{"href":"https:\/\/www.article-marketing.eu\/comunicatistampa\/wp-json\/wp\/v2\/posts\/18259","targetHints":{"allow":["GET"]}}],"collection":[{"href":"https:\/\/www.article-marketing.eu\/comunicatistampa\/wp-json\/wp\/v2\/posts"}],"about":[{"href":"https:\/\/www.article-marketing.eu\/comunicatistampa\/wp-json\/wp\/v2\/types\/post"}],"author":[{"embeddable":true,"href":"https:\/\/www.article-marketing.eu\/comunicatistampa\/wp-json\/wp\/v2\/users\/570"}],"replies":[{"embeddable":true,"href":"https:\/\/www.article-marketing.eu\/comunicatistampa\/wp-json\/wp\/v2\/comments?post=18259"}],"version-history":[{"count":2,"href":"https:\/\/www.article-marketing.eu\/comunicatistampa\/wp-json\/wp\/v2\/posts\/18259\/revisions"}],"predecessor-version":[{"id":18262,"href":"https:\/\/www.article-marketing.eu\/comunicatistampa\/wp-json\/wp\/v2\/posts\/18259\/revisions\/18262"}],"wp:attachment":[{"href":"https:\/\/www.article-marketing.eu\/comunicatistampa\/wp-json\/wp\/v2\/media?parent=18259"}],"wp:term":[{"taxonomy":"category","embeddable":true,"href":"https:\/\/www.article-marketing.eu\/comunicatistampa\/wp-json\/wp\/v2\/categories?post=18259"},{"taxonomy":"post_tag","embeddable":true,"href":"https:\/\/www.article-marketing.eu\/comunicatistampa\/wp-json\/wp\/v2\/tags?post=18259"}],"curies":[{"name":"wp","href":"https:\/\/api.w.org\/{rel}","templated":true}]}}