{"id":18309,"date":"2021-04-13T13:01:13","date_gmt":"2021-04-13T11:01:13","guid":{"rendered":"https:\/\/www.article-marketing.eu\/comunicatistampa\/?p=18309"},"modified":"2021-04-13T13:01:13","modified_gmt":"2021-04-13T11:01:13","slug":"apollo-vredestein-nuovo-responsabile-europa-sud-ovest-e-assistenza-clienti","status":"publish","type":"post","link":"https:\/\/www.article-marketing.eu\/comunicatistampa\/apollo-vredestein-nuovo-responsabile-europa-sud-ovest-e-assistenza-clienti\/","title":{"rendered":"Apollo Vredestein: nuovo responsabile Europa sud ovest e assistenza clienti"},"content":{"rendered":"<p><strong>Apollo Vredestein nomina un nuovo responsabile per l&#8217;area dell&#8217;Europa sud-occidentale e crea una nuova unit\u00e0 dedicata all&#8217;assistenza clienti<\/strong><!--more--><\/p>\n<ul>\n<li><strong>Domenico Gatti, nominato Cluster Director, vanta un&#8217;ampia esperienza nel settore degli pneumatici<\/strong><\/li>\n<li><strong>Da Barcellona, un team dedicato fornir\u00e0 un&#8217;esperienza di alta qualit\u00e0 a tutti i clienti dell\u2019area<\/strong><\/li>\n<li><strong>Ulteriori novit\u00e0 nell\u2019organizzazione del cluster dell&#8217;Europa sud-occidentale saranno operative a partire da maggio 2021 come parte integrante dei piani di crescita strategica<\/strong><\/li>\n<\/ul>\n<p>Apollo Vredestein, uno dei principali produttori europei di pneumatici di alta qualit\u00e0, ha nominato <strong>Domenico Gatti<\/strong> nuovo Cluster Director per l&#8217;Europa sud-occidentale e ha rafforzato le sue operazioni di assistenza clienti in tutta la regione.<\/p>\n<div id=\"attachment_17785\" style=\"width: 459px\" class=\"wp-caption alignright\"><a href=\"https:\/\/www.anicecommunication.com\/it\/wp-content\/uploads\/sites\/3\/2021\/04\/Domenico_Gatti_Apollo-Vredestein_600px.jpg\"><img loading=\"lazy\" decoding=\"async\" aria-describedby=\"caption-attachment-17785\" class=\" wp-image-17785\" src=\"https:\/\/www.anicecommunication.com\/it\/wp-content\/uploads\/sites\/3\/2021\/04\/Domenico_Gatti_Apollo-Vredestein_600px.jpg\" alt=\"Domenico Gatti - Cluster Director Apollo Vredestein Europa Sud Occidentale\" width=\"449\" height=\"377\" \/><\/a><p id=\"caption-attachment-17785\" class=\"wp-caption-text\">Domenico Gatti &#8211; Cluster Director Apollo Vredestein Europa Sud Occidentale<\/p><\/div>\n<p>Gatti vanta una vasta esperienza nella gestione delle attivit\u00e0 commerciali nel settore degli pneumatici. Entra a far parte del gruppo dopo un\u2019esperienza all&#8217;interno di FinTyre Group, dove ha ricoperto diverse posizioni in qualit\u00e0 di senior manager fino al ruolo di Chief Operations Officer della divisione Tyre Retail. Prima di FinTyre ha lavorato per Prometeon in Brasile come Chief Commercial Officer e prima ancora, per 18 anni, in Pirelli, guidando le attivit\u00e0 commerciali in una serie di importanti mercati in crescita in Sud America ed Europa.<\/p>\n<p>La nuova unit\u00e0 dedicata all&#8217;Assistenza Clienti di Apollo Vredestein operer\u00e0 dagli uffici dell&#8217;azienda a Barcellona, in Spagna e si assumer\u00e0 le responsabilit\u00e0 di customer relationship delle strutture gi\u00e0 presenti in Francia e Italia. Il nuovo assetto operativo entrer\u00e0 in vigore a partire dal 1\u00b0 maggio 2021 e ottimizzer\u00e0 la qualit\u00e0, l&#8217;efficacia e la rapidit\u00e0 di risposta ai clienti Apollo Vredestein all&#8217;interno del cluster dell&#8217;Europa sud-occidentale dell&#8217;azienda che comprende Spagna, Portogallo, Italia e Francia.<\/p>\n<p>Sempre nell&#8217;ambito dei cambiamenti all&#8217;interno della regione, Apollo Vredestein ha creato il nuovo ruolo di Cluster Customer Care Manager per l&#8217;Europa sud-occidentale. <strong>Ludovic Billot<\/strong>, in precedenza Country Manager per Spagna e Portogallo, ha assunto dal 1 aprile la nuova posizione, portando con s\u00e9 una grande esperienza nella gestione dei team e nell&#8217;offerta di un&#8217;eccellente variet\u00e0 di servizi ai clienti in tutti i segmenti di prodotto.<\/p>\n<p>Apollo Vredestein accoglie nella nuova squadra anche <strong>Simone Casetta<\/strong>, Sales Manager per Spagna e Portogallo. Casetta coordiner\u00e0 le attivit\u00e0 di vendita nei due paesi e collaborer\u00e0 con altri team commerciali locali per sviluppare e realizzare gli obiettivi di vendita a lungo termine.<\/p>\n<p>Gatti ha affermato: &#8220;Sono entusiasta di affrontare questa nuova sfida e di implementare alcuni cambiamenti strutturali chiave che miglioreranno la nostra efficienza ed efficacia in questa importante regione, rafforzando le nostre opportunit\u00e0 di crescita strategica. La creazione di un nucleo centrale dedicato all&#8217;Assistenza Clienti, in particolare, e l&#8217;allineamento dei reparti di vendita e assistenza, ci consente di continuare a fornire i pi\u00f9 alti livelli di servizio ai nostri clienti&#8221;.<\/p>\n<p>Apollo Vredestein \u00e8 uno dei pi\u00f9 importanti innovatori nel settore pneumatici al mondo, grazie a oltre un secolo di leadership tecnica dedicata a ottimizzare sicurezza e prestazioni e migliorare l&#8217;esperienza di guida. L&#8217;azienda, con sede nei Paesi Bassi, ad Amsterdam, ha una solida storia nella progettazione, nei test e nello sviluppo di prodotti in Europa. Nel Vecchio Continente effettua anche tutte le attivit\u00e0 di ricerca e sviluppo e produce tutti i suoi pneumatici negli impianti all&#8217;avanguardia situati nei Paesi Bassi e in Ungheria.<\/p>\n","protected":false},"excerpt":{"rendered":"<p>Apollo Vredestein nomina un nuovo responsabile per l&#8217;area dell&#8217;Europa sud-occidentale e crea una nuova unit\u00e0 dedicata all&#8217;assistenza clienti<\/p>\n","protected":false},"author":5485,"featured_media":0,"comment_status":"open","ping_status":"open","sticky":false,"template":"","format":"standard","meta":{"_monsterinsights_skip_tracking":false,"_monsterinsights_sitenote_active":false,"_monsterinsights_sitenote_note":"","_monsterinsights_sitenote_category":0,"footnotes":""},"categories":[375,390],"tags":[7738,7740,7739],"class_list":["post-18309","post","type-post","status-publish","format-standard","hentry","category-auto","category-professionisti","tag-apollo-vredestein","tag-domenico-gatti-apollo-vredestein","tag-pneumatici-apollo-vredestein"],"yoast_head":"<!-- This site is optimized with the Yoast SEO plugin v27.3 - https:\/\/yoast.com\/product\/yoast-seo-wordpress\/ -->\n<title>Apollo Vredestein: nuova nomina - Article Marketing<\/title>\n<meta name=\"description\" content=\"Apollo Vredestein, produttore europeo di pneumatici di alta qualit\u00e0, nomina Domenico Gatti nuovo responsabile per l&#039;Europa sud-occidentale\" \/>\n<meta name=\"robots\" content=\"index, follow, max-snippet:-1, max-image-preview:large, max-video-preview:-1\" \/>\n<link rel=\"canonical\" href=\"https:\/\/www.article-marketing.eu\/comunicatistampa\/apollo-vredestein-nuovo-responsabile-europa-sud-ovest-e-assistenza-clienti\/\" \/>\n<meta property=\"og:locale\" content=\"it_IT\" \/>\n<meta property=\"og:type\" content=\"article\" \/>\n<meta property=\"og:title\" content=\"Apollo Vredestein: nuova nomina - Article Marketing\" \/>\n<meta property=\"og:description\" content=\"Apollo Vredestein, produttore europeo di pneumatici di alta qualit\u00e0, nomina Domenico Gatti nuovo responsabile per l&#039;Europa sud-occidentale\" \/>\n<meta property=\"og:url\" content=\"https:\/\/www.article-marketing.eu\/comunicatistampa\/apollo-vredestein-nuovo-responsabile-europa-sud-ovest-e-assistenza-clienti\/\" \/>\n<meta property=\"og:site_name\" content=\"Article Marketing\" \/>\n<meta property=\"article:published_time\" content=\"2021-04-13T11:01:13+00:00\" \/>\n<meta property=\"og:image\" content=\"https:\/\/www.anicecommunication.com\/it\/wp-content\/uploads\/sites\/3\/2021\/04\/Domenico_Gatti_Apollo-Vredestein_600px.jpg\" \/>\n<meta name=\"author\" content=\"Patrizia Tontini\" \/>\n<meta name=\"twitter:card\" content=\"summary_large_image\" \/>\n<meta name=\"twitter:label1\" content=\"Scritto da\" \/>\n\t<meta name=\"twitter:data1\" content=\"Patrizia Tontini\" \/>\n\t<meta name=\"twitter:label2\" content=\"Tempo di lettura stimato\" \/>\n\t<meta name=\"twitter:data2\" content=\"3 minuti\" \/>\n<script type=\"application\/ld+json\" class=\"yoast-schema-graph\">{\"@context\":\"https:\\\/\\\/schema.org\",\"@graph\":[{\"@type\":\"Article\",\"@id\":\"https:\\\/\\\/www.article-marketing.eu\\\/comunicatistampa\\\/apollo-vredestein-nuovo-responsabile-europa-sud-ovest-e-assistenza-clienti\\\/#article\",\"isPartOf\":{\"@id\":\"https:\\\/\\\/www.article-marketing.eu\\\/comunicatistampa\\\/apollo-vredestein-nuovo-responsabile-europa-sud-ovest-e-assistenza-clienti\\\/\"},\"author\":{\"name\":\"Patrizia Tontini\",\"@id\":\"https:\\\/\\\/www.article-marketing.eu\\\/comunicatistampa\\\/#\\\/schema\\\/person\\\/da07eb58e55a08f85c593a53177d1bda\"},\"headline\":\"Apollo Vredestein: nuovo responsabile Europa sud ovest e assistenza clienti\",\"datePublished\":\"2021-04-13T11:01:13+00:00\",\"mainEntityOfPage\":{\"@id\":\"https:\\\/\\\/www.article-marketing.eu\\\/comunicatistampa\\\/apollo-vredestein-nuovo-responsabile-europa-sud-ovest-e-assistenza-clienti\\\/\"},\"wordCount\":543,\"commentCount\":0,\"image\":{\"@id\":\"https:\\\/\\\/www.article-marketing.eu\\\/comunicatistampa\\\/apollo-vredestein-nuovo-responsabile-europa-sud-ovest-e-assistenza-clienti\\\/#primaryimage\"},\"thumbnailUrl\":\"https:\\\/\\\/www.anicecommunication.com\\\/it\\\/wp-content\\\/uploads\\\/sites\\\/3\\\/2021\\\/04\\\/Domenico_Gatti_Apollo-Vredestein_600px.jpg\",\"keywords\":[\"Apollo Vredestein\",\"Domenico Gatti Apollo Vredestein\",\"pneumatici Apollo Vredestein\"],\"articleSection\":[\"Auto\",\"Professionisti\"],\"inLanguage\":\"it-IT\",\"potentialAction\":[{\"@type\":\"CommentAction\",\"name\":\"Comment\",\"target\":[\"https:\\\/\\\/www.article-marketing.eu\\\/comunicatistampa\\\/apollo-vredestein-nuovo-responsabile-europa-sud-ovest-e-assistenza-clienti\\\/#respond\"]}]},{\"@type\":\"WebPage\",\"@id\":\"https:\\\/\\\/www.article-marketing.eu\\\/comunicatistampa\\\/apollo-vredestein-nuovo-responsabile-europa-sud-ovest-e-assistenza-clienti\\\/\",\"url\":\"https:\\\/\\\/www.article-marketing.eu\\\/comunicatistampa\\\/apollo-vredestein-nuovo-responsabile-europa-sud-ovest-e-assistenza-clienti\\\/\",\"name\":\"Apollo Vredestein: nuova nomina - Article Marketing\",\"isPartOf\":{\"@id\":\"https:\\\/\\\/www.article-marketing.eu\\\/comunicatistampa\\\/#website\"},\"primaryImageOfPage\":{\"@id\":\"https:\\\/\\\/www.article-marketing.eu\\\/comunicatistampa\\\/apollo-vredestein-nuovo-responsabile-europa-sud-ovest-e-assistenza-clienti\\\/#primaryimage\"},\"image\":{\"@id\":\"https:\\\/\\\/www.article-marketing.eu\\\/comunicatistampa\\\/apollo-vredestein-nuovo-responsabile-europa-sud-ovest-e-assistenza-clienti\\\/#primaryimage\"},\"thumbnailUrl\":\"https:\\\/\\\/www.anicecommunication.com\\\/it\\\/wp-content\\\/uploads\\\/sites\\\/3\\\/2021\\\/04\\\/Domenico_Gatti_Apollo-Vredestein_600px.jpg\",\"datePublished\":\"2021-04-13T11:01:13+00:00\",\"author\":{\"@id\":\"https:\\\/\\\/www.article-marketing.eu\\\/comunicatistampa\\\/#\\\/schema\\\/person\\\/da07eb58e55a08f85c593a53177d1bda\"},\"description\":\"Apollo Vredestein, produttore europeo di pneumatici di alta qualit\u00e0, nomina Domenico Gatti nuovo responsabile per l'Europa sud-occidentale\",\"breadcrumb\":{\"@id\":\"https:\\\/\\\/www.article-marketing.eu\\\/comunicatistampa\\\/apollo-vredestein-nuovo-responsabile-europa-sud-ovest-e-assistenza-clienti\\\/#breadcrumb\"},\"inLanguage\":\"it-IT\",\"potentialAction\":[{\"@type\":\"ReadAction\",\"target\":[\"https:\\\/\\\/www.article-marketing.eu\\\/comunicatistampa\\\/apollo-vredestein-nuovo-responsabile-europa-sud-ovest-e-assistenza-clienti\\\/\"]}]},{\"@type\":\"ImageObject\",\"inLanguage\":\"it-IT\",\"@id\":\"https:\\\/\\\/www.article-marketing.eu\\\/comunicatistampa\\\/apollo-vredestein-nuovo-responsabile-europa-sud-ovest-e-assistenza-clienti\\\/#primaryimage\",\"url\":\"https:\\\/\\\/www.anicecommunication.com\\\/it\\\/wp-content\\\/uploads\\\/sites\\\/3\\\/2021\\\/04\\\/Domenico_Gatti_Apollo-Vredestein_600px.jpg\",\"contentUrl\":\"https:\\\/\\\/www.anicecommunication.com\\\/it\\\/wp-content\\\/uploads\\\/sites\\\/3\\\/2021\\\/04\\\/Domenico_Gatti_Apollo-Vredestein_600px.jpg\"},{\"@type\":\"BreadcrumbList\",\"@id\":\"https:\\\/\\\/www.article-marketing.eu\\\/comunicatistampa\\\/apollo-vredestein-nuovo-responsabile-europa-sud-ovest-e-assistenza-clienti\\\/#breadcrumb\",\"itemListElement\":[{\"@type\":\"ListItem\",\"position\":1,\"name\":\"Home\",\"item\":\"https:\\\/\\\/www.article-marketing.eu\\\/comunicatistampa\\\/\"},{\"@type\":\"ListItem\",\"position\":2,\"name\":\"Apollo Vredestein: nuovo responsabile Europa sud ovest e assistenza clienti\"}]},{\"@type\":\"WebSite\",\"@id\":\"https:\\\/\\\/www.article-marketing.eu\\\/comunicatistampa\\\/#website\",\"url\":\"https:\\\/\\\/www.article-marketing.eu\\\/comunicatistampa\\\/\",\"name\":\"Article Marketing\",\"description\":\"article marketing &amp; press release\",\"potentialAction\":[{\"@type\":\"SearchAction\",\"target\":{\"@type\":\"EntryPoint\",\"urlTemplate\":\"https:\\\/\\\/www.article-marketing.eu\\\/comunicatistampa\\\/?s={search_term_string}\"},\"query-input\":{\"@type\":\"PropertyValueSpecification\",\"valueRequired\":true,\"valueName\":\"search_term_string\"}}],\"inLanguage\":\"it-IT\"},{\"@type\":\"Person\",\"@id\":\"https:\\\/\\\/www.article-marketing.eu\\\/comunicatistampa\\\/#\\\/schema\\\/person\\\/da07eb58e55a08f85c593a53177d1bda\",\"name\":\"Patrizia Tontini\",\"image\":{\"@type\":\"ImageObject\",\"inLanguage\":\"it-IT\",\"@id\":\"https:\\\/\\\/secure.gravatar.com\\\/avatar\\\/950c747b3a97b7bf677cf6013fbf1047b03f9249efcf399e8301ebbae88347a9?s=96&d=mm&r=g\",\"url\":\"https:\\\/\\\/secure.gravatar.com\\\/avatar\\\/950c747b3a97b7bf677cf6013fbf1047b03f9249efcf399e8301ebbae88347a9?s=96&d=mm&r=g\",\"contentUrl\":\"https:\\\/\\\/secure.gravatar.com\\\/avatar\\\/950c747b3a97b7bf677cf6013fbf1047b03f9249efcf399e8301ebbae88347a9?s=96&d=mm&r=g\",\"caption\":\"Patrizia Tontini\"},\"url\":\"https:\\\/\\\/www.article-marketing.eu\\\/comunicatistampa\\\/author\\\/patrizia-tontini\\\/\"}]}<\/script>\n<!-- \/ Yoast SEO plugin. -->","yoast_head_json":{"title":"Apollo Vredestein: nuova nomina - Article Marketing","description":"Apollo Vredestein, produttore europeo di pneumatici di alta qualit\u00e0, nomina Domenico Gatti nuovo responsabile per l'Europa sud-occidentale","robots":{"index":"index","follow":"follow","max-snippet":"max-snippet:-1","max-image-preview":"max-image-preview:large","max-video-preview":"max-video-preview:-1"},"canonical":"https:\/\/www.article-marketing.eu\/comunicatistampa\/apollo-vredestein-nuovo-responsabile-europa-sud-ovest-e-assistenza-clienti\/","og_locale":"it_IT","og_type":"article","og_title":"Apollo Vredestein: nuova nomina - Article Marketing","og_description":"Apollo Vredestein, produttore europeo di pneumatici di alta qualit\u00e0, nomina Domenico Gatti nuovo responsabile per l'Europa sud-occidentale","og_url":"https:\/\/www.article-marketing.eu\/comunicatistampa\/apollo-vredestein-nuovo-responsabile-europa-sud-ovest-e-assistenza-clienti\/","og_site_name":"Article Marketing","article_published_time":"2021-04-13T11:01:13+00:00","og_image":[{"url":"https:\/\/www.anicecommunication.com\/it\/wp-content\/uploads\/sites\/3\/2021\/04\/Domenico_Gatti_Apollo-Vredestein_600px.jpg","type":"","width":"","height":""}],"author":"Patrizia Tontini","twitter_card":"summary_large_image","twitter_misc":{"Scritto da":"Patrizia Tontini","Tempo di lettura stimato":"3 minuti"},"schema":{"@context":"https:\/\/schema.org","@graph":[{"@type":"Article","@id":"https:\/\/www.article-marketing.eu\/comunicatistampa\/apollo-vredestein-nuovo-responsabile-europa-sud-ovest-e-assistenza-clienti\/#article","isPartOf":{"@id":"https:\/\/www.article-marketing.eu\/comunicatistampa\/apollo-vredestein-nuovo-responsabile-europa-sud-ovest-e-assistenza-clienti\/"},"author":{"name":"Patrizia Tontini","@id":"https:\/\/www.article-marketing.eu\/comunicatistampa\/#\/schema\/person\/da07eb58e55a08f85c593a53177d1bda"},"headline":"Apollo Vredestein: nuovo responsabile Europa sud ovest e assistenza clienti","datePublished":"2021-04-13T11:01:13+00:00","mainEntityOfPage":{"@id":"https:\/\/www.article-marketing.eu\/comunicatistampa\/apollo-vredestein-nuovo-responsabile-europa-sud-ovest-e-assistenza-clienti\/"},"wordCount":543,"commentCount":0,"image":{"@id":"https:\/\/www.article-marketing.eu\/comunicatistampa\/apollo-vredestein-nuovo-responsabile-europa-sud-ovest-e-assistenza-clienti\/#primaryimage"},"thumbnailUrl":"https:\/\/www.anicecommunication.com\/it\/wp-content\/uploads\/sites\/3\/2021\/04\/Domenico_Gatti_Apollo-Vredestein_600px.jpg","keywords":["Apollo Vredestein","Domenico Gatti Apollo Vredestein","pneumatici Apollo Vredestein"],"articleSection":["Auto","Professionisti"],"inLanguage":"it-IT","potentialAction":[{"@type":"CommentAction","name":"Comment","target":["https:\/\/www.article-marketing.eu\/comunicatistampa\/apollo-vredestein-nuovo-responsabile-europa-sud-ovest-e-assistenza-clienti\/#respond"]}]},{"@type":"WebPage","@id":"https:\/\/www.article-marketing.eu\/comunicatistampa\/apollo-vredestein-nuovo-responsabile-europa-sud-ovest-e-assistenza-clienti\/","url":"https:\/\/www.article-marketing.eu\/comunicatistampa\/apollo-vredestein-nuovo-responsabile-europa-sud-ovest-e-assistenza-clienti\/","name":"Apollo Vredestein: nuova nomina - Article Marketing","isPartOf":{"@id":"https:\/\/www.article-marketing.eu\/comunicatistampa\/#website"},"primaryImageOfPage":{"@id":"https:\/\/www.article-marketing.eu\/comunicatistampa\/apollo-vredestein-nuovo-responsabile-europa-sud-ovest-e-assistenza-clienti\/#primaryimage"},"image":{"@id":"https:\/\/www.article-marketing.eu\/comunicatistampa\/apollo-vredestein-nuovo-responsabile-europa-sud-ovest-e-assistenza-clienti\/#primaryimage"},"thumbnailUrl":"https:\/\/www.anicecommunication.com\/it\/wp-content\/uploads\/sites\/3\/2021\/04\/Domenico_Gatti_Apollo-Vredestein_600px.jpg","datePublished":"2021-04-13T11:01:13+00:00","author":{"@id":"https:\/\/www.article-marketing.eu\/comunicatistampa\/#\/schema\/person\/da07eb58e55a08f85c593a53177d1bda"},"description":"Apollo Vredestein, produttore europeo di pneumatici di alta qualit\u00e0, nomina Domenico Gatti nuovo responsabile per l'Europa sud-occidentale","breadcrumb":{"@id":"https:\/\/www.article-marketing.eu\/comunicatistampa\/apollo-vredestein-nuovo-responsabile-europa-sud-ovest-e-assistenza-clienti\/#breadcrumb"},"inLanguage":"it-IT","potentialAction":[{"@type":"ReadAction","target":["https:\/\/www.article-marketing.eu\/comunicatistampa\/apollo-vredestein-nuovo-responsabile-europa-sud-ovest-e-assistenza-clienti\/"]}]},{"@type":"ImageObject","inLanguage":"it-IT","@id":"https:\/\/www.article-marketing.eu\/comunicatistampa\/apollo-vredestein-nuovo-responsabile-europa-sud-ovest-e-assistenza-clienti\/#primaryimage","url":"https:\/\/www.anicecommunication.com\/it\/wp-content\/uploads\/sites\/3\/2021\/04\/Domenico_Gatti_Apollo-Vredestein_600px.jpg","contentUrl":"https:\/\/www.anicecommunication.com\/it\/wp-content\/uploads\/sites\/3\/2021\/04\/Domenico_Gatti_Apollo-Vredestein_600px.jpg"},{"@type":"BreadcrumbList","@id":"https:\/\/www.article-marketing.eu\/comunicatistampa\/apollo-vredestein-nuovo-responsabile-europa-sud-ovest-e-assistenza-clienti\/#breadcrumb","itemListElement":[{"@type":"ListItem","position":1,"name":"Home","item":"https:\/\/www.article-marketing.eu\/comunicatistampa\/"},{"@type":"ListItem","position":2,"name":"Apollo Vredestein: nuovo responsabile Europa sud ovest e assistenza clienti"}]},{"@type":"WebSite","@id":"https:\/\/www.article-marketing.eu\/comunicatistampa\/#website","url":"https:\/\/www.article-marketing.eu\/comunicatistampa\/","name":"Article Marketing","description":"article marketing &amp; press release","potentialAction":[{"@type":"SearchAction","target":{"@type":"EntryPoint","urlTemplate":"https:\/\/www.article-marketing.eu\/comunicatistampa\/?s={search_term_string}"},"query-input":{"@type":"PropertyValueSpecification","valueRequired":true,"valueName":"search_term_string"}}],"inLanguage":"it-IT"},{"@type":"Person","@id":"https:\/\/www.article-marketing.eu\/comunicatistampa\/#\/schema\/person\/da07eb58e55a08f85c593a53177d1bda","name":"Patrizia Tontini","image":{"@type":"ImageObject","inLanguage":"it-IT","@id":"https:\/\/secure.gravatar.com\/avatar\/950c747b3a97b7bf677cf6013fbf1047b03f9249efcf399e8301ebbae88347a9?s=96&d=mm&r=g","url":"https:\/\/secure.gravatar.com\/avatar\/950c747b3a97b7bf677cf6013fbf1047b03f9249efcf399e8301ebbae88347a9?s=96&d=mm&r=g","contentUrl":"https:\/\/secure.gravatar.com\/avatar\/950c747b3a97b7bf677cf6013fbf1047b03f9249efcf399e8301ebbae88347a9?s=96&d=mm&r=g","caption":"Patrizia Tontini"},"url":"https:\/\/www.article-marketing.eu\/comunicatistampa\/author\/patrizia-tontini\/"}]}},"_links":{"self":[{"href":"https:\/\/www.article-marketing.eu\/comunicatistampa\/wp-json\/wp\/v2\/posts\/18309","targetHints":{"allow":["GET"]}}],"collection":[{"href":"https:\/\/www.article-marketing.eu\/comunicatistampa\/wp-json\/wp\/v2\/posts"}],"about":[{"href":"https:\/\/www.article-marketing.eu\/comunicatistampa\/wp-json\/wp\/v2\/types\/post"}],"author":[{"embeddable":true,"href":"https:\/\/www.article-marketing.eu\/comunicatistampa\/wp-json\/wp\/v2\/users\/5485"}],"replies":[{"embeddable":true,"href":"https:\/\/www.article-marketing.eu\/comunicatistampa\/wp-json\/wp\/v2\/comments?post=18309"}],"version-history":[{"count":2,"href":"https:\/\/www.article-marketing.eu\/comunicatistampa\/wp-json\/wp\/v2\/posts\/18309\/revisions"}],"predecessor-version":[{"id":18326,"href":"https:\/\/www.article-marketing.eu\/comunicatistampa\/wp-json\/wp\/v2\/posts\/18309\/revisions\/18326"}],"wp:attachment":[{"href":"https:\/\/www.article-marketing.eu\/comunicatistampa\/wp-json\/wp\/v2\/media?parent=18309"}],"wp:term":[{"taxonomy":"category","embeddable":true,"href":"https:\/\/www.article-marketing.eu\/comunicatistampa\/wp-json\/wp\/v2\/categories?post=18309"},{"taxonomy":"post_tag","embeddable":true,"href":"https:\/\/www.article-marketing.eu\/comunicatistampa\/wp-json\/wp\/v2\/tags?post=18309"}],"curies":[{"name":"wp","href":"https:\/\/api.w.org\/{rel}","templated":true}]}}