{"id":18349,"date":"2021-04-15T19:20:35","date_gmt":"2021-04-15T17:20:35","guid":{"rendered":"https:\/\/www.article-marketing.eu\/comunicatistampa\/?p=18349"},"modified":"2021-04-15T19:20:35","modified_gmt":"2021-04-15T17:20:35","slug":"per-cavo-accessori-ci-ispiriamo-a-olivetti","status":"publish","type":"post","link":"https:\/\/www.article-marketing.eu\/comunicatistampa\/per-cavo-accessori-ci-ispiriamo-a-olivetti\/","title":{"rendered":"\u00abPer Cav\u00f3 Accessori ci ispiriamo a Olivetti\u00bb"},"content":{"rendered":"<h4><i>Come il grande Olivetti anche la startup\u00a0<\/i><i>Cav<\/i><i>\u00f3<\/i>\u00a0<i>Accessori segue la strada dell\u2019imprenditoria \u201cdiversa\u201d con stile e innovazione\u00a0<\/i><i>\u00a0<\/i><\/h4>\n<h4>Ci sono imprenditori che hanno cambiato il modo di concepire l\u2019impresa e l\u2019impatto di quest\u2019ultima nella societ\u00e0. Ad esempio,\u00a0Adriano Olivetti (1901-1960), industriale di Ivrea, imprenditore, ingegnere, editore e politico,\u00a0che ha dato forma a una nuova visione della vita di fabbrica, mettendo al centro il benessere dei lavoratori con il risultato di ottenere oltre che vantaggi per l\u2019azienda, anche persone pi\u00f9 felici all\u2019interno della comunit\u00e0.<\/h4>\n<h4>Per Olivetti, l\u2019imprenditore di successo doveva puntare all\u2019eccellenza dei suoi prodotti sia nel design che nella tecnologia. Infatti affermava:\u00a0<i>\u201cLa fabbrica non pu\u00f2 guardare solo all\u2019indice dei profitti. Deve distribuire ricchezza, cultura, servizi, democrazia<\/i>\u201d e inoltre aggiungeva: \u201c<i>Spesso il termine utopia \u00e8 la maniera pi\u00f9 comoda per liquidare quello che non si ha voglia, capacit\u00e0 o coraggio di fare. Un sogno sembra un sogno fino a quando non si comincia a lavorarci. E allora pu\u00f2 diventare qualcosa di infinitamente pi\u00f9 grande\u201d.\u00a0<\/i><\/h4>\n<h4>Come il grande imprenditore anche la startup Atech \u2013 rivelano i soci fondatori Rodrigo Salminci e Federico Novello \u2013 parte dall\u2019idea e dal sogno di realizzare qualcosa di diverso, di gran classe, funzionale ed unico.<\/h4>\n<h4>Infatti, al centro del loro progetto \u2013 con il brand\u00a0Cav\u00f3 \u2013 si trova un sistema brevettato che porta per la prima volta la sicurezza degli accessori ad un livello davvero futuristico, mettendo particolare attenzione a rendere davvero funzionale e tecnologico un oggetto di design. Finora nel settore della moda si sono susseguiti cambiamenti di tendenza, di stile e di tessuti ma a Cav\u00f3 va il merito di aver inserito per primo una componente tecnologica che ha rivoluzionato il concept degli accessori. Grazie all\u2019Internet of things, portafogli, borse e portachiavi sono adesso in connessione con lo smartphone, potenziando cos\u00ec la funzionalit\u00e0 e la sicurezza degli oggetti.<\/h4>\n<h4>Una vera rivoluzione nel mondo fashion che nasce da una concezione di impresa \u201colivettiana\u201d, cos\u00ec come esplicitano Salminci e Novello:\u00a0\u00abLa figura di Olivetti ci ha sempre appassionato e ci siamo liberamente ispirati a lui nel creare un modello d\u2019impresa innovativa che sia anche socialmente responsabile \u2013 proseguono \u2013 Non serve andare oltre Oceano per trovare modelli perseguibili e il grande Olivetti ne \u00e8 una dimostrazione. Noi vogliamo ricordarlo\u00bb.<\/h4>\n<h4>Cos\u00ec come Olivetti, infatti il brand Cav\u00f3 non nasce\u00a0nei laboratori incastonati tra i grattacieli di Tokyo o tra i ripidi sali e scendi delle strade di San Francisco ma nel territorio italiano che da sempre \u00e8 stato culla di sognatori e avanguardisti:\u00a0Cav\u00f3 nasce a\u00a0Biella, una citt\u00e0 piemontese, con un patrimonio storico- culturale immenso quindi un ambiente ideale per sentirsi ispirati e motivati.<img loading=\"lazy\" decoding=\"async\" src=\"https:\/\/i2.wp.com\/www.lopinionistanews.it\/wp-content\/uploads\/2021\/02\/LOGO-CAVo-1.png?fit=958%2C441\" alt=\"\" width=\"958\" height=\"441\" \/><\/h4>\n","protected":false},"excerpt":{"rendered":"<p>Come il grande Olivetti anche la startup\u00a0Cav\u00f3\u00a0Accessori segue la strada dell\u2019imprenditoria \u201cdiversa\u201d con stile e innovazione\u00a0\u00a0 Ci sono imprenditori che hanno cambiato il modo di concepire l\u2019impresa e l\u2019impatto di quest\u2019ultima nella societ\u00e0. Ad esempio,\u00a0Adriano Olivetti (1901-1960), industriale di Ivrea, imprenditore, ingegnere, editore e politico,\u00a0che ha dato forma a una nuova visione della vita di fabbrica, mettendo al centro il benessere dei lavoratori con il risultato di ottenere oltre che<\/p>\n<p><a class=\"continue-reading\" href=\"https:\/\/www.article-marketing.eu\/comunicatistampa\/per-cavo-accessori-ci-ispiriamo-a-olivetti\/\">Continue reading&#8230;<\/a><\/p>\n","protected":false},"author":6096,"featured_media":0,"comment_status":"open","ping_status":"open","sticky":false,"template":"","format":"standard","meta":{"_monsterinsights_skip_tracking":false,"_monsterinsights_sitenote_active":false,"_monsterinsights_sitenote_note":"","_monsterinsights_sitenote_category":0,"footnotes":""},"categories":[363,78,393],"tags":[7752,7750,7751],"class_list":["post-18349","post","type-post","status-publish","format-standard","hentry","category-abbigliamento-e-accessori","category-comunicati-stampa","category-prodotti","tag-atech-cavo","tag-biella","tag-cavo-accessori"],"yoast_head":"<!-- This site is optimized with the Yoast SEO plugin v27.3 - https:\/\/yoast.com\/product\/yoast-seo-wordpress\/ -->\n<title>\u00abPer Cav\u00f3 Accessori ci ispiriamo a Olivetti\u00bb - Article Marketing<\/title>\n<meta name=\"robots\" content=\"index, follow, max-snippet:-1, max-image-preview:large, max-video-preview:-1\" \/>\n<link rel=\"canonical\" href=\"https:\/\/www.article-marketing.eu\/comunicatistampa\/per-cavo-accessori-ci-ispiriamo-a-olivetti\/\" \/>\n<meta property=\"og:locale\" content=\"it_IT\" \/>\n<meta property=\"og:type\" content=\"article\" \/>\n<meta property=\"og:title\" content=\"\u00abPer Cav\u00f3 Accessori ci ispiriamo a Olivetti\u00bb - Article Marketing\" \/>\n<meta property=\"og:description\" content=\"Come il grande Olivetti anche la startup\u00a0Cav\u00f3\u00a0Accessori segue la strada dell\u2019imprenditoria \u201cdiversa\u201d con stile e innovazione\u00a0\u00a0 Ci sono imprenditori che hanno cambiato il modo di concepire l\u2019impresa e l\u2019impatto di quest\u2019ultima nella societ\u00e0. Ad esempio,\u00a0Adriano Olivetti (1901-1960), industriale di Ivrea, imprenditore, ingegnere, editore e politico,\u00a0che ha dato forma a una nuova visione della vita di fabbrica, mettendo al centro il benessere dei lavoratori con il risultato di ottenere oltre cheContinue reading...\" \/>\n<meta property=\"og:url\" content=\"https:\/\/www.article-marketing.eu\/comunicatistampa\/per-cavo-accessori-ci-ispiriamo-a-olivetti\/\" \/>\n<meta property=\"og:site_name\" content=\"Article Marketing\" \/>\n<meta property=\"article:published_time\" content=\"2021-04-15T17:20:35+00:00\" \/>\n<meta property=\"og:image\" content=\"https:\/\/i2.wp.com\/www.lopinionistanews.it\/wp-content\/uploads\/2021\/02\/LOGO-CAVo-1.png?fit=958%2C441\" \/>\n<meta name=\"author\" content=\"sibillamedia\" \/>\n<meta name=\"twitter:card\" content=\"summary_large_image\" \/>\n<meta name=\"twitter:label1\" content=\"Scritto da\" \/>\n\t<meta name=\"twitter:data1\" content=\"sibillamedia\" \/>\n\t<meta name=\"twitter:label2\" content=\"Tempo di lettura stimato\" \/>\n\t<meta name=\"twitter:data2\" content=\"3 minuti\" \/>\n<script type=\"application\/ld+json\" class=\"yoast-schema-graph\">{\"@context\":\"https:\\\/\\\/schema.org\",\"@graph\":[{\"@type\":\"Article\",\"@id\":\"https:\\\/\\\/www.article-marketing.eu\\\/comunicatistampa\\\/per-cavo-accessori-ci-ispiriamo-a-olivetti\\\/#article\",\"isPartOf\":{\"@id\":\"https:\\\/\\\/www.article-marketing.eu\\\/comunicatistampa\\\/per-cavo-accessori-ci-ispiriamo-a-olivetti\\\/\"},\"author\":{\"name\":\"sibillamedia\",\"@id\":\"https:\\\/\\\/www.article-marketing.eu\\\/comunicatistampa\\\/#\\\/schema\\\/person\\\/6c08318675905d088f4d8b3d655cf124\"},\"headline\":\"\u00abPer Cav\u00f3 Accessori ci ispiriamo a Olivetti\u00bb\",\"datePublished\":\"2021-04-15T17:20:35+00:00\",\"mainEntityOfPage\":{\"@id\":\"https:\\\/\\\/www.article-marketing.eu\\\/comunicatistampa\\\/per-cavo-accessori-ci-ispiriamo-a-olivetti\\\/\"},\"wordCount\":450,\"commentCount\":0,\"image\":{\"@id\":\"https:\\\/\\\/www.article-marketing.eu\\\/comunicatistampa\\\/per-cavo-accessori-ci-ispiriamo-a-olivetti\\\/#primaryimage\"},\"thumbnailUrl\":\"https:\\\/\\\/i2.wp.com\\\/www.lopinionistanews.it\\\/wp-content\\\/uploads\\\/2021\\\/02\\\/LOGO-CAVo-1.png?fit=958%2C441\",\"keywords\":[\"Atech Cav\u00f2\",\"biella\",\"Cav\u00f2 Accessori\"],\"articleSection\":[\"Abbigliamento e accessori\",\"Comunicati stampa\",\"Prodotti\"],\"inLanguage\":\"it-IT\",\"potentialAction\":[{\"@type\":\"CommentAction\",\"name\":\"Comment\",\"target\":[\"https:\\\/\\\/www.article-marketing.eu\\\/comunicatistampa\\\/per-cavo-accessori-ci-ispiriamo-a-olivetti\\\/#respond\"]}]},{\"@type\":\"WebPage\",\"@id\":\"https:\\\/\\\/www.article-marketing.eu\\\/comunicatistampa\\\/per-cavo-accessori-ci-ispiriamo-a-olivetti\\\/\",\"url\":\"https:\\\/\\\/www.article-marketing.eu\\\/comunicatistampa\\\/per-cavo-accessori-ci-ispiriamo-a-olivetti\\\/\",\"name\":\"\u00abPer Cav\u00f3 Accessori ci ispiriamo a Olivetti\u00bb - Article Marketing\",\"isPartOf\":{\"@id\":\"https:\\\/\\\/www.article-marketing.eu\\\/comunicatistampa\\\/#website\"},\"primaryImageOfPage\":{\"@id\":\"https:\\\/\\\/www.article-marketing.eu\\\/comunicatistampa\\\/per-cavo-accessori-ci-ispiriamo-a-olivetti\\\/#primaryimage\"},\"image\":{\"@id\":\"https:\\\/\\\/www.article-marketing.eu\\\/comunicatistampa\\\/per-cavo-accessori-ci-ispiriamo-a-olivetti\\\/#primaryimage\"},\"thumbnailUrl\":\"https:\\\/\\\/i2.wp.com\\\/www.lopinionistanews.it\\\/wp-content\\\/uploads\\\/2021\\\/02\\\/LOGO-CAVo-1.png?fit=958%2C441\",\"datePublished\":\"2021-04-15T17:20:35+00:00\",\"author\":{\"@id\":\"https:\\\/\\\/www.article-marketing.eu\\\/comunicatistampa\\\/#\\\/schema\\\/person\\\/6c08318675905d088f4d8b3d655cf124\"},\"breadcrumb\":{\"@id\":\"https:\\\/\\\/www.article-marketing.eu\\\/comunicatistampa\\\/per-cavo-accessori-ci-ispiriamo-a-olivetti\\\/#breadcrumb\"},\"inLanguage\":\"it-IT\",\"potentialAction\":[{\"@type\":\"ReadAction\",\"target\":[\"https:\\\/\\\/www.article-marketing.eu\\\/comunicatistampa\\\/per-cavo-accessori-ci-ispiriamo-a-olivetti\\\/\"]}]},{\"@type\":\"ImageObject\",\"inLanguage\":\"it-IT\",\"@id\":\"https:\\\/\\\/www.article-marketing.eu\\\/comunicatistampa\\\/per-cavo-accessori-ci-ispiriamo-a-olivetti\\\/#primaryimage\",\"url\":\"https:\\\/\\\/i2.wp.com\\\/www.lopinionistanews.it\\\/wp-content\\\/uploads\\\/2021\\\/02\\\/LOGO-CAVo-1.png?fit=958%2C441\",\"contentUrl\":\"https:\\\/\\\/i2.wp.com\\\/www.lopinionistanews.it\\\/wp-content\\\/uploads\\\/2021\\\/02\\\/LOGO-CAVo-1.png?fit=958%2C441\"},{\"@type\":\"BreadcrumbList\",\"@id\":\"https:\\\/\\\/www.article-marketing.eu\\\/comunicatistampa\\\/per-cavo-accessori-ci-ispiriamo-a-olivetti\\\/#breadcrumb\",\"itemListElement\":[{\"@type\":\"ListItem\",\"position\":1,\"name\":\"Home\",\"item\":\"https:\\\/\\\/www.article-marketing.eu\\\/comunicatistampa\\\/\"},{\"@type\":\"ListItem\",\"position\":2,\"name\":\"\u00abPer Cav\u00f3 Accessori ci ispiriamo a Olivetti\u00bb\"}]},{\"@type\":\"WebSite\",\"@id\":\"https:\\\/\\\/www.article-marketing.eu\\\/comunicatistampa\\\/#website\",\"url\":\"https:\\\/\\\/www.article-marketing.eu\\\/comunicatistampa\\\/\",\"name\":\"Article Marketing\",\"description\":\"article marketing &amp; press release\",\"potentialAction\":[{\"@type\":\"SearchAction\",\"target\":{\"@type\":\"EntryPoint\",\"urlTemplate\":\"https:\\\/\\\/www.article-marketing.eu\\\/comunicatistampa\\\/?s={search_term_string}\"},\"query-input\":{\"@type\":\"PropertyValueSpecification\",\"valueRequired\":true,\"valueName\":\"search_term_string\"}}],\"inLanguage\":\"it-IT\"},{\"@type\":\"Person\",\"@id\":\"https:\\\/\\\/www.article-marketing.eu\\\/comunicatistampa\\\/#\\\/schema\\\/person\\\/6c08318675905d088f4d8b3d655cf124\",\"name\":\"sibillamedia\",\"image\":{\"@type\":\"ImageObject\",\"inLanguage\":\"it-IT\",\"@id\":\"https:\\\/\\\/secure.gravatar.com\\\/avatar\\\/aaea41e3531445b2bdea4978538b67e1a98d8d0a21b3e7e4368e5d5f53e387b2?s=96&d=mm&r=g\",\"url\":\"https:\\\/\\\/secure.gravatar.com\\\/avatar\\\/aaea41e3531445b2bdea4978538b67e1a98d8d0a21b3e7e4368e5d5f53e387b2?s=96&d=mm&r=g\",\"contentUrl\":\"https:\\\/\\\/secure.gravatar.com\\\/avatar\\\/aaea41e3531445b2bdea4978538b67e1a98d8d0a21b3e7e4368e5d5f53e387b2?s=96&d=mm&r=g\",\"caption\":\"sibillamedia\"},\"url\":\"https:\\\/\\\/www.article-marketing.eu\\\/comunicatistampa\\\/author\\\/sibillamedia\\\/\"}]}<\/script>\n<!-- \/ Yoast SEO plugin. -->","yoast_head_json":{"title":"\u00abPer Cav\u00f3 Accessori ci ispiriamo a Olivetti\u00bb - Article Marketing","robots":{"index":"index","follow":"follow","max-snippet":"max-snippet:-1","max-image-preview":"max-image-preview:large","max-video-preview":"max-video-preview:-1"},"canonical":"https:\/\/www.article-marketing.eu\/comunicatistampa\/per-cavo-accessori-ci-ispiriamo-a-olivetti\/","og_locale":"it_IT","og_type":"article","og_title":"\u00abPer Cav\u00f3 Accessori ci ispiriamo a Olivetti\u00bb - Article Marketing","og_description":"Come il grande Olivetti anche la startup\u00a0Cav\u00f3\u00a0Accessori segue la strada dell\u2019imprenditoria \u201cdiversa\u201d con stile e innovazione\u00a0\u00a0 Ci sono imprenditori che hanno cambiato il modo di concepire l\u2019impresa e l\u2019impatto di quest\u2019ultima nella societ\u00e0. Ad esempio,\u00a0Adriano Olivetti (1901-1960), industriale di Ivrea, imprenditore, ingegnere, editore e politico,\u00a0che ha dato forma a una nuova visione della vita di fabbrica, mettendo al centro il benessere dei lavoratori con il risultato di ottenere oltre cheContinue reading...","og_url":"https:\/\/www.article-marketing.eu\/comunicatistampa\/per-cavo-accessori-ci-ispiriamo-a-olivetti\/","og_site_name":"Article Marketing","article_published_time":"2021-04-15T17:20:35+00:00","og_image":[{"url":"https:\/\/i2.wp.com\/www.lopinionistanews.it\/wp-content\/uploads\/2021\/02\/LOGO-CAVo-1.png?fit=958%2C441","type":"","width":"","height":""}],"author":"sibillamedia","twitter_card":"summary_large_image","twitter_misc":{"Scritto da":"sibillamedia","Tempo di lettura stimato":"3 minuti"},"schema":{"@context":"https:\/\/schema.org","@graph":[{"@type":"Article","@id":"https:\/\/www.article-marketing.eu\/comunicatistampa\/per-cavo-accessori-ci-ispiriamo-a-olivetti\/#article","isPartOf":{"@id":"https:\/\/www.article-marketing.eu\/comunicatistampa\/per-cavo-accessori-ci-ispiriamo-a-olivetti\/"},"author":{"name":"sibillamedia","@id":"https:\/\/www.article-marketing.eu\/comunicatistampa\/#\/schema\/person\/6c08318675905d088f4d8b3d655cf124"},"headline":"\u00abPer Cav\u00f3 Accessori ci ispiriamo a Olivetti\u00bb","datePublished":"2021-04-15T17:20:35+00:00","mainEntityOfPage":{"@id":"https:\/\/www.article-marketing.eu\/comunicatistampa\/per-cavo-accessori-ci-ispiriamo-a-olivetti\/"},"wordCount":450,"commentCount":0,"image":{"@id":"https:\/\/www.article-marketing.eu\/comunicatistampa\/per-cavo-accessori-ci-ispiriamo-a-olivetti\/#primaryimage"},"thumbnailUrl":"https:\/\/i2.wp.com\/www.lopinionistanews.it\/wp-content\/uploads\/2021\/02\/LOGO-CAVo-1.png?fit=958%2C441","keywords":["Atech Cav\u00f2","biella","Cav\u00f2 Accessori"],"articleSection":["Abbigliamento e accessori","Comunicati stampa","Prodotti"],"inLanguage":"it-IT","potentialAction":[{"@type":"CommentAction","name":"Comment","target":["https:\/\/www.article-marketing.eu\/comunicatistampa\/per-cavo-accessori-ci-ispiriamo-a-olivetti\/#respond"]}]},{"@type":"WebPage","@id":"https:\/\/www.article-marketing.eu\/comunicatistampa\/per-cavo-accessori-ci-ispiriamo-a-olivetti\/","url":"https:\/\/www.article-marketing.eu\/comunicatistampa\/per-cavo-accessori-ci-ispiriamo-a-olivetti\/","name":"\u00abPer Cav\u00f3 Accessori ci ispiriamo a Olivetti\u00bb - Article Marketing","isPartOf":{"@id":"https:\/\/www.article-marketing.eu\/comunicatistampa\/#website"},"primaryImageOfPage":{"@id":"https:\/\/www.article-marketing.eu\/comunicatistampa\/per-cavo-accessori-ci-ispiriamo-a-olivetti\/#primaryimage"},"image":{"@id":"https:\/\/www.article-marketing.eu\/comunicatistampa\/per-cavo-accessori-ci-ispiriamo-a-olivetti\/#primaryimage"},"thumbnailUrl":"https:\/\/i2.wp.com\/www.lopinionistanews.it\/wp-content\/uploads\/2021\/02\/LOGO-CAVo-1.png?fit=958%2C441","datePublished":"2021-04-15T17:20:35+00:00","author":{"@id":"https:\/\/www.article-marketing.eu\/comunicatistampa\/#\/schema\/person\/6c08318675905d088f4d8b3d655cf124"},"breadcrumb":{"@id":"https:\/\/www.article-marketing.eu\/comunicatistampa\/per-cavo-accessori-ci-ispiriamo-a-olivetti\/#breadcrumb"},"inLanguage":"it-IT","potentialAction":[{"@type":"ReadAction","target":["https:\/\/www.article-marketing.eu\/comunicatistampa\/per-cavo-accessori-ci-ispiriamo-a-olivetti\/"]}]},{"@type":"ImageObject","inLanguage":"it-IT","@id":"https:\/\/www.article-marketing.eu\/comunicatistampa\/per-cavo-accessori-ci-ispiriamo-a-olivetti\/#primaryimage","url":"https:\/\/i2.wp.com\/www.lopinionistanews.it\/wp-content\/uploads\/2021\/02\/LOGO-CAVo-1.png?fit=958%2C441","contentUrl":"https:\/\/i2.wp.com\/www.lopinionistanews.it\/wp-content\/uploads\/2021\/02\/LOGO-CAVo-1.png?fit=958%2C441"},{"@type":"BreadcrumbList","@id":"https:\/\/www.article-marketing.eu\/comunicatistampa\/per-cavo-accessori-ci-ispiriamo-a-olivetti\/#breadcrumb","itemListElement":[{"@type":"ListItem","position":1,"name":"Home","item":"https:\/\/www.article-marketing.eu\/comunicatistampa\/"},{"@type":"ListItem","position":2,"name":"\u00abPer Cav\u00f3 Accessori ci ispiriamo a Olivetti\u00bb"}]},{"@type":"WebSite","@id":"https:\/\/www.article-marketing.eu\/comunicatistampa\/#website","url":"https:\/\/www.article-marketing.eu\/comunicatistampa\/","name":"Article Marketing","description":"article marketing &amp; press release","potentialAction":[{"@type":"SearchAction","target":{"@type":"EntryPoint","urlTemplate":"https:\/\/www.article-marketing.eu\/comunicatistampa\/?s={search_term_string}"},"query-input":{"@type":"PropertyValueSpecification","valueRequired":true,"valueName":"search_term_string"}}],"inLanguage":"it-IT"},{"@type":"Person","@id":"https:\/\/www.article-marketing.eu\/comunicatistampa\/#\/schema\/person\/6c08318675905d088f4d8b3d655cf124","name":"sibillamedia","image":{"@type":"ImageObject","inLanguage":"it-IT","@id":"https:\/\/secure.gravatar.com\/avatar\/aaea41e3531445b2bdea4978538b67e1a98d8d0a21b3e7e4368e5d5f53e387b2?s=96&d=mm&r=g","url":"https:\/\/secure.gravatar.com\/avatar\/aaea41e3531445b2bdea4978538b67e1a98d8d0a21b3e7e4368e5d5f53e387b2?s=96&d=mm&r=g","contentUrl":"https:\/\/secure.gravatar.com\/avatar\/aaea41e3531445b2bdea4978538b67e1a98d8d0a21b3e7e4368e5d5f53e387b2?s=96&d=mm&r=g","caption":"sibillamedia"},"url":"https:\/\/www.article-marketing.eu\/comunicatistampa\/author\/sibillamedia\/"}]}},"_links":{"self":[{"href":"https:\/\/www.article-marketing.eu\/comunicatistampa\/wp-json\/wp\/v2\/posts\/18349","targetHints":{"allow":["GET"]}}],"collection":[{"href":"https:\/\/www.article-marketing.eu\/comunicatistampa\/wp-json\/wp\/v2\/posts"}],"about":[{"href":"https:\/\/www.article-marketing.eu\/comunicatistampa\/wp-json\/wp\/v2\/types\/post"}],"author":[{"embeddable":true,"href":"https:\/\/www.article-marketing.eu\/comunicatistampa\/wp-json\/wp\/v2\/users\/6096"}],"replies":[{"embeddable":true,"href":"https:\/\/www.article-marketing.eu\/comunicatistampa\/wp-json\/wp\/v2\/comments?post=18349"}],"version-history":[{"count":2,"href":"https:\/\/www.article-marketing.eu\/comunicatistampa\/wp-json\/wp\/v2\/posts\/18349\/revisions"}],"predecessor-version":[{"id":18380,"href":"https:\/\/www.article-marketing.eu\/comunicatistampa\/wp-json\/wp\/v2\/posts\/18349\/revisions\/18380"}],"wp:attachment":[{"href":"https:\/\/www.article-marketing.eu\/comunicatistampa\/wp-json\/wp\/v2\/media?parent=18349"}],"wp:term":[{"taxonomy":"category","embeddable":true,"href":"https:\/\/www.article-marketing.eu\/comunicatistampa\/wp-json\/wp\/v2\/categories?post=18349"},{"taxonomy":"post_tag","embeddable":true,"href":"https:\/\/www.article-marketing.eu\/comunicatistampa\/wp-json\/wp\/v2\/tags?post=18349"}],"curies":[{"name":"wp","href":"https:\/\/api.w.org\/{rel}","templated":true}]}}