{"id":18356,"date":"2021-04-15T19:19:42","date_gmt":"2021-04-15T17:19:42","guid":{"rendered":"https:\/\/www.article-marketing.eu\/comunicatistampa\/?p=18356"},"modified":"2021-04-15T19:19:42","modified_gmt":"2021-04-15T17:19:42","slug":"la-cultura-della-sicurezza-attraverso-musica-arte-e-alimentazione","status":"publish","type":"post","link":"https:\/\/www.article-marketing.eu\/comunicatistampa\/la-cultura-della-sicurezza-attraverso-musica-arte-e-alimentazione\/","title":{"rendered":"La cultura della sicurezza attraverso musica, arte e alimentazione"},"content":{"rendered":"<h2>Comunicato Stampa<\/h2>\n<h2><strong>La cultura della sicurezza attraverso musica, arte e alimentazione<\/strong><\/h2>\n<p><strong><em>Il 28 aprile nell\u2019ambito della giornata per la salute e la sicurezza sul lavoro e delle iniziative di Parma Capitale della cultura tre webinar affronteranno <\/em><\/strong><strong><em>la cultura della sicurezza attraverso <\/em><\/strong><strong><em>la sicurezza negli eventi musicali<\/em><\/strong><strong><em>, <\/em><\/strong><strong><em>la sicurezza alimentare<\/em><\/strong><strong><em> e <\/em><\/strong><strong><em>l\u2019uso delle immagini<\/em><\/strong><strong><em>.<\/em><\/strong><\/p>\n<p>&nbsp;<\/p>\n<p>In un periodo in cui la pandemia e l\u2019emergenza COVID-19 portano l\u2019attenzione di popolazione, aziende e governi sulle strategie per fermare la diffusione del virus SARS-CoV-2 \u00e8 pi\u00f9 che mai necessario parlare di <strong>salute e sicurezza<\/strong>. E la data migliore per farlo \u00e8 quella del <strong>28 aprile<\/strong>, il giorno in cui in tutto il mondo si celebra, in collaborazione con l\u2019Organizzazione internazionale del Lavoro (ILO), la <strong>Giornata mondiale per la salute e la sicurezza sul lavoro<\/strong> ponendo l\u2019accento sulla necessit\u00e0 di creare e rafforzare la <strong>cultura della sicurezza<\/strong>.<\/p>\n<p>L\u2019<strong>Associazione Italiana Formatori ed Operatori della Sicurezza sul Lavoro<\/strong> (AiFOS) ha deciso di farlo nell\u2019ambito delle iniziative di <strong>Parma Capitale Italiana della Cultura 2020\/2021<\/strong> organizzando per il <strong>28 aprile 2021<\/strong> tre <strong>workshop gratuiti<\/strong> in <strong>modalit\u00e0 webinar<\/strong>. L\u2019obiettivo \u00e8 quello di promuovere e diffondere la cultura della salute e sicurezza declinata su tre temi cari alla citt\u00e0 e alla sua filiera: la musica, l\u2019alimentazione e l\u2019arte.<\/p>\n<p>&nbsp;<\/p>\n<p>L\u2019iniziativa, dal titolo \u201c<strong>La cultura della sicurezza nelle eccellenze del territorio di Parma: musica, arte, alimentazione<\/strong>\u201d, \u00e8 organizzata in collaborazione con il Consorzio nazionale interuniversitario per le telecomunicazioni (CNIT) e con il patrocinio dell\u2019Universit\u00e0 di Parma.<\/p>\n<p>&nbsp;<\/p>\n<p><strong>Musica: la sicurezza negli eventi musicali <\/strong><\/p>\n<p>Il primo workshop in modalit\u00e0 webinar &#8211; \u201c<strong>MUSICA: L\u2019importanza della sicurezza negli eventi musicali<\/strong>\u201d &#8211; si terr\u00e0 il <strong>28 aprile<\/strong> dalle ore <strong>9.00<\/strong> alle <strong>11.00<\/strong>.<\/p>\n<p>&nbsp;<\/p>\n<p>Parma \u00e8 una citt\u00e0 della musica che, attraverso le sue iniziative, ha sempre coinvolto un pubblico diversificato.<\/p>\n<p>Quali sono state le ripercussioni della pandemia sulle professionalit\u00e0 nel settore musicale e sulla realizzazione degli eventi? Come affrontare gli eventi in vista delle riaperture?<\/p>\n<p>A questi interrogativi si cercher\u00e0 di rispondere durante il workshop, condividendo alcune esperienze vissute in questo ultimo anno. Ripartire con l\u2019<strong>organizzazione di eventi musicali<\/strong> \u00e8 fondamentale, ma \u00e8 ancora pi\u00f9 fondamentale garantire la <strong>salute e la sicurezza degli spettatori e degli artisti<\/strong>, applicando correttamente le normative vigenti.<\/p>\n<p>Il <strong>programma <\/strong>del workshop:<\/p>\n<ul>\n<li><strong>Apertura Lavori<\/strong>: Rocco Vitale &#8211; Presidente AiFOS<\/li>\n<li><strong>Relatori<\/strong>:\n<ul>\n<li>Stefano Farina &#8211; Consigliere Nazionale AiFOS, esperto di sicurezza negli eventi<\/li>\n<li>Lara Calanni Pileri &#8211; Formatrice, esperta di sicurezza negli eventi<\/li>\n<li>Fabio Fila &#8211; RSPP Doc. Servizi Soc. Coop.<\/li>\n<\/ul>\n<\/li>\n<\/ul>\n<p>A tutti i partecipanti verr\u00e0 consegnato un <strong>attestato di presenza<\/strong> valido per il rilascio di 1 credito per Formatori area tematica n.2 (rischi tecnici), RSPP\/ASPP, CSP\/CSE, RLS.<\/p>\n<p>&nbsp;<\/p>\n<p><strong>Alimentazione: la sicurezza alimentare<\/strong><\/p>\n<p>Il secondo webinar gratuito &#8211; \u201c<strong>ALIMENTAZIONE: La sicurezza alimentare<\/strong>\u201d &#8211; si terr\u00e0 sempre il <strong>28 aprile<\/strong> dalle ore <strong>11.30<\/strong> alle <strong>13.30<\/strong>.<\/p>\n<p>&nbsp;<\/p>\n<p>L\u2019aforisma \u201cl\u2019uomo \u00e8 ci\u00f2 che mangia\u201d \u00e8 una delle pi\u00f9 grandi verit\u00e0 che la scienza oggi ci insegna. Il cibo per\u00f2 non \u00e8 solamente fonte di sostentamento per il corpo, ma influenza fortemente la nostra salute e rappresenta l\u2019identit\u00e0 culturale di un popolo, tanto che nella sua cucina si ritrovano le caratteristiche del territorio e della sua storia.<\/p>\n<p>Il cibo \u00e8 cultura quando si produce, si crea, si prepara, si trasforma, si consuma e quando si sceglie. In ognuna di queste fasi \u00e8 fondamentale rispettare delle norme che permettono di avere alimenti che non solo soddisfino il nostro corpo e la nostra mente, ma che siano <strong>sicuri e salubri<\/strong>.<\/p>\n<p>Parma \u00e8 citt\u00e0 di eccellenza alimentare e di ricerca per i prodotti agroalimentari: per questo, partendo da un\u2019opera d\u2019arte esploreremo le novit\u00e0 normative e le questioni pi\u00f9 delicate che si devono conoscere per affrontare al meglio una tematica complessa come quella della <strong>sicurezza alimentare<\/strong>, passando per i prodotti tipici della cucina parmigiana.<\/p>\n<p>Il <strong>programma <\/strong>del workshop:<\/p>\n<ul>\n<li><strong>Apertura Lavori<\/strong>: Francesco Naviglio &#8211; Segretario Generale AiFOS<\/li>\n<li><strong>Relatore<\/strong>: Matteo Fadenti &#8211; Consigliere Nazionale AiFOS, esperto di sicurezza<\/li>\n<\/ul>\n<p>A tutti i partecipanti verr\u00e0 consegnato un <strong>attestato di presenza<\/strong> valido per il rilascio di 1 credito per Formatori area tematica n.2 (rischi tecnici), RSPP\/ASPP, CSP\/CSE, RLS.<\/p>\n<p>&nbsp;<\/p>\n<p><strong>Arte: l\u2019uso delle immagini per la diffusione della cultura della sicurezza<\/strong><\/p>\n<p>Sempre il 28 aprile 2021, ma dalle <strong>15.00<\/strong> alle <strong>17.00<\/strong>, si terr\u00e0, infine, il workshop in modalit\u00e0 webinar dal titolo \u201c<strong>ARTE: L\u2019uso delle immagini per la diffusione della cultura della salute e sicurezza negli ambienti di vita e di lavoro<\/strong>\u201d.<\/p>\n<p>&nbsp;<\/p>\n<p>L\u2019obiettivo del workshop \u00e8 mostrare ai partecipanti come le immagini possano essere utilizzate durante la formazione e come possano renderla maggiormente partecipativa.<\/p>\n<p>Verranno fornite indicazioni teoriche sul <strong>perch\u00e9 usare le immagini<\/strong> e indicazioni su <strong>come usare le immagini <\/strong>durante la formazione, per passare poi all\u2019azione: si sperimenter\u00e0 la creativit\u00e0 del formatore come tecnica d\u2019aula.<\/p>\n<p>Parma \u00e8 citt\u00e0 d&#8217;arte: i partecipanti e il relatore saranno ispirati dal genio di Correggio e dalla finezza di Parmigianino.<\/p>\n<p>Il <strong>programma<\/strong> del workshop:<\/p>\n<ul>\n<li><strong>Apertura Lavori<\/strong>: Carmine Salamone &#8211; Consigliere Nazionale AiFOS<\/li>\n<li><strong>Relatore<\/strong>: Andrea Cirincione &#8211; Psicologo e Formatore, esperto di Arte<\/li>\n<\/ul>\n<p>A tutti i partecipanti verr\u00e0 consegnato un <strong>attestato di presenza<\/strong> valido per il rilascio di 1 credito per Formatori area tematica n.3 (comunicazione), RSPP\/ASPP, CSP\/CSE, RLS.<\/p>\n<p>&nbsp;<\/p>\n<p>Per avere ulteriori dettagli sui tre webinar e iscriversi, \u00e8 possibile utilizzare questo link:<\/p>\n<p><a href=\"https:\/\/aifos.org\/home\/eventi\/intev\/convegni_aifos\/la_cultura_della_sicurezza_nelle_eccellenze_del_territorio_di_parma\">https:\/\/aifos.org\/home\/eventi\/intev\/convegni_aifos\/la_cultura_della_sicurezza_nelle_eccellenze_del_territorio_di_parma<\/a><\/p>\n<p>&nbsp;<\/p>\n<p>&nbsp;<\/p>\n<p>Per <strong>informazioni<\/strong>:<\/p>\n<p><strong>Sede nazionale AiFOS<\/strong> &#8211; via Branze, 45 &#8211; 25123 Brescia c\/o CSMT, Universit\u00e0 degli Studi di Brescia &#8211; tel. 030.6595035 &#8211; fax 030.6595040 <a href=\"http:\/\/www.aifos.it\">www.aifos.it<\/a> &#8211; <a href=\"mailto:formarsi@aifos.it\">formarsi@aifos.it<\/a> &#8211; convegni@aifos.it<\/p>\n<p>&nbsp;<\/p>\n<p>&nbsp;<\/p>\n<p><em>15 aprile 2021<\/em><\/p>\n<p>&nbsp;<\/p>\n<p>&nbsp;<\/p>\n<p>Ufficio Stampa di AiFOS<\/p>\n<p>ufficiostampa@aifos.it<\/p>\n<p>http:\/\/www.aifos.it\/<\/p>\n","protected":false},"excerpt":{"rendered":"<p>Comunicato Stampa La cultura della sicurezza attraverso musica, arte e alimentazione Il 28 aprile nell\u2019ambito della giornata per la salute e la sicurezza sul lavoro e delle iniziative di Parma Capitale della cultura tre webinar affronteranno la cultura della sicurezza attraverso la sicurezza negli eventi musicali, la sicurezza alimentare e l\u2019uso delle immagini. &nbsp; In un periodo in cui la pandemia e l\u2019emergenza COVID-19 portano l\u2019attenzione di popolazione, aziende e<\/p>\n<p><a class=\"continue-reading\" href=\"https:\/\/www.article-marketing.eu\/comunicatistampa\/la-cultura-della-sicurezza-attraverso-musica-arte-e-alimentazione\/\">Continue reading&#8230;<\/a><\/p>\n","protected":false},"author":881,"featured_media":0,"comment_status":"open","ping_status":"open","sticky":false,"template":"","format":"standard","meta":{"_monsterinsights_skip_tracking":false,"_monsterinsights_sitenote_active":false,"_monsterinsights_sitenote_note":"","_monsterinsights_sitenote_category":0,"footnotes":""},"categories":[407,78,379,370,378,369],"tags":[7758,3301,337,7755,571,7759,3235,7757,7753,7754,7756,1538,7760,6342,198],"class_list":["post-18356","post","type-post","status-publish","format-standard","hentry","category-arte-e-cultura","category-comunicati-stampa","category-corsi","category-dieta-e-nutrizione","category-istruzione","category-salute-e-benessere","tag-28-aprile","tag-aifos","tag-alimentazione","tag-alimentazione-la-sicurezza-alimentare","tag-arte","tag-arte-luso-delle-immagini-per-la-diffusione-della-cultura-della-salute-e-sicurezza-negli-ambienti-di-vita-e-di-lavoro","tag-brescia","tag-giornata-mondiale-per-la-salute-e-la-sicurezza-sul-lavoro","tag-la-cultura-della-sicurezza-nelle-eccellenze-del-territorio-di-parma-musica","tag-musica-limportanza-della-sicurezza-negli-eventi-musicali","tag-parma-capitale-italiana-della-cultura-2020-2021","tag-sicurezza-sul-lavoro","tag-usare-le-immagini","tag-webinar","tag-workshop"],"yoast_head":"<!-- This site is optimized with the Yoast SEO plugin v27.3 - https:\/\/yoast.com\/product\/yoast-seo-wordpress\/ -->\n<title>La cultura della sicurezza attraverso musica, arte e alimentazione<\/title>\n<meta name=\"robots\" content=\"index, follow, max-snippet:-1, max-image-preview:large, max-video-preview:-1\" \/>\n<link rel=\"canonical\" href=\"https:\/\/www.article-marketing.eu\/comunicatistampa\/la-cultura-della-sicurezza-attraverso-musica-arte-e-alimentazione\/\" \/>\n<meta property=\"og:locale\" content=\"it_IT\" \/>\n<meta property=\"og:type\" content=\"article\" \/>\n<meta property=\"og:title\" content=\"La cultura della sicurezza attraverso musica, arte e alimentazione\" \/>\n<meta property=\"og:description\" content=\"Comunicato Stampa La cultura della sicurezza attraverso musica, arte e alimentazione Il 28 aprile nell\u2019ambito della giornata per la salute e la sicurezza sul lavoro e delle iniziative di Parma Capitale della cultura tre webinar affronteranno la cultura della sicurezza attraverso la sicurezza negli eventi musicali, la sicurezza alimentare e l\u2019uso delle immagini. &nbsp; In un periodo in cui la pandemia e l\u2019emergenza COVID-19 portano l\u2019attenzione di popolazione, aziende eContinue reading...\" \/>\n<meta property=\"og:url\" content=\"https:\/\/www.article-marketing.eu\/comunicatistampa\/la-cultura-della-sicurezza-attraverso-musica-arte-e-alimentazione\/\" \/>\n<meta property=\"og:site_name\" content=\"Article Marketing\" \/>\n<meta property=\"article:published_time\" content=\"2021-04-15T17:19:42+00:00\" \/>\n<meta name=\"author\" content=\"AIFUS\" \/>\n<meta name=\"twitter:card\" content=\"summary_large_image\" \/>\n<meta name=\"twitter:label1\" content=\"Scritto da\" \/>\n\t<meta name=\"twitter:data1\" content=\"AIFUS\" \/>\n\t<meta name=\"twitter:label2\" content=\"Tempo di lettura stimato\" \/>\n\t<meta name=\"twitter:data2\" content=\"4 minuti\" \/>\n<script type=\"application\/ld+json\" class=\"yoast-schema-graph\">{\"@context\":\"https:\\\/\\\/schema.org\",\"@graph\":[{\"@type\":\"Article\",\"@id\":\"https:\\\/\\\/www.article-marketing.eu\\\/comunicatistampa\\\/la-cultura-della-sicurezza-attraverso-musica-arte-e-alimentazione\\\/#article\",\"isPartOf\":{\"@id\":\"https:\\\/\\\/www.article-marketing.eu\\\/comunicatistampa\\\/la-cultura-della-sicurezza-attraverso-musica-arte-e-alimentazione\\\/\"},\"author\":{\"name\":\"AIFUS\",\"@id\":\"https:\\\/\\\/www.article-marketing.eu\\\/comunicatistampa\\\/#\\\/schema\\\/person\\\/d1985c4955ff71a05f49d68e3034b3cd\"},\"headline\":\"La cultura della sicurezza attraverso musica, arte e alimentazione\",\"datePublished\":\"2021-04-15T17:19:42+00:00\",\"mainEntityOfPage\":{\"@id\":\"https:\\\/\\\/www.article-marketing.eu\\\/comunicatistampa\\\/la-cultura-della-sicurezza-attraverso-musica-arte-e-alimentazione\\\/\"},\"wordCount\":936,\"commentCount\":0,\"keywords\":[\"28 aprile\",\"Aifos\",\"alimentazione\",\"ALIMENTAZIONE: La sicurezza alimentare\",\"Arte\",\"ARTE: L\u2019uso delle immagini per la diffusione della cultura della salute e sicurezza negli ambienti di vita e di lavoro\",\"Brescia\",\"Giornata mondiale per la salute e la sicurezza sul lavoro\",\"La cultura della sicurezza nelle eccellenze del territorio di Parma: musica\",\"MUSICA: L\u2019importanza della sicurezza negli eventi musicali\",\"Parma Capitale Italiana della Cultura 2020\\\/2021\",\"sicurezza sul lavoro\",\"usare le immagini\",\"webinar\",\"workshop\"],\"articleSection\":[\"Arte e cultura\",\"Comunicati stampa\",\"Corsi\",\"Dieta e Nutrizione\",\"Istruzione\",\"Salute e benessere\"],\"inLanguage\":\"it-IT\",\"potentialAction\":[{\"@type\":\"CommentAction\",\"name\":\"Comment\",\"target\":[\"https:\\\/\\\/www.article-marketing.eu\\\/comunicatistampa\\\/la-cultura-della-sicurezza-attraverso-musica-arte-e-alimentazione\\\/#respond\"]}]},{\"@type\":\"WebPage\",\"@id\":\"https:\\\/\\\/www.article-marketing.eu\\\/comunicatistampa\\\/la-cultura-della-sicurezza-attraverso-musica-arte-e-alimentazione\\\/\",\"url\":\"https:\\\/\\\/www.article-marketing.eu\\\/comunicatistampa\\\/la-cultura-della-sicurezza-attraverso-musica-arte-e-alimentazione\\\/\",\"name\":\"La cultura della sicurezza attraverso musica, arte e alimentazione\",\"isPartOf\":{\"@id\":\"https:\\\/\\\/www.article-marketing.eu\\\/comunicatistampa\\\/#website\"},\"datePublished\":\"2021-04-15T17:19:42+00:00\",\"author\":{\"@id\":\"https:\\\/\\\/www.article-marketing.eu\\\/comunicatistampa\\\/#\\\/schema\\\/person\\\/d1985c4955ff71a05f49d68e3034b3cd\"},\"breadcrumb\":{\"@id\":\"https:\\\/\\\/www.article-marketing.eu\\\/comunicatistampa\\\/la-cultura-della-sicurezza-attraverso-musica-arte-e-alimentazione\\\/#breadcrumb\"},\"inLanguage\":\"it-IT\",\"potentialAction\":[{\"@type\":\"ReadAction\",\"target\":[\"https:\\\/\\\/www.article-marketing.eu\\\/comunicatistampa\\\/la-cultura-della-sicurezza-attraverso-musica-arte-e-alimentazione\\\/\"]}]},{\"@type\":\"BreadcrumbList\",\"@id\":\"https:\\\/\\\/www.article-marketing.eu\\\/comunicatistampa\\\/la-cultura-della-sicurezza-attraverso-musica-arte-e-alimentazione\\\/#breadcrumb\",\"itemListElement\":[{\"@type\":\"ListItem\",\"position\":1,\"name\":\"Home\",\"item\":\"https:\\\/\\\/www.article-marketing.eu\\\/comunicatistampa\\\/\"},{\"@type\":\"ListItem\",\"position\":2,\"name\":\"La cultura della sicurezza attraverso musica, arte e alimentazione\"}]},{\"@type\":\"WebSite\",\"@id\":\"https:\\\/\\\/www.article-marketing.eu\\\/comunicatistampa\\\/#website\",\"url\":\"https:\\\/\\\/www.article-marketing.eu\\\/comunicatistampa\\\/\",\"name\":\"Article Marketing\",\"description\":\"article marketing &amp; press release\",\"potentialAction\":[{\"@type\":\"SearchAction\",\"target\":{\"@type\":\"EntryPoint\",\"urlTemplate\":\"https:\\\/\\\/www.article-marketing.eu\\\/comunicatistampa\\\/?s={search_term_string}\"},\"query-input\":{\"@type\":\"PropertyValueSpecification\",\"valueRequired\":true,\"valueName\":\"search_term_string\"}}],\"inLanguage\":\"it-IT\"},{\"@type\":\"Person\",\"@id\":\"https:\\\/\\\/www.article-marketing.eu\\\/comunicatistampa\\\/#\\\/schema\\\/person\\\/d1985c4955ff71a05f49d68e3034b3cd\",\"name\":\"AIFUS\",\"image\":{\"@type\":\"ImageObject\",\"inLanguage\":\"it-IT\",\"@id\":\"https:\\\/\\\/secure.gravatar.com\\\/avatar\\\/05cf2a2ba057667571308b94c84f00ff48766ffac95710a87491a9b3ddcee484?s=96&d=mm&r=g\",\"url\":\"https:\\\/\\\/secure.gravatar.com\\\/avatar\\\/05cf2a2ba057667571308b94c84f00ff48766ffac95710a87491a9b3ddcee484?s=96&d=mm&r=g\",\"contentUrl\":\"https:\\\/\\\/secure.gravatar.com\\\/avatar\\\/05cf2a2ba057667571308b94c84f00ff48766ffac95710a87491a9b3ddcee484?s=96&d=mm&r=g\",\"caption\":\"AIFUS\"},\"url\":\"https:\\\/\\\/www.article-marketing.eu\\\/comunicatistampa\\\/author\\\/aifus\\\/\"}]}<\/script>\n<!-- \/ Yoast SEO plugin. -->","yoast_head_json":{"title":"La cultura della sicurezza attraverso musica, arte e alimentazione","robots":{"index":"index","follow":"follow","max-snippet":"max-snippet:-1","max-image-preview":"max-image-preview:large","max-video-preview":"max-video-preview:-1"},"canonical":"https:\/\/www.article-marketing.eu\/comunicatistampa\/la-cultura-della-sicurezza-attraverso-musica-arte-e-alimentazione\/","og_locale":"it_IT","og_type":"article","og_title":"La cultura della sicurezza attraverso musica, arte e alimentazione","og_description":"Comunicato Stampa La cultura della sicurezza attraverso musica, arte e alimentazione Il 28 aprile nell\u2019ambito della giornata per la salute e la sicurezza sul lavoro e delle iniziative di Parma Capitale della cultura tre webinar affronteranno la cultura della sicurezza attraverso la sicurezza negli eventi musicali, la sicurezza alimentare e l\u2019uso delle immagini. &nbsp; In un periodo in cui la pandemia e l\u2019emergenza COVID-19 portano l\u2019attenzione di popolazione, aziende eContinue reading...","og_url":"https:\/\/www.article-marketing.eu\/comunicatistampa\/la-cultura-della-sicurezza-attraverso-musica-arte-e-alimentazione\/","og_site_name":"Article Marketing","article_published_time":"2021-04-15T17:19:42+00:00","author":"AIFUS","twitter_card":"summary_large_image","twitter_misc":{"Scritto da":"AIFUS","Tempo di lettura stimato":"4 minuti"},"schema":{"@context":"https:\/\/schema.org","@graph":[{"@type":"Article","@id":"https:\/\/www.article-marketing.eu\/comunicatistampa\/la-cultura-della-sicurezza-attraverso-musica-arte-e-alimentazione\/#article","isPartOf":{"@id":"https:\/\/www.article-marketing.eu\/comunicatistampa\/la-cultura-della-sicurezza-attraverso-musica-arte-e-alimentazione\/"},"author":{"name":"AIFUS","@id":"https:\/\/www.article-marketing.eu\/comunicatistampa\/#\/schema\/person\/d1985c4955ff71a05f49d68e3034b3cd"},"headline":"La cultura della sicurezza attraverso musica, arte e alimentazione","datePublished":"2021-04-15T17:19:42+00:00","mainEntityOfPage":{"@id":"https:\/\/www.article-marketing.eu\/comunicatistampa\/la-cultura-della-sicurezza-attraverso-musica-arte-e-alimentazione\/"},"wordCount":936,"commentCount":0,"keywords":["28 aprile","Aifos","alimentazione","ALIMENTAZIONE: La sicurezza alimentare","Arte","ARTE: L\u2019uso delle immagini per la diffusione della cultura della salute e sicurezza negli ambienti di vita e di lavoro","Brescia","Giornata mondiale per la salute e la sicurezza sul lavoro","La cultura della sicurezza nelle eccellenze del territorio di Parma: musica","MUSICA: L\u2019importanza della sicurezza negli eventi musicali","Parma Capitale Italiana della Cultura 2020\/2021","sicurezza sul lavoro","usare le immagini","webinar","workshop"],"articleSection":["Arte e cultura","Comunicati stampa","Corsi","Dieta e Nutrizione","Istruzione","Salute e benessere"],"inLanguage":"it-IT","potentialAction":[{"@type":"CommentAction","name":"Comment","target":["https:\/\/www.article-marketing.eu\/comunicatistampa\/la-cultura-della-sicurezza-attraverso-musica-arte-e-alimentazione\/#respond"]}]},{"@type":"WebPage","@id":"https:\/\/www.article-marketing.eu\/comunicatistampa\/la-cultura-della-sicurezza-attraverso-musica-arte-e-alimentazione\/","url":"https:\/\/www.article-marketing.eu\/comunicatistampa\/la-cultura-della-sicurezza-attraverso-musica-arte-e-alimentazione\/","name":"La cultura della sicurezza attraverso musica, arte e alimentazione","isPartOf":{"@id":"https:\/\/www.article-marketing.eu\/comunicatistampa\/#website"},"datePublished":"2021-04-15T17:19:42+00:00","author":{"@id":"https:\/\/www.article-marketing.eu\/comunicatistampa\/#\/schema\/person\/d1985c4955ff71a05f49d68e3034b3cd"},"breadcrumb":{"@id":"https:\/\/www.article-marketing.eu\/comunicatistampa\/la-cultura-della-sicurezza-attraverso-musica-arte-e-alimentazione\/#breadcrumb"},"inLanguage":"it-IT","potentialAction":[{"@type":"ReadAction","target":["https:\/\/www.article-marketing.eu\/comunicatistampa\/la-cultura-della-sicurezza-attraverso-musica-arte-e-alimentazione\/"]}]},{"@type":"BreadcrumbList","@id":"https:\/\/www.article-marketing.eu\/comunicatistampa\/la-cultura-della-sicurezza-attraverso-musica-arte-e-alimentazione\/#breadcrumb","itemListElement":[{"@type":"ListItem","position":1,"name":"Home","item":"https:\/\/www.article-marketing.eu\/comunicatistampa\/"},{"@type":"ListItem","position":2,"name":"La cultura della sicurezza attraverso musica, arte e alimentazione"}]},{"@type":"WebSite","@id":"https:\/\/www.article-marketing.eu\/comunicatistampa\/#website","url":"https:\/\/www.article-marketing.eu\/comunicatistampa\/","name":"Article Marketing","description":"article marketing &amp; press release","potentialAction":[{"@type":"SearchAction","target":{"@type":"EntryPoint","urlTemplate":"https:\/\/www.article-marketing.eu\/comunicatistampa\/?s={search_term_string}"},"query-input":{"@type":"PropertyValueSpecification","valueRequired":true,"valueName":"search_term_string"}}],"inLanguage":"it-IT"},{"@type":"Person","@id":"https:\/\/www.article-marketing.eu\/comunicatistampa\/#\/schema\/person\/d1985c4955ff71a05f49d68e3034b3cd","name":"AIFUS","image":{"@type":"ImageObject","inLanguage":"it-IT","@id":"https:\/\/secure.gravatar.com\/avatar\/05cf2a2ba057667571308b94c84f00ff48766ffac95710a87491a9b3ddcee484?s=96&d=mm&r=g","url":"https:\/\/secure.gravatar.com\/avatar\/05cf2a2ba057667571308b94c84f00ff48766ffac95710a87491a9b3ddcee484?s=96&d=mm&r=g","contentUrl":"https:\/\/secure.gravatar.com\/avatar\/05cf2a2ba057667571308b94c84f00ff48766ffac95710a87491a9b3ddcee484?s=96&d=mm&r=g","caption":"AIFUS"},"url":"https:\/\/www.article-marketing.eu\/comunicatistampa\/author\/aifus\/"}]}},"_links":{"self":[{"href":"https:\/\/www.article-marketing.eu\/comunicatistampa\/wp-json\/wp\/v2\/posts\/18356","targetHints":{"allow":["GET"]}}],"collection":[{"href":"https:\/\/www.article-marketing.eu\/comunicatistampa\/wp-json\/wp\/v2\/posts"}],"about":[{"href":"https:\/\/www.article-marketing.eu\/comunicatistampa\/wp-json\/wp\/v2\/types\/post"}],"author":[{"embeddable":true,"href":"https:\/\/www.article-marketing.eu\/comunicatistampa\/wp-json\/wp\/v2\/users\/881"}],"replies":[{"embeddable":true,"href":"https:\/\/www.article-marketing.eu\/comunicatistampa\/wp-json\/wp\/v2\/comments?post=18356"}],"version-history":[{"count":2,"href":"https:\/\/www.article-marketing.eu\/comunicatistampa\/wp-json\/wp\/v2\/posts\/18356\/revisions"}],"predecessor-version":[{"id":18378,"href":"https:\/\/www.article-marketing.eu\/comunicatistampa\/wp-json\/wp\/v2\/posts\/18356\/revisions\/18378"}],"wp:attachment":[{"href":"https:\/\/www.article-marketing.eu\/comunicatistampa\/wp-json\/wp\/v2\/media?parent=18356"}],"wp:term":[{"taxonomy":"category","embeddable":true,"href":"https:\/\/www.article-marketing.eu\/comunicatistampa\/wp-json\/wp\/v2\/categories?post=18356"},{"taxonomy":"post_tag","embeddable":true,"href":"https:\/\/www.article-marketing.eu\/comunicatistampa\/wp-json\/wp\/v2\/tags?post=18356"}],"curies":[{"name":"wp","href":"https:\/\/api.w.org\/{rel}","templated":true}]}}