{"id":18392,"date":"2021-04-16T15:09:41","date_gmt":"2021-04-16T13:09:41","guid":{"rendered":"https:\/\/www.article-marketing.eu\/comunicatistampa\/?p=18392"},"modified":"2021-04-16T15:09:41","modified_gmt":"2021-04-16T13:09:41","slug":"ade-anche-se","status":"publish","type":"post","link":"https:\/\/www.article-marketing.eu\/comunicatistampa\/ade-anche-se\/","title":{"rendered":"Ade, Anche se"},"content":{"rendered":"<p style=\"text-align: center;\"><i>in promozione il singolo dell\u2019artista. Il coraggio di amare\u00a0<\/i><\/p>\n<p><img loading=\"lazy\" decoding=\"async\" class=\"aligncenter\" src=\"https:\/\/comunicatistampagratis.it\/wp-content\/uploads\/Cover-Ade-.png\" width=\"360\" height=\"360\" \/><\/p>\n<p>Il brano nasce un sera di Gennaio, musica e testo insieme. \u00c8 molto facile, al giorno d&#8217;oggi, sentire di non avere un posto nel mondo e trovarlo all&#8217;improvviso negli occhi di qualcuno, desiderare di abitare tra quelle braccia lontano dai problemi di tutti i giorni.<\/p>\n<p>L&#8217;ambientazione \u00e8 particolare: il mare. Non servono molte parole, quando si sta bene con qualcuno \u00e8 sufficiente condividere un telo, una pizza e il silenzio di una notte in spiaggia. La canzone quindi \u00e8 sia una dichiarazione di amore che una preghiera: &#8220;non andare via anche se lo diranno gli altri&#8221; sta a significare quanto, di questi tempi, si dia molta pi\u00f9 importanza a quello che pensano gli altri piuttosto che a quello che pensiamo noi. Bisogna avere il coraggio di amare, il coraggio di restare, anche se \u00e8 difficile, anche se abbiamo tutti contro, anche se&#8230;.<\/p>\n<p><b>Biografia Ade\u00a0<\/b><\/p>\n<p>Adele Salvucci, in arte Ade, nasce a Celano nel Settembre del 1995 e si avvicina alla musica e al canto all&#8217;et\u00e0 di 10 anni. Intraprende lo studio del violino non per sua scelta ma se ne innamora a tal punto da farne una professione. Nel luglio del 2019 si laurea nella triennale di violino al conservatorio statale di musica a Casella di L&#8217;Aquila.<br \/>\nTrova la sua strada nel canto grazie allo studio con Grazia Di Michele, quest&#8217;ultima \u00e8 fondamentale nel suo percorso di crescita artistica: inizia infatti a scrivere suoi pezzi proprio grazie agli stimoli ricevuti da Grazia.<br \/>\nTra le molteplici esperienze musicali a cui ha partecipato ricorda l\u2019A.Y.P.O. (Avezzano Young Pop Orchestra) e l\u2019esibizione sul palco del Teatro Ariston di Sanremo in occasione del GEF (Festival mondiale di creativit\u00e0 nella scuola). Come violinista, la partecipazione al concerto per i cinquanta anni di carriera di Vittorio De Scalzi presso il teatro San Carlo di Napoli e il concerto presso l\u2019Auditorium Parco della Musica, con Fabrizio Bosso e letture di Alessandro Preziosi. Nel 2019 ha ideato \u201cI Festival delle Piccole voci\u201d ad Avezzano con la partecipazione straordinaria di Roberto Nobile.<\/p>\n<p><i>Contatti social artista:\u00a0<\/i><\/p>\n<p><b>Facebook<\/b>:<br \/>\n<a href=\"https:\/\/www.facebook.com\/Adele-Salvucci-2193603300852136\/\">https:\/\/www.facebook.com\/Adele-Salvucci-2193603300852136\/<\/a><br \/>\n<b>Instagram<\/b>:<br \/>\n<a href=\"https:\/\/www.instagram.com\/adele_salvucci\/\">https:\/\/www.instagram.com\/adele_salvucci\/<\/a><\/p>\n<p><b>INCISI RECORDS <\/b><br \/>\n<b>Manuel Guaglianone<br \/>\n<\/b><\/p>\n","protected":false},"excerpt":{"rendered":"<p>in promozione il singolo dell\u2019artista. Il coraggio di amare\u00a0 Il brano nasce un sera di Gennaio, musica e testo insieme. \u00c8 molto facile, al giorno d&#8217;oggi, sentire di non avere un posto nel mondo e trovarlo all&#8217;improvviso negli occhi di qualcuno, desiderare di abitare tra quelle braccia lontano dai problemi di tutti i giorni. L&#8217;ambientazione \u00e8 particolare: il mare. Non servono molte parole, quando si sta bene con qualcuno \u00e8<\/p>\n<p><a class=\"continue-reading\" href=\"https:\/\/www.article-marketing.eu\/comunicatistampa\/ade-anche-se\/\">Continue reading&#8230;<\/a><\/p>\n","protected":false},"author":1680,"featured_media":0,"comment_status":"open","ping_status":"open","sticky":false,"template":"","format":"standard","meta":{"_monsterinsights_skip_tracking":false,"_monsterinsights_sitenote_active":false,"_monsterinsights_sitenote_note":"","_monsterinsights_sitenote_category":0,"footnotes":""},"categories":[411],"tags":[7785,7786,3522],"class_list":["post-18392","post","type-post","status-publish","format-standard","hentry","category-musica","tag-ade","tag-anche-se","tag-singolo"],"yoast_head":"<!-- This site is optimized with the Yoast SEO plugin v27.3 - https:\/\/yoast.com\/product\/yoast-seo-wordpress\/ -->\n<title>Ade, Anche se - Article Marketing<\/title>\n<meta name=\"robots\" content=\"index, follow, max-snippet:-1, max-image-preview:large, max-video-preview:-1\" \/>\n<link rel=\"canonical\" href=\"https:\/\/www.article-marketing.eu\/comunicatistampa\/ade-anche-se\/\" \/>\n<meta property=\"og:locale\" content=\"it_IT\" \/>\n<meta property=\"og:type\" content=\"article\" \/>\n<meta property=\"og:title\" content=\"Ade, Anche se - Article Marketing\" \/>\n<meta property=\"og:description\" content=\"in promozione il singolo dell\u2019artista. Il coraggio di amare\u00a0 Il brano nasce un sera di Gennaio, musica e testo insieme. \u00c8 molto facile, al giorno d&#8217;oggi, sentire di non avere un posto nel mondo e trovarlo all&#8217;improvviso negli occhi di qualcuno, desiderare di abitare tra quelle braccia lontano dai problemi di tutti i giorni. L&#8217;ambientazione \u00e8 particolare: il mare. Non servono molte parole, quando si sta bene con qualcuno \u00e8Continue reading...\" \/>\n<meta property=\"og:url\" content=\"https:\/\/www.article-marketing.eu\/comunicatistampa\/ade-anche-se\/\" \/>\n<meta property=\"og:site_name\" content=\"Article Marketing\" \/>\n<meta property=\"article:published_time\" content=\"2021-04-16T13:09:41+00:00\" \/>\n<meta property=\"og:image\" content=\"https:\/\/comunicatistampagratis.it\/wp-content\/uploads\/Cover-Ade-.png\" \/>\n<meta name=\"author\" content=\"Micro961\" \/>\n<meta name=\"twitter:card\" content=\"summary_large_image\" \/>\n<meta name=\"twitter:label1\" content=\"Scritto da\" \/>\n\t<meta name=\"twitter:data1\" content=\"Micro961\" \/>\n\t<meta name=\"twitter:label2\" content=\"Tempo di lettura stimato\" \/>\n\t<meta name=\"twitter:data2\" content=\"2 minuti\" \/>\n<script type=\"application\/ld+json\" class=\"yoast-schema-graph\">{\"@context\":\"https:\\\/\\\/schema.org\",\"@graph\":[{\"@type\":\"Article\",\"@id\":\"https:\\\/\\\/www.article-marketing.eu\\\/comunicatistampa\\\/ade-anche-se\\\/#article\",\"isPartOf\":{\"@id\":\"https:\\\/\\\/www.article-marketing.eu\\\/comunicatistampa\\\/ade-anche-se\\\/\"},\"author\":{\"name\":\"Micro961\",\"@id\":\"https:\\\/\\\/www.article-marketing.eu\\\/comunicatistampa\\\/#\\\/schema\\\/person\\\/9beeb909be59832a9bcbec84cb3786f5\"},\"headline\":\"Ade, Anche se\",\"datePublished\":\"2021-04-16T13:09:41+00:00\",\"mainEntityOfPage\":{\"@id\":\"https:\\\/\\\/www.article-marketing.eu\\\/comunicatistampa\\\/ade-anche-se\\\/\"},\"wordCount\":362,\"commentCount\":0,\"image\":{\"@id\":\"https:\\\/\\\/www.article-marketing.eu\\\/comunicatistampa\\\/ade-anche-se\\\/#primaryimage\"},\"thumbnailUrl\":\"https:\\\/\\\/comunicatistampagratis.it\\\/wp-content\\\/uploads\\\/Cover-Ade-.png\",\"keywords\":[\"Ade\",\"Anche se\",\"Singolo\"],\"articleSection\":[\"Musica\"],\"inLanguage\":\"it-IT\",\"potentialAction\":[{\"@type\":\"CommentAction\",\"name\":\"Comment\",\"target\":[\"https:\\\/\\\/www.article-marketing.eu\\\/comunicatistampa\\\/ade-anche-se\\\/#respond\"]}]},{\"@type\":\"WebPage\",\"@id\":\"https:\\\/\\\/www.article-marketing.eu\\\/comunicatistampa\\\/ade-anche-se\\\/\",\"url\":\"https:\\\/\\\/www.article-marketing.eu\\\/comunicatistampa\\\/ade-anche-se\\\/\",\"name\":\"Ade, Anche se - Article Marketing\",\"isPartOf\":{\"@id\":\"https:\\\/\\\/www.article-marketing.eu\\\/comunicatistampa\\\/#website\"},\"primaryImageOfPage\":{\"@id\":\"https:\\\/\\\/www.article-marketing.eu\\\/comunicatistampa\\\/ade-anche-se\\\/#primaryimage\"},\"image\":{\"@id\":\"https:\\\/\\\/www.article-marketing.eu\\\/comunicatistampa\\\/ade-anche-se\\\/#primaryimage\"},\"thumbnailUrl\":\"https:\\\/\\\/comunicatistampagratis.it\\\/wp-content\\\/uploads\\\/Cover-Ade-.png\",\"datePublished\":\"2021-04-16T13:09:41+00:00\",\"author\":{\"@id\":\"https:\\\/\\\/www.article-marketing.eu\\\/comunicatistampa\\\/#\\\/schema\\\/person\\\/9beeb909be59832a9bcbec84cb3786f5\"},\"breadcrumb\":{\"@id\":\"https:\\\/\\\/www.article-marketing.eu\\\/comunicatistampa\\\/ade-anche-se\\\/#breadcrumb\"},\"inLanguage\":\"it-IT\",\"potentialAction\":[{\"@type\":\"ReadAction\",\"target\":[\"https:\\\/\\\/www.article-marketing.eu\\\/comunicatistampa\\\/ade-anche-se\\\/\"]}]},{\"@type\":\"ImageObject\",\"inLanguage\":\"it-IT\",\"@id\":\"https:\\\/\\\/www.article-marketing.eu\\\/comunicatistampa\\\/ade-anche-se\\\/#primaryimage\",\"url\":\"https:\\\/\\\/comunicatistampagratis.it\\\/wp-content\\\/uploads\\\/Cover-Ade-.png\",\"contentUrl\":\"https:\\\/\\\/comunicatistampagratis.it\\\/wp-content\\\/uploads\\\/Cover-Ade-.png\"},{\"@type\":\"BreadcrumbList\",\"@id\":\"https:\\\/\\\/www.article-marketing.eu\\\/comunicatistampa\\\/ade-anche-se\\\/#breadcrumb\",\"itemListElement\":[{\"@type\":\"ListItem\",\"position\":1,\"name\":\"Home\",\"item\":\"https:\\\/\\\/www.article-marketing.eu\\\/comunicatistampa\\\/\"},{\"@type\":\"ListItem\",\"position\":2,\"name\":\"Ade, Anche se\"}]},{\"@type\":\"WebSite\",\"@id\":\"https:\\\/\\\/www.article-marketing.eu\\\/comunicatistampa\\\/#website\",\"url\":\"https:\\\/\\\/www.article-marketing.eu\\\/comunicatistampa\\\/\",\"name\":\"Article Marketing\",\"description\":\"article marketing &amp; press release\",\"potentialAction\":[{\"@type\":\"SearchAction\",\"target\":{\"@type\":\"EntryPoint\",\"urlTemplate\":\"https:\\\/\\\/www.article-marketing.eu\\\/comunicatistampa\\\/?s={search_term_string}\"},\"query-input\":{\"@type\":\"PropertyValueSpecification\",\"valueRequired\":true,\"valueName\":\"search_term_string\"}}],\"inLanguage\":\"it-IT\"},{\"@type\":\"Person\",\"@id\":\"https:\\\/\\\/www.article-marketing.eu\\\/comunicatistampa\\\/#\\\/schema\\\/person\\\/9beeb909be59832a9bcbec84cb3786f5\",\"name\":\"Micro961\",\"image\":{\"@type\":\"ImageObject\",\"inLanguage\":\"it-IT\",\"@id\":\"https:\\\/\\\/secure.gravatar.com\\\/avatar\\\/cd6f5864b85cc3687c05b2965bb186afcd70a2a89789a156c92a4f1d66e87827?s=96&d=mm&r=g\",\"url\":\"https:\\\/\\\/secure.gravatar.com\\\/avatar\\\/cd6f5864b85cc3687c05b2965bb186afcd70a2a89789a156c92a4f1d66e87827?s=96&d=mm&r=g\",\"contentUrl\":\"https:\\\/\\\/secure.gravatar.com\\\/avatar\\\/cd6f5864b85cc3687c05b2965bb186afcd70a2a89789a156c92a4f1d66e87827?s=96&d=mm&r=g\",\"caption\":\"Micro961\"},\"url\":\"https:\\\/\\\/www.article-marketing.eu\\\/comunicatistampa\\\/author\\\/micro961\\\/\"}]}<\/script>\n<!-- \/ Yoast SEO plugin. -->","yoast_head_json":{"title":"Ade, Anche se - Article Marketing","robots":{"index":"index","follow":"follow","max-snippet":"max-snippet:-1","max-image-preview":"max-image-preview:large","max-video-preview":"max-video-preview:-1"},"canonical":"https:\/\/www.article-marketing.eu\/comunicatistampa\/ade-anche-se\/","og_locale":"it_IT","og_type":"article","og_title":"Ade, Anche se - Article Marketing","og_description":"in promozione il singolo dell\u2019artista. Il coraggio di amare\u00a0 Il brano nasce un sera di Gennaio, musica e testo insieme. \u00c8 molto facile, al giorno d&#8217;oggi, sentire di non avere un posto nel mondo e trovarlo all&#8217;improvviso negli occhi di qualcuno, desiderare di abitare tra quelle braccia lontano dai problemi di tutti i giorni. L&#8217;ambientazione \u00e8 particolare: il mare. Non servono molte parole, quando si sta bene con qualcuno \u00e8Continue reading...","og_url":"https:\/\/www.article-marketing.eu\/comunicatistampa\/ade-anche-se\/","og_site_name":"Article Marketing","article_published_time":"2021-04-16T13:09:41+00:00","og_image":[{"url":"https:\/\/comunicatistampagratis.it\/wp-content\/uploads\/Cover-Ade-.png","type":"","width":"","height":""}],"author":"Micro961","twitter_card":"summary_large_image","twitter_misc":{"Scritto da":"Micro961","Tempo di lettura stimato":"2 minuti"},"schema":{"@context":"https:\/\/schema.org","@graph":[{"@type":"Article","@id":"https:\/\/www.article-marketing.eu\/comunicatistampa\/ade-anche-se\/#article","isPartOf":{"@id":"https:\/\/www.article-marketing.eu\/comunicatistampa\/ade-anche-se\/"},"author":{"name":"Micro961","@id":"https:\/\/www.article-marketing.eu\/comunicatistampa\/#\/schema\/person\/9beeb909be59832a9bcbec84cb3786f5"},"headline":"Ade, Anche se","datePublished":"2021-04-16T13:09:41+00:00","mainEntityOfPage":{"@id":"https:\/\/www.article-marketing.eu\/comunicatistampa\/ade-anche-se\/"},"wordCount":362,"commentCount":0,"image":{"@id":"https:\/\/www.article-marketing.eu\/comunicatistampa\/ade-anche-se\/#primaryimage"},"thumbnailUrl":"https:\/\/comunicatistampagratis.it\/wp-content\/uploads\/Cover-Ade-.png","keywords":["Ade","Anche se","Singolo"],"articleSection":["Musica"],"inLanguage":"it-IT","potentialAction":[{"@type":"CommentAction","name":"Comment","target":["https:\/\/www.article-marketing.eu\/comunicatistampa\/ade-anche-se\/#respond"]}]},{"@type":"WebPage","@id":"https:\/\/www.article-marketing.eu\/comunicatistampa\/ade-anche-se\/","url":"https:\/\/www.article-marketing.eu\/comunicatistampa\/ade-anche-se\/","name":"Ade, Anche se - Article Marketing","isPartOf":{"@id":"https:\/\/www.article-marketing.eu\/comunicatistampa\/#website"},"primaryImageOfPage":{"@id":"https:\/\/www.article-marketing.eu\/comunicatistampa\/ade-anche-se\/#primaryimage"},"image":{"@id":"https:\/\/www.article-marketing.eu\/comunicatistampa\/ade-anche-se\/#primaryimage"},"thumbnailUrl":"https:\/\/comunicatistampagratis.it\/wp-content\/uploads\/Cover-Ade-.png","datePublished":"2021-04-16T13:09:41+00:00","author":{"@id":"https:\/\/www.article-marketing.eu\/comunicatistampa\/#\/schema\/person\/9beeb909be59832a9bcbec84cb3786f5"},"breadcrumb":{"@id":"https:\/\/www.article-marketing.eu\/comunicatistampa\/ade-anche-se\/#breadcrumb"},"inLanguage":"it-IT","potentialAction":[{"@type":"ReadAction","target":["https:\/\/www.article-marketing.eu\/comunicatistampa\/ade-anche-se\/"]}]},{"@type":"ImageObject","inLanguage":"it-IT","@id":"https:\/\/www.article-marketing.eu\/comunicatistampa\/ade-anche-se\/#primaryimage","url":"https:\/\/comunicatistampagratis.it\/wp-content\/uploads\/Cover-Ade-.png","contentUrl":"https:\/\/comunicatistampagratis.it\/wp-content\/uploads\/Cover-Ade-.png"},{"@type":"BreadcrumbList","@id":"https:\/\/www.article-marketing.eu\/comunicatistampa\/ade-anche-se\/#breadcrumb","itemListElement":[{"@type":"ListItem","position":1,"name":"Home","item":"https:\/\/www.article-marketing.eu\/comunicatistampa\/"},{"@type":"ListItem","position":2,"name":"Ade, Anche se"}]},{"@type":"WebSite","@id":"https:\/\/www.article-marketing.eu\/comunicatistampa\/#website","url":"https:\/\/www.article-marketing.eu\/comunicatistampa\/","name":"Article Marketing","description":"article marketing &amp; press release","potentialAction":[{"@type":"SearchAction","target":{"@type":"EntryPoint","urlTemplate":"https:\/\/www.article-marketing.eu\/comunicatistampa\/?s={search_term_string}"},"query-input":{"@type":"PropertyValueSpecification","valueRequired":true,"valueName":"search_term_string"}}],"inLanguage":"it-IT"},{"@type":"Person","@id":"https:\/\/www.article-marketing.eu\/comunicatistampa\/#\/schema\/person\/9beeb909be59832a9bcbec84cb3786f5","name":"Micro961","image":{"@type":"ImageObject","inLanguage":"it-IT","@id":"https:\/\/secure.gravatar.com\/avatar\/cd6f5864b85cc3687c05b2965bb186afcd70a2a89789a156c92a4f1d66e87827?s=96&d=mm&r=g","url":"https:\/\/secure.gravatar.com\/avatar\/cd6f5864b85cc3687c05b2965bb186afcd70a2a89789a156c92a4f1d66e87827?s=96&d=mm&r=g","contentUrl":"https:\/\/secure.gravatar.com\/avatar\/cd6f5864b85cc3687c05b2965bb186afcd70a2a89789a156c92a4f1d66e87827?s=96&d=mm&r=g","caption":"Micro961"},"url":"https:\/\/www.article-marketing.eu\/comunicatistampa\/author\/micro961\/"}]}},"_links":{"self":[{"href":"https:\/\/www.article-marketing.eu\/comunicatistampa\/wp-json\/wp\/v2\/posts\/18392","targetHints":{"allow":["GET"]}}],"collection":[{"href":"https:\/\/www.article-marketing.eu\/comunicatistampa\/wp-json\/wp\/v2\/posts"}],"about":[{"href":"https:\/\/www.article-marketing.eu\/comunicatistampa\/wp-json\/wp\/v2\/types\/post"}],"author":[{"embeddable":true,"href":"https:\/\/www.article-marketing.eu\/comunicatistampa\/wp-json\/wp\/v2\/users\/1680"}],"replies":[{"embeddable":true,"href":"https:\/\/www.article-marketing.eu\/comunicatistampa\/wp-json\/wp\/v2\/comments?post=18392"}],"version-history":[{"count":2,"href":"https:\/\/www.article-marketing.eu\/comunicatistampa\/wp-json\/wp\/v2\/posts\/18392\/revisions"}],"predecessor-version":[{"id":18397,"href":"https:\/\/www.article-marketing.eu\/comunicatistampa\/wp-json\/wp\/v2\/posts\/18392\/revisions\/18397"}],"wp:attachment":[{"href":"https:\/\/www.article-marketing.eu\/comunicatistampa\/wp-json\/wp\/v2\/media?parent=18392"}],"wp:term":[{"taxonomy":"category","embeddable":true,"href":"https:\/\/www.article-marketing.eu\/comunicatistampa\/wp-json\/wp\/v2\/categories?post=18392"},{"taxonomy":"post_tag","embeddable":true,"href":"https:\/\/www.article-marketing.eu\/comunicatistampa\/wp-json\/wp\/v2\/tags?post=18392"}],"curies":[{"name":"wp","href":"https:\/\/api.w.org\/{rel}","templated":true}]}}