{"id":18483,"date":"2021-04-26T00:29:30","date_gmt":"2021-04-25T22:29:30","guid":{"rendered":"https:\/\/www.article-marketing.eu\/comunicatistampa\/?p=18483"},"modified":"2021-04-26T00:29:30","modified_gmt":"2021-04-25T22:29:30","slug":"covid-19-e-vaccinazione-una-campagna-per-rimboccarsi-le-maniche","status":"publish","type":"post","link":"https:\/\/www.article-marketing.eu\/comunicatistampa\/covid-19-e-vaccinazione-una-campagna-per-rimboccarsi-le-maniche\/","title":{"rendered":"COVID-19 e vaccinazione: una campagna per rimboccarsi le maniche"},"content":{"rendered":"<h3>Comunicato Stampa<\/h3>\n<h3><strong>COVID-19 e vaccinazione: una campagna per rimboccarsi le maniche<\/strong><\/h3>\n<p><strong><em>Per favorire la fase di vaccinazione contro il virus SARS-CoV-2 l\u2019Associazione AiFOS lancia la campagna di sensibilizzazione \u201cRimboccati le maniche\u201d diffondendo gratuitamente un media kit disponibile per tutte le aziende.<\/em><\/strong><\/p>\n<p>&nbsp;<\/p>\n<p>Se fino a qualche mese fa era difficile intravvedere una uscita dal tunnel dell\u2019<strong>emergenza COVID-19<\/strong> e dai rischi per la nostra salute e la nostra economia, ora i vaccini ci forniscono uno strumento essenziale, potenzialmente risolutivo, per bloccare il <strong>virus SARS-CoV-2<\/strong>.<\/p>\n<p>Nell\u2019avvicinamento alla fase della vaccinazione di massa contro il SARS-CoV-2 e per fornire a tutte le aziende utili strumenti di comunicazione e informazione, l\u2019<strong>Associazione Italiana Formatori ed Operatori della Sicurezza sul Lavoro<\/strong> (AiFOS) ha scelto di farsi promotrice di una <strong>campagna di sensibilizzazione dal titolo <\/strong>\u201c<strong>Rimboccati le maniche<\/strong>\u201d per alimentare la fiducia dei lavoratori e dei cittadini nei confronti dell\u2019immunizzazione in grado di arginare la pandemia di COVID-19.<\/p>\n<p>&nbsp;<\/p>\n<p><strong>Rimboccati le maniche: la nuova campagna di sensibilizzazione <\/strong><\/p>\n<p>In questa campagna si invitano tutti i professionisti operanti nell\u2019ambito della prevenzione a diffondere il messaggio condensato nello slogan \u201c<strong>Rimboccati le maniche<\/strong>\u201d, volto a sottolineare il concetto fondamentale che, per superare la crisi sanitaria ed economica che ha duramente colpito il nostro paese, siamo tutti chiamati \u2013 come sottolinea il Segretario Generale AiFOS <strong>Francesco Naviglio<\/strong> \u2013 \u201cal nostro dovere civico di <strong>aderire alla campagna vaccinale<\/strong> con convinzione\u201d.<\/p>\n<p>&nbsp;<\/p>\n<p><strong>Rimboccati le maniche: il media kit gratuito per aziende e operatori<\/strong><\/p>\n<p>Per la campagna \u201c<strong>Rimboccati le maniche<\/strong>\u201d AiFOS diffonde un <strong>media kit<\/strong> gratuito che si articola in <strong>10 immagini<\/strong> realizzate appositamente per i social media o per la stampa ed affissione all\u2019interno dei luoghi di lavoro, oltre ad un\u2019<strong>immagine di copertina<\/strong> per la pagina <em>facebook<\/em> ed un <strong>video<\/strong>.<\/p>\n<p>&nbsp;<\/p>\n<p>A questo indirizzo \u00e8 possibile scaricare il media kit: <a href=\"http:\/\/bit.ly\/Rimboccati-le-maniche-mediakit\">http:\/\/bit.ly\/Rimboccati-le-maniche-mediakit<\/a><\/p>\n<p>&nbsp;<\/p>\n<p>Il kit potr\u00e0 essere utilizzato per la condivisione su tutti i canali di comunicazione, accompagnato dal seguente testo e dal relativo hashtag:<\/p>\n<p>\u201c<em>La pandemia di Covid-19 ti ha costretto a modificare le tue abitudini e rivoluzionare la tua quotidianit\u00e0. Oggi, grazie alla disponibilit\u00e0 di vaccini sicuri ed efficaci, hai la possibilit\u00e0 di tornare alla vita come la hai lasciata. <strong>Devi fare solo una cosa: #rimboccatilemaniche<\/strong><\/em>\u201d.<\/p>\n<p>&nbsp;<\/p>\n<p><strong>La campagna di sensibilizzazione nel Protocollo per la vaccinazione in azienda<\/strong><\/p>\n<p>Il Governo e le Parti sociali, in quanto firmatari del \u201c<strong>Protocollo nazionale per la realizzazione dei piani aziendali finalizzati all\u2019attivazione di punti straordinari di vaccinazione anti SARS-CoV-2\/Covid-19 nei luoghi di lavoro<\/strong>\u201d, hanno ribadito che la diffusione dei vaccini assume \u201c<em>un ruolo determinante anche per la ripresa delle attivit\u00e0 sociali e lavorative in piena sicurezza<\/em>\u201d. In particolare \u201cl<em>a vaccinazione delle lavoratrici e dei lavoratori realizza il duplice obiettivo di concorrere ad accelerare e implementare a livello territoriale la capacit\u00e0 vaccinale anti SARS-CoV-2\/Covid-19 e a rendere, nel contempo, <strong>pi\u00f9 sicura la prosecuzione delle attivit\u00e0 commerciali e produttive sull\u2019intero territorio nazionale, accrescendo il livello di sicurezza degli ambienti di lavoro<\/strong><\/em>\u201d.<\/p>\n<p>Nel <strong>punto 7<\/strong> tutte le parti che hanno sottoscritto il Protocollo \u201c<em>si impegnano a fornire le necessarie informazioni alle lavoratrici e ai lavoratori, anche attraverso il coinvolgimento degli attori della sicurezza e con il necessario supporto del medico competente, anche promuovendo <strong>apposite iniziative di comunicazione e informazione sulla vaccinazione anti SARS-CoV-2\/Covid-19<\/strong><\/em>\u201d.<\/p>\n<p>&nbsp;<\/p>\n<p><strong>I vaccini e la settimana europea dell\u2019immunizzazione<\/strong><\/p>\n<p>L\u2019iniziativa dell\u2019Associazione AiFOS si inserisce nell\u2019ambito della <strong>Settimana Europea dell\u2019Immunizzazione<\/strong> (<em>European Immunization Week<\/em>, EIW) promossa dal 2005 dall\u2019Organizzazione Mondiale della Sanit\u00e0 nell\u2019ultima settimana di aprile per sensibilizzare la collettivit\u00e0 sull\u2019importanza delle vaccinazioni.<\/p>\n<p>Infatti non si deve dimenticare che i <strong>vaccini<\/strong> salvano milioni di vite gi\u00e0 da decenni e la settimana europea dell&#8217;immunizzazione di quest&#8217;anno (<strong>26 aprile &#8211; 2 maggio 2021<\/strong>), \u00e8 l&#8217;occasione ideale per diffondere questo messaggio.<\/p>\n<p>Sul sito della Direzione generale Salute e sicurezza alimentare della Commissione europea si ricorda, nella presentazione della settimana dell\u2019Immunizzazione, che i vaccini, come tutti i farmaci, vengono approvati dall&#8217;Agenzia europea per i medicinali (EMA) per l&#8217;utilizzo nell&#8217;UE solo se risultano essere sicuri ed efficaci e se hanno un reale valore aggiunto.<\/p>\n<p>Certo tutti i medicinali, compresi i vaccini, possono comportare effetti collaterali, ma questi sono <strong>trascurabili rispetto ai danni causati dalla malattia che cercano di prevenire<\/strong>.<\/p>\n<p>&nbsp;<\/p>\n<p>Il Segretario Generale AiFOS <strong>Francesco Naviglio<\/strong> auspica che questa iniziativa incontri un vasto apprezzamento e che sia diffusa quanto pi\u00f9 possibile \u201caffinch\u00e9 la campagna vaccinale, gi\u00e0 alle prese con enormi difficolt\u00e0, anche grazie al nostro piccolo contributo possa traghettarci fuori dalla crisi sanitaria prima ed economica poi\u201d.<\/p>\n<p>&nbsp;<\/p>\n<p>&nbsp;<\/p>\n<p>Per <strong>informazioni<\/strong>:<\/p>\n<p><strong>Sede nazionale AiFOS<\/strong> &#8211; via Branze, 45 &#8211; 25123 Brescia c\/o CSMT, Universit\u00e0 degli Studi di Brescia &#8211; tel. 030.6595035 &#8211; fax 030.6595040 <a href=\"http:\/\/www.aifos.it\">www.aifos.it<\/a> &#8211; <a href=\"mailto:info@aifos.it\">info@aifos.it<\/a><\/p>\n<p>&nbsp;<\/p>\n<p>&nbsp;<\/p>\n<p>&nbsp;<\/p>\n<p><em>22 aprile 2021<\/em><\/p>\n<p>&nbsp;<\/p>\n<p>&nbsp;<\/p>\n<p>&nbsp;<\/p>\n<p>Ufficio Stampa di AiFOS<\/p>\n<p>ufficiostampa@aifos.it<\/p>\n<p>http:\/\/www.aifos.it\/<\/p>\n","protected":false},"excerpt":{"rendered":"<p>Comunicato Stampa COVID-19 e vaccinazione: una campagna per rimboccarsi le maniche Per favorire la fase di vaccinazione contro il virus SARS-CoV-2 l\u2019Associazione AiFOS lancia la campagna di sensibilizzazione \u201cRimboccati le maniche\u201d diffondendo gratuitamente un media kit disponibile per tutte le aziende. &nbsp; Se fino a qualche mese fa era difficile intravvedere una uscita dal tunnel dell\u2019emergenza COVID-19 e dai rischi per la nostra salute e la nostra economia, ora i<\/p>\n<p><a class=\"continue-reading\" href=\"https:\/\/www.article-marketing.eu\/comunicatistampa\/covid-19-e-vaccinazione-una-campagna-per-rimboccarsi-le-maniche\/\">Continue reading&#8230;<\/a><\/p>\n","protected":false},"author":881,"featured_media":0,"comment_status":"open","ping_status":"open","sticky":false,"template":"","format":"standard","meta":{"_monsterinsights_skip_tracking":false,"_monsterinsights_sitenote_active":false,"_monsterinsights_sitenote_note":"","_monsterinsights_sitenote_category":0,"footnotes":""},"categories":[388,78,386,369],"tags":[3301,3235,7820,7822,5941,7821,7823,7818,7824,1538,7819,7811,6191,6342,198],"class_list":["post-18483","post","type-post","status-publish","format-standard","hentry","category-aziende","category-comunicati-stampa","category-economia-e-lavoro","category-salute-e-benessere","tag-aifos","tag-brescia","tag-campagna-di-sensibilizzazione","tag-campagna-vaccinale","tag-emergenza-covid-19","tag-media-kit","tag-protocollo-nazionale-per-la-realizzazione-dei-piani-aziendali-finalizzati-allattivazione-di-punti-straordinari-di-vaccinazione-anti-sars-cov-2-covid-19-nei-luoghi-di-lavoro","tag-rimboccati-le-maniche","tag-settimana-europea-dellimmunizzazione","tag-sicurezza-sul-lavoro","tag-vaccinazione","tag-vaccini","tag-virus-sars-cov-2","tag-webinar","tag-workshop"],"yoast_head":"<!-- This site is optimized with the Yoast SEO plugin v27.3 - https:\/\/yoast.com\/product\/yoast-seo-wordpress\/ -->\n<title>COVID-19 e vaccinazione: una campagna per rimboccarsi le maniche - Article Marketing<\/title>\n<meta name=\"robots\" content=\"index, follow, max-snippet:-1, max-image-preview:large, max-video-preview:-1\" \/>\n<link rel=\"canonical\" href=\"https:\/\/www.article-marketing.eu\/comunicatistampa\/covid-19-e-vaccinazione-una-campagna-per-rimboccarsi-le-maniche\/\" \/>\n<meta property=\"og:locale\" content=\"it_IT\" \/>\n<meta property=\"og:type\" content=\"article\" \/>\n<meta property=\"og:title\" content=\"COVID-19 e vaccinazione: una campagna per rimboccarsi le maniche - Article Marketing\" \/>\n<meta property=\"og:description\" content=\"Comunicato Stampa COVID-19 e vaccinazione: una campagna per rimboccarsi le maniche Per favorire la fase di vaccinazione contro il virus SARS-CoV-2 l\u2019Associazione AiFOS lancia la campagna di sensibilizzazione \u201cRimboccati le maniche\u201d diffondendo gratuitamente un media kit disponibile per tutte le aziende. &nbsp; Se fino a qualche mese fa era difficile intravvedere una uscita dal tunnel dell\u2019emergenza COVID-19 e dai rischi per la nostra salute e la nostra economia, ora iContinue reading...\" \/>\n<meta property=\"og:url\" content=\"https:\/\/www.article-marketing.eu\/comunicatistampa\/covid-19-e-vaccinazione-una-campagna-per-rimboccarsi-le-maniche\/\" \/>\n<meta property=\"og:site_name\" content=\"Article Marketing\" \/>\n<meta property=\"article:published_time\" content=\"2021-04-25T22:29:30+00:00\" \/>\n<meta name=\"author\" content=\"AIFUS\" \/>\n<meta name=\"twitter:card\" content=\"summary_large_image\" \/>\n<meta name=\"twitter:label1\" content=\"Scritto da\" \/>\n\t<meta name=\"twitter:data1\" content=\"AIFUS\" \/>\n\t<meta name=\"twitter:label2\" content=\"Tempo di lettura stimato\" \/>\n\t<meta name=\"twitter:data2\" content=\"4 minuti\" \/>\n<script type=\"application\/ld+json\" class=\"yoast-schema-graph\">{\"@context\":\"https:\\\/\\\/schema.org\",\"@graph\":[{\"@type\":\"Article\",\"@id\":\"https:\\\/\\\/www.article-marketing.eu\\\/comunicatistampa\\\/covid-19-e-vaccinazione-una-campagna-per-rimboccarsi-le-maniche\\\/#article\",\"isPartOf\":{\"@id\":\"https:\\\/\\\/www.article-marketing.eu\\\/comunicatistampa\\\/covid-19-e-vaccinazione-una-campagna-per-rimboccarsi-le-maniche\\\/\"},\"author\":{\"name\":\"AIFUS\",\"@id\":\"https:\\\/\\\/www.article-marketing.eu\\\/comunicatistampa\\\/#\\\/schema\\\/person\\\/d1985c4955ff71a05f49d68e3034b3cd\"},\"headline\":\"COVID-19 e vaccinazione: una campagna per rimboccarsi le maniche\",\"datePublished\":\"2021-04-25T22:29:30+00:00\",\"mainEntityOfPage\":{\"@id\":\"https:\\\/\\\/www.article-marketing.eu\\\/comunicatistampa\\\/covid-19-e-vaccinazione-una-campagna-per-rimboccarsi-le-maniche\\\/\"},\"wordCount\":805,\"commentCount\":0,\"keywords\":[\"Aifos\",\"Brescia\",\"campagna di sensibilizzazione\",\"campagna vaccinale\",\"emergenza COVID-19\",\"media kit\",\"Protocollo nazionale per la realizzazione dei piani aziendali finalizzati all\u2019attivazione di punti straordinari di vaccinazione anti SARS-CoV-2\\\/Covid-19 nei luoghi di lavoro\",\"Rimboccati le maniche\",\"Settimana Europea dell\u2019Immunizzazione\",\"sicurezza sul lavoro\",\"vaccinazione\",\"vaccini\",\"virus SARS-CoV-2\",\"webinar\",\"workshop\"],\"articleSection\":[\"Aziende\",\"Comunicati stampa\",\"Economia e lavoro\",\"Salute e benessere\"],\"inLanguage\":\"it-IT\",\"potentialAction\":[{\"@type\":\"CommentAction\",\"name\":\"Comment\",\"target\":[\"https:\\\/\\\/www.article-marketing.eu\\\/comunicatistampa\\\/covid-19-e-vaccinazione-una-campagna-per-rimboccarsi-le-maniche\\\/#respond\"]}]},{\"@type\":\"WebPage\",\"@id\":\"https:\\\/\\\/www.article-marketing.eu\\\/comunicatistampa\\\/covid-19-e-vaccinazione-una-campagna-per-rimboccarsi-le-maniche\\\/\",\"url\":\"https:\\\/\\\/www.article-marketing.eu\\\/comunicatistampa\\\/covid-19-e-vaccinazione-una-campagna-per-rimboccarsi-le-maniche\\\/\",\"name\":\"COVID-19 e vaccinazione: una campagna per rimboccarsi le maniche - Article Marketing\",\"isPartOf\":{\"@id\":\"https:\\\/\\\/www.article-marketing.eu\\\/comunicatistampa\\\/#website\"},\"datePublished\":\"2021-04-25T22:29:30+00:00\",\"author\":{\"@id\":\"https:\\\/\\\/www.article-marketing.eu\\\/comunicatistampa\\\/#\\\/schema\\\/person\\\/d1985c4955ff71a05f49d68e3034b3cd\"},\"breadcrumb\":{\"@id\":\"https:\\\/\\\/www.article-marketing.eu\\\/comunicatistampa\\\/covid-19-e-vaccinazione-una-campagna-per-rimboccarsi-le-maniche\\\/#breadcrumb\"},\"inLanguage\":\"it-IT\",\"potentialAction\":[{\"@type\":\"ReadAction\",\"target\":[\"https:\\\/\\\/www.article-marketing.eu\\\/comunicatistampa\\\/covid-19-e-vaccinazione-una-campagna-per-rimboccarsi-le-maniche\\\/\"]}]},{\"@type\":\"BreadcrumbList\",\"@id\":\"https:\\\/\\\/www.article-marketing.eu\\\/comunicatistampa\\\/covid-19-e-vaccinazione-una-campagna-per-rimboccarsi-le-maniche\\\/#breadcrumb\",\"itemListElement\":[{\"@type\":\"ListItem\",\"position\":1,\"name\":\"Home\",\"item\":\"https:\\\/\\\/www.article-marketing.eu\\\/comunicatistampa\\\/\"},{\"@type\":\"ListItem\",\"position\":2,\"name\":\"COVID-19 e vaccinazione: una campagna per rimboccarsi le maniche\"}]},{\"@type\":\"WebSite\",\"@id\":\"https:\\\/\\\/www.article-marketing.eu\\\/comunicatistampa\\\/#website\",\"url\":\"https:\\\/\\\/www.article-marketing.eu\\\/comunicatistampa\\\/\",\"name\":\"Article Marketing\",\"description\":\"article marketing &amp; press release\",\"potentialAction\":[{\"@type\":\"SearchAction\",\"target\":{\"@type\":\"EntryPoint\",\"urlTemplate\":\"https:\\\/\\\/www.article-marketing.eu\\\/comunicatistampa\\\/?s={search_term_string}\"},\"query-input\":{\"@type\":\"PropertyValueSpecification\",\"valueRequired\":true,\"valueName\":\"search_term_string\"}}],\"inLanguage\":\"it-IT\"},{\"@type\":\"Person\",\"@id\":\"https:\\\/\\\/www.article-marketing.eu\\\/comunicatistampa\\\/#\\\/schema\\\/person\\\/d1985c4955ff71a05f49d68e3034b3cd\",\"name\":\"AIFUS\",\"image\":{\"@type\":\"ImageObject\",\"inLanguage\":\"it-IT\",\"@id\":\"https:\\\/\\\/secure.gravatar.com\\\/avatar\\\/05cf2a2ba057667571308b94c84f00ff48766ffac95710a87491a9b3ddcee484?s=96&d=mm&r=g\",\"url\":\"https:\\\/\\\/secure.gravatar.com\\\/avatar\\\/05cf2a2ba057667571308b94c84f00ff48766ffac95710a87491a9b3ddcee484?s=96&d=mm&r=g\",\"contentUrl\":\"https:\\\/\\\/secure.gravatar.com\\\/avatar\\\/05cf2a2ba057667571308b94c84f00ff48766ffac95710a87491a9b3ddcee484?s=96&d=mm&r=g\",\"caption\":\"AIFUS\"},\"url\":\"https:\\\/\\\/www.article-marketing.eu\\\/comunicatistampa\\\/author\\\/aifus\\\/\"}]}<\/script>\n<!-- \/ Yoast SEO plugin. -->","yoast_head_json":{"title":"COVID-19 e vaccinazione: una campagna per rimboccarsi le maniche - Article Marketing","robots":{"index":"index","follow":"follow","max-snippet":"max-snippet:-1","max-image-preview":"max-image-preview:large","max-video-preview":"max-video-preview:-1"},"canonical":"https:\/\/www.article-marketing.eu\/comunicatistampa\/covid-19-e-vaccinazione-una-campagna-per-rimboccarsi-le-maniche\/","og_locale":"it_IT","og_type":"article","og_title":"COVID-19 e vaccinazione: una campagna per rimboccarsi le maniche - Article Marketing","og_description":"Comunicato Stampa COVID-19 e vaccinazione: una campagna per rimboccarsi le maniche Per favorire la fase di vaccinazione contro il virus SARS-CoV-2 l\u2019Associazione AiFOS lancia la campagna di sensibilizzazione \u201cRimboccati le maniche\u201d diffondendo gratuitamente un media kit disponibile per tutte le aziende. &nbsp; Se fino a qualche mese fa era difficile intravvedere una uscita dal tunnel dell\u2019emergenza COVID-19 e dai rischi per la nostra salute e la nostra economia, ora iContinue reading...","og_url":"https:\/\/www.article-marketing.eu\/comunicatistampa\/covid-19-e-vaccinazione-una-campagna-per-rimboccarsi-le-maniche\/","og_site_name":"Article Marketing","article_published_time":"2021-04-25T22:29:30+00:00","author":"AIFUS","twitter_card":"summary_large_image","twitter_misc":{"Scritto da":"AIFUS","Tempo di lettura stimato":"4 minuti"},"schema":{"@context":"https:\/\/schema.org","@graph":[{"@type":"Article","@id":"https:\/\/www.article-marketing.eu\/comunicatistampa\/covid-19-e-vaccinazione-una-campagna-per-rimboccarsi-le-maniche\/#article","isPartOf":{"@id":"https:\/\/www.article-marketing.eu\/comunicatistampa\/covid-19-e-vaccinazione-una-campagna-per-rimboccarsi-le-maniche\/"},"author":{"name":"AIFUS","@id":"https:\/\/www.article-marketing.eu\/comunicatistampa\/#\/schema\/person\/d1985c4955ff71a05f49d68e3034b3cd"},"headline":"COVID-19 e vaccinazione: una campagna per rimboccarsi le maniche","datePublished":"2021-04-25T22:29:30+00:00","mainEntityOfPage":{"@id":"https:\/\/www.article-marketing.eu\/comunicatistampa\/covid-19-e-vaccinazione-una-campagna-per-rimboccarsi-le-maniche\/"},"wordCount":805,"commentCount":0,"keywords":["Aifos","Brescia","campagna di sensibilizzazione","campagna vaccinale","emergenza COVID-19","media kit","Protocollo nazionale per la realizzazione dei piani aziendali finalizzati all\u2019attivazione di punti straordinari di vaccinazione anti SARS-CoV-2\/Covid-19 nei luoghi di lavoro","Rimboccati le maniche","Settimana Europea dell\u2019Immunizzazione","sicurezza sul lavoro","vaccinazione","vaccini","virus SARS-CoV-2","webinar","workshop"],"articleSection":["Aziende","Comunicati stampa","Economia e lavoro","Salute e benessere"],"inLanguage":"it-IT","potentialAction":[{"@type":"CommentAction","name":"Comment","target":["https:\/\/www.article-marketing.eu\/comunicatistampa\/covid-19-e-vaccinazione-una-campagna-per-rimboccarsi-le-maniche\/#respond"]}]},{"@type":"WebPage","@id":"https:\/\/www.article-marketing.eu\/comunicatistampa\/covid-19-e-vaccinazione-una-campagna-per-rimboccarsi-le-maniche\/","url":"https:\/\/www.article-marketing.eu\/comunicatistampa\/covid-19-e-vaccinazione-una-campagna-per-rimboccarsi-le-maniche\/","name":"COVID-19 e vaccinazione: una campagna per rimboccarsi le maniche - Article Marketing","isPartOf":{"@id":"https:\/\/www.article-marketing.eu\/comunicatistampa\/#website"},"datePublished":"2021-04-25T22:29:30+00:00","author":{"@id":"https:\/\/www.article-marketing.eu\/comunicatistampa\/#\/schema\/person\/d1985c4955ff71a05f49d68e3034b3cd"},"breadcrumb":{"@id":"https:\/\/www.article-marketing.eu\/comunicatistampa\/covid-19-e-vaccinazione-una-campagna-per-rimboccarsi-le-maniche\/#breadcrumb"},"inLanguage":"it-IT","potentialAction":[{"@type":"ReadAction","target":["https:\/\/www.article-marketing.eu\/comunicatistampa\/covid-19-e-vaccinazione-una-campagna-per-rimboccarsi-le-maniche\/"]}]},{"@type":"BreadcrumbList","@id":"https:\/\/www.article-marketing.eu\/comunicatistampa\/covid-19-e-vaccinazione-una-campagna-per-rimboccarsi-le-maniche\/#breadcrumb","itemListElement":[{"@type":"ListItem","position":1,"name":"Home","item":"https:\/\/www.article-marketing.eu\/comunicatistampa\/"},{"@type":"ListItem","position":2,"name":"COVID-19 e vaccinazione: una campagna per rimboccarsi le maniche"}]},{"@type":"WebSite","@id":"https:\/\/www.article-marketing.eu\/comunicatistampa\/#website","url":"https:\/\/www.article-marketing.eu\/comunicatistampa\/","name":"Article Marketing","description":"article marketing &amp; press release","potentialAction":[{"@type":"SearchAction","target":{"@type":"EntryPoint","urlTemplate":"https:\/\/www.article-marketing.eu\/comunicatistampa\/?s={search_term_string}"},"query-input":{"@type":"PropertyValueSpecification","valueRequired":true,"valueName":"search_term_string"}}],"inLanguage":"it-IT"},{"@type":"Person","@id":"https:\/\/www.article-marketing.eu\/comunicatistampa\/#\/schema\/person\/d1985c4955ff71a05f49d68e3034b3cd","name":"AIFUS","image":{"@type":"ImageObject","inLanguage":"it-IT","@id":"https:\/\/secure.gravatar.com\/avatar\/05cf2a2ba057667571308b94c84f00ff48766ffac95710a87491a9b3ddcee484?s=96&d=mm&r=g","url":"https:\/\/secure.gravatar.com\/avatar\/05cf2a2ba057667571308b94c84f00ff48766ffac95710a87491a9b3ddcee484?s=96&d=mm&r=g","contentUrl":"https:\/\/secure.gravatar.com\/avatar\/05cf2a2ba057667571308b94c84f00ff48766ffac95710a87491a9b3ddcee484?s=96&d=mm&r=g","caption":"AIFUS"},"url":"https:\/\/www.article-marketing.eu\/comunicatistampa\/author\/aifus\/"}]}},"_links":{"self":[{"href":"https:\/\/www.article-marketing.eu\/comunicatistampa\/wp-json\/wp\/v2\/posts\/18483","targetHints":{"allow":["GET"]}}],"collection":[{"href":"https:\/\/www.article-marketing.eu\/comunicatistampa\/wp-json\/wp\/v2\/posts"}],"about":[{"href":"https:\/\/www.article-marketing.eu\/comunicatistampa\/wp-json\/wp\/v2\/types\/post"}],"author":[{"embeddable":true,"href":"https:\/\/www.article-marketing.eu\/comunicatistampa\/wp-json\/wp\/v2\/users\/881"}],"replies":[{"embeddable":true,"href":"https:\/\/www.article-marketing.eu\/comunicatistampa\/wp-json\/wp\/v2\/comments?post=18483"}],"version-history":[{"count":3,"href":"https:\/\/www.article-marketing.eu\/comunicatistampa\/wp-json\/wp\/v2\/posts\/18483\/revisions"}],"predecessor-version":[{"id":18563,"href":"https:\/\/www.article-marketing.eu\/comunicatistampa\/wp-json\/wp\/v2\/posts\/18483\/revisions\/18563"}],"wp:attachment":[{"href":"https:\/\/www.article-marketing.eu\/comunicatistampa\/wp-json\/wp\/v2\/media?parent=18483"}],"wp:term":[{"taxonomy":"category","embeddable":true,"href":"https:\/\/www.article-marketing.eu\/comunicatistampa\/wp-json\/wp\/v2\/categories?post=18483"},{"taxonomy":"post_tag","embeddable":true,"href":"https:\/\/www.article-marketing.eu\/comunicatistampa\/wp-json\/wp\/v2\/tags?post=18483"}],"curies":[{"name":"wp","href":"https:\/\/api.w.org\/{rel}","templated":true}]}}