{"id":18488,"date":"2021-04-26T00:39:56","date_gmt":"2021-04-25T22:39:56","guid":{"rendered":"https:\/\/www.article-marketing.eu\/comunicatistampa\/?p=18488"},"modified":"2021-04-26T00:39:56","modified_gmt":"2021-04-25T22:39:56","slug":"cultura-arte-e-territorio-baschenis-sulle-bottiglie-di-bracca-acque-minerali","status":"publish","type":"post","link":"https:\/\/www.article-marketing.eu\/comunicatistampa\/cultura-arte-e-territorio-baschenis-sulle-bottiglie-di-bracca-acque-minerali\/","title":{"rendered":"Cultura, arte e territorio: Baschenis sulle bottiglie  di Bracca Acque Minerali"},"content":{"rendered":"<p dir=\"ltr\"><span style=\"font-family: arial, sans-serif;\">Le bottiglie di Acqua Bracca cambiano look vestendo il noto affresco di Angelo Baschenis \u201cAssunzione di Maria\u201d del 1485 nella Chiesa di Sant\u2019Ambrogio Vescovo a Ornica in Val Stabina. Il Gruppo Acque Minerali Bracca, da sempre impegnato nella valorizzazione del territorio e di iniziative legate all\u2019arte, alla cultura e all\u2019ambiente, sostiene \u201cTerre dei Baschenis. Arte e Storia nelle antiche valli Averara e Stabina\u201d, il progetto finalizzato alla promozione dei beni storico-artistici delle Valli Averara e Stabina, in alta Valle Brembana, raccontandolo attraverso un 1 milione e mezzo di retroetichette sulle bottiglie di vetro da 1lt che entreranno nelle case dei consumatori a partire da met\u00e0 aprile.\u00a0<\/span><\/p>\n<p dir=\"ltr\"><span style=\"font-family: arial, sans-serif;\">\u201cSensibilizzare le persone su temi importanti come la valorizzazione del nostro splendido patrimonio artistico e culturale \u00e8 un impegno concreto che rispecchia i valori dell\u2019azienda, dal 1907 garanzia di salute, benessere e territorio\u201d sottolinea Luca Bordogna, Amministratore Delegato del Gruppo Bracca.\u00a0<\/span><\/p>\n<p dir=\"ltr\"><span style=\"font-family: arial, sans-serif;\">L\u2019affresco riportato sulla retroetichetta \u00e8 l\u2019immagine di copertina della guida \u201cI PITTORI BASCHENIS. Itinerari bergamaschi\u201d, a cura di Giovanni Valagussa, una pubblicazione che racconta e mostra gli itinerari di questi pittori in Valle Brembana e in tutta la provincia di Bergamo. Una collaborazione importante non solo perch\u00e9 promuove il territorio locale e la sua arte, ma anche perch\u00e9 avvicina due realt\u00e0. Da un lato Bracca, che ha proprio in Val Brembana il suo stabilimento principale, a Zogno, e dall\u2019altro i Comuni delle Valli Averara e Stabina, a dimostrazione dell\u2019importanza di fare rete e creare collaborazioni tra le eccellenze del territorio.<\/span><\/p>\n","protected":false},"excerpt":{"rendered":"<p>Le bottiglie di Acqua Bracca cambiano look vestendo il noto affresco di Angelo Baschenis \u201cAssunzione di Maria\u201d del 1485 nella Chiesa di Sant\u2019Ambrogio Vescovo a Ornica in Val Stabina. Il Gruppo Acque Minerali Bracca, da sempre impegnato nella valorizzazione del territorio e di iniziative legate all\u2019arte, alla cultura e all\u2019ambiente, sostiene \u201cTerre dei Baschenis. Arte e Storia nelle antiche valli Averara e Stabina\u201d, il progetto finalizzato alla promozione dei beni<\/p>\n<p><a class=\"continue-reading\" href=\"https:\/\/www.article-marketing.eu\/comunicatistampa\/cultura-arte-e-territorio-baschenis-sulle-bottiglie-di-bracca-acque-minerali\/\">Continue reading&#8230;<\/a><\/p>\n","protected":false},"author":1855,"featured_media":0,"comment_status":"open","ping_status":"open","sticky":false,"template":"","format":"standard","meta":{"_monsterinsights_skip_tracking":false,"_monsterinsights_sitenote_active":false,"_monsterinsights_sitenote_note":"","_monsterinsights_sitenote_category":0,"footnotes":""},"categories":[388],"tags":[7825,5969,328],"class_list":["post-18488","post","type-post","status-publish","format-standard","hentry","category-aziende","tag-baschenis","tag-bracca","tag-acqua"],"yoast_head":"<!-- This site is optimized with the Yoast SEO plugin v27.3 - https:\/\/yoast.com\/product\/yoast-seo-wordpress\/ -->\n<title>Cultura, arte e territorio: Baschenis sulle bottiglie di Bracca Acque Minerali - Article Marketing<\/title>\n<meta name=\"robots\" content=\"index, follow, max-snippet:-1, max-image-preview:large, max-video-preview:-1\" \/>\n<link rel=\"canonical\" href=\"https:\/\/www.article-marketing.eu\/comunicatistampa\/cultura-arte-e-territorio-baschenis-sulle-bottiglie-di-bracca-acque-minerali\/\" \/>\n<meta property=\"og:locale\" content=\"it_IT\" \/>\n<meta property=\"og:type\" content=\"article\" \/>\n<meta property=\"og:title\" content=\"Cultura, arte e territorio: Baschenis sulle bottiglie di Bracca Acque Minerali - Article Marketing\" \/>\n<meta property=\"og:description\" content=\"Le bottiglie di Acqua Bracca cambiano look vestendo il noto affresco di Angelo Baschenis \u201cAssunzione di Maria\u201d del 1485 nella Chiesa di Sant\u2019Ambrogio Vescovo a Ornica in Val Stabina. Il Gruppo Acque Minerali Bracca, da sempre impegnato nella valorizzazione del territorio e di iniziative legate all\u2019arte, alla cultura e all\u2019ambiente, sostiene \u201cTerre dei Baschenis. Arte e Storia nelle antiche valli Averara e Stabina\u201d, il progetto finalizzato alla promozione dei beniContinue reading...\" \/>\n<meta property=\"og:url\" content=\"https:\/\/www.article-marketing.eu\/comunicatistampa\/cultura-arte-e-territorio-baschenis-sulle-bottiglie-di-bracca-acque-minerali\/\" \/>\n<meta property=\"og:site_name\" content=\"Article Marketing\" \/>\n<meta property=\"article:published_time\" content=\"2021-04-25T22:39:56+00:00\" \/>\n<meta name=\"author\" content=\"Redaclem\" \/>\n<meta name=\"twitter:card\" content=\"summary_large_image\" \/>\n<meta name=\"twitter:label1\" content=\"Scritto da\" \/>\n\t<meta name=\"twitter:data1\" content=\"Redaclem\" \/>\n\t<meta name=\"twitter:label2\" content=\"Tempo di lettura stimato\" \/>\n\t<meta name=\"twitter:data2\" content=\"2 minuti\" \/>\n<script type=\"application\/ld+json\" class=\"yoast-schema-graph\">{\"@context\":\"https:\\\/\\\/schema.org\",\"@graph\":[{\"@type\":\"Article\",\"@id\":\"https:\\\/\\\/www.article-marketing.eu\\\/comunicatistampa\\\/cultura-arte-e-territorio-baschenis-sulle-bottiglie-di-bracca-acque-minerali\\\/#article\",\"isPartOf\":{\"@id\":\"https:\\\/\\\/www.article-marketing.eu\\\/comunicatistampa\\\/cultura-arte-e-territorio-baschenis-sulle-bottiglie-di-bracca-acque-minerali\\\/\"},\"author\":{\"name\":\"Redaclem\",\"@id\":\"https:\\\/\\\/www.article-marketing.eu\\\/comunicatistampa\\\/#\\\/schema\\\/person\\\/c0aa725eee5df8460e0adf901fde0c88\"},\"headline\":\"Cultura, arte e territorio: Baschenis sulle bottiglie di Bracca Acque Minerali\",\"datePublished\":\"2021-04-25T22:39:56+00:00\",\"mainEntityOfPage\":{\"@id\":\"https:\\\/\\\/www.article-marketing.eu\\\/comunicatistampa\\\/cultura-arte-e-territorio-baschenis-sulle-bottiglie-di-bracca-acque-minerali\\\/\"},\"wordCount\":261,\"commentCount\":0,\"keywords\":[\"#baschenis\",\"#bracca\",\"acqua\"],\"articleSection\":[\"Aziende\"],\"inLanguage\":\"it-IT\",\"potentialAction\":[{\"@type\":\"CommentAction\",\"name\":\"Comment\",\"target\":[\"https:\\\/\\\/www.article-marketing.eu\\\/comunicatistampa\\\/cultura-arte-e-territorio-baschenis-sulle-bottiglie-di-bracca-acque-minerali\\\/#respond\"]}]},{\"@type\":\"WebPage\",\"@id\":\"https:\\\/\\\/www.article-marketing.eu\\\/comunicatistampa\\\/cultura-arte-e-territorio-baschenis-sulle-bottiglie-di-bracca-acque-minerali\\\/\",\"url\":\"https:\\\/\\\/www.article-marketing.eu\\\/comunicatistampa\\\/cultura-arte-e-territorio-baschenis-sulle-bottiglie-di-bracca-acque-minerali\\\/\",\"name\":\"Cultura, arte e territorio: Baschenis sulle bottiglie di Bracca Acque Minerali - Article Marketing\",\"isPartOf\":{\"@id\":\"https:\\\/\\\/www.article-marketing.eu\\\/comunicatistampa\\\/#website\"},\"datePublished\":\"2021-04-25T22:39:56+00:00\",\"author\":{\"@id\":\"https:\\\/\\\/www.article-marketing.eu\\\/comunicatistampa\\\/#\\\/schema\\\/person\\\/c0aa725eee5df8460e0adf901fde0c88\"},\"breadcrumb\":{\"@id\":\"https:\\\/\\\/www.article-marketing.eu\\\/comunicatistampa\\\/cultura-arte-e-territorio-baschenis-sulle-bottiglie-di-bracca-acque-minerali\\\/#breadcrumb\"},\"inLanguage\":\"it-IT\",\"potentialAction\":[{\"@type\":\"ReadAction\",\"target\":[\"https:\\\/\\\/www.article-marketing.eu\\\/comunicatistampa\\\/cultura-arte-e-territorio-baschenis-sulle-bottiglie-di-bracca-acque-minerali\\\/\"]}]},{\"@type\":\"BreadcrumbList\",\"@id\":\"https:\\\/\\\/www.article-marketing.eu\\\/comunicatistampa\\\/cultura-arte-e-territorio-baschenis-sulle-bottiglie-di-bracca-acque-minerali\\\/#breadcrumb\",\"itemListElement\":[{\"@type\":\"ListItem\",\"position\":1,\"name\":\"Home\",\"item\":\"https:\\\/\\\/www.article-marketing.eu\\\/comunicatistampa\\\/\"},{\"@type\":\"ListItem\",\"position\":2,\"name\":\"Cultura, arte e territorio: Baschenis sulle bottiglie di Bracca Acque Minerali\"}]},{\"@type\":\"WebSite\",\"@id\":\"https:\\\/\\\/www.article-marketing.eu\\\/comunicatistampa\\\/#website\",\"url\":\"https:\\\/\\\/www.article-marketing.eu\\\/comunicatistampa\\\/\",\"name\":\"Article Marketing\",\"description\":\"article marketing &amp; press release\",\"potentialAction\":[{\"@type\":\"SearchAction\",\"target\":{\"@type\":\"EntryPoint\",\"urlTemplate\":\"https:\\\/\\\/www.article-marketing.eu\\\/comunicatistampa\\\/?s={search_term_string}\"},\"query-input\":{\"@type\":\"PropertyValueSpecification\",\"valueRequired\":true,\"valueName\":\"search_term_string\"}}],\"inLanguage\":\"it-IT\"},{\"@type\":\"Person\",\"@id\":\"https:\\\/\\\/www.article-marketing.eu\\\/comunicatistampa\\\/#\\\/schema\\\/person\\\/c0aa725eee5df8460e0adf901fde0c88\",\"name\":\"Redaclem\",\"image\":{\"@type\":\"ImageObject\",\"inLanguage\":\"it-IT\",\"@id\":\"https:\\\/\\\/secure.gravatar.com\\\/avatar\\\/4c7e41f332a0583344a91d7d39723533da9b2d0df7737c2d8c69553168c2191e?s=96&d=mm&r=g\",\"url\":\"https:\\\/\\\/secure.gravatar.com\\\/avatar\\\/4c7e41f332a0583344a91d7d39723533da9b2d0df7737c2d8c69553168c2191e?s=96&d=mm&r=g\",\"contentUrl\":\"https:\\\/\\\/secure.gravatar.com\\\/avatar\\\/4c7e41f332a0583344a91d7d39723533da9b2d0df7737c2d8c69553168c2191e?s=96&d=mm&r=g\",\"caption\":\"Redaclem\"},\"url\":\"https:\\\/\\\/www.article-marketing.eu\\\/comunicatistampa\\\/author\\\/redaclem\\\/\"}]}<\/script>\n<!-- \/ Yoast SEO plugin. -->","yoast_head_json":{"title":"Cultura, arte e territorio: Baschenis sulle bottiglie di Bracca Acque Minerali - Article Marketing","robots":{"index":"index","follow":"follow","max-snippet":"max-snippet:-1","max-image-preview":"max-image-preview:large","max-video-preview":"max-video-preview:-1"},"canonical":"https:\/\/www.article-marketing.eu\/comunicatistampa\/cultura-arte-e-territorio-baschenis-sulle-bottiglie-di-bracca-acque-minerali\/","og_locale":"it_IT","og_type":"article","og_title":"Cultura, arte e territorio: Baschenis sulle bottiglie di Bracca Acque Minerali - Article Marketing","og_description":"Le bottiglie di Acqua Bracca cambiano look vestendo il noto affresco di Angelo Baschenis \u201cAssunzione di Maria\u201d del 1485 nella Chiesa di Sant\u2019Ambrogio Vescovo a Ornica in Val Stabina. Il Gruppo Acque Minerali Bracca, da sempre impegnato nella valorizzazione del territorio e di iniziative legate all\u2019arte, alla cultura e all\u2019ambiente, sostiene \u201cTerre dei Baschenis. Arte e Storia nelle antiche valli Averara e Stabina\u201d, il progetto finalizzato alla promozione dei beniContinue reading...","og_url":"https:\/\/www.article-marketing.eu\/comunicatistampa\/cultura-arte-e-territorio-baschenis-sulle-bottiglie-di-bracca-acque-minerali\/","og_site_name":"Article Marketing","article_published_time":"2021-04-25T22:39:56+00:00","author":"Redaclem","twitter_card":"summary_large_image","twitter_misc":{"Scritto da":"Redaclem","Tempo di lettura stimato":"2 minuti"},"schema":{"@context":"https:\/\/schema.org","@graph":[{"@type":"Article","@id":"https:\/\/www.article-marketing.eu\/comunicatistampa\/cultura-arte-e-territorio-baschenis-sulle-bottiglie-di-bracca-acque-minerali\/#article","isPartOf":{"@id":"https:\/\/www.article-marketing.eu\/comunicatistampa\/cultura-arte-e-territorio-baschenis-sulle-bottiglie-di-bracca-acque-minerali\/"},"author":{"name":"Redaclem","@id":"https:\/\/www.article-marketing.eu\/comunicatistampa\/#\/schema\/person\/c0aa725eee5df8460e0adf901fde0c88"},"headline":"Cultura, arte e territorio: Baschenis sulle bottiglie di Bracca Acque Minerali","datePublished":"2021-04-25T22:39:56+00:00","mainEntityOfPage":{"@id":"https:\/\/www.article-marketing.eu\/comunicatistampa\/cultura-arte-e-territorio-baschenis-sulle-bottiglie-di-bracca-acque-minerali\/"},"wordCount":261,"commentCount":0,"keywords":["#baschenis","#bracca","acqua"],"articleSection":["Aziende"],"inLanguage":"it-IT","potentialAction":[{"@type":"CommentAction","name":"Comment","target":["https:\/\/www.article-marketing.eu\/comunicatistampa\/cultura-arte-e-territorio-baschenis-sulle-bottiglie-di-bracca-acque-minerali\/#respond"]}]},{"@type":"WebPage","@id":"https:\/\/www.article-marketing.eu\/comunicatistampa\/cultura-arte-e-territorio-baschenis-sulle-bottiglie-di-bracca-acque-minerali\/","url":"https:\/\/www.article-marketing.eu\/comunicatistampa\/cultura-arte-e-territorio-baschenis-sulle-bottiglie-di-bracca-acque-minerali\/","name":"Cultura, arte e territorio: Baschenis sulle bottiglie di Bracca Acque Minerali - Article Marketing","isPartOf":{"@id":"https:\/\/www.article-marketing.eu\/comunicatistampa\/#website"},"datePublished":"2021-04-25T22:39:56+00:00","author":{"@id":"https:\/\/www.article-marketing.eu\/comunicatistampa\/#\/schema\/person\/c0aa725eee5df8460e0adf901fde0c88"},"breadcrumb":{"@id":"https:\/\/www.article-marketing.eu\/comunicatistampa\/cultura-arte-e-territorio-baschenis-sulle-bottiglie-di-bracca-acque-minerali\/#breadcrumb"},"inLanguage":"it-IT","potentialAction":[{"@type":"ReadAction","target":["https:\/\/www.article-marketing.eu\/comunicatistampa\/cultura-arte-e-territorio-baschenis-sulle-bottiglie-di-bracca-acque-minerali\/"]}]},{"@type":"BreadcrumbList","@id":"https:\/\/www.article-marketing.eu\/comunicatistampa\/cultura-arte-e-territorio-baschenis-sulle-bottiglie-di-bracca-acque-minerali\/#breadcrumb","itemListElement":[{"@type":"ListItem","position":1,"name":"Home","item":"https:\/\/www.article-marketing.eu\/comunicatistampa\/"},{"@type":"ListItem","position":2,"name":"Cultura, arte e territorio: Baschenis sulle bottiglie di Bracca Acque Minerali"}]},{"@type":"WebSite","@id":"https:\/\/www.article-marketing.eu\/comunicatistampa\/#website","url":"https:\/\/www.article-marketing.eu\/comunicatistampa\/","name":"Article Marketing","description":"article marketing &amp; press release","potentialAction":[{"@type":"SearchAction","target":{"@type":"EntryPoint","urlTemplate":"https:\/\/www.article-marketing.eu\/comunicatistampa\/?s={search_term_string}"},"query-input":{"@type":"PropertyValueSpecification","valueRequired":true,"valueName":"search_term_string"}}],"inLanguage":"it-IT"},{"@type":"Person","@id":"https:\/\/www.article-marketing.eu\/comunicatistampa\/#\/schema\/person\/c0aa725eee5df8460e0adf901fde0c88","name":"Redaclem","image":{"@type":"ImageObject","inLanguage":"it-IT","@id":"https:\/\/secure.gravatar.com\/avatar\/4c7e41f332a0583344a91d7d39723533da9b2d0df7737c2d8c69553168c2191e?s=96&d=mm&r=g","url":"https:\/\/secure.gravatar.com\/avatar\/4c7e41f332a0583344a91d7d39723533da9b2d0df7737c2d8c69553168c2191e?s=96&d=mm&r=g","contentUrl":"https:\/\/secure.gravatar.com\/avatar\/4c7e41f332a0583344a91d7d39723533da9b2d0df7737c2d8c69553168c2191e?s=96&d=mm&r=g","caption":"Redaclem"},"url":"https:\/\/www.article-marketing.eu\/comunicatistampa\/author\/redaclem\/"}]}},"_links":{"self":[{"href":"https:\/\/www.article-marketing.eu\/comunicatistampa\/wp-json\/wp\/v2\/posts\/18488","targetHints":{"allow":["GET"]}}],"collection":[{"href":"https:\/\/www.article-marketing.eu\/comunicatistampa\/wp-json\/wp\/v2\/posts"}],"about":[{"href":"https:\/\/www.article-marketing.eu\/comunicatistampa\/wp-json\/wp\/v2\/types\/post"}],"author":[{"embeddable":true,"href":"https:\/\/www.article-marketing.eu\/comunicatistampa\/wp-json\/wp\/v2\/users\/1855"}],"replies":[{"embeddable":true,"href":"https:\/\/www.article-marketing.eu\/comunicatistampa\/wp-json\/wp\/v2\/comments?post=18488"}],"version-history":[{"count":2,"href":"https:\/\/www.article-marketing.eu\/comunicatistampa\/wp-json\/wp\/v2\/posts\/18488\/revisions"}],"predecessor-version":[{"id":18580,"href":"https:\/\/www.article-marketing.eu\/comunicatistampa\/wp-json\/wp\/v2\/posts\/18488\/revisions\/18580"}],"wp:attachment":[{"href":"https:\/\/www.article-marketing.eu\/comunicatistampa\/wp-json\/wp\/v2\/media?parent=18488"}],"wp:term":[{"taxonomy":"category","embeddable":true,"href":"https:\/\/www.article-marketing.eu\/comunicatistampa\/wp-json\/wp\/v2\/categories?post=18488"},{"taxonomy":"post_tag","embeddable":true,"href":"https:\/\/www.article-marketing.eu\/comunicatistampa\/wp-json\/wp\/v2\/tags?post=18488"}],"curies":[{"name":"wp","href":"https:\/\/api.w.org\/{rel}","templated":true}]}}