{"id":18494,"date":"2021-04-26T00:27:44","date_gmt":"2021-04-25T22:27:44","guid":{"rendered":"https:\/\/www.article-marketing.eu\/comunicatistampa\/?p=18494"},"modified":"2021-04-26T00:27:44","modified_gmt":"2021-04-25T22:27:44","slug":"odcec-bg-aiuti-per-le-imprese-ancora-insufficienti","status":"publish","type":"post","link":"https:\/\/www.article-marketing.eu\/comunicatistampa\/odcec-bg-aiuti-per-le-imprese-ancora-insufficienti\/","title":{"rendered":"ODCEC Bg: aiuti per le imprese ancora insufficienti"},"content":{"rendered":"<p>Si \u00e8 svolta oggi, gioved\u00ec 22 aprile, <strong>l\u2019Assemblea generale degli Iscritti all\u2019 Ordine dei Dottori Commercialisti e degli Esperti Contabili di Bergamo<\/strong>, in cui \u00e8 stato approvato <strong>il Bilancio Consuntivo 2020. <\/strong>Un\u2019Assemblea nuovamente in modalit\u00e0 telematica, presieduta dalla Dott.ssa <strong>Simona Bonomelli, Presidente dell&#8217;Ordine dei Dottori Commercialisti e degli Esperti Contabili di Bergamo <\/strong>ancora in carica insieme al Consiglio dell\u2019Ordine. Le elezioni per il rinnovo delle cariche (previste prima nel mese di novembre e poi in quello di febbraio) sono infatti state momentaneamente sospese. L\u2019incontro \u00e8 stato l\u2019occasione anche per fare il punto sulla situazione del Paese, che ancora oggi \u2013 a distanza di un anno \u2013 vive una situazione delicata dal punto di vista sanitario, economico e sociale a causa dell\u2019emergenza da Covid 19, sulla condizione delle piccole e medie imprese e sul ruolo dei professionisti nel fornire un supporto concreto alle aziende.<\/p>\n<p>L\u2019ultimo anno \u00e8 stato completamente stravolto dall\u2019emergenza Covid-19, che ha portato tutto il Mondo e il nostro Paese ad affrontare un\u2019emergenza sanitaria, ma anche economica e sociale, di dimensioni immani. Il momento storico \u00e8 delicato e l\u2019incertezza elevatissima. A farne le spese pressoch\u00e9 tutti i comparti: manifatturiero, prodotti della raffinazione, metallurgia e soprattutto il terziario, in particolare quello legato al turismo (agenzie di viaggio -76,3%, trasporto aereo -60,5%, alloggio e ristorazione -42,5%).<em> \u201cIn questo ultimo anno sono emerse difficolt\u00e0 di programmazione da parte delle Istituzioni, che non sempre hanno risposto in modo efficace al grido di allarme delle migliaia di attivit\u00e0 in crisi. I contributi a fondo perduto disposti all\u2019avvio dell\u2019emergenza sanitaria hanno determinato una distribuzione ineguale delle risorse: per le imprese di minori dimensioni, infatti, i contributi erogati non hanno consentito un vero ristoro dell\u2019attivit\u00e0 persa nei vari mesi dell\u2019anno 2020 e del corrente anno. Sarebbe dunque opportuno valutare i sostegni alle imprese e ai professionisti non sulla base della diminuzione del fatturato, bens\u00ec sulla base della perdita di redditivit\u00e0. Bene invece l\u2019eliminazione dei Codici Ateco nel recente Decreto Sostegni, anche se gli aiuti erogati si rivelano ancora non esaustivi rispetto alle perdite che le imprese hanno loro malgrado dovuto subire nel corso dell\u2019emergenza pandemica\u201d <\/em>ha spiegato nel suo intervento <strong>Simona Bonomelli, Presidente dell&#8217;Ordine dei Dottori Commercialisti e degli Esperti Contabili di Bergamo<\/strong>.<\/p>\n<p>L\u2019Osservatorio sui bilanci 2019 del Consiglio e della Fondazione Nazionale dei Commercialisti ha calcolato che nel 2021, si dovr\u00e0 stimare una riduzione del 35% del fatturato nel settore della ristorazione e dell&#8217;accoglienza al pubblico: su un campione di 75.000 societ\u00e0 con oltre 670.000 dipendenti e quasi 49 miliardi di fatturato a valori 2019, \u00e8 stata calcolata una perdita complessiva di 38,503 miliardi, pari a circa la met\u00e0 dell&#8217;intero settore. Un quadro desolante in cui i difetti strutturali che caratterizzano l\u2019economia italiana si fanno sempre pi\u00f9 evidenti. <em>\u201c\u00c8 necessario adottare in tempi rapidi misure che snelliscano gli adempimenti e la burocrazia, fornendo misure di sostegno economico chiare ed efficaci. Come professionisti abbiamo costantemente cercato di portare un contributo nella gestione dell\u2019emergenza sociale ed economica, dando supporto e offrendo la nostra competenza ai cittadini e alle imprese, ma anche attraverso una serie di proposte finalizzate ad alleggerire i costi fissi delle aziende per incentivarne la solidit\u00e0 e la capacit\u00e0 di rimborso all\u2019indebitamento. Continuiamo inoltre a chiedere un sistema fiscale e burocratico pi\u00f9 snello, con la riduzione della pressione fiscale e la riforma dei sistemi previdenziale e giudiziario. Solo cos\u00ec sar\u00e0 possibile creare quanto necessario alla crescita delle imprese e delle famiglie, inserito in un contesto snello e non gravoso a beneficio della fiducia dei consumatori e ad una crescita degli investimenti<\/em>\u201d ha chiarito <strong>Bonomelli<\/strong>.<\/p>\n<p><strong>L\u2019ORDINE<\/strong><\/p>\n<p>Alla data del 10 marzo 2021, <strong>gli iscritti all\u2019 Ordine dei Dottori Commercialisti e degli Esperti Contabili di Bergamo sono complessivamente 1746<\/strong>, di cui 1704 iscritti alla sezione A, 27 alla sezione B e 15 iscritti all\u2019Elenco Speciale. Alla sezione speciale dell\u2019Albo sono iscritte n. 41 societ\u00e0 tra professionisti. <strong>I praticanti sono 108<\/strong>: di questi, 91 sono tirocinanti dottori commercialisti (sezione A) e 17 tirocinanti esperti contabili (sezione B).<\/p>\n<p>Prosegue anche nel 2021 in modo proficuo il lavoro dell\u2019Organismo di Composizione della Crisi da sovraindebitamento e di liquidazione del patrimonio del debitore, secondo quanto previsto dalla legge n. 3 del 2012. Uno strumento per venire incontro alle difficolt\u00e0 di quei soggetti che, pur essendo insolventi, non possono essere dichiarati falliti (consumatori, professionisti, agricoltori, associazioni, fondazioni o piccoli imprenditori). Fondamentale il <strong>percorso di specializzazione e formazione continua<\/strong> che ciascun iscritto all\u2019Ordine deve intraprendere all\u2019interno della professione: a tal proposito prosegue l\u2019attivit\u00e0 della <strong>Scuola di Alta Formazione della Lombardia<\/strong> \u2013 presieduta dalla Dott.ssa Bonomelli \u2013 con l&#8217;avvio del <em>\u201cCorso di approfondimento sulle novit\u00e0 e principi contabili\u201d,<\/em> trasmesso dal 20\/4\/2021 al 07\/5\/2021 in modalit\u00e0 webinar. Nell\u2019ambito della Formazione Professionale Continua, <strong>nel 2020 sono stati organizzati n. 112 eventi formativi<\/strong> di cui n. 51 a pagamento e n. 61 gratuiti<strong>. Sino al 10 marzo 2021, sono stati organizzati n. 48 eventi formativi <\/strong>di cui n. 18 a pagamento e n. 30 gratuiti.<\/p>\n<p><em>\u201cDi primaria importanza anche le numerose collaborazioni istituzionali e con tutte le categorie professionali bergamasche con le quali si \u00e8 dialogato profondamente e a lungo in questo difficile periodo. Abbiamo inoltre avviato un percorso di collaborazione con il Rettore dell\u2019Universit\u00e0 degli Studi di Bergamo, Remo Morzenti Pellegrini, per avvicinare la nostra professione al mondo universitario. Essere parte integrante del tessuto economico del territorio \u00e8 fondamentale per aiutare le Istituzioni a trovare rapidamente le soluzioni pi\u00f9 adatte a ridare fiato all\u2019economia locale e alle imprese: rappresentiamo i professionisti, ma anche tutte quelle imprese e aziende locali con cui tutti i nostri commercialisti ed esperti contabili si confrontano quotidianamente e di cui sono testimoni delle difficolt\u00e0 causate dalla crisi, dall\u2019eccessiva pressione fiscale e dalla burocrazia\u201d <\/em>ha concluso <strong>Bonomelli<\/strong>.<\/p>\n<p>&nbsp;<\/p>\n<p><em>Per informazioni: <\/em><a href=\"https:\/\/www.odcec.bg.it\/\"><em>https:\/\/www.odcec.bg.it\/<\/em><\/a><\/p>\n","protected":false},"excerpt":{"rendered":"<p>Si \u00e8 svolta oggi, gioved\u00ec 22 aprile, l\u2019Assemblea generale degli Iscritti all\u2019 Ordine dei Dottori Commercialisti e degli Esperti Contabili di Bergamo, in cui \u00e8 stato approvato il Bilancio Consuntivo 2020. Un\u2019Assemblea nuovamente in modalit\u00e0 telematica, presieduta dalla Dott.ssa Simona Bonomelli, Presidente dell&#8217;Ordine dei Dottori Commercialisti e degli Esperti Contabili di Bergamo ancora in carica insieme al Consiglio dell\u2019Ordine. Le elezioni per il rinnovo delle cariche (previste prima nel mese<\/p>\n<p><a class=\"continue-reading\" href=\"https:\/\/www.article-marketing.eu\/comunicatistampa\/odcec-bg-aiuti-per-le-imprese-ancora-insufficienti\/\">Continue reading&#8230;<\/a><\/p>\n","protected":false},"author":1855,"featured_media":0,"comment_status":"open","ping_status":"open","sticky":false,"template":"","format":"standard","meta":{"_monsterinsights_skip_tracking":false,"_monsterinsights_sitenote_active":false,"_monsterinsights_sitenote_note":"","_monsterinsights_sitenote_category":0,"footnotes":""},"categories":[386],"tags":[],"class_list":["post-18494","post","type-post","status-publish","format-standard","hentry","category-economia-e-lavoro"],"yoast_head":"<!-- This site is optimized with the Yoast SEO plugin v27.3 - https:\/\/yoast.com\/product\/yoast-seo-wordpress\/ -->\n<title>ODCEC Bg: aiuti per le imprese ancora insufficienti - Article Marketing<\/title>\n<meta name=\"robots\" content=\"index, follow, max-snippet:-1, max-image-preview:large, max-video-preview:-1\" \/>\n<link rel=\"canonical\" href=\"https:\/\/www.article-marketing.eu\/comunicatistampa\/odcec-bg-aiuti-per-le-imprese-ancora-insufficienti\/\" \/>\n<meta property=\"og:locale\" content=\"it_IT\" \/>\n<meta property=\"og:type\" content=\"article\" \/>\n<meta property=\"og:title\" content=\"ODCEC Bg: aiuti per le imprese ancora insufficienti - Article Marketing\" \/>\n<meta property=\"og:description\" content=\"Si \u00e8 svolta oggi, gioved\u00ec 22 aprile, l\u2019Assemblea generale degli Iscritti all\u2019 Ordine dei Dottori Commercialisti e degli Esperti Contabili di Bergamo, in cui \u00e8 stato approvato il Bilancio Consuntivo 2020. Un\u2019Assemblea nuovamente in modalit\u00e0 telematica, presieduta dalla Dott.ssa Simona Bonomelli, Presidente dell&#8217;Ordine dei Dottori Commercialisti e degli Esperti Contabili di Bergamo ancora in carica insieme al Consiglio dell\u2019Ordine. Le elezioni per il rinnovo delle cariche (previste prima nel meseContinue reading...\" \/>\n<meta property=\"og:url\" content=\"https:\/\/www.article-marketing.eu\/comunicatistampa\/odcec-bg-aiuti-per-le-imprese-ancora-insufficienti\/\" \/>\n<meta property=\"og:site_name\" content=\"Article Marketing\" \/>\n<meta property=\"article:published_time\" content=\"2021-04-25T22:27:44+00:00\" \/>\n<meta name=\"author\" content=\"Redaclem\" \/>\n<meta name=\"twitter:card\" content=\"summary_large_image\" \/>\n<meta name=\"twitter:label1\" content=\"Scritto da\" \/>\n\t<meta name=\"twitter:data1\" content=\"Redaclem\" \/>\n\t<meta name=\"twitter:label2\" content=\"Tempo di lettura stimato\" \/>\n\t<meta name=\"twitter:data2\" content=\"5 minuti\" \/>\n<script type=\"application\/ld+json\" class=\"yoast-schema-graph\">{\"@context\":\"https:\\\/\\\/schema.org\",\"@graph\":[{\"@type\":\"Article\",\"@id\":\"https:\\\/\\\/www.article-marketing.eu\\\/comunicatistampa\\\/odcec-bg-aiuti-per-le-imprese-ancora-insufficienti\\\/#article\",\"isPartOf\":{\"@id\":\"https:\\\/\\\/www.article-marketing.eu\\\/comunicatistampa\\\/odcec-bg-aiuti-per-le-imprese-ancora-insufficienti\\\/\"},\"author\":{\"name\":\"Redaclem\",\"@id\":\"https:\\\/\\\/www.article-marketing.eu\\\/comunicatistampa\\\/#\\\/schema\\\/person\\\/c0aa725eee5df8460e0adf901fde0c88\"},\"headline\":\"ODCEC Bg: aiuti per le imprese ancora insufficienti\",\"datePublished\":\"2021-04-25T22:27:44+00:00\",\"mainEntityOfPage\":{\"@id\":\"https:\\\/\\\/www.article-marketing.eu\\\/comunicatistampa\\\/odcec-bg-aiuti-per-le-imprese-ancora-insufficienti\\\/\"},\"wordCount\":944,\"commentCount\":0,\"articleSection\":[\"Economia e lavoro\"],\"inLanguage\":\"it-IT\",\"potentialAction\":[{\"@type\":\"CommentAction\",\"name\":\"Comment\",\"target\":[\"https:\\\/\\\/www.article-marketing.eu\\\/comunicatistampa\\\/odcec-bg-aiuti-per-le-imprese-ancora-insufficienti\\\/#respond\"]}]},{\"@type\":\"WebPage\",\"@id\":\"https:\\\/\\\/www.article-marketing.eu\\\/comunicatistampa\\\/odcec-bg-aiuti-per-le-imprese-ancora-insufficienti\\\/\",\"url\":\"https:\\\/\\\/www.article-marketing.eu\\\/comunicatistampa\\\/odcec-bg-aiuti-per-le-imprese-ancora-insufficienti\\\/\",\"name\":\"ODCEC Bg: aiuti per le imprese ancora insufficienti - Article Marketing\",\"isPartOf\":{\"@id\":\"https:\\\/\\\/www.article-marketing.eu\\\/comunicatistampa\\\/#website\"},\"datePublished\":\"2021-04-25T22:27:44+00:00\",\"author\":{\"@id\":\"https:\\\/\\\/www.article-marketing.eu\\\/comunicatistampa\\\/#\\\/schema\\\/person\\\/c0aa725eee5df8460e0adf901fde0c88\"},\"breadcrumb\":{\"@id\":\"https:\\\/\\\/www.article-marketing.eu\\\/comunicatistampa\\\/odcec-bg-aiuti-per-le-imprese-ancora-insufficienti\\\/#breadcrumb\"},\"inLanguage\":\"it-IT\",\"potentialAction\":[{\"@type\":\"ReadAction\",\"target\":[\"https:\\\/\\\/www.article-marketing.eu\\\/comunicatistampa\\\/odcec-bg-aiuti-per-le-imprese-ancora-insufficienti\\\/\"]}]},{\"@type\":\"BreadcrumbList\",\"@id\":\"https:\\\/\\\/www.article-marketing.eu\\\/comunicatistampa\\\/odcec-bg-aiuti-per-le-imprese-ancora-insufficienti\\\/#breadcrumb\",\"itemListElement\":[{\"@type\":\"ListItem\",\"position\":1,\"name\":\"Home\",\"item\":\"https:\\\/\\\/www.article-marketing.eu\\\/comunicatistampa\\\/\"},{\"@type\":\"ListItem\",\"position\":2,\"name\":\"ODCEC Bg: aiuti per le imprese ancora insufficienti\"}]},{\"@type\":\"WebSite\",\"@id\":\"https:\\\/\\\/www.article-marketing.eu\\\/comunicatistampa\\\/#website\",\"url\":\"https:\\\/\\\/www.article-marketing.eu\\\/comunicatistampa\\\/\",\"name\":\"Article Marketing\",\"description\":\"article marketing &amp; press release\",\"potentialAction\":[{\"@type\":\"SearchAction\",\"target\":{\"@type\":\"EntryPoint\",\"urlTemplate\":\"https:\\\/\\\/www.article-marketing.eu\\\/comunicatistampa\\\/?s={search_term_string}\"},\"query-input\":{\"@type\":\"PropertyValueSpecification\",\"valueRequired\":true,\"valueName\":\"search_term_string\"}}],\"inLanguage\":\"it-IT\"},{\"@type\":\"Person\",\"@id\":\"https:\\\/\\\/www.article-marketing.eu\\\/comunicatistampa\\\/#\\\/schema\\\/person\\\/c0aa725eee5df8460e0adf901fde0c88\",\"name\":\"Redaclem\",\"image\":{\"@type\":\"ImageObject\",\"inLanguage\":\"it-IT\",\"@id\":\"https:\\\/\\\/secure.gravatar.com\\\/avatar\\\/4c7e41f332a0583344a91d7d39723533da9b2d0df7737c2d8c69553168c2191e?s=96&d=mm&r=g\",\"url\":\"https:\\\/\\\/secure.gravatar.com\\\/avatar\\\/4c7e41f332a0583344a91d7d39723533da9b2d0df7737c2d8c69553168c2191e?s=96&d=mm&r=g\",\"contentUrl\":\"https:\\\/\\\/secure.gravatar.com\\\/avatar\\\/4c7e41f332a0583344a91d7d39723533da9b2d0df7737c2d8c69553168c2191e?s=96&d=mm&r=g\",\"caption\":\"Redaclem\"},\"url\":\"https:\\\/\\\/www.article-marketing.eu\\\/comunicatistampa\\\/author\\\/redaclem\\\/\"}]}<\/script>\n<!-- \/ Yoast SEO plugin. -->","yoast_head_json":{"title":"ODCEC Bg: aiuti per le imprese ancora insufficienti - Article Marketing","robots":{"index":"index","follow":"follow","max-snippet":"max-snippet:-1","max-image-preview":"max-image-preview:large","max-video-preview":"max-video-preview:-1"},"canonical":"https:\/\/www.article-marketing.eu\/comunicatistampa\/odcec-bg-aiuti-per-le-imprese-ancora-insufficienti\/","og_locale":"it_IT","og_type":"article","og_title":"ODCEC Bg: aiuti per le imprese ancora insufficienti - Article Marketing","og_description":"Si \u00e8 svolta oggi, gioved\u00ec 22 aprile, l\u2019Assemblea generale degli Iscritti all\u2019 Ordine dei Dottori Commercialisti e degli Esperti Contabili di Bergamo, in cui \u00e8 stato approvato il Bilancio Consuntivo 2020. Un\u2019Assemblea nuovamente in modalit\u00e0 telematica, presieduta dalla Dott.ssa Simona Bonomelli, Presidente dell&#8217;Ordine dei Dottori Commercialisti e degli Esperti Contabili di Bergamo ancora in carica insieme al Consiglio dell\u2019Ordine. Le elezioni per il rinnovo delle cariche (previste prima nel meseContinue reading...","og_url":"https:\/\/www.article-marketing.eu\/comunicatistampa\/odcec-bg-aiuti-per-le-imprese-ancora-insufficienti\/","og_site_name":"Article Marketing","article_published_time":"2021-04-25T22:27:44+00:00","author":"Redaclem","twitter_card":"summary_large_image","twitter_misc":{"Scritto da":"Redaclem","Tempo di lettura stimato":"5 minuti"},"schema":{"@context":"https:\/\/schema.org","@graph":[{"@type":"Article","@id":"https:\/\/www.article-marketing.eu\/comunicatistampa\/odcec-bg-aiuti-per-le-imprese-ancora-insufficienti\/#article","isPartOf":{"@id":"https:\/\/www.article-marketing.eu\/comunicatistampa\/odcec-bg-aiuti-per-le-imprese-ancora-insufficienti\/"},"author":{"name":"Redaclem","@id":"https:\/\/www.article-marketing.eu\/comunicatistampa\/#\/schema\/person\/c0aa725eee5df8460e0adf901fde0c88"},"headline":"ODCEC Bg: aiuti per le imprese ancora insufficienti","datePublished":"2021-04-25T22:27:44+00:00","mainEntityOfPage":{"@id":"https:\/\/www.article-marketing.eu\/comunicatistampa\/odcec-bg-aiuti-per-le-imprese-ancora-insufficienti\/"},"wordCount":944,"commentCount":0,"articleSection":["Economia e lavoro"],"inLanguage":"it-IT","potentialAction":[{"@type":"CommentAction","name":"Comment","target":["https:\/\/www.article-marketing.eu\/comunicatistampa\/odcec-bg-aiuti-per-le-imprese-ancora-insufficienti\/#respond"]}]},{"@type":"WebPage","@id":"https:\/\/www.article-marketing.eu\/comunicatistampa\/odcec-bg-aiuti-per-le-imprese-ancora-insufficienti\/","url":"https:\/\/www.article-marketing.eu\/comunicatistampa\/odcec-bg-aiuti-per-le-imprese-ancora-insufficienti\/","name":"ODCEC Bg: aiuti per le imprese ancora insufficienti - Article Marketing","isPartOf":{"@id":"https:\/\/www.article-marketing.eu\/comunicatistampa\/#website"},"datePublished":"2021-04-25T22:27:44+00:00","author":{"@id":"https:\/\/www.article-marketing.eu\/comunicatistampa\/#\/schema\/person\/c0aa725eee5df8460e0adf901fde0c88"},"breadcrumb":{"@id":"https:\/\/www.article-marketing.eu\/comunicatistampa\/odcec-bg-aiuti-per-le-imprese-ancora-insufficienti\/#breadcrumb"},"inLanguage":"it-IT","potentialAction":[{"@type":"ReadAction","target":["https:\/\/www.article-marketing.eu\/comunicatistampa\/odcec-bg-aiuti-per-le-imprese-ancora-insufficienti\/"]}]},{"@type":"BreadcrumbList","@id":"https:\/\/www.article-marketing.eu\/comunicatistampa\/odcec-bg-aiuti-per-le-imprese-ancora-insufficienti\/#breadcrumb","itemListElement":[{"@type":"ListItem","position":1,"name":"Home","item":"https:\/\/www.article-marketing.eu\/comunicatistampa\/"},{"@type":"ListItem","position":2,"name":"ODCEC Bg: aiuti per le imprese ancora insufficienti"}]},{"@type":"WebSite","@id":"https:\/\/www.article-marketing.eu\/comunicatistampa\/#website","url":"https:\/\/www.article-marketing.eu\/comunicatistampa\/","name":"Article Marketing","description":"article marketing &amp; press release","potentialAction":[{"@type":"SearchAction","target":{"@type":"EntryPoint","urlTemplate":"https:\/\/www.article-marketing.eu\/comunicatistampa\/?s={search_term_string}"},"query-input":{"@type":"PropertyValueSpecification","valueRequired":true,"valueName":"search_term_string"}}],"inLanguage":"it-IT"},{"@type":"Person","@id":"https:\/\/www.article-marketing.eu\/comunicatistampa\/#\/schema\/person\/c0aa725eee5df8460e0adf901fde0c88","name":"Redaclem","image":{"@type":"ImageObject","inLanguage":"it-IT","@id":"https:\/\/secure.gravatar.com\/avatar\/4c7e41f332a0583344a91d7d39723533da9b2d0df7737c2d8c69553168c2191e?s=96&d=mm&r=g","url":"https:\/\/secure.gravatar.com\/avatar\/4c7e41f332a0583344a91d7d39723533da9b2d0df7737c2d8c69553168c2191e?s=96&d=mm&r=g","contentUrl":"https:\/\/secure.gravatar.com\/avatar\/4c7e41f332a0583344a91d7d39723533da9b2d0df7737c2d8c69553168c2191e?s=96&d=mm&r=g","caption":"Redaclem"},"url":"https:\/\/www.article-marketing.eu\/comunicatistampa\/author\/redaclem\/"}]}},"_links":{"self":[{"href":"https:\/\/www.article-marketing.eu\/comunicatistampa\/wp-json\/wp\/v2\/posts\/18494","targetHints":{"allow":["GET"]}}],"collection":[{"href":"https:\/\/www.article-marketing.eu\/comunicatistampa\/wp-json\/wp\/v2\/posts"}],"about":[{"href":"https:\/\/www.article-marketing.eu\/comunicatistampa\/wp-json\/wp\/v2\/types\/post"}],"author":[{"embeddable":true,"href":"https:\/\/www.article-marketing.eu\/comunicatistampa\/wp-json\/wp\/v2\/users\/1855"}],"replies":[{"embeddable":true,"href":"https:\/\/www.article-marketing.eu\/comunicatistampa\/wp-json\/wp\/v2\/comments?post=18494"}],"version-history":[{"count":2,"href":"https:\/\/www.article-marketing.eu\/comunicatistampa\/wp-json\/wp\/v2\/posts\/18494\/revisions"}],"predecessor-version":[{"id":18556,"href":"https:\/\/www.article-marketing.eu\/comunicatistampa\/wp-json\/wp\/v2\/posts\/18494\/revisions\/18556"}],"wp:attachment":[{"href":"https:\/\/www.article-marketing.eu\/comunicatistampa\/wp-json\/wp\/v2\/media?parent=18494"}],"wp:term":[{"taxonomy":"category","embeddable":true,"href":"https:\/\/www.article-marketing.eu\/comunicatistampa\/wp-json\/wp\/v2\/categories?post=18494"},{"taxonomy":"post_tag","embeddable":true,"href":"https:\/\/www.article-marketing.eu\/comunicatistampa\/wp-json\/wp\/v2\/tags?post=18494"}],"curies":[{"name":"wp","href":"https:\/\/api.w.org\/{rel}","templated":true}]}}