{"id":18499,"date":"2021-04-26T00:33:24","date_gmt":"2021-04-25T22:33:24","guid":{"rendered":"https:\/\/www.article-marketing.eu\/comunicatistampa\/?p=18499"},"modified":"2022-03-08T18:10:16","modified_gmt":"2022-03-08T17:10:16","slug":"esce-like-an-ocean-lalbum-di-domenico-quaceci","status":"publish","type":"post","link":"https:\/\/www.article-marketing.eu\/comunicatistampa\/esce-like-an-ocean-lalbum-di-domenico-quaceci\/","title":{"rendered":"Esce Like an ocean, l&#8217;album di Domenico Quaceci"},"content":{"rendered":"<p><strong><img loading=\"lazy\" decoding=\"async\" class=\"alignleft\" src=\"https:\/\/alfaprom.com\/wp-content\/uploads\/2021\/04\/COPERTINA_Like-an-ocean-1024x1024.jpg\" alt=\"Copertina Like an ocean\" width=\"300\" height=\"300\" \/>Like an Ocean<\/strong><\/p>\n<p><strong>Il viaggio nel profondo<\/strong> <strong>di Domenico Quaceci<\/strong><\/p>\n<p>&nbsp;<\/p>\n<p><strong>Like an ocean<\/strong> \u00e8 il primo album del pianista <strong>Domenico Quaceci <\/strong>(<a href=\"https:\/\/www.facebook.com\/MusicaLavicaRecords\/\">Musica Lavica Records<\/a>): un viaggio nel profondo della comunicazione non verbale che nuota fra le note del pianoforte. Un flusso di emozioni che solo la musica strumentale sa dipingere.<\/p>\n<p>Ascoltare questo disco significa sfogliare delle immagini, riacciuffare il ricordo di un odore e la suggestione di un colore, riprendere in mano emozioni per trasformarle in riflessioni. Ogni brano contiene una storia, ogni ascolto un\u2019esperienza da condividere: con tutte le sue mille sfaccettature, nella libert\u00e0 di un disegno senza confini e totalmente privo di linee, fuori da limitazioni.<\/p>\n<p><a href=\"https:\/\/youtu.be\/-UjIofGdgc0\">Qui<\/a> il videoclip del brano che d\u00e0 il titolo all\u2019album.<\/p>\n<p>&nbsp;<\/p>\n<p><strong>Track by track<\/strong><\/p>\n<p><strong>Colori d\u2019autunno<\/strong>: E\u2019 il primo brano composto per l\u2019album. E\u2019 nato di getto a seguito di una infatuazione avuta per una ragazza \u201cdai capelli color autunno\u201d. Il Brano \u00e8 in tonalit\u00e0 minore, ma non \u00e8 malinconico, anzi ti accarezza molto teneramente. Ho visto l\u2019autunno ed i suoi colori da una nuova prospettiva, ho iniziato a vedere l\u2019autunno come un\u2019ultima esplosione di vita che la natura ci offre piena di colori, prima di dirci arrivederci.<br \/>\n(immagine di un parco con i colori dell\u2019autunno, alberi e foglie arancioni, ed una ragazza con i capelli castani\/arancioni \u2013 Pianoforte con foglie autunnali)<\/p>\n<p><strong>More emotions<\/strong>: Questo brano tocca le corde delle mie emozioni e le fa vibrare via via sempre pi\u00f9 intensamente. E\u2019stato composto \u201cascoltando\u201d il crescendo delle mie emozioni accordo dopo accordo e potrebbe proseguire senza terminare mai, per via della consonanza di certi accordi ed intervalli che non fanno mai smettere di vibrare le corde dentro di me.<br \/>\n<img decoding=\"async\" src=\"https:\/\/alfaprom.com\/wp-content\/uploads\/2021\/04\/domenicoquaceci_piano-1024x683.jpg\" alt=\"\" \/><br \/>\n<strong>Like an ocean<\/strong>: E momento riflessivo in cui si va alla ricerca della soluzione. Si seguono tutti i collegamenti a ritroso pensando di aver trovato la via giusta, ma poi giunti a quello che crediamo essere il nucleo, siamo in realt\u00e0 al punto di partenza ma con qualcosa di diverso: <strong>vi \u00e8 un attimo in cui forse inconsciamente percepiamo qualcosa, una risposta alle nostre domande, ma ci sfugge e restiamo quindi incapaci di dare una spiegazione ma consapevoli di aver qualcosa in pi\u00f9. <\/strong>In certe occasioni mi ritrovo incapace di esprimerm. L\u2019immensit\u00e0 che si prova guardando un vasto cielo stellato, o un oceano per la prima volta.<br \/>\n(immagine notturna)<\/p>\n<p><strong><br \/>\nLoved<\/strong>: E\u2019una dedica all\u2019affetto e al sentirsi amati. (quotidianit\u00e0)<\/p>\n<p><strong><br \/>\nCold wind<\/strong>: E\u2019un momento introspettivo in cui siamo solo noi e i nostri demoni, possiamo vacillare ma ci ritroviamo, non sappiamo come, ancora in piedi. Ci copriamo con un cappotto, fino al volto. Il vento freddo sembra accarezzarci il viso ma \u00e8 tagliente e rischia di farci male, non possiamo che coprirci e guardare avanti. \u00c8 un brano in grado di portarmi lontano nello spazio e anche nel tempo, come un ricordo.<br \/>\n(Immagine di una steppa, nuvolosa ed un uomo solo \u2013 color seppia)<\/p>\n<p><strong><br \/>\nMemories<\/strong>: Talvolta riponiamo dei ricordi tristi in luoghi lontani per non ferirci. Immaginando di avere una vecchia foto, la metteremmo dentro un cassetto. Con questo brano, dico a me stesso che forse non \u00e8 necessario, forse possiamo prendere la foto guardarla, riviverne ogni emozione e sentirla e finita questa \u201coperazione\u201d possiamo posare la foto, questa volta non di nuovo nel cassetto, ma sopra una mensola in bella vista poich\u00e9 immuni dagli effetti negativi della foto (ricordi).<\/p>\n<p>Il brano \u00e8 praticamente un proseguimento di Cold wind (stessa tonalit\u00e0), infatti dopo aver attraversato luoghi e tempi lontani nella nostra mente (con Cold wind) adesso \u00e8 il momento di affrontare i ricordi.<br \/>\n(vecchia foto, mensola impolverata)<\/p>\n<p><strong>Travel:<\/strong> Questo brano \u00e8 nato da una scommessa, ovvero usare lo stesso incipit ma con vesti diverse. E\u2019 un viaggio della melodia di questo brano attraverso le tonalit\u00e0 e la tastiera. Un viaggio atteso e sperato, ostacolato ma finalmente iniziato. Seguono i ripensamenti ma alla fine il viaggio porta sempre da qualche parte.<br \/>\n(Immagine pianoforte)<\/p>\n<p><strong>A Conversation<\/strong>: Il brano \u00e8 una conversazione avuta con un mio amico, partendo da normali convenevoli tranquilli, ci si addentra sempre di pi\u00f9 in discorsi interessanti, si esplorano e si scontrano le opinioni contrastanti, ma il tutto avviene nella totale fiducia e in sincera amicizia.<br \/>\n(immagine di un tavolo, aperitivo tra due amici \/ concerto in un teatro)<\/p>\n<p><strong>Boulevard<\/strong>: Questo brano \u00e8 nato dal nome. Volevo un brano che avesse questo nome, e cosi ho immaginato di camminare in un Boulevard che fosse un viale alberato, panchine ma anche i caff\u00e8, un fiume, strade con mattonelle, persone con cappotti lunghi.<br \/>\n(immagine di un boulevard)<\/p>\n<p><strong>Antares:<\/strong> Antares \u00e8 una stella, una gigante rossa. Con questo brano esploro lo spazio nella mia mente, che c\u2019\u00e8 tra la Terra e la stella, percepisco l\u2019assenza di gravit\u00e0 finch\u00e8 poi questa non mi cattura e mi trascina verso la gigante rossa immensamente, piccola vista dalla terra.<\/p>\n<p>&nbsp;<\/p>\n<p><strong>Domenico Quaceci<\/strong><\/p>\n<p>Cresciuto nel magico mix di tanta musica classica e molto rock, fra la grande sinfonica e i Queen, la carriera di Domenico prende decisamente una piega proprio nelle prime avventure alla tastiera del pianoforte: melodie prima strimpellate ad orecchio, poi le prime lezioni di pianoforte. La prima giovinezza \u00e8 anche l\u2019epoca dell\u2019incontro con la chitarra, il primo gruppo musicale, i Caleido (ancora attivo). E\u2019 con questo nuovo imprinting che Domenico scopre la grande classica contemporanea per pianoforte: Allevi, Einaudi, Cacciapaglia, Yann Tiersen. E il ritorno agli studi pi\u00f9 accademici: il Conservatorio (Istituto musicale V. Bellini di Catania), innanzi tutto, l\u2019adorato Beethoven, non a caso l\u2019autore per eccellenza riletto e reinterpretato anche da tanto rock.<\/p>\n<p>Fra gli studi al Conservatorio e quelli in Scienze Biologiche, Domenico non ha mai smesso di scrivere musica: prima appunti sparsi, poi brani pi\u00f9 strutturati, ora le 10 tracce che, grazie all\u2019incontro con Denis Marino, produttore musicale e proprietario dell\u2019etichetta Musica Lavica Records, si sono trasformate in album.<\/p>\n<p>&nbsp;<\/p>\n<p><strong>Links:<\/strong><\/p>\n<p>Spotify: <a href=\"https:\/\/spoti.fi\/2XEkWQQ\">https:\/\/spoti.fi\/2XEkWQQ<\/a><br \/>\nInstagram: https:\/\/www.instagram.com\/domenicoquaceci_official\/<br \/>\nFacebook: https:\/\/www.facebook.com\/Domenicoquaceciofficial<br \/>\nTwitter: https:\/\/twitter.com\/DomenicoQuacec2<br \/>\nLabel: https:\/\/www.facebook.com\/MusicaLavicaRecords\/<\/p>\n","protected":false},"excerpt":{"rendered":"<p>Like an Ocean Il viaggio nel profondo di Domenico Quaceci &nbsp; Like an ocean \u00e8 il primo album del pianista Domenico Quaceci (Musica Lavica Records): un viaggio nel profondo della comunicazione non verbale che nuota fra le note del pianoforte. Un flusso di emozioni che solo la musica strumentale sa dipingere. Ascoltare questo disco significa sfogliare delle immagini, riacciuffare il ricordo di un odore e la suggestione di un colore,<\/p>\n<p><a class=\"continue-reading\" href=\"https:\/\/www.article-marketing.eu\/comunicatistampa\/esce-like-an-ocean-lalbum-di-domenico-quaceci\/\">Continue reading&#8230;<\/a><\/p>\n","protected":false},"author":732,"featured_media":0,"comment_status":"open","ping_status":"open","sticky":false,"template":"","format":"standard","meta":{"_monsterinsights_skip_tracking":false,"_monsterinsights_sitenote_active":false,"_monsterinsights_sitenote_note":"","_monsterinsights_sitenote_category":0,"footnotes":""},"categories":[407,78,411],"tags":[],"class_list":["post-18499","post","type-post","status-publish","format-standard","hentry","category-arte-e-cultura","category-comunicati-stampa","category-musica"],"yoast_head":"<!-- This site is optimized with the Yoast SEO plugin v27.3 - https:\/\/yoast.com\/product\/yoast-seo-wordpress\/ -->\n<title>Esce Like an ocean, l&#039;album di Domenico Quaceci - Article Marketing<\/title>\n<meta name=\"description\" content=\"Like an ocean \u00e8 il primo album del pianista Domenico Quaceci (Musica Lavica Records): un viaggio nel profondo della comunicazione non verbale che nuota fra le note del pianoforte. Un flusso di emozioni che solo la musica strumentale sa dipingere.\" \/>\n<meta name=\"robots\" content=\"index, follow, max-snippet:-1, max-image-preview:large, max-video-preview:-1\" \/>\n<link rel=\"canonical\" href=\"https:\/\/www.article-marketing.eu\/comunicatistampa\/esce-like-an-ocean-lalbum-di-domenico-quaceci\/\" \/>\n<meta property=\"og:locale\" content=\"it_IT\" \/>\n<meta property=\"og:type\" content=\"article\" \/>\n<meta property=\"og:title\" content=\"Esce Like an ocean, l&#039;album di Domenico Quaceci - Article Marketing\" \/>\n<meta property=\"og:description\" content=\"Like an ocean \u00e8 il primo album del pianista Domenico Quaceci (Musica Lavica Records): un viaggio nel profondo della comunicazione non verbale che nuota fra le note del pianoforte. Un flusso di emozioni che solo la musica strumentale sa dipingere.\" \/>\n<meta property=\"og:url\" content=\"https:\/\/www.article-marketing.eu\/comunicatistampa\/esce-like-an-ocean-lalbum-di-domenico-quaceci\/\" \/>\n<meta property=\"og:site_name\" content=\"Article Marketing\" \/>\n<meta property=\"article:published_time\" content=\"2021-04-25T22:33:24+00:00\" \/>\n<meta property=\"article:modified_time\" content=\"2022-03-08T17:10:16+00:00\" \/>\n<meta property=\"og:image\" content=\"https:\/\/alfaprom.com\/wp-content\/uploads\/2021\/04\/COPERTINA_Like-an-ocean-1024x1024.jpg\" \/>\n<meta name=\"author\" content=\"studioalfa\" \/>\n<meta name=\"twitter:card\" content=\"summary_large_image\" \/>\n<meta name=\"twitter:label1\" content=\"Scritto da\" \/>\n\t<meta name=\"twitter:data1\" content=\"studioalfa\" \/>\n\t<meta name=\"twitter:label2\" content=\"Tempo di lettura stimato\" \/>\n\t<meta name=\"twitter:data2\" content=\"5 minuti\" \/>\n<script type=\"application\/ld+json\" class=\"yoast-schema-graph\">{\"@context\":\"https:\\\/\\\/schema.org\",\"@graph\":[{\"@type\":\"Article\",\"@id\":\"https:\\\/\\\/www.article-marketing.eu\\\/comunicatistampa\\\/esce-like-an-ocean-lalbum-di-domenico-quaceci\\\/#article\",\"isPartOf\":{\"@id\":\"https:\\\/\\\/www.article-marketing.eu\\\/comunicatistampa\\\/esce-like-an-ocean-lalbum-di-domenico-quaceci\\\/\"},\"author\":{\"name\":\"studioalfa\",\"@id\":\"https:\\\/\\\/www.article-marketing.eu\\\/comunicatistampa\\\/#\\\/schema\\\/person\\\/016dfd52849dd05631ba118c3dff9ace\"},\"headline\":\"Esce Like an ocean, l&#8217;album di Domenico Quaceci\",\"datePublished\":\"2021-04-25T22:33:24+00:00\",\"dateModified\":\"2022-03-08T17:10:16+00:00\",\"mainEntityOfPage\":{\"@id\":\"https:\\\/\\\/www.article-marketing.eu\\\/comunicatistampa\\\/esce-like-an-ocean-lalbum-di-domenico-quaceci\\\/\"},\"wordCount\":1006,\"commentCount\":0,\"image\":{\"@id\":\"https:\\\/\\\/www.article-marketing.eu\\\/comunicatistampa\\\/esce-like-an-ocean-lalbum-di-domenico-quaceci\\\/#primaryimage\"},\"thumbnailUrl\":\"https:\\\/\\\/alfaprom.com\\\/wp-content\\\/uploads\\\/2021\\\/04\\\/COPERTINA_Like-an-ocean-1024x1024.jpg\",\"articleSection\":[\"Arte e cultura\",\"Comunicati stampa\",\"Musica\"],\"inLanguage\":\"it-IT\",\"potentialAction\":[{\"@type\":\"CommentAction\",\"name\":\"Comment\",\"target\":[\"https:\\\/\\\/www.article-marketing.eu\\\/comunicatistampa\\\/esce-like-an-ocean-lalbum-di-domenico-quaceci\\\/#respond\"]}]},{\"@type\":\"WebPage\",\"@id\":\"https:\\\/\\\/www.article-marketing.eu\\\/comunicatistampa\\\/esce-like-an-ocean-lalbum-di-domenico-quaceci\\\/\",\"url\":\"https:\\\/\\\/www.article-marketing.eu\\\/comunicatistampa\\\/esce-like-an-ocean-lalbum-di-domenico-quaceci\\\/\",\"name\":\"Esce Like an ocean, l'album di Domenico Quaceci - Article Marketing\",\"isPartOf\":{\"@id\":\"https:\\\/\\\/www.article-marketing.eu\\\/comunicatistampa\\\/#website\"},\"primaryImageOfPage\":{\"@id\":\"https:\\\/\\\/www.article-marketing.eu\\\/comunicatistampa\\\/esce-like-an-ocean-lalbum-di-domenico-quaceci\\\/#primaryimage\"},\"image\":{\"@id\":\"https:\\\/\\\/www.article-marketing.eu\\\/comunicatistampa\\\/esce-like-an-ocean-lalbum-di-domenico-quaceci\\\/#primaryimage\"},\"thumbnailUrl\":\"https:\\\/\\\/alfaprom.com\\\/wp-content\\\/uploads\\\/2021\\\/04\\\/COPERTINA_Like-an-ocean-1024x1024.jpg\",\"datePublished\":\"2021-04-25T22:33:24+00:00\",\"dateModified\":\"2022-03-08T17:10:16+00:00\",\"author\":{\"@id\":\"https:\\\/\\\/www.article-marketing.eu\\\/comunicatistampa\\\/#\\\/schema\\\/person\\\/016dfd52849dd05631ba118c3dff9ace\"},\"description\":\"Like an ocean \u00e8 il primo album del pianista Domenico Quaceci (Musica Lavica Records): un viaggio nel profondo della comunicazione non verbale che nuota fra le note del pianoforte. Un flusso di emozioni che solo la musica strumentale sa dipingere.\",\"breadcrumb\":{\"@id\":\"https:\\\/\\\/www.article-marketing.eu\\\/comunicatistampa\\\/esce-like-an-ocean-lalbum-di-domenico-quaceci\\\/#breadcrumb\"},\"inLanguage\":\"it-IT\",\"potentialAction\":[{\"@type\":\"ReadAction\",\"target\":[\"https:\\\/\\\/www.article-marketing.eu\\\/comunicatistampa\\\/esce-like-an-ocean-lalbum-di-domenico-quaceci\\\/\"]}]},{\"@type\":\"ImageObject\",\"inLanguage\":\"it-IT\",\"@id\":\"https:\\\/\\\/www.article-marketing.eu\\\/comunicatistampa\\\/esce-like-an-ocean-lalbum-di-domenico-quaceci\\\/#primaryimage\",\"url\":\"https:\\\/\\\/alfaprom.com\\\/wp-content\\\/uploads\\\/2021\\\/04\\\/COPERTINA_Like-an-ocean-1024x1024.jpg\",\"contentUrl\":\"https:\\\/\\\/alfaprom.com\\\/wp-content\\\/uploads\\\/2021\\\/04\\\/COPERTINA_Like-an-ocean-1024x1024.jpg\"},{\"@type\":\"BreadcrumbList\",\"@id\":\"https:\\\/\\\/www.article-marketing.eu\\\/comunicatistampa\\\/esce-like-an-ocean-lalbum-di-domenico-quaceci\\\/#breadcrumb\",\"itemListElement\":[{\"@type\":\"ListItem\",\"position\":1,\"name\":\"Home\",\"item\":\"https:\\\/\\\/www.article-marketing.eu\\\/comunicatistampa\\\/\"},{\"@type\":\"ListItem\",\"position\":2,\"name\":\"Esce Like an ocean, l&#8217;album di Domenico Quaceci\"}]},{\"@type\":\"WebSite\",\"@id\":\"https:\\\/\\\/www.article-marketing.eu\\\/comunicatistampa\\\/#website\",\"url\":\"https:\\\/\\\/www.article-marketing.eu\\\/comunicatistampa\\\/\",\"name\":\"Article Marketing\",\"description\":\"article marketing &amp; press release\",\"potentialAction\":[{\"@type\":\"SearchAction\",\"target\":{\"@type\":\"EntryPoint\",\"urlTemplate\":\"https:\\\/\\\/www.article-marketing.eu\\\/comunicatistampa\\\/?s={search_term_string}\"},\"query-input\":{\"@type\":\"PropertyValueSpecification\",\"valueRequired\":true,\"valueName\":\"search_term_string\"}}],\"inLanguage\":\"it-IT\"},{\"@type\":\"Person\",\"@id\":\"https:\\\/\\\/www.article-marketing.eu\\\/comunicatistampa\\\/#\\\/schema\\\/person\\\/016dfd52849dd05631ba118c3dff9ace\",\"name\":\"studioalfa\",\"image\":{\"@type\":\"ImageObject\",\"inLanguage\":\"it-IT\",\"@id\":\"https:\\\/\\\/secure.gravatar.com\\\/avatar\\\/e7a37e17b09595ecf7196e00f441c7cc74f75800109ba49376861d605b8805d4?s=96&d=mm&r=g\",\"url\":\"https:\\\/\\\/secure.gravatar.com\\\/avatar\\\/e7a37e17b09595ecf7196e00f441c7cc74f75800109ba49376861d605b8805d4?s=96&d=mm&r=g\",\"contentUrl\":\"https:\\\/\\\/secure.gravatar.com\\\/avatar\\\/e7a37e17b09595ecf7196e00f441c7cc74f75800109ba49376861d605b8805d4?s=96&d=mm&r=g\",\"caption\":\"studioalfa\"},\"url\":\"https:\\\/\\\/www.article-marketing.eu\\\/comunicatistampa\\\/author\\\/studioalfa\\\/\"}]}<\/script>\n<!-- \/ Yoast SEO plugin. -->","yoast_head_json":{"title":"Esce Like an ocean, l'album di Domenico Quaceci - Article Marketing","description":"Like an ocean \u00e8 il primo album del pianista Domenico Quaceci (Musica Lavica Records): un viaggio nel profondo della comunicazione non verbale che nuota fra le note del pianoforte. Un flusso di emozioni che solo la musica strumentale sa dipingere.","robots":{"index":"index","follow":"follow","max-snippet":"max-snippet:-1","max-image-preview":"max-image-preview:large","max-video-preview":"max-video-preview:-1"},"canonical":"https:\/\/www.article-marketing.eu\/comunicatistampa\/esce-like-an-ocean-lalbum-di-domenico-quaceci\/","og_locale":"it_IT","og_type":"article","og_title":"Esce Like an ocean, l'album di Domenico Quaceci - Article Marketing","og_description":"Like an ocean \u00e8 il primo album del pianista Domenico Quaceci (Musica Lavica Records): un viaggio nel profondo della comunicazione non verbale che nuota fra le note del pianoforte. Un flusso di emozioni che solo la musica strumentale sa dipingere.","og_url":"https:\/\/www.article-marketing.eu\/comunicatistampa\/esce-like-an-ocean-lalbum-di-domenico-quaceci\/","og_site_name":"Article Marketing","article_published_time":"2021-04-25T22:33:24+00:00","article_modified_time":"2022-03-08T17:10:16+00:00","og_image":[{"url":"https:\/\/alfaprom.com\/wp-content\/uploads\/2021\/04\/COPERTINA_Like-an-ocean-1024x1024.jpg","type":"","width":"","height":""}],"author":"studioalfa","twitter_card":"summary_large_image","twitter_misc":{"Scritto da":"studioalfa","Tempo di lettura stimato":"5 minuti"},"schema":{"@context":"https:\/\/schema.org","@graph":[{"@type":"Article","@id":"https:\/\/www.article-marketing.eu\/comunicatistampa\/esce-like-an-ocean-lalbum-di-domenico-quaceci\/#article","isPartOf":{"@id":"https:\/\/www.article-marketing.eu\/comunicatistampa\/esce-like-an-ocean-lalbum-di-domenico-quaceci\/"},"author":{"name":"studioalfa","@id":"https:\/\/www.article-marketing.eu\/comunicatistampa\/#\/schema\/person\/016dfd52849dd05631ba118c3dff9ace"},"headline":"Esce Like an ocean, l&#8217;album di Domenico Quaceci","datePublished":"2021-04-25T22:33:24+00:00","dateModified":"2022-03-08T17:10:16+00:00","mainEntityOfPage":{"@id":"https:\/\/www.article-marketing.eu\/comunicatistampa\/esce-like-an-ocean-lalbum-di-domenico-quaceci\/"},"wordCount":1006,"commentCount":0,"image":{"@id":"https:\/\/www.article-marketing.eu\/comunicatistampa\/esce-like-an-ocean-lalbum-di-domenico-quaceci\/#primaryimage"},"thumbnailUrl":"https:\/\/alfaprom.com\/wp-content\/uploads\/2021\/04\/COPERTINA_Like-an-ocean-1024x1024.jpg","articleSection":["Arte e cultura","Comunicati stampa","Musica"],"inLanguage":"it-IT","potentialAction":[{"@type":"CommentAction","name":"Comment","target":["https:\/\/www.article-marketing.eu\/comunicatistampa\/esce-like-an-ocean-lalbum-di-domenico-quaceci\/#respond"]}]},{"@type":"WebPage","@id":"https:\/\/www.article-marketing.eu\/comunicatistampa\/esce-like-an-ocean-lalbum-di-domenico-quaceci\/","url":"https:\/\/www.article-marketing.eu\/comunicatistampa\/esce-like-an-ocean-lalbum-di-domenico-quaceci\/","name":"Esce Like an ocean, l'album di Domenico Quaceci - Article Marketing","isPartOf":{"@id":"https:\/\/www.article-marketing.eu\/comunicatistampa\/#website"},"primaryImageOfPage":{"@id":"https:\/\/www.article-marketing.eu\/comunicatistampa\/esce-like-an-ocean-lalbum-di-domenico-quaceci\/#primaryimage"},"image":{"@id":"https:\/\/www.article-marketing.eu\/comunicatistampa\/esce-like-an-ocean-lalbum-di-domenico-quaceci\/#primaryimage"},"thumbnailUrl":"https:\/\/alfaprom.com\/wp-content\/uploads\/2021\/04\/COPERTINA_Like-an-ocean-1024x1024.jpg","datePublished":"2021-04-25T22:33:24+00:00","dateModified":"2022-03-08T17:10:16+00:00","author":{"@id":"https:\/\/www.article-marketing.eu\/comunicatistampa\/#\/schema\/person\/016dfd52849dd05631ba118c3dff9ace"},"description":"Like an ocean \u00e8 il primo album del pianista Domenico Quaceci (Musica Lavica Records): un viaggio nel profondo della comunicazione non verbale che nuota fra le note del pianoforte. Un flusso di emozioni che solo la musica strumentale sa dipingere.","breadcrumb":{"@id":"https:\/\/www.article-marketing.eu\/comunicatistampa\/esce-like-an-ocean-lalbum-di-domenico-quaceci\/#breadcrumb"},"inLanguage":"it-IT","potentialAction":[{"@type":"ReadAction","target":["https:\/\/www.article-marketing.eu\/comunicatistampa\/esce-like-an-ocean-lalbum-di-domenico-quaceci\/"]}]},{"@type":"ImageObject","inLanguage":"it-IT","@id":"https:\/\/www.article-marketing.eu\/comunicatistampa\/esce-like-an-ocean-lalbum-di-domenico-quaceci\/#primaryimage","url":"https:\/\/alfaprom.com\/wp-content\/uploads\/2021\/04\/COPERTINA_Like-an-ocean-1024x1024.jpg","contentUrl":"https:\/\/alfaprom.com\/wp-content\/uploads\/2021\/04\/COPERTINA_Like-an-ocean-1024x1024.jpg"},{"@type":"BreadcrumbList","@id":"https:\/\/www.article-marketing.eu\/comunicatistampa\/esce-like-an-ocean-lalbum-di-domenico-quaceci\/#breadcrumb","itemListElement":[{"@type":"ListItem","position":1,"name":"Home","item":"https:\/\/www.article-marketing.eu\/comunicatistampa\/"},{"@type":"ListItem","position":2,"name":"Esce Like an ocean, l&#8217;album di Domenico Quaceci"}]},{"@type":"WebSite","@id":"https:\/\/www.article-marketing.eu\/comunicatistampa\/#website","url":"https:\/\/www.article-marketing.eu\/comunicatistampa\/","name":"Article Marketing","description":"article marketing &amp; press release","potentialAction":[{"@type":"SearchAction","target":{"@type":"EntryPoint","urlTemplate":"https:\/\/www.article-marketing.eu\/comunicatistampa\/?s={search_term_string}"},"query-input":{"@type":"PropertyValueSpecification","valueRequired":true,"valueName":"search_term_string"}}],"inLanguage":"it-IT"},{"@type":"Person","@id":"https:\/\/www.article-marketing.eu\/comunicatistampa\/#\/schema\/person\/016dfd52849dd05631ba118c3dff9ace","name":"studioalfa","image":{"@type":"ImageObject","inLanguage":"it-IT","@id":"https:\/\/secure.gravatar.com\/avatar\/e7a37e17b09595ecf7196e00f441c7cc74f75800109ba49376861d605b8805d4?s=96&d=mm&r=g","url":"https:\/\/secure.gravatar.com\/avatar\/e7a37e17b09595ecf7196e00f441c7cc74f75800109ba49376861d605b8805d4?s=96&d=mm&r=g","contentUrl":"https:\/\/secure.gravatar.com\/avatar\/e7a37e17b09595ecf7196e00f441c7cc74f75800109ba49376861d605b8805d4?s=96&d=mm&r=g","caption":"studioalfa"},"url":"https:\/\/www.article-marketing.eu\/comunicatistampa\/author\/studioalfa\/"}]}},"_links":{"self":[{"href":"https:\/\/www.article-marketing.eu\/comunicatistampa\/wp-json\/wp\/v2\/posts\/18499","targetHints":{"allow":["GET"]}}],"collection":[{"href":"https:\/\/www.article-marketing.eu\/comunicatistampa\/wp-json\/wp\/v2\/posts"}],"about":[{"href":"https:\/\/www.article-marketing.eu\/comunicatistampa\/wp-json\/wp\/v2\/types\/post"}],"author":[{"embeddable":true,"href":"https:\/\/www.article-marketing.eu\/comunicatistampa\/wp-json\/wp\/v2\/users\/732"}],"replies":[{"embeddable":true,"href":"https:\/\/www.article-marketing.eu\/comunicatistampa\/wp-json\/wp\/v2\/comments?post=18499"}],"version-history":[{"count":5,"href":"https:\/\/www.article-marketing.eu\/comunicatistampa\/wp-json\/wp\/v2\/posts\/18499\/revisions"}],"predecessor-version":[{"id":18566,"href":"https:\/\/www.article-marketing.eu\/comunicatistampa\/wp-json\/wp\/v2\/posts\/18499\/revisions\/18566"}],"wp:attachment":[{"href":"https:\/\/www.article-marketing.eu\/comunicatistampa\/wp-json\/wp\/v2\/media?parent=18499"}],"wp:term":[{"taxonomy":"category","embeddable":true,"href":"https:\/\/www.article-marketing.eu\/comunicatistampa\/wp-json\/wp\/v2\/categories?post=18499"},{"taxonomy":"post_tag","embeddable":true,"href":"https:\/\/www.article-marketing.eu\/comunicatistampa\/wp-json\/wp\/v2\/tags?post=18499"}],"curies":[{"name":"wp","href":"https:\/\/api.w.org\/{rel}","templated":true}]}}