{"id":18609,"date":"2021-04-26T17:42:46","date_gmt":"2021-04-26T15:42:46","guid":{"rendered":"https:\/\/www.article-marketing.eu\/comunicatistampa\/?p=18609"},"modified":"2022-03-08T18:09:50","modified_gmt":"2022-03-08T17:09:50","slug":"e-chiamami-per-nome-il-nuovo-singolo-di-comite","status":"publish","type":"post","link":"https:\/\/www.article-marketing.eu\/comunicatistampa\/e-chiamami-per-nome-il-nuovo-singolo-di-comite\/","title":{"rendered":"E\u2019 \u201cChiamami per nome\u201d il nuovo singolo di Comite"},"content":{"rendered":"<p style=\"text-align: center;\"><i>Un richiamo alla fragilit\u00e0 dei nostri giorni<\/i><\/p>\n<p><img loading=\"lazy\" decoding=\"async\" class=\"aligncenter\" src=\"https:\/\/diffusionimusicali.org\/wp-content\/uploads\/2021\/04\/cover-comise-600x600.jpg\" width=\"320\" height=\"320\" \/><\/p>\n<p>Da pi\u00f9 di un anno tutti noi ci stiamo confrontando con sentimenti quali paura, fragilit\u00e0, incertezza. Un carico di stati d&#8217;animo non facili da gestire e sopportare. Ma ci sono artisti che per fortuna ci vengono in aiuto, raccogliendo idealmente in un unico messaggio tutto questo malessere per trasformarlo in un punto di forza. E\u2019 il caso di\u00a0<b>Comite<\/b>, giovane artista calabrese, che ha preferito esternare con la sua musica, questa atmosfera dei nostri giorni. Il progetto \u00e8 \u201c<b>Chiamami per nome<\/b>\u201d, singolo in uscita sulle principali piattaforme digitali il\u00a0<b>23 Aprile<\/b>.<\/p>\n<p>Con molta naturalezza Comite mette gi\u00f9 un testo sincero, ponendo l&#8217;accento sulle paure che hanno trasformato la nostra quotidianit\u00e0, quasi in un grido di aiuto: &#8230;..<i>\u201cchiamami per nome quando avrai paura, quando la tua vita sta per diventare scura&#8230;ora afferra le mie mani che ti porto via con me\u2026\u201d<\/i>\u00a0recita il testo.<\/p>\n<p>Arrangiato e mixato da Salvatore Longobucco e Roberto Cannizzaro presso gli studi di Roka Produzioni, il brano porta la firma dell&#8217;artista e di Giorgio Sprovieri, mentre la direzione artistica \u00e8 stata affidata a Roberto Cannizzaro. Al testo fa da contrasto l&#8217;energia musicale del brano, espressa con un sound electro-rock, che rappresenta una nuova \u201cfrontiera\u201d da esplorare per l\u2019artista. Prodotto dalla Roka Produzioni e distribuito da<b>\u00a0Roka Music<\/b>, il brano \u00e8 dunque una dedica a chiunque si sente fragile e smarrito in questo particolare periodo storico.<\/p>\n<p>Comite, nasce in provincia di Cosenza, e come succede in molti casi, la musica entra a far parte della sua vita portando un bagaglio di vitalit\u00e0, energia e smisurata passione. Essendo un ragazzo con una personalit\u00e0 mite ma allo stesso tempo caparbia e tosta, si accorge ben presto che occorre ben altro per realizzare il suo sogno, e farne un lavoro. Impegno, studio, dedizione, profonda conoscenza di s\u00e9 e delle proprie emozioni : comincia cos\u00ec a lavorare su questi aspetti del suo \u201cio\u201d e dopo il primo percorso di studi in Calabria si trasferisce a Terni, per perfezionare la sua tecnica vocale e l&#8217;approccio alla scrittura dei testi. In quel periodo, durato tre anni, si aggiudica una borsa di studio che gli permette di approfondire le conoscenze del settore presso la nota scuola universitaria CET di Mogol.\u00a0 Nell&#8217;ottobre 2016 esce il suo primo singolo, &#8220;Senza di te&#8221;, cui seguir\u00e0 il secondo inedito \u201cLo grideremo al mondo&#8221;, nel luglio 2017, dopo il quale sceglie di dare una svolta al suo percorso artistico. Nella sua Calabria avviene l&#8217;incontro con la societ\u00e0 Roka Produzioni, che lo prende nel suo portfolio artisti e con la quale, nell&#8217;estate 2018, pubblica il brano &#8220;Non si pu\u00f2&#8221;.<\/p>\n<p>Nell&#8217;agosto dello stesso anno il suo tragitto artistico lo porta alla partecipazione di \u201cArea Sanremo Tour\u201d, dove giunge tra i 70 finalisti nazionali con il brano &#8220;Oltre&#8221;, esibendosi al Teatro del Casin\u00f2 di Sanremo. Il brano verr\u00e0 pubblicato nel febbraio 2020 mentre nell\u2019estate successiva pubblica un altro singolo intitolato \u201cLa mia trib\u00f9\u201d. \u201c<b>Chiamami per nome<\/b>\u201d si aggiunge dunque al puzzle che Comete sta creando da artista dove c&#8217;\u00e8 tutto il suo calore ed amore per la musica e le situazioni della vita.<\/p>\n<p>Contatti e social<\/p>\n<p><a href=\"https:\/\/www.facebook.com\/ComiteOfficial\">https:\/\/www.facebook.com\/ComiteOfficial<\/a><br \/>\n<a href=\"https:\/\/www.instagram.com\/c_o_m_i_t_e\">https:\/\/www.instagram.com\/c_o_m_i_t_e<\/a>\/<br \/>\n<a href=\"http:\/\/www.rokamusic.it\/\">http:\/\/www.rokamusic.it<\/a><\/p>\n<p><b>Isabel Zolli Promotion Agency<br \/>\n<\/b>Sede Operativa: via Simone De Saint Bon 47 \u2013 Roma<\/p>\n","protected":false},"excerpt":{"rendered":"<p>Un richiamo alla fragilit\u00e0 dei nostri giorni Da pi\u00f9 di un anno tutti noi ci stiamo confrontando con sentimenti quali paura, fragilit\u00e0, incertezza. Un carico di stati d&#8217;animo non facili da gestire e sopportare. Ma ci sono artisti che per fortuna ci vengono in aiuto, raccogliendo idealmente in un unico messaggio tutto questo malessere per trasformarlo in un punto di forza. E\u2019 il caso di\u00a0Comite, giovane artista calabrese, che ha<\/p>\n<p><a class=\"continue-reading\" href=\"https:\/\/www.article-marketing.eu\/comunicatistampa\/e-chiamami-per-nome-il-nuovo-singolo-di-comite\/\">Continue reading&#8230;<\/a><\/p>\n","protected":false},"author":1680,"featured_media":0,"comment_status":"open","ping_status":"open","sticky":false,"template":"","format":"standard","meta":{"_monsterinsights_skip_tracking":false,"_monsterinsights_sitenote_active":false,"_monsterinsights_sitenote_note":"","_monsterinsights_sitenote_category":0,"footnotes":""},"categories":[411],"tags":[7840,7839,7841,3522],"class_list":["post-18609","post","type-post","status-publish","format-standard","hentry","category-musica","tag-chiamami","tag-comite","tag-per-nome","tag-singolo"],"yoast_head":"<!-- This site is optimized with the Yoast SEO plugin v27.3 - https:\/\/yoast.com\/product\/yoast-seo-wordpress\/ -->\n<title>E\u2019 \u201cChiamami per nome\u201d il nuovo singolo di Comite - Article Marketing<\/title>\n<meta name=\"robots\" content=\"index, follow, max-snippet:-1, max-image-preview:large, max-video-preview:-1\" \/>\n<link rel=\"canonical\" href=\"https:\/\/www.article-marketing.eu\/comunicatistampa\/e-chiamami-per-nome-il-nuovo-singolo-di-comite\/\" \/>\n<meta property=\"og:locale\" content=\"it_IT\" \/>\n<meta property=\"og:type\" content=\"article\" \/>\n<meta property=\"og:title\" content=\"E\u2019 \u201cChiamami per nome\u201d il nuovo singolo di Comite - Article Marketing\" \/>\n<meta property=\"og:description\" content=\"Un richiamo alla fragilit\u00e0 dei nostri giorni Da pi\u00f9 di un anno tutti noi ci stiamo confrontando con sentimenti quali paura, fragilit\u00e0, incertezza. Un carico di stati d&#8217;animo non facili da gestire e sopportare. Ma ci sono artisti che per fortuna ci vengono in aiuto, raccogliendo idealmente in un unico messaggio tutto questo malessere per trasformarlo in un punto di forza. E\u2019 il caso di\u00a0Comite, giovane artista calabrese, che haContinue reading...\" \/>\n<meta property=\"og:url\" content=\"https:\/\/www.article-marketing.eu\/comunicatistampa\/e-chiamami-per-nome-il-nuovo-singolo-di-comite\/\" \/>\n<meta property=\"og:site_name\" content=\"Article Marketing\" \/>\n<meta property=\"article:published_time\" content=\"2021-04-26T15:42:46+00:00\" \/>\n<meta property=\"article:modified_time\" content=\"2022-03-08T17:09:50+00:00\" \/>\n<meta property=\"og:image\" content=\"https:\/\/diffusionimusicali.org\/wp-content\/uploads\/2021\/04\/cover-comise-600x600.jpg\" \/>\n<meta name=\"author\" content=\"Micro961\" \/>\n<meta name=\"twitter:card\" content=\"summary_large_image\" \/>\n<meta name=\"twitter:label1\" content=\"Scritto da\" \/>\n\t<meta name=\"twitter:data1\" content=\"Micro961\" \/>\n\t<meta name=\"twitter:label2\" content=\"Tempo di lettura stimato\" \/>\n\t<meta name=\"twitter:data2\" content=\"3 minuti\" \/>\n<script type=\"application\/ld+json\" class=\"yoast-schema-graph\">{\"@context\":\"https:\\\/\\\/schema.org\",\"@graph\":[{\"@type\":\"Article\",\"@id\":\"https:\\\/\\\/www.article-marketing.eu\\\/comunicatistampa\\\/e-chiamami-per-nome-il-nuovo-singolo-di-comite\\\/#article\",\"isPartOf\":{\"@id\":\"https:\\\/\\\/www.article-marketing.eu\\\/comunicatistampa\\\/e-chiamami-per-nome-il-nuovo-singolo-di-comite\\\/\"},\"author\":{\"name\":\"Micro961\",\"@id\":\"https:\\\/\\\/www.article-marketing.eu\\\/comunicatistampa\\\/#\\\/schema\\\/person\\\/9beeb909be59832a9bcbec84cb3786f5\"},\"headline\":\"E\u2019 \u201cChiamami per nome\u201d il nuovo singolo di Comite\",\"datePublished\":\"2021-04-26T15:42:46+00:00\",\"dateModified\":\"2022-03-08T17:09:50+00:00\",\"mainEntityOfPage\":{\"@id\":\"https:\\\/\\\/www.article-marketing.eu\\\/comunicatistampa\\\/e-chiamami-per-nome-il-nuovo-singolo-di-comite\\\/\"},\"wordCount\":553,\"commentCount\":0,\"image\":{\"@id\":\"https:\\\/\\\/www.article-marketing.eu\\\/comunicatistampa\\\/e-chiamami-per-nome-il-nuovo-singolo-di-comite\\\/#primaryimage\"},\"thumbnailUrl\":\"https:\\\/\\\/diffusionimusicali.org\\\/wp-content\\\/uploads\\\/2021\\\/04\\\/cover-comise-600x600.jpg\",\"keywords\":[\"Chiamami\",\"Comite\",\"Per nome\",\"Singolo\"],\"articleSection\":[\"Musica\"],\"inLanguage\":\"it-IT\",\"potentialAction\":[{\"@type\":\"CommentAction\",\"name\":\"Comment\",\"target\":[\"https:\\\/\\\/www.article-marketing.eu\\\/comunicatistampa\\\/e-chiamami-per-nome-il-nuovo-singolo-di-comite\\\/#respond\"]}]},{\"@type\":\"WebPage\",\"@id\":\"https:\\\/\\\/www.article-marketing.eu\\\/comunicatistampa\\\/e-chiamami-per-nome-il-nuovo-singolo-di-comite\\\/\",\"url\":\"https:\\\/\\\/www.article-marketing.eu\\\/comunicatistampa\\\/e-chiamami-per-nome-il-nuovo-singolo-di-comite\\\/\",\"name\":\"E\u2019 \u201cChiamami per nome\u201d il nuovo singolo di Comite - Article Marketing\",\"isPartOf\":{\"@id\":\"https:\\\/\\\/www.article-marketing.eu\\\/comunicatistampa\\\/#website\"},\"primaryImageOfPage\":{\"@id\":\"https:\\\/\\\/www.article-marketing.eu\\\/comunicatistampa\\\/e-chiamami-per-nome-il-nuovo-singolo-di-comite\\\/#primaryimage\"},\"image\":{\"@id\":\"https:\\\/\\\/www.article-marketing.eu\\\/comunicatistampa\\\/e-chiamami-per-nome-il-nuovo-singolo-di-comite\\\/#primaryimage\"},\"thumbnailUrl\":\"https:\\\/\\\/diffusionimusicali.org\\\/wp-content\\\/uploads\\\/2021\\\/04\\\/cover-comise-600x600.jpg\",\"datePublished\":\"2021-04-26T15:42:46+00:00\",\"dateModified\":\"2022-03-08T17:09:50+00:00\",\"author\":{\"@id\":\"https:\\\/\\\/www.article-marketing.eu\\\/comunicatistampa\\\/#\\\/schema\\\/person\\\/9beeb909be59832a9bcbec84cb3786f5\"},\"breadcrumb\":{\"@id\":\"https:\\\/\\\/www.article-marketing.eu\\\/comunicatistampa\\\/e-chiamami-per-nome-il-nuovo-singolo-di-comite\\\/#breadcrumb\"},\"inLanguage\":\"it-IT\",\"potentialAction\":[{\"@type\":\"ReadAction\",\"target\":[\"https:\\\/\\\/www.article-marketing.eu\\\/comunicatistampa\\\/e-chiamami-per-nome-il-nuovo-singolo-di-comite\\\/\"]}]},{\"@type\":\"ImageObject\",\"inLanguage\":\"it-IT\",\"@id\":\"https:\\\/\\\/www.article-marketing.eu\\\/comunicatistampa\\\/e-chiamami-per-nome-il-nuovo-singolo-di-comite\\\/#primaryimage\",\"url\":\"https:\\\/\\\/diffusionimusicali.org\\\/wp-content\\\/uploads\\\/2021\\\/04\\\/cover-comise-600x600.jpg\",\"contentUrl\":\"https:\\\/\\\/diffusionimusicali.org\\\/wp-content\\\/uploads\\\/2021\\\/04\\\/cover-comise-600x600.jpg\"},{\"@type\":\"BreadcrumbList\",\"@id\":\"https:\\\/\\\/www.article-marketing.eu\\\/comunicatistampa\\\/e-chiamami-per-nome-il-nuovo-singolo-di-comite\\\/#breadcrumb\",\"itemListElement\":[{\"@type\":\"ListItem\",\"position\":1,\"name\":\"Home\",\"item\":\"https:\\\/\\\/www.article-marketing.eu\\\/comunicatistampa\\\/\"},{\"@type\":\"ListItem\",\"position\":2,\"name\":\"E\u2019 \u201cChiamami per nome\u201d il nuovo singolo di Comite\"}]},{\"@type\":\"WebSite\",\"@id\":\"https:\\\/\\\/www.article-marketing.eu\\\/comunicatistampa\\\/#website\",\"url\":\"https:\\\/\\\/www.article-marketing.eu\\\/comunicatistampa\\\/\",\"name\":\"Article Marketing\",\"description\":\"article marketing &amp; press release\",\"potentialAction\":[{\"@type\":\"SearchAction\",\"target\":{\"@type\":\"EntryPoint\",\"urlTemplate\":\"https:\\\/\\\/www.article-marketing.eu\\\/comunicatistampa\\\/?s={search_term_string}\"},\"query-input\":{\"@type\":\"PropertyValueSpecification\",\"valueRequired\":true,\"valueName\":\"search_term_string\"}}],\"inLanguage\":\"it-IT\"},{\"@type\":\"Person\",\"@id\":\"https:\\\/\\\/www.article-marketing.eu\\\/comunicatistampa\\\/#\\\/schema\\\/person\\\/9beeb909be59832a9bcbec84cb3786f5\",\"name\":\"Micro961\",\"image\":{\"@type\":\"ImageObject\",\"inLanguage\":\"it-IT\",\"@id\":\"https:\\\/\\\/secure.gravatar.com\\\/avatar\\\/cd6f5864b85cc3687c05b2965bb186afcd70a2a89789a156c92a4f1d66e87827?s=96&d=mm&r=g\",\"url\":\"https:\\\/\\\/secure.gravatar.com\\\/avatar\\\/cd6f5864b85cc3687c05b2965bb186afcd70a2a89789a156c92a4f1d66e87827?s=96&d=mm&r=g\",\"contentUrl\":\"https:\\\/\\\/secure.gravatar.com\\\/avatar\\\/cd6f5864b85cc3687c05b2965bb186afcd70a2a89789a156c92a4f1d66e87827?s=96&d=mm&r=g\",\"caption\":\"Micro961\"},\"url\":\"https:\\\/\\\/www.article-marketing.eu\\\/comunicatistampa\\\/author\\\/micro961\\\/\"}]}<\/script>\n<!-- \/ Yoast SEO plugin. -->","yoast_head_json":{"title":"E\u2019 \u201cChiamami per nome\u201d il nuovo singolo di Comite - Article Marketing","robots":{"index":"index","follow":"follow","max-snippet":"max-snippet:-1","max-image-preview":"max-image-preview:large","max-video-preview":"max-video-preview:-1"},"canonical":"https:\/\/www.article-marketing.eu\/comunicatistampa\/e-chiamami-per-nome-il-nuovo-singolo-di-comite\/","og_locale":"it_IT","og_type":"article","og_title":"E\u2019 \u201cChiamami per nome\u201d il nuovo singolo di Comite - Article Marketing","og_description":"Un richiamo alla fragilit\u00e0 dei nostri giorni Da pi\u00f9 di un anno tutti noi ci stiamo confrontando con sentimenti quali paura, fragilit\u00e0, incertezza. Un carico di stati d&#8217;animo non facili da gestire e sopportare. Ma ci sono artisti che per fortuna ci vengono in aiuto, raccogliendo idealmente in un unico messaggio tutto questo malessere per trasformarlo in un punto di forza. E\u2019 il caso di\u00a0Comite, giovane artista calabrese, che haContinue reading...","og_url":"https:\/\/www.article-marketing.eu\/comunicatistampa\/e-chiamami-per-nome-il-nuovo-singolo-di-comite\/","og_site_name":"Article Marketing","article_published_time":"2021-04-26T15:42:46+00:00","article_modified_time":"2022-03-08T17:09:50+00:00","og_image":[{"url":"https:\/\/diffusionimusicali.org\/wp-content\/uploads\/2021\/04\/cover-comise-600x600.jpg","type":"","width":"","height":""}],"author":"Micro961","twitter_card":"summary_large_image","twitter_misc":{"Scritto da":"Micro961","Tempo di lettura stimato":"3 minuti"},"schema":{"@context":"https:\/\/schema.org","@graph":[{"@type":"Article","@id":"https:\/\/www.article-marketing.eu\/comunicatistampa\/e-chiamami-per-nome-il-nuovo-singolo-di-comite\/#article","isPartOf":{"@id":"https:\/\/www.article-marketing.eu\/comunicatistampa\/e-chiamami-per-nome-il-nuovo-singolo-di-comite\/"},"author":{"name":"Micro961","@id":"https:\/\/www.article-marketing.eu\/comunicatistampa\/#\/schema\/person\/9beeb909be59832a9bcbec84cb3786f5"},"headline":"E\u2019 \u201cChiamami per nome\u201d il nuovo singolo di Comite","datePublished":"2021-04-26T15:42:46+00:00","dateModified":"2022-03-08T17:09:50+00:00","mainEntityOfPage":{"@id":"https:\/\/www.article-marketing.eu\/comunicatistampa\/e-chiamami-per-nome-il-nuovo-singolo-di-comite\/"},"wordCount":553,"commentCount":0,"image":{"@id":"https:\/\/www.article-marketing.eu\/comunicatistampa\/e-chiamami-per-nome-il-nuovo-singolo-di-comite\/#primaryimage"},"thumbnailUrl":"https:\/\/diffusionimusicali.org\/wp-content\/uploads\/2021\/04\/cover-comise-600x600.jpg","keywords":["Chiamami","Comite","Per nome","Singolo"],"articleSection":["Musica"],"inLanguage":"it-IT","potentialAction":[{"@type":"CommentAction","name":"Comment","target":["https:\/\/www.article-marketing.eu\/comunicatistampa\/e-chiamami-per-nome-il-nuovo-singolo-di-comite\/#respond"]}]},{"@type":"WebPage","@id":"https:\/\/www.article-marketing.eu\/comunicatistampa\/e-chiamami-per-nome-il-nuovo-singolo-di-comite\/","url":"https:\/\/www.article-marketing.eu\/comunicatistampa\/e-chiamami-per-nome-il-nuovo-singolo-di-comite\/","name":"E\u2019 \u201cChiamami per nome\u201d il nuovo singolo di Comite - Article Marketing","isPartOf":{"@id":"https:\/\/www.article-marketing.eu\/comunicatistampa\/#website"},"primaryImageOfPage":{"@id":"https:\/\/www.article-marketing.eu\/comunicatistampa\/e-chiamami-per-nome-il-nuovo-singolo-di-comite\/#primaryimage"},"image":{"@id":"https:\/\/www.article-marketing.eu\/comunicatistampa\/e-chiamami-per-nome-il-nuovo-singolo-di-comite\/#primaryimage"},"thumbnailUrl":"https:\/\/diffusionimusicali.org\/wp-content\/uploads\/2021\/04\/cover-comise-600x600.jpg","datePublished":"2021-04-26T15:42:46+00:00","dateModified":"2022-03-08T17:09:50+00:00","author":{"@id":"https:\/\/www.article-marketing.eu\/comunicatistampa\/#\/schema\/person\/9beeb909be59832a9bcbec84cb3786f5"},"breadcrumb":{"@id":"https:\/\/www.article-marketing.eu\/comunicatistampa\/e-chiamami-per-nome-il-nuovo-singolo-di-comite\/#breadcrumb"},"inLanguage":"it-IT","potentialAction":[{"@type":"ReadAction","target":["https:\/\/www.article-marketing.eu\/comunicatistampa\/e-chiamami-per-nome-il-nuovo-singolo-di-comite\/"]}]},{"@type":"ImageObject","inLanguage":"it-IT","@id":"https:\/\/www.article-marketing.eu\/comunicatistampa\/e-chiamami-per-nome-il-nuovo-singolo-di-comite\/#primaryimage","url":"https:\/\/diffusionimusicali.org\/wp-content\/uploads\/2021\/04\/cover-comise-600x600.jpg","contentUrl":"https:\/\/diffusionimusicali.org\/wp-content\/uploads\/2021\/04\/cover-comise-600x600.jpg"},{"@type":"BreadcrumbList","@id":"https:\/\/www.article-marketing.eu\/comunicatistampa\/e-chiamami-per-nome-il-nuovo-singolo-di-comite\/#breadcrumb","itemListElement":[{"@type":"ListItem","position":1,"name":"Home","item":"https:\/\/www.article-marketing.eu\/comunicatistampa\/"},{"@type":"ListItem","position":2,"name":"E\u2019 \u201cChiamami per nome\u201d il nuovo singolo di Comite"}]},{"@type":"WebSite","@id":"https:\/\/www.article-marketing.eu\/comunicatistampa\/#website","url":"https:\/\/www.article-marketing.eu\/comunicatistampa\/","name":"Article Marketing","description":"article marketing &amp; press release","potentialAction":[{"@type":"SearchAction","target":{"@type":"EntryPoint","urlTemplate":"https:\/\/www.article-marketing.eu\/comunicatistampa\/?s={search_term_string}"},"query-input":{"@type":"PropertyValueSpecification","valueRequired":true,"valueName":"search_term_string"}}],"inLanguage":"it-IT"},{"@type":"Person","@id":"https:\/\/www.article-marketing.eu\/comunicatistampa\/#\/schema\/person\/9beeb909be59832a9bcbec84cb3786f5","name":"Micro961","image":{"@type":"ImageObject","inLanguage":"it-IT","@id":"https:\/\/secure.gravatar.com\/avatar\/cd6f5864b85cc3687c05b2965bb186afcd70a2a89789a156c92a4f1d66e87827?s=96&d=mm&r=g","url":"https:\/\/secure.gravatar.com\/avatar\/cd6f5864b85cc3687c05b2965bb186afcd70a2a89789a156c92a4f1d66e87827?s=96&d=mm&r=g","contentUrl":"https:\/\/secure.gravatar.com\/avatar\/cd6f5864b85cc3687c05b2965bb186afcd70a2a89789a156c92a4f1d66e87827?s=96&d=mm&r=g","caption":"Micro961"},"url":"https:\/\/www.article-marketing.eu\/comunicatistampa\/author\/micro961\/"}]}},"_links":{"self":[{"href":"https:\/\/www.article-marketing.eu\/comunicatistampa\/wp-json\/wp\/v2\/posts\/18609","targetHints":{"allow":["GET"]}}],"collection":[{"href":"https:\/\/www.article-marketing.eu\/comunicatistampa\/wp-json\/wp\/v2\/posts"}],"about":[{"href":"https:\/\/www.article-marketing.eu\/comunicatistampa\/wp-json\/wp\/v2\/types\/post"}],"author":[{"embeddable":true,"href":"https:\/\/www.article-marketing.eu\/comunicatistampa\/wp-json\/wp\/v2\/users\/1680"}],"replies":[{"embeddable":true,"href":"https:\/\/www.article-marketing.eu\/comunicatistampa\/wp-json\/wp\/v2\/comments?post=18609"}],"version-history":[{"count":2,"href":"https:\/\/www.article-marketing.eu\/comunicatistampa\/wp-json\/wp\/v2\/posts\/18609\/revisions"}],"predecessor-version":[{"id":18622,"href":"https:\/\/www.article-marketing.eu\/comunicatistampa\/wp-json\/wp\/v2\/posts\/18609\/revisions\/18622"}],"wp:attachment":[{"href":"https:\/\/www.article-marketing.eu\/comunicatistampa\/wp-json\/wp\/v2\/media?parent=18609"}],"wp:term":[{"taxonomy":"category","embeddable":true,"href":"https:\/\/www.article-marketing.eu\/comunicatistampa\/wp-json\/wp\/v2\/categories?post=18609"},{"taxonomy":"post_tag","embeddable":true,"href":"https:\/\/www.article-marketing.eu\/comunicatistampa\/wp-json\/wp\/v2\/tags?post=18609"}],"curies":[{"name":"wp","href":"https:\/\/api.w.org\/{rel}","templated":true}]}}