{"id":18671,"date":"2021-05-10T08:17:04","date_gmt":"2021-05-10T06:17:04","guid":{"rendered":"https:\/\/www.article-marketing.eu\/comunicatistampa\/?p=18671"},"modified":"2021-05-10T08:17:04","modified_gmt":"2021-05-10T06:17:04","slug":"economia-circolare-e-capitale-umano-la-chiave-per-ripartire","status":"publish","type":"post","link":"https:\/\/www.article-marketing.eu\/comunicatistampa\/economia-circolare-e-capitale-umano-la-chiave-per-ripartire\/","title":{"rendered":"Economia circolare e capitale umano: la chiave per ripartire"},"content":{"rendered":"<p><em>Giovani, quote rosa e sostenibilit\u00e0. La chiave per far ripartire il nostro Paese e renderlo pi\u00f9 competitivo \u00e8 l\u2019innovazione sostenibile che non pu\u00f2 prescindere dalle donne\u201d. <\/em>Lo sostiene <strong>Olivo Foglieni<\/strong>, a capo del <strong>Gruppo FECS<\/strong> <strong>350 milioni di fatturato, 400 dipendenti e 7 stabilimenti<\/strong> con attivit\u00e0 di import e export in <strong>100 Paesi<\/strong>, leader in Italia e in Europa nella <strong>raffinazione di metalli ferrosi e non ferrosi<\/strong>. Numeri da capogiro, ottenuti in 20 anni di attivit\u00e0, con amore, dedizione per il proprio lavoro, team e modernit\u00e0 da un Gruppo che ha puntato sullo sviluppo sostenibile, l\u2019emblema di un\u2019economia circolare perfetta che va dal rifiuto al design.<\/p>\n<p>Ospite a<strong> \u201cI venerd\u00ec dello Studio BNC\u201d<\/strong>, appuntamento online (<a href=\"http:\/\/www.studiobnc.net\/sito\/\">www.studiobnc.net\/sito\/<\/a>) con personalit\u00e0 provenienti da diversi campi che si confrontano sulle nuove sfide del futuro, dalle tecnologie pi\u00f9 avanzate alle politiche economiche, Olivo Foglieni ha spiegato: <em>\u201c20 anni fa siamo nati valorizzando tutto quello che altre imprese, anche estere, scartavano e oggi il Gruppo FECS tratta pi\u00f9 del 20% dell\u2019alluminio riciclato in Italia, attraverso un\u2019economia circolare perfetta. La capacit\u00e0 d\u2019investire sull\u2019innovazione \u00e8 fondamentale. Innovazione e sostenibilit\u00e0 delle imprese devono andare di pari passo\u201d.<\/em><\/p>\n<p>&nbsp;<\/p>\n<p>L\u2019incontro in streaming \u00e8 stato anche l\u2019occasione per fare il <strong>punto sulla situazione economica italiana<\/strong>, fortemente colpita dalla pandemia da Covid-19, e sulle azioni che le Istituzioni dovrebbero intraprendere per dare una scossa all\u2019economia. <em>\u201cMolti imprenditori &#8211; <\/em>ha detto Foglieni che \u00e8 anche Vicepresidente di Confindustria Bergamo <em>&#8211; sono visionari e c\u2019\u00e8 grande voglia di ripartire ma fare impresa oggi \u00e8 un percorso ad ostacoli, tra normative, adempimenti e burocrazia che non permettono alle imprese di raggiungere in pieno potenzialit\u00e0 e obiettivi prefissati. Siamo continuamenti sorpassati dalle altre nazioni che invece hanno una burocrazia pi\u00f9 snella. La nostra \u00e8 una rincorsa continua\u201d.<\/em><\/p>\n<p><strong>\u00a0<\/strong><\/p>\n<p>Il Gruppo FECS conta su una squadra di oltre <strong>400 dipendenti<\/strong> che punta sui <strong>giovani<\/strong> e sulle <strong>donne<\/strong>, senza trascurare la saggezza del radicamento nella storia. Uno tra i suoi pi\u00f9 stretti collaboratori \u00e8 un giovane di 22 anni, ma il consulente strategico ne ha 86 e tre donne ricoprono ruoli di grande responsabilit\u00e0 all\u2019interno del direttivo <em>\u201cperch\u00e9<\/em> &#8211; come sostiene Foglieni &#8211; <em>la saggezza \u00e8 nella storia, ma la visione \u00e8 la vera forza del Gruppo che non pu\u00f2 prescindere dalla determinazione femminile. Coniughiamo nuove maestranze con persone di grande esperienza e competenza. Innovazione, formazione e modernit\u00e0 ma anche valorizzazione del capitale umano con uno sguardo alle radici del nostro territorio e della nostra storia. Il segreto? \u00c8 vivere l\u2019azienda con amore e passione, senza non \u00e8 possibile fare industria\u201d <\/em>conclude Foglieni.<\/p>\n","protected":false},"excerpt":{"rendered":"<p>Giovani, quote rosa e sostenibilit\u00e0. La chiave per far ripartire il nostro Paese e renderlo pi\u00f9 competitivo \u00e8 l\u2019innovazione sostenibile che non pu\u00f2 prescindere dalle donne\u201d. Lo sostiene Olivo Foglieni, a capo del Gruppo FECS 350 milioni di fatturato, 400 dipendenti e 7 stabilimenti con attivit\u00e0 di import e export in 100 Paesi, leader in Italia e in Europa nella raffinazione di metalli ferrosi e non ferrosi. Numeri da capogiro,<\/p>\n<p><a class=\"continue-reading\" href=\"https:\/\/www.article-marketing.eu\/comunicatistampa\/economia-circolare-e-capitale-umano-la-chiave-per-ripartire\/\">Continue reading&#8230;<\/a><\/p>\n","protected":false},"author":1855,"featured_media":0,"comment_status":"open","ping_status":"open","sticky":false,"template":"","format":"standard","meta":{"_monsterinsights_skip_tracking":false,"_monsterinsights_sitenote_active":false,"_monsterinsights_sitenote_note":"","_monsterinsights_sitenote_category":0,"footnotes":""},"categories":[386],"tags":[7907],"class_list":["post-18671","post","type-post","status-publish","format-standard","hentry","category-economia-e-lavoro","tag-economiacircolare"],"yoast_head":"<!-- This site is optimized with the Yoast SEO plugin v27.3 - https:\/\/yoast.com\/product\/yoast-seo-wordpress\/ -->\n<title>Economia circolare e capitale umano: la chiave per ripartire<\/title>\n<meta name=\"robots\" content=\"index, follow, max-snippet:-1, max-image-preview:large, max-video-preview:-1\" \/>\n<link rel=\"canonical\" href=\"https:\/\/www.article-marketing.eu\/comunicatistampa\/economia-circolare-e-capitale-umano-la-chiave-per-ripartire\/\" \/>\n<meta property=\"og:locale\" content=\"it_IT\" \/>\n<meta property=\"og:type\" content=\"article\" \/>\n<meta property=\"og:title\" content=\"Economia circolare e capitale umano: la chiave per ripartire\" \/>\n<meta property=\"og:description\" content=\"Giovani, quote rosa e sostenibilit\u00e0. La chiave per far ripartire il nostro Paese e renderlo pi\u00f9 competitivo \u00e8 l\u2019innovazione sostenibile che non pu\u00f2 prescindere dalle donne\u201d. Lo sostiene Olivo Foglieni, a capo del Gruppo FECS 350 milioni di fatturato, 400 dipendenti e 7 stabilimenti con attivit\u00e0 di import e export in 100 Paesi, leader in Italia e in Europa nella raffinazione di metalli ferrosi e non ferrosi. Numeri da capogiro,Continue reading...\" \/>\n<meta property=\"og:url\" content=\"https:\/\/www.article-marketing.eu\/comunicatistampa\/economia-circolare-e-capitale-umano-la-chiave-per-ripartire\/\" \/>\n<meta property=\"og:site_name\" content=\"Article Marketing\" \/>\n<meta property=\"article:published_time\" content=\"2021-05-10T06:17:04+00:00\" \/>\n<meta name=\"author\" content=\"Redaclem\" \/>\n<meta name=\"twitter:card\" content=\"summary_large_image\" \/>\n<meta name=\"twitter:label1\" content=\"Scritto da\" \/>\n\t<meta name=\"twitter:data1\" content=\"Redaclem\" \/>\n\t<meta name=\"twitter:label2\" content=\"Tempo di lettura stimato\" \/>\n\t<meta name=\"twitter:data2\" content=\"2 minuti\" \/>\n<script type=\"application\/ld+json\" class=\"yoast-schema-graph\">{\"@context\":\"https:\\\/\\\/schema.org\",\"@graph\":[{\"@type\":\"Article\",\"@id\":\"https:\\\/\\\/www.article-marketing.eu\\\/comunicatistampa\\\/economia-circolare-e-capitale-umano-la-chiave-per-ripartire\\\/#article\",\"isPartOf\":{\"@id\":\"https:\\\/\\\/www.article-marketing.eu\\\/comunicatistampa\\\/economia-circolare-e-capitale-umano-la-chiave-per-ripartire\\\/\"},\"author\":{\"name\":\"Redaclem\",\"@id\":\"https:\\\/\\\/www.article-marketing.eu\\\/comunicatistampa\\\/#\\\/schema\\\/person\\\/c0aa725eee5df8460e0adf901fde0c88\"},\"headline\":\"Economia circolare e capitale umano: la chiave per ripartire\",\"datePublished\":\"2021-05-10T06:17:04+00:00\",\"mainEntityOfPage\":{\"@id\":\"https:\\\/\\\/www.article-marketing.eu\\\/comunicatistampa\\\/economia-circolare-e-capitale-umano-la-chiave-per-ripartire\\\/\"},\"wordCount\":427,\"commentCount\":0,\"keywords\":[\"#economiacircolare\"],\"articleSection\":[\"Economia e lavoro\"],\"inLanguage\":\"it-IT\",\"potentialAction\":[{\"@type\":\"CommentAction\",\"name\":\"Comment\",\"target\":[\"https:\\\/\\\/www.article-marketing.eu\\\/comunicatistampa\\\/economia-circolare-e-capitale-umano-la-chiave-per-ripartire\\\/#respond\"]}]},{\"@type\":\"WebPage\",\"@id\":\"https:\\\/\\\/www.article-marketing.eu\\\/comunicatistampa\\\/economia-circolare-e-capitale-umano-la-chiave-per-ripartire\\\/\",\"url\":\"https:\\\/\\\/www.article-marketing.eu\\\/comunicatistampa\\\/economia-circolare-e-capitale-umano-la-chiave-per-ripartire\\\/\",\"name\":\"Economia circolare e capitale umano: la chiave per ripartire\",\"isPartOf\":{\"@id\":\"https:\\\/\\\/www.article-marketing.eu\\\/comunicatistampa\\\/#website\"},\"datePublished\":\"2021-05-10T06:17:04+00:00\",\"author\":{\"@id\":\"https:\\\/\\\/www.article-marketing.eu\\\/comunicatistampa\\\/#\\\/schema\\\/person\\\/c0aa725eee5df8460e0adf901fde0c88\"},\"breadcrumb\":{\"@id\":\"https:\\\/\\\/www.article-marketing.eu\\\/comunicatistampa\\\/economia-circolare-e-capitale-umano-la-chiave-per-ripartire\\\/#breadcrumb\"},\"inLanguage\":\"it-IT\",\"potentialAction\":[{\"@type\":\"ReadAction\",\"target\":[\"https:\\\/\\\/www.article-marketing.eu\\\/comunicatistampa\\\/economia-circolare-e-capitale-umano-la-chiave-per-ripartire\\\/\"]}]},{\"@type\":\"BreadcrumbList\",\"@id\":\"https:\\\/\\\/www.article-marketing.eu\\\/comunicatistampa\\\/economia-circolare-e-capitale-umano-la-chiave-per-ripartire\\\/#breadcrumb\",\"itemListElement\":[{\"@type\":\"ListItem\",\"position\":1,\"name\":\"Home\",\"item\":\"https:\\\/\\\/www.article-marketing.eu\\\/comunicatistampa\\\/\"},{\"@type\":\"ListItem\",\"position\":2,\"name\":\"Economia circolare e capitale umano: la chiave per ripartire\"}]},{\"@type\":\"WebSite\",\"@id\":\"https:\\\/\\\/www.article-marketing.eu\\\/comunicatistampa\\\/#website\",\"url\":\"https:\\\/\\\/www.article-marketing.eu\\\/comunicatistampa\\\/\",\"name\":\"Article Marketing\",\"description\":\"article marketing &amp; press release\",\"potentialAction\":[{\"@type\":\"SearchAction\",\"target\":{\"@type\":\"EntryPoint\",\"urlTemplate\":\"https:\\\/\\\/www.article-marketing.eu\\\/comunicatistampa\\\/?s={search_term_string}\"},\"query-input\":{\"@type\":\"PropertyValueSpecification\",\"valueRequired\":true,\"valueName\":\"search_term_string\"}}],\"inLanguage\":\"it-IT\"},{\"@type\":\"Person\",\"@id\":\"https:\\\/\\\/www.article-marketing.eu\\\/comunicatistampa\\\/#\\\/schema\\\/person\\\/c0aa725eee5df8460e0adf901fde0c88\",\"name\":\"Redaclem\",\"image\":{\"@type\":\"ImageObject\",\"inLanguage\":\"it-IT\",\"@id\":\"https:\\\/\\\/secure.gravatar.com\\\/avatar\\\/4c7e41f332a0583344a91d7d39723533da9b2d0df7737c2d8c69553168c2191e?s=96&d=mm&r=g\",\"url\":\"https:\\\/\\\/secure.gravatar.com\\\/avatar\\\/4c7e41f332a0583344a91d7d39723533da9b2d0df7737c2d8c69553168c2191e?s=96&d=mm&r=g\",\"contentUrl\":\"https:\\\/\\\/secure.gravatar.com\\\/avatar\\\/4c7e41f332a0583344a91d7d39723533da9b2d0df7737c2d8c69553168c2191e?s=96&d=mm&r=g\",\"caption\":\"Redaclem\"},\"url\":\"https:\\\/\\\/www.article-marketing.eu\\\/comunicatistampa\\\/author\\\/redaclem\\\/\"}]}<\/script>\n<!-- \/ Yoast SEO plugin. -->","yoast_head_json":{"title":"Economia circolare e capitale umano: la chiave per ripartire","robots":{"index":"index","follow":"follow","max-snippet":"max-snippet:-1","max-image-preview":"max-image-preview:large","max-video-preview":"max-video-preview:-1"},"canonical":"https:\/\/www.article-marketing.eu\/comunicatistampa\/economia-circolare-e-capitale-umano-la-chiave-per-ripartire\/","og_locale":"it_IT","og_type":"article","og_title":"Economia circolare e capitale umano: la chiave per ripartire","og_description":"Giovani, quote rosa e sostenibilit\u00e0. La chiave per far ripartire il nostro Paese e renderlo pi\u00f9 competitivo \u00e8 l\u2019innovazione sostenibile che non pu\u00f2 prescindere dalle donne\u201d. Lo sostiene Olivo Foglieni, a capo del Gruppo FECS 350 milioni di fatturato, 400 dipendenti e 7 stabilimenti con attivit\u00e0 di import e export in 100 Paesi, leader in Italia e in Europa nella raffinazione di metalli ferrosi e non ferrosi. Numeri da capogiro,Continue reading...","og_url":"https:\/\/www.article-marketing.eu\/comunicatistampa\/economia-circolare-e-capitale-umano-la-chiave-per-ripartire\/","og_site_name":"Article Marketing","article_published_time":"2021-05-10T06:17:04+00:00","author":"Redaclem","twitter_card":"summary_large_image","twitter_misc":{"Scritto da":"Redaclem","Tempo di lettura stimato":"2 minuti"},"schema":{"@context":"https:\/\/schema.org","@graph":[{"@type":"Article","@id":"https:\/\/www.article-marketing.eu\/comunicatistampa\/economia-circolare-e-capitale-umano-la-chiave-per-ripartire\/#article","isPartOf":{"@id":"https:\/\/www.article-marketing.eu\/comunicatistampa\/economia-circolare-e-capitale-umano-la-chiave-per-ripartire\/"},"author":{"name":"Redaclem","@id":"https:\/\/www.article-marketing.eu\/comunicatistampa\/#\/schema\/person\/c0aa725eee5df8460e0adf901fde0c88"},"headline":"Economia circolare e capitale umano: la chiave per ripartire","datePublished":"2021-05-10T06:17:04+00:00","mainEntityOfPage":{"@id":"https:\/\/www.article-marketing.eu\/comunicatistampa\/economia-circolare-e-capitale-umano-la-chiave-per-ripartire\/"},"wordCount":427,"commentCount":0,"keywords":["#economiacircolare"],"articleSection":["Economia e lavoro"],"inLanguage":"it-IT","potentialAction":[{"@type":"CommentAction","name":"Comment","target":["https:\/\/www.article-marketing.eu\/comunicatistampa\/economia-circolare-e-capitale-umano-la-chiave-per-ripartire\/#respond"]}]},{"@type":"WebPage","@id":"https:\/\/www.article-marketing.eu\/comunicatistampa\/economia-circolare-e-capitale-umano-la-chiave-per-ripartire\/","url":"https:\/\/www.article-marketing.eu\/comunicatistampa\/economia-circolare-e-capitale-umano-la-chiave-per-ripartire\/","name":"Economia circolare e capitale umano: la chiave per ripartire","isPartOf":{"@id":"https:\/\/www.article-marketing.eu\/comunicatistampa\/#website"},"datePublished":"2021-05-10T06:17:04+00:00","author":{"@id":"https:\/\/www.article-marketing.eu\/comunicatistampa\/#\/schema\/person\/c0aa725eee5df8460e0adf901fde0c88"},"breadcrumb":{"@id":"https:\/\/www.article-marketing.eu\/comunicatistampa\/economia-circolare-e-capitale-umano-la-chiave-per-ripartire\/#breadcrumb"},"inLanguage":"it-IT","potentialAction":[{"@type":"ReadAction","target":["https:\/\/www.article-marketing.eu\/comunicatistampa\/economia-circolare-e-capitale-umano-la-chiave-per-ripartire\/"]}]},{"@type":"BreadcrumbList","@id":"https:\/\/www.article-marketing.eu\/comunicatistampa\/economia-circolare-e-capitale-umano-la-chiave-per-ripartire\/#breadcrumb","itemListElement":[{"@type":"ListItem","position":1,"name":"Home","item":"https:\/\/www.article-marketing.eu\/comunicatistampa\/"},{"@type":"ListItem","position":2,"name":"Economia circolare e capitale umano: la chiave per ripartire"}]},{"@type":"WebSite","@id":"https:\/\/www.article-marketing.eu\/comunicatistampa\/#website","url":"https:\/\/www.article-marketing.eu\/comunicatistampa\/","name":"Article Marketing","description":"article marketing &amp; press release","potentialAction":[{"@type":"SearchAction","target":{"@type":"EntryPoint","urlTemplate":"https:\/\/www.article-marketing.eu\/comunicatistampa\/?s={search_term_string}"},"query-input":{"@type":"PropertyValueSpecification","valueRequired":true,"valueName":"search_term_string"}}],"inLanguage":"it-IT"},{"@type":"Person","@id":"https:\/\/www.article-marketing.eu\/comunicatistampa\/#\/schema\/person\/c0aa725eee5df8460e0adf901fde0c88","name":"Redaclem","image":{"@type":"ImageObject","inLanguage":"it-IT","@id":"https:\/\/secure.gravatar.com\/avatar\/4c7e41f332a0583344a91d7d39723533da9b2d0df7737c2d8c69553168c2191e?s=96&d=mm&r=g","url":"https:\/\/secure.gravatar.com\/avatar\/4c7e41f332a0583344a91d7d39723533da9b2d0df7737c2d8c69553168c2191e?s=96&d=mm&r=g","contentUrl":"https:\/\/secure.gravatar.com\/avatar\/4c7e41f332a0583344a91d7d39723533da9b2d0df7737c2d8c69553168c2191e?s=96&d=mm&r=g","caption":"Redaclem"},"url":"https:\/\/www.article-marketing.eu\/comunicatistampa\/author\/redaclem\/"}]}},"_links":{"self":[{"href":"https:\/\/www.article-marketing.eu\/comunicatistampa\/wp-json\/wp\/v2\/posts\/18671","targetHints":{"allow":["GET"]}}],"collection":[{"href":"https:\/\/www.article-marketing.eu\/comunicatistampa\/wp-json\/wp\/v2\/posts"}],"about":[{"href":"https:\/\/www.article-marketing.eu\/comunicatistampa\/wp-json\/wp\/v2\/types\/post"}],"author":[{"embeddable":true,"href":"https:\/\/www.article-marketing.eu\/comunicatistampa\/wp-json\/wp\/v2\/users\/1855"}],"replies":[{"embeddable":true,"href":"https:\/\/www.article-marketing.eu\/comunicatistampa\/wp-json\/wp\/v2\/comments?post=18671"}],"version-history":[{"count":3,"href":"https:\/\/www.article-marketing.eu\/comunicatistampa\/wp-json\/wp\/v2\/posts\/18671\/revisions"}],"predecessor-version":[{"id":18712,"href":"https:\/\/www.article-marketing.eu\/comunicatistampa\/wp-json\/wp\/v2\/posts\/18671\/revisions\/18712"}],"wp:attachment":[{"href":"https:\/\/www.article-marketing.eu\/comunicatistampa\/wp-json\/wp\/v2\/media?parent=18671"}],"wp:term":[{"taxonomy":"category","embeddable":true,"href":"https:\/\/www.article-marketing.eu\/comunicatistampa\/wp-json\/wp\/v2\/categories?post=18671"},{"taxonomy":"post_tag","embeddable":true,"href":"https:\/\/www.article-marketing.eu\/comunicatistampa\/wp-json\/wp\/v2\/tags?post=18671"}],"curies":[{"name":"wp","href":"https:\/\/api.w.org\/{rel}","templated":true}]}}