{"id":18755,"date":"2021-05-12T21:56:59","date_gmt":"2021-05-12T19:56:59","guid":{"rendered":"https:\/\/www.article-marketing.eu\/comunicatistampa\/?p=18755"},"modified":"2022-03-08T18:08:51","modified_gmt":"2022-03-08T17:08:51","slug":"i-malati-immaginari-non-passa%e2%80%a8","status":"publish","type":"post","link":"https:\/\/www.article-marketing.eu\/comunicatistampa\/i-malati-immaginari-non-passa%e2%80%a8\/","title":{"rendered":"I Malati Immaginari, Non passa+\u2028"},"content":{"rendered":"<p style=\"text-align: center;\"><i>l\u2019interessante singolo del duo in promozione e su tutte le piattaforme digitali\u00a0<\/i><\/p>\n<p><img loading=\"lazy\" decoding=\"async\" class=\"aligncenter\" src=\"https:\/\/diffusionimusicali.org\/wp-content\/uploads\/2021\/05\/cover-i-malati-immaginari.jpg\" width=\"412\" height=\"412\" \/><\/p>\n<p>Sezione ritmica ossessiva, pianoforte e synth sono il tappeto volante su cui vola NON PASSA +, singolo d&#8217;esordio de I Malati Immaginari. Una storia di ossessione confusa per amore, in cui i protagonisti escono sconfitti e logorati fra incomprensioni e autodistruzione, in cui il tempo stesso si ferma lasciando i due protagonisti in un limbo eterno e senza uscita. NON PASSA + \u00e8 il perfetto biglietto da visita del duo abruzzese, che in poco pi\u00f9 di tre minuti mette in luce il mondo immaginario di Laura e Dario, la luce e la notte. Un mondo fatto di contrasti, generato da un unico spirito incarnato da due opposti, un ragazzo e una ragazza che usano la propria musica come terapia per la propria ipocondria.<\/p>\n<p><i>&#8220;NON PASSA + \u00e8 tra le prime canzoni che abbiamo scritto insieme, in sole 24 ore, da una semplice traccia di synth e due accordi&#8221;<\/i>, afferma Dario, voce, tastiera e chitarra dei Malati. &#8220;<i>Con questo brano dall&#8217;atmosfera glaciale mettiamo in luce tutti i contrasti del nostro universo Immaginario, il giorno e la notte, l&#8217;amore e l&#8217;odio, la dolcezza e la violenza, il sesso come arma ricatto<\/i>&#8220;, prosegue Dario.<\/p>\n<p>Il singolo \u00e8 stato registrato all&#8217;Arte dei Rumori Studio di Napoli, prodotto da Silvio Speranza e missato da Giovanni Roma e Silvio Speranza. \u00c8 l&#8217;apripista dell&#8217;ep Schiena contro schiena, che vedr\u00e0 la luce il prossimo autunno.<br \/>\nSpicca il sound diverso e alieno della batteria, almeno in un contesto pop, seppure dark ed electro. &#8220;<i>Ho usato i mallet e il rullante senza cordiera, per ottenere un sound profondo e cupo\u201d<\/i> &#8211; spiega la batterista Laura &#8211; \u201c<i>che poi ho sviluppato per l&#8217;intero Ep e che di fatto \u00e8 un po&#8217; il nostro marchio di fabbrica&#8221;<\/i>.<\/p>\n<p>Il video, dal forte impatto visivo, \u00e8 stato girato a Roma presso il Wallnut Studio dall&#8217;esordiente regista Antonella Violante, gi\u00e0 affermata Art Director e fotografa della vita notturna della Capitale. Notevole il lavoro su Costumi e Make Up di Gaia Colonna (Lo Chiamavano Jeeg Robot). Fotografia e Color di Samir Iacovone (spot Fendi e Bulgari).<\/p>\n<p><i>In sala le luci sono quasi sempre spente. Lasciamo accesi soltanto i minuscoli led dei pedali. Ci piace vibrare, ascoltare senza guardare. Al buio i sensi funzionano meglio, i suoni sono pi\u00f9 limpidi e vivi, il tocco pi\u00f9 preciso. Al buio la fantasia lavora senza sosta. E in quei momenti abbiamo un&#8217;unica certezza. Che non moriremo mai. Dario e Laura.\u00a0<\/i><\/p>\n<p><b>La Storia .<\/b> Questa \u00e8 una storia di amicizia eterna, sincera e silenziosa, non come quelle che raccontano nei film e nelle biografie. \u00c8 una storia romantica, poco avvincente, senza colpi di scena, tradimenti, disagio o vita difficile. \u00c8 una storia di profonda umanit\u00e0 e rispetto. \u00c8 una storia di musica. \u00c8 la storia di due ragazzi abruzzesi da poco risvegliatisi che hanno trovato la cura per le loro anime impaurite. Una storia positiva, in cui il lieto fine non \u00e8 stato ancora scritto, ma di certo con un piacevole e dolce inizio. I Malati Immaginari nascono a ottobre 2019 dall\u2019incontro di Dario e Laura. Batteria, percussioni, chitarra acustica e synth danno vita a un sound elettroacustico raffinato ed elegante.<\/p>\n<p><b>Dario e Laura<\/b>. Un&#8217;unico spirito incarnato in due corpi, un mostro a due teste dai modi gentili. Un&#8217;anima eterna che a questo giro terrestre ha scelto due veicoli biologici per compiere la propria missione. Laura come l&#8217;estensione femminile di Dario e viceversa. Un uomo e una donna nati lontani centinaia di km, con una vita confusa e senza senso. Lui immerso in un perenne trasloco tra Napoli, Bologna e Roma, sempre a inseguire i treni degli altri. Lei immobile e ferma in Abruzzo, in attesa del ricongiungimento con il suo alter ego, in attesa di un treno che non passa mai.<\/p>\n<p>LINK SOCIAL<br \/>\n<a href=\"http:\/\/www.instagram.com\/i_malati_immaginari\">www.instagram.com\/i_malati_immaginari<\/a><br \/>\n<a href=\"http:\/\/www.facebook.com\/imalatiimmaginari\">www.facebook.com\/imalatiimmaginari<\/a><br \/>\n<a href=\"https:\/\/youtube.com\/channel\/UCbg9AdOtYORDHhX9oVKhq6A\">https:\/\/youtube.com\/channel\/UCbg9AdOtYORDHhX9oVKhq6A<\/a><\/p>\n<p>Biografia Completa<\/p>\n<p><b><i>Press, radio, Tv Agency<br \/>\nDCOD Communication By GB Play<br \/>\n<\/i><\/b>promoradio@dcodcommunication.it<br \/>\npromostampa@dcodcommunication.it<\/p>\n","protected":false},"excerpt":{"rendered":"<p>l\u2019interessante singolo del duo in promozione e su tutte le piattaforme digitali\u00a0 Sezione ritmica ossessiva, pianoforte e synth sono il tappeto volante su cui vola NON PASSA +, singolo d&#8217;esordio de I Malati Immaginari. Una storia di ossessione confusa per amore, in cui i protagonisti escono sconfitti e logorati fra incomprensioni e autodistruzione, in cui il tempo stesso si ferma lasciando i due protagonisti in un limbo eterno e senza<\/p>\n<p><a class=\"continue-reading\" href=\"https:\/\/www.article-marketing.eu\/comunicatistampa\/i-malati-immaginari-non-passa%e2%80%a8\/\">Continue reading&#8230;<\/a><\/p>\n","protected":false},"author":1680,"featured_media":0,"comment_status":"open","ping_status":"open","sticky":false,"template":"","format":"standard","meta":{"_monsterinsights_skip_tracking":false,"_monsterinsights_sitenote_active":false,"_monsterinsights_sitenote_note":"","_monsterinsights_sitenote_category":0,"footnotes":""},"categories":[411],"tags":[7929,4172,7930,3522],"class_list":["post-18755","post","type-post","status-publish","format-standard","hentry","category-musica","tag-i-malati-immaginari","tag-news","tag-non-passa","tag-singolo"],"yoast_head":"<!-- This site is optimized with the Yoast SEO plugin v27.3 - https:\/\/yoast.com\/product\/yoast-seo-wordpress\/ -->\n<title>I Malati Immaginari, Non passa+\u2028 - Article Marketing<\/title>\n<meta name=\"robots\" content=\"index, follow, max-snippet:-1, max-image-preview:large, max-video-preview:-1\" \/>\n<link rel=\"canonical\" href=\"https:\/\/www.article-marketing.eu\/comunicatistampa\/i-malati-immaginari-non-passa\u2028\/\" \/>\n<meta property=\"og:locale\" content=\"it_IT\" \/>\n<meta property=\"og:type\" content=\"article\" \/>\n<meta property=\"og:title\" content=\"I Malati Immaginari, Non passa+\u2028 - Article Marketing\" \/>\n<meta property=\"og:description\" content=\"l\u2019interessante singolo del duo in promozione e su tutte le piattaforme digitali\u00a0 Sezione ritmica ossessiva, pianoforte e synth sono il tappeto volante su cui vola NON PASSA +, singolo d&#8217;esordio de I Malati Immaginari. Una storia di ossessione confusa per amore, in cui i protagonisti escono sconfitti e logorati fra incomprensioni e autodistruzione, in cui il tempo stesso si ferma lasciando i due protagonisti in un limbo eterno e senzaContinue reading...\" \/>\n<meta property=\"og:url\" content=\"https:\/\/www.article-marketing.eu\/comunicatistampa\/i-malati-immaginari-non-passa\u2028\/\" \/>\n<meta property=\"og:site_name\" content=\"Article Marketing\" \/>\n<meta property=\"article:published_time\" content=\"2021-05-12T19:56:59+00:00\" \/>\n<meta property=\"article:modified_time\" content=\"2022-03-08T17:08:51+00:00\" \/>\n<meta property=\"og:image\" content=\"https:\/\/diffusionimusicali.org\/wp-content\/uploads\/2021\/05\/cover-i-malati-immaginari.jpg\" \/>\n<meta name=\"author\" content=\"Micro961\" \/>\n<meta name=\"twitter:card\" content=\"summary_large_image\" \/>\n<meta name=\"twitter:label1\" content=\"Scritto da\" \/>\n\t<meta name=\"twitter:data1\" content=\"Micro961\" \/>\n\t<meta name=\"twitter:label2\" content=\"Tempo di lettura stimato\" \/>\n\t<meta name=\"twitter:data2\" content=\"3 minuti\" \/>\n<script type=\"application\/ld+json\" class=\"yoast-schema-graph\">{\"@context\":\"https:\\\/\\\/schema.org\",\"@graph\":[{\"@type\":\"Article\",\"@id\":\"https:\\\/\\\/www.article-marketing.eu\\\/comunicatistampa\\\/i-malati-immaginari-non-passa%e2%80%a8\\\/#article\",\"isPartOf\":{\"@id\":\"https:\\\/\\\/www.article-marketing.eu\\\/comunicatistampa\\\/i-malati-immaginari-non-passa%e2%80%a8\\\/\"},\"author\":{\"name\":\"Micro961\",\"@id\":\"https:\\\/\\\/www.article-marketing.eu\\\/comunicatistampa\\\/#\\\/schema\\\/person\\\/9beeb909be59832a9bcbec84cb3786f5\"},\"headline\":\"I Malati Immaginari, Non passa+\\u2028\",\"datePublished\":\"2021-05-12T19:56:59+00:00\",\"dateModified\":\"2022-03-08T17:08:51+00:00\",\"mainEntityOfPage\":{\"@id\":\"https:\\\/\\\/www.article-marketing.eu\\\/comunicatistampa\\\/i-malati-immaginari-non-passa%e2%80%a8\\\/\"},\"wordCount\":659,\"commentCount\":0,\"image\":{\"@id\":\"https:\\\/\\\/www.article-marketing.eu\\\/comunicatistampa\\\/i-malati-immaginari-non-passa%e2%80%a8\\\/#primaryimage\"},\"thumbnailUrl\":\"https:\\\/\\\/diffusionimusicali.org\\\/wp-content\\\/uploads\\\/2021\\\/05\\\/cover-i-malati-immaginari.jpg\",\"keywords\":[\"I Malati immaginari\",\"News\",\"Non passa+\",\"Singolo\"],\"articleSection\":[\"Musica\"],\"inLanguage\":\"it-IT\",\"potentialAction\":[{\"@type\":\"CommentAction\",\"name\":\"Comment\",\"target\":[\"https:\\\/\\\/www.article-marketing.eu\\\/comunicatistampa\\\/i-malati-immaginari-non-passa%e2%80%a8\\\/#respond\"]}]},{\"@type\":\"WebPage\",\"@id\":\"https:\\\/\\\/www.article-marketing.eu\\\/comunicatistampa\\\/i-malati-immaginari-non-passa%e2%80%a8\\\/\",\"url\":\"https:\\\/\\\/www.article-marketing.eu\\\/comunicatistampa\\\/i-malati-immaginari-non-passa%e2%80%a8\\\/\",\"name\":\"I Malati Immaginari, Non passa+\\u2028 - Article Marketing\",\"isPartOf\":{\"@id\":\"https:\\\/\\\/www.article-marketing.eu\\\/comunicatistampa\\\/#website\"},\"primaryImageOfPage\":{\"@id\":\"https:\\\/\\\/www.article-marketing.eu\\\/comunicatistampa\\\/i-malati-immaginari-non-passa%e2%80%a8\\\/#primaryimage\"},\"image\":{\"@id\":\"https:\\\/\\\/www.article-marketing.eu\\\/comunicatistampa\\\/i-malati-immaginari-non-passa%e2%80%a8\\\/#primaryimage\"},\"thumbnailUrl\":\"https:\\\/\\\/diffusionimusicali.org\\\/wp-content\\\/uploads\\\/2021\\\/05\\\/cover-i-malati-immaginari.jpg\",\"datePublished\":\"2021-05-12T19:56:59+00:00\",\"dateModified\":\"2022-03-08T17:08:51+00:00\",\"author\":{\"@id\":\"https:\\\/\\\/www.article-marketing.eu\\\/comunicatistampa\\\/#\\\/schema\\\/person\\\/9beeb909be59832a9bcbec84cb3786f5\"},\"breadcrumb\":{\"@id\":\"https:\\\/\\\/www.article-marketing.eu\\\/comunicatistampa\\\/i-malati-immaginari-non-passa%e2%80%a8\\\/#breadcrumb\"},\"inLanguage\":\"it-IT\",\"potentialAction\":[{\"@type\":\"ReadAction\",\"target\":[\"https:\\\/\\\/www.article-marketing.eu\\\/comunicatistampa\\\/i-malati-immaginari-non-passa%e2%80%a8\\\/\"]}]},{\"@type\":\"ImageObject\",\"inLanguage\":\"it-IT\",\"@id\":\"https:\\\/\\\/www.article-marketing.eu\\\/comunicatistampa\\\/i-malati-immaginari-non-passa%e2%80%a8\\\/#primaryimage\",\"url\":\"https:\\\/\\\/diffusionimusicali.org\\\/wp-content\\\/uploads\\\/2021\\\/05\\\/cover-i-malati-immaginari.jpg\",\"contentUrl\":\"https:\\\/\\\/diffusionimusicali.org\\\/wp-content\\\/uploads\\\/2021\\\/05\\\/cover-i-malati-immaginari.jpg\"},{\"@type\":\"BreadcrumbList\",\"@id\":\"https:\\\/\\\/www.article-marketing.eu\\\/comunicatistampa\\\/i-malati-immaginari-non-passa%e2%80%a8\\\/#breadcrumb\",\"itemListElement\":[{\"@type\":\"ListItem\",\"position\":1,\"name\":\"Home\",\"item\":\"https:\\\/\\\/www.article-marketing.eu\\\/comunicatistampa\\\/\"},{\"@type\":\"ListItem\",\"position\":2,\"name\":\"I Malati Immaginari, Non passa+\\u2028\"}]},{\"@type\":\"WebSite\",\"@id\":\"https:\\\/\\\/www.article-marketing.eu\\\/comunicatistampa\\\/#website\",\"url\":\"https:\\\/\\\/www.article-marketing.eu\\\/comunicatistampa\\\/\",\"name\":\"Article Marketing\",\"description\":\"article marketing &amp; press release\",\"potentialAction\":[{\"@type\":\"SearchAction\",\"target\":{\"@type\":\"EntryPoint\",\"urlTemplate\":\"https:\\\/\\\/www.article-marketing.eu\\\/comunicatistampa\\\/?s={search_term_string}\"},\"query-input\":{\"@type\":\"PropertyValueSpecification\",\"valueRequired\":true,\"valueName\":\"search_term_string\"}}],\"inLanguage\":\"it-IT\"},{\"@type\":\"Person\",\"@id\":\"https:\\\/\\\/www.article-marketing.eu\\\/comunicatistampa\\\/#\\\/schema\\\/person\\\/9beeb909be59832a9bcbec84cb3786f5\",\"name\":\"Micro961\",\"image\":{\"@type\":\"ImageObject\",\"inLanguage\":\"it-IT\",\"@id\":\"https:\\\/\\\/secure.gravatar.com\\\/avatar\\\/cd6f5864b85cc3687c05b2965bb186afcd70a2a89789a156c92a4f1d66e87827?s=96&d=mm&r=g\",\"url\":\"https:\\\/\\\/secure.gravatar.com\\\/avatar\\\/cd6f5864b85cc3687c05b2965bb186afcd70a2a89789a156c92a4f1d66e87827?s=96&d=mm&r=g\",\"contentUrl\":\"https:\\\/\\\/secure.gravatar.com\\\/avatar\\\/cd6f5864b85cc3687c05b2965bb186afcd70a2a89789a156c92a4f1d66e87827?s=96&d=mm&r=g\",\"caption\":\"Micro961\"},\"url\":\"https:\\\/\\\/www.article-marketing.eu\\\/comunicatistampa\\\/author\\\/micro961\\\/\"}]}<\/script>\n<!-- \/ Yoast SEO plugin. -->","yoast_head_json":{"title":"I Malati Immaginari, Non passa+\u2028 - Article Marketing","robots":{"index":"index","follow":"follow","max-snippet":"max-snippet:-1","max-image-preview":"max-image-preview:large","max-video-preview":"max-video-preview:-1"},"canonical":"https:\/\/www.article-marketing.eu\/comunicatistampa\/i-malati-immaginari-non-passa\u2028\/","og_locale":"it_IT","og_type":"article","og_title":"I Malati Immaginari, Non passa+\u2028 - Article Marketing","og_description":"l\u2019interessante singolo del duo in promozione e su tutte le piattaforme digitali\u00a0 Sezione ritmica ossessiva, pianoforte e synth sono il tappeto volante su cui vola NON PASSA +, singolo d&#8217;esordio de I Malati Immaginari. Una storia di ossessione confusa per amore, in cui i protagonisti escono sconfitti e logorati fra incomprensioni e autodistruzione, in cui il tempo stesso si ferma lasciando i due protagonisti in un limbo eterno e senzaContinue reading...","og_url":"https:\/\/www.article-marketing.eu\/comunicatistampa\/i-malati-immaginari-non-passa\u2028\/","og_site_name":"Article Marketing","article_published_time":"2021-05-12T19:56:59+00:00","article_modified_time":"2022-03-08T17:08:51+00:00","og_image":[{"url":"https:\/\/diffusionimusicali.org\/wp-content\/uploads\/2021\/05\/cover-i-malati-immaginari.jpg","type":"","width":"","height":""}],"author":"Micro961","twitter_card":"summary_large_image","twitter_misc":{"Scritto da":"Micro961","Tempo di lettura stimato":"3 minuti"},"schema":{"@context":"https:\/\/schema.org","@graph":[{"@type":"Article","@id":"https:\/\/www.article-marketing.eu\/comunicatistampa\/i-malati-immaginari-non-passa%e2%80%a8\/#article","isPartOf":{"@id":"https:\/\/www.article-marketing.eu\/comunicatistampa\/i-malati-immaginari-non-passa%e2%80%a8\/"},"author":{"name":"Micro961","@id":"https:\/\/www.article-marketing.eu\/comunicatistampa\/#\/schema\/person\/9beeb909be59832a9bcbec84cb3786f5"},"headline":"I Malati Immaginari, Non passa+\u2028","datePublished":"2021-05-12T19:56:59+00:00","dateModified":"2022-03-08T17:08:51+00:00","mainEntityOfPage":{"@id":"https:\/\/www.article-marketing.eu\/comunicatistampa\/i-malati-immaginari-non-passa%e2%80%a8\/"},"wordCount":659,"commentCount":0,"image":{"@id":"https:\/\/www.article-marketing.eu\/comunicatistampa\/i-malati-immaginari-non-passa%e2%80%a8\/#primaryimage"},"thumbnailUrl":"https:\/\/diffusionimusicali.org\/wp-content\/uploads\/2021\/05\/cover-i-malati-immaginari.jpg","keywords":["I Malati immaginari","News","Non passa+","Singolo"],"articleSection":["Musica"],"inLanguage":"it-IT","potentialAction":[{"@type":"CommentAction","name":"Comment","target":["https:\/\/www.article-marketing.eu\/comunicatistampa\/i-malati-immaginari-non-passa%e2%80%a8\/#respond"]}]},{"@type":"WebPage","@id":"https:\/\/www.article-marketing.eu\/comunicatistampa\/i-malati-immaginari-non-passa%e2%80%a8\/","url":"https:\/\/www.article-marketing.eu\/comunicatistampa\/i-malati-immaginari-non-passa%e2%80%a8\/","name":"I Malati Immaginari, Non passa+\u2028 - Article Marketing","isPartOf":{"@id":"https:\/\/www.article-marketing.eu\/comunicatistampa\/#website"},"primaryImageOfPage":{"@id":"https:\/\/www.article-marketing.eu\/comunicatistampa\/i-malati-immaginari-non-passa%e2%80%a8\/#primaryimage"},"image":{"@id":"https:\/\/www.article-marketing.eu\/comunicatistampa\/i-malati-immaginari-non-passa%e2%80%a8\/#primaryimage"},"thumbnailUrl":"https:\/\/diffusionimusicali.org\/wp-content\/uploads\/2021\/05\/cover-i-malati-immaginari.jpg","datePublished":"2021-05-12T19:56:59+00:00","dateModified":"2022-03-08T17:08:51+00:00","author":{"@id":"https:\/\/www.article-marketing.eu\/comunicatistampa\/#\/schema\/person\/9beeb909be59832a9bcbec84cb3786f5"},"breadcrumb":{"@id":"https:\/\/www.article-marketing.eu\/comunicatistampa\/i-malati-immaginari-non-passa%e2%80%a8\/#breadcrumb"},"inLanguage":"it-IT","potentialAction":[{"@type":"ReadAction","target":["https:\/\/www.article-marketing.eu\/comunicatistampa\/i-malati-immaginari-non-passa%e2%80%a8\/"]}]},{"@type":"ImageObject","inLanguage":"it-IT","@id":"https:\/\/www.article-marketing.eu\/comunicatistampa\/i-malati-immaginari-non-passa%e2%80%a8\/#primaryimage","url":"https:\/\/diffusionimusicali.org\/wp-content\/uploads\/2021\/05\/cover-i-malati-immaginari.jpg","contentUrl":"https:\/\/diffusionimusicali.org\/wp-content\/uploads\/2021\/05\/cover-i-malati-immaginari.jpg"},{"@type":"BreadcrumbList","@id":"https:\/\/www.article-marketing.eu\/comunicatistampa\/i-malati-immaginari-non-passa%e2%80%a8\/#breadcrumb","itemListElement":[{"@type":"ListItem","position":1,"name":"Home","item":"https:\/\/www.article-marketing.eu\/comunicatistampa\/"},{"@type":"ListItem","position":2,"name":"I Malati Immaginari, Non passa+\u2028"}]},{"@type":"WebSite","@id":"https:\/\/www.article-marketing.eu\/comunicatistampa\/#website","url":"https:\/\/www.article-marketing.eu\/comunicatistampa\/","name":"Article Marketing","description":"article marketing &amp; press release","potentialAction":[{"@type":"SearchAction","target":{"@type":"EntryPoint","urlTemplate":"https:\/\/www.article-marketing.eu\/comunicatistampa\/?s={search_term_string}"},"query-input":{"@type":"PropertyValueSpecification","valueRequired":true,"valueName":"search_term_string"}}],"inLanguage":"it-IT"},{"@type":"Person","@id":"https:\/\/www.article-marketing.eu\/comunicatistampa\/#\/schema\/person\/9beeb909be59832a9bcbec84cb3786f5","name":"Micro961","image":{"@type":"ImageObject","inLanguage":"it-IT","@id":"https:\/\/secure.gravatar.com\/avatar\/cd6f5864b85cc3687c05b2965bb186afcd70a2a89789a156c92a4f1d66e87827?s=96&d=mm&r=g","url":"https:\/\/secure.gravatar.com\/avatar\/cd6f5864b85cc3687c05b2965bb186afcd70a2a89789a156c92a4f1d66e87827?s=96&d=mm&r=g","contentUrl":"https:\/\/secure.gravatar.com\/avatar\/cd6f5864b85cc3687c05b2965bb186afcd70a2a89789a156c92a4f1d66e87827?s=96&d=mm&r=g","caption":"Micro961"},"url":"https:\/\/www.article-marketing.eu\/comunicatistampa\/author\/micro961\/"}]}},"_links":{"self":[{"href":"https:\/\/www.article-marketing.eu\/comunicatistampa\/wp-json\/wp\/v2\/posts\/18755","targetHints":{"allow":["GET"]}}],"collection":[{"href":"https:\/\/www.article-marketing.eu\/comunicatistampa\/wp-json\/wp\/v2\/posts"}],"about":[{"href":"https:\/\/www.article-marketing.eu\/comunicatistampa\/wp-json\/wp\/v2\/types\/post"}],"author":[{"embeddable":true,"href":"https:\/\/www.article-marketing.eu\/comunicatistampa\/wp-json\/wp\/v2\/users\/1680"}],"replies":[{"embeddable":true,"href":"https:\/\/www.article-marketing.eu\/comunicatistampa\/wp-json\/wp\/v2\/comments?post=18755"}],"version-history":[{"count":3,"href":"https:\/\/www.article-marketing.eu\/comunicatistampa\/wp-json\/wp\/v2\/posts\/18755\/revisions"}],"predecessor-version":[{"id":18776,"href":"https:\/\/www.article-marketing.eu\/comunicatistampa\/wp-json\/wp\/v2\/posts\/18755\/revisions\/18776"}],"wp:attachment":[{"href":"https:\/\/www.article-marketing.eu\/comunicatistampa\/wp-json\/wp\/v2\/media?parent=18755"}],"wp:term":[{"taxonomy":"category","embeddable":true,"href":"https:\/\/www.article-marketing.eu\/comunicatistampa\/wp-json\/wp\/v2\/categories?post=18755"},{"taxonomy":"post_tag","embeddable":true,"href":"https:\/\/www.article-marketing.eu\/comunicatistampa\/wp-json\/wp\/v2\/tags?post=18755"}],"curies":[{"name":"wp","href":"https:\/\/api.w.org\/{rel}","templated":true}]}}