{"id":18778,"date":"2021-05-24T12:18:19","date_gmt":"2021-05-24T10:18:19","guid":{"rendered":"https:\/\/www.article-marketing.eu\/comunicatistampa\/?p=18778"},"modified":"2021-05-24T12:18:19","modified_gmt":"2021-05-24T10:18:19","slug":"la-decisione-sul-coprifuoco-blocca-il-turismo-4-milioni-di-italiani-partiranno-solo-se-sara-eliminato","status":"publish","type":"post","link":"https:\/\/www.article-marketing.eu\/comunicatistampa\/la-decisione-sul-coprifuoco-blocca-il-turismo-4-milioni-di-italiani-partiranno-solo-se-sara-eliminato\/","title":{"rendered":"La decisione sul coprifuoco blocca il turismo: 4 milioni di italiani partiranno solo se sar\u00e0 eliminato"},"content":{"rendered":"<p>Si inizia a parlare di vacanze, ma sono ancora molte le incognite sulla prossima stagione estiva, prima fra tutte il coprifuoco: proprio a causa di questa norma quasi <strong>4 milioni di italiani non hanno ancora deciso se fare le ferie o se restare a casa<\/strong> e solo se la limitazione verr\u00e0 eliminata partiranno. Il dato arriva dall\u2019indagine commissionata da <strong><a href=\"https:\/\/www.facile.it\/\">Facile.it<\/a><\/strong> e realizzata da mUp Research e Norstat su un campione rappresentativo della popolazione nazionale*.<\/p>\n<p>Dalla decisione del Governo su questa limitazione potrebbe quindi dipendere, almeno in parte, il <strong>bilancio della stagione estiva 2021<\/strong> per il settore turistico, comparto che \u00e8 stato gi\u00e0 pesantemente colpito dalla pandemia: secondo i dati di Assoturismo, nel 2020 la perdita economica per l\u2019intero settore, considerando il totale consumi turistici interni, \u00e8 stimata intorno ai <strong>240 milioni di euro al giorno<\/strong>.<\/p>\n<p>Guardando pi\u00f9 da vicino il campione di rispondenti che, se confermato il coprifuoco, non far\u00e0 le vacanze, emerge che i pi\u00f9 preoccupati dalle limitazioni d\u2019orario sono risultati essere gli <strong>uomini<\/strong> (40,8% rispetto al 29,3% del campione femminile).<\/p>\n<p>Analizzando i rispondenti su base geografica, invece, i pi\u00f9 condizionati dalla presenza del coprifuoco sono risultati essere i residenti nelle regioni del <strong>Nord Est<\/strong> (43,1%) e del <strong>Nord Ovest<\/strong> (37,9%).<\/p>\n<p><em>Nota metodologica: l\u2019indagine \u00e8 stata svolta tra il 29 aprile ed il 3 maggio 2021 attraverso la somministrazione di n.1.012 interviste CAWI con ad un campione di individui in et\u00e0 compresa fra 18 e 74 anni, rappresentativo della popolazione italiana adulta residente sull\u2019intero territorio nazionale.<\/em><\/p>\n","protected":false},"excerpt":{"rendered":"<p>Si inizia a parlare di vacanze, ma sono ancora molte le incognite sulla prossima stagione estiva, prima fra tutte il coprifuoco: proprio a causa di questa norma quasi 4 milioni di italiani non hanno ancora deciso se fare le ferie o se restare a casa e solo se la limitazione verr\u00e0 eliminata partiranno. Il dato arriva dall\u2019indagine commissionata da Facile.it e realizzata da mUp Research e Norstat su un campione<\/p>\n<p><a class=\"continue-reading\" href=\"https:\/\/www.article-marketing.eu\/comunicatistampa\/la-decisione-sul-coprifuoco-blocca-il-turismo-4-milioni-di-italiani-partiranno-solo-se-sara-eliminato\/\">Continue reading&#8230;<\/a><\/p>\n","protected":false},"author":62,"featured_media":0,"comment_status":"open","ping_status":"open","sticky":false,"template":"","format":"standard","meta":{"_monsterinsights_skip_tracking":false,"_monsterinsights_sitenote_active":false,"_monsterinsights_sitenote_note":"","_monsterinsights_sitenote_category":0,"footnotes":""},"categories":[386,346],"tags":[6082,7933,555,233,870,235],"class_list":["post-18778","post","type-post","status-publish","format-standard","hentry","category-economia-e-lavoro","category-viaggi-e-turismo","tag-covid","tag-coprifuoco","tag-facile-it","tag-turismo","tag-vacanze","tag-viaggi"],"yoast_head":"<!-- This site is optimized with the Yoast SEO plugin v27.3 - https:\/\/yoast.com\/product\/yoast-seo-wordpress\/ -->\n<title>La decisione sul coprifuoco blocca il turismo: 4 milioni di italiani partiranno solo se sar\u00e0 eliminato<\/title>\n<meta name=\"robots\" content=\"index, follow, max-snippet:-1, max-image-preview:large, max-video-preview:-1\" \/>\n<link rel=\"canonical\" href=\"https:\/\/www.article-marketing.eu\/comunicatistampa\/la-decisione-sul-coprifuoco-blocca-il-turismo-4-milioni-di-italiani-partiranno-solo-se-sara-eliminato\/\" \/>\n<meta property=\"og:locale\" content=\"it_IT\" \/>\n<meta property=\"og:type\" content=\"article\" \/>\n<meta property=\"og:title\" content=\"La decisione sul coprifuoco blocca il turismo: 4 milioni di italiani partiranno solo se sar\u00e0 eliminato\" \/>\n<meta property=\"og:description\" content=\"Si inizia a parlare di vacanze, ma sono ancora molte le incognite sulla prossima stagione estiva, prima fra tutte il coprifuoco: proprio a causa di questa norma quasi 4 milioni di italiani non hanno ancora deciso se fare le ferie o se restare a casa e solo se la limitazione verr\u00e0 eliminata partiranno. Il dato arriva dall\u2019indagine commissionata da Facile.it e realizzata da mUp Research e Norstat su un campioneContinue reading...\" \/>\n<meta property=\"og:url\" content=\"https:\/\/www.article-marketing.eu\/comunicatistampa\/la-decisione-sul-coprifuoco-blocca-il-turismo-4-milioni-di-italiani-partiranno-solo-se-sara-eliminato\/\" \/>\n<meta property=\"og:site_name\" content=\"Article Marketing\" \/>\n<meta property=\"article:published_time\" content=\"2021-05-24T10:18:19+00:00\" \/>\n<meta name=\"author\" content=\"Facile.it\" \/>\n<meta name=\"twitter:card\" content=\"summary_large_image\" \/>\n<meta name=\"twitter:label1\" content=\"Scritto da\" \/>\n\t<meta name=\"twitter:data1\" content=\"Facile.it\" \/>\n\t<meta name=\"twitter:label2\" content=\"Tempo di lettura stimato\" \/>\n\t<meta name=\"twitter:data2\" content=\"2 minuti\" \/>\n<script type=\"application\/ld+json\" class=\"yoast-schema-graph\">{\"@context\":\"https:\\\/\\\/schema.org\",\"@graph\":[{\"@type\":\"Article\",\"@id\":\"https:\\\/\\\/www.article-marketing.eu\\\/comunicatistampa\\\/la-decisione-sul-coprifuoco-blocca-il-turismo-4-milioni-di-italiani-partiranno-solo-se-sara-eliminato\\\/#article\",\"isPartOf\":{\"@id\":\"https:\\\/\\\/www.article-marketing.eu\\\/comunicatistampa\\\/la-decisione-sul-coprifuoco-blocca-il-turismo-4-milioni-di-italiani-partiranno-solo-se-sara-eliminato\\\/\"},\"author\":{\"name\":\"Facile.it\",\"@id\":\"https:\\\/\\\/www.article-marketing.eu\\\/comunicatistampa\\\/#\\\/schema\\\/person\\\/1deca6d9e0cf173abfe76a90ef261a2a\"},\"headline\":\"La decisione sul coprifuoco blocca il turismo: 4 milioni di italiani partiranno solo se sar\u00e0 eliminato\",\"datePublished\":\"2021-05-24T10:18:19+00:00\",\"mainEntityOfPage\":{\"@id\":\"https:\\\/\\\/www.article-marketing.eu\\\/comunicatistampa\\\/la-decisione-sul-coprifuoco-blocca-il-turismo-4-milioni-di-italiani-partiranno-solo-se-sara-eliminato\\\/\"},\"wordCount\":252,\"commentCount\":0,\"keywords\":[\"#covid\",\"coprifuoco\",\"facile.it\",\"Turismo\",\"vacanze\",\"viaggi\"],\"articleSection\":[\"Economia e lavoro\",\"Viaggi e turismo\"],\"inLanguage\":\"it-IT\",\"potentialAction\":[{\"@type\":\"CommentAction\",\"name\":\"Comment\",\"target\":[\"https:\\\/\\\/www.article-marketing.eu\\\/comunicatistampa\\\/la-decisione-sul-coprifuoco-blocca-il-turismo-4-milioni-di-italiani-partiranno-solo-se-sara-eliminato\\\/#respond\"]}]},{\"@type\":\"WebPage\",\"@id\":\"https:\\\/\\\/www.article-marketing.eu\\\/comunicatistampa\\\/la-decisione-sul-coprifuoco-blocca-il-turismo-4-milioni-di-italiani-partiranno-solo-se-sara-eliminato\\\/\",\"url\":\"https:\\\/\\\/www.article-marketing.eu\\\/comunicatistampa\\\/la-decisione-sul-coprifuoco-blocca-il-turismo-4-milioni-di-italiani-partiranno-solo-se-sara-eliminato\\\/\",\"name\":\"La decisione sul coprifuoco blocca il turismo: 4 milioni di italiani partiranno solo se sar\u00e0 eliminato\",\"isPartOf\":{\"@id\":\"https:\\\/\\\/www.article-marketing.eu\\\/comunicatistampa\\\/#website\"},\"datePublished\":\"2021-05-24T10:18:19+00:00\",\"author\":{\"@id\":\"https:\\\/\\\/www.article-marketing.eu\\\/comunicatistampa\\\/#\\\/schema\\\/person\\\/1deca6d9e0cf173abfe76a90ef261a2a\"},\"breadcrumb\":{\"@id\":\"https:\\\/\\\/www.article-marketing.eu\\\/comunicatistampa\\\/la-decisione-sul-coprifuoco-blocca-il-turismo-4-milioni-di-italiani-partiranno-solo-se-sara-eliminato\\\/#breadcrumb\"},\"inLanguage\":\"it-IT\",\"potentialAction\":[{\"@type\":\"ReadAction\",\"target\":[\"https:\\\/\\\/www.article-marketing.eu\\\/comunicatistampa\\\/la-decisione-sul-coprifuoco-blocca-il-turismo-4-milioni-di-italiani-partiranno-solo-se-sara-eliminato\\\/\"]}]},{\"@type\":\"BreadcrumbList\",\"@id\":\"https:\\\/\\\/www.article-marketing.eu\\\/comunicatistampa\\\/la-decisione-sul-coprifuoco-blocca-il-turismo-4-milioni-di-italiani-partiranno-solo-se-sara-eliminato\\\/#breadcrumb\",\"itemListElement\":[{\"@type\":\"ListItem\",\"position\":1,\"name\":\"Home\",\"item\":\"https:\\\/\\\/www.article-marketing.eu\\\/comunicatistampa\\\/\"},{\"@type\":\"ListItem\",\"position\":2,\"name\":\"La decisione sul coprifuoco blocca il turismo: 4 milioni di italiani partiranno solo se sar\u00e0 eliminato\"}]},{\"@type\":\"WebSite\",\"@id\":\"https:\\\/\\\/www.article-marketing.eu\\\/comunicatistampa\\\/#website\",\"url\":\"https:\\\/\\\/www.article-marketing.eu\\\/comunicatistampa\\\/\",\"name\":\"Article Marketing\",\"description\":\"article marketing &amp; press release\",\"potentialAction\":[{\"@type\":\"SearchAction\",\"target\":{\"@type\":\"EntryPoint\",\"urlTemplate\":\"https:\\\/\\\/www.article-marketing.eu\\\/comunicatistampa\\\/?s={search_term_string}\"},\"query-input\":{\"@type\":\"PropertyValueSpecification\",\"valueRequired\":true,\"valueName\":\"search_term_string\"}}],\"inLanguage\":\"it-IT\"},{\"@type\":\"Person\",\"@id\":\"https:\\\/\\\/www.article-marketing.eu\\\/comunicatistampa\\\/#\\\/schema\\\/person\\\/1deca6d9e0cf173abfe76a90ef261a2a\",\"name\":\"Facile.it\",\"image\":{\"@type\":\"ImageObject\",\"inLanguage\":\"it-IT\",\"@id\":\"https:\\\/\\\/secure.gravatar.com\\\/avatar\\\/2623775dfcd174bde1a788a4bc028e9035747fa40886953f4954f56c45cf4b34?s=96&d=mm&r=g\",\"url\":\"https:\\\/\\\/secure.gravatar.com\\\/avatar\\\/2623775dfcd174bde1a788a4bc028e9035747fa40886953f4954f56c45cf4b34?s=96&d=mm&r=g\",\"contentUrl\":\"https:\\\/\\\/secure.gravatar.com\\\/avatar\\\/2623775dfcd174bde1a788a4bc028e9035747fa40886953f4954f56c45cf4b34?s=96&d=mm&r=g\",\"caption\":\"Facile.it\"},\"url\":\"https:\\\/\\\/www.article-marketing.eu\\\/comunicatistampa\\\/author\\\/facile-it\\\/\"}]}<\/script>\n<!-- \/ Yoast SEO plugin. -->","yoast_head_json":{"title":"La decisione sul coprifuoco blocca il turismo: 4 milioni di italiani partiranno solo se sar\u00e0 eliminato","robots":{"index":"index","follow":"follow","max-snippet":"max-snippet:-1","max-image-preview":"max-image-preview:large","max-video-preview":"max-video-preview:-1"},"canonical":"https:\/\/www.article-marketing.eu\/comunicatistampa\/la-decisione-sul-coprifuoco-blocca-il-turismo-4-milioni-di-italiani-partiranno-solo-se-sara-eliminato\/","og_locale":"it_IT","og_type":"article","og_title":"La decisione sul coprifuoco blocca il turismo: 4 milioni di italiani partiranno solo se sar\u00e0 eliminato","og_description":"Si inizia a parlare di vacanze, ma sono ancora molte le incognite sulla prossima stagione estiva, prima fra tutte il coprifuoco: proprio a causa di questa norma quasi 4 milioni di italiani non hanno ancora deciso se fare le ferie o se restare a casa e solo se la limitazione verr\u00e0 eliminata partiranno. Il dato arriva dall\u2019indagine commissionata da Facile.it e realizzata da mUp Research e Norstat su un campioneContinue reading...","og_url":"https:\/\/www.article-marketing.eu\/comunicatistampa\/la-decisione-sul-coprifuoco-blocca-il-turismo-4-milioni-di-italiani-partiranno-solo-se-sara-eliminato\/","og_site_name":"Article Marketing","article_published_time":"2021-05-24T10:18:19+00:00","author":"Facile.it","twitter_card":"summary_large_image","twitter_misc":{"Scritto da":"Facile.it","Tempo di lettura stimato":"2 minuti"},"schema":{"@context":"https:\/\/schema.org","@graph":[{"@type":"Article","@id":"https:\/\/www.article-marketing.eu\/comunicatistampa\/la-decisione-sul-coprifuoco-blocca-il-turismo-4-milioni-di-italiani-partiranno-solo-se-sara-eliminato\/#article","isPartOf":{"@id":"https:\/\/www.article-marketing.eu\/comunicatistampa\/la-decisione-sul-coprifuoco-blocca-il-turismo-4-milioni-di-italiani-partiranno-solo-se-sara-eliminato\/"},"author":{"name":"Facile.it","@id":"https:\/\/www.article-marketing.eu\/comunicatistampa\/#\/schema\/person\/1deca6d9e0cf173abfe76a90ef261a2a"},"headline":"La decisione sul coprifuoco blocca il turismo: 4 milioni di italiani partiranno solo se sar\u00e0 eliminato","datePublished":"2021-05-24T10:18:19+00:00","mainEntityOfPage":{"@id":"https:\/\/www.article-marketing.eu\/comunicatistampa\/la-decisione-sul-coprifuoco-blocca-il-turismo-4-milioni-di-italiani-partiranno-solo-se-sara-eliminato\/"},"wordCount":252,"commentCount":0,"keywords":["#covid","coprifuoco","facile.it","Turismo","vacanze","viaggi"],"articleSection":["Economia e lavoro","Viaggi e turismo"],"inLanguage":"it-IT","potentialAction":[{"@type":"CommentAction","name":"Comment","target":["https:\/\/www.article-marketing.eu\/comunicatistampa\/la-decisione-sul-coprifuoco-blocca-il-turismo-4-milioni-di-italiani-partiranno-solo-se-sara-eliminato\/#respond"]}]},{"@type":"WebPage","@id":"https:\/\/www.article-marketing.eu\/comunicatistampa\/la-decisione-sul-coprifuoco-blocca-il-turismo-4-milioni-di-italiani-partiranno-solo-se-sara-eliminato\/","url":"https:\/\/www.article-marketing.eu\/comunicatistampa\/la-decisione-sul-coprifuoco-blocca-il-turismo-4-milioni-di-italiani-partiranno-solo-se-sara-eliminato\/","name":"La decisione sul coprifuoco blocca il turismo: 4 milioni di italiani partiranno solo se sar\u00e0 eliminato","isPartOf":{"@id":"https:\/\/www.article-marketing.eu\/comunicatistampa\/#website"},"datePublished":"2021-05-24T10:18:19+00:00","author":{"@id":"https:\/\/www.article-marketing.eu\/comunicatistampa\/#\/schema\/person\/1deca6d9e0cf173abfe76a90ef261a2a"},"breadcrumb":{"@id":"https:\/\/www.article-marketing.eu\/comunicatistampa\/la-decisione-sul-coprifuoco-blocca-il-turismo-4-milioni-di-italiani-partiranno-solo-se-sara-eliminato\/#breadcrumb"},"inLanguage":"it-IT","potentialAction":[{"@type":"ReadAction","target":["https:\/\/www.article-marketing.eu\/comunicatistampa\/la-decisione-sul-coprifuoco-blocca-il-turismo-4-milioni-di-italiani-partiranno-solo-se-sara-eliminato\/"]}]},{"@type":"BreadcrumbList","@id":"https:\/\/www.article-marketing.eu\/comunicatistampa\/la-decisione-sul-coprifuoco-blocca-il-turismo-4-milioni-di-italiani-partiranno-solo-se-sara-eliminato\/#breadcrumb","itemListElement":[{"@type":"ListItem","position":1,"name":"Home","item":"https:\/\/www.article-marketing.eu\/comunicatistampa\/"},{"@type":"ListItem","position":2,"name":"La decisione sul coprifuoco blocca il turismo: 4 milioni di italiani partiranno solo se sar\u00e0 eliminato"}]},{"@type":"WebSite","@id":"https:\/\/www.article-marketing.eu\/comunicatistampa\/#website","url":"https:\/\/www.article-marketing.eu\/comunicatistampa\/","name":"Article Marketing","description":"article marketing &amp; press release","potentialAction":[{"@type":"SearchAction","target":{"@type":"EntryPoint","urlTemplate":"https:\/\/www.article-marketing.eu\/comunicatistampa\/?s={search_term_string}"},"query-input":{"@type":"PropertyValueSpecification","valueRequired":true,"valueName":"search_term_string"}}],"inLanguage":"it-IT"},{"@type":"Person","@id":"https:\/\/www.article-marketing.eu\/comunicatistampa\/#\/schema\/person\/1deca6d9e0cf173abfe76a90ef261a2a","name":"Facile.it","image":{"@type":"ImageObject","inLanguage":"it-IT","@id":"https:\/\/secure.gravatar.com\/avatar\/2623775dfcd174bde1a788a4bc028e9035747fa40886953f4954f56c45cf4b34?s=96&d=mm&r=g","url":"https:\/\/secure.gravatar.com\/avatar\/2623775dfcd174bde1a788a4bc028e9035747fa40886953f4954f56c45cf4b34?s=96&d=mm&r=g","contentUrl":"https:\/\/secure.gravatar.com\/avatar\/2623775dfcd174bde1a788a4bc028e9035747fa40886953f4954f56c45cf4b34?s=96&d=mm&r=g","caption":"Facile.it"},"url":"https:\/\/www.article-marketing.eu\/comunicatistampa\/author\/facile-it\/"}]}},"_links":{"self":[{"href":"https:\/\/www.article-marketing.eu\/comunicatistampa\/wp-json\/wp\/v2\/posts\/18778","targetHints":{"allow":["GET"]}}],"collection":[{"href":"https:\/\/www.article-marketing.eu\/comunicatistampa\/wp-json\/wp\/v2\/posts"}],"about":[{"href":"https:\/\/www.article-marketing.eu\/comunicatistampa\/wp-json\/wp\/v2\/types\/post"}],"author":[{"embeddable":true,"href":"https:\/\/www.article-marketing.eu\/comunicatistampa\/wp-json\/wp\/v2\/users\/62"}],"replies":[{"embeddable":true,"href":"https:\/\/www.article-marketing.eu\/comunicatistampa\/wp-json\/wp\/v2\/comments?post=18778"}],"version-history":[{"count":2,"href":"https:\/\/www.article-marketing.eu\/comunicatistampa\/wp-json\/wp\/v2\/posts\/18778\/revisions"}],"predecessor-version":[{"id":18914,"href":"https:\/\/www.article-marketing.eu\/comunicatistampa\/wp-json\/wp\/v2\/posts\/18778\/revisions\/18914"}],"wp:attachment":[{"href":"https:\/\/www.article-marketing.eu\/comunicatistampa\/wp-json\/wp\/v2\/media?parent=18778"}],"wp:term":[{"taxonomy":"category","embeddable":true,"href":"https:\/\/www.article-marketing.eu\/comunicatistampa\/wp-json\/wp\/v2\/categories?post=18778"},{"taxonomy":"post_tag","embeddable":true,"href":"https:\/\/www.article-marketing.eu\/comunicatistampa\/wp-json\/wp\/v2\/tags?post=18778"}],"curies":[{"name":"wp","href":"https:\/\/api.w.org\/{rel}","templated":true}]}}