{"id":18785,"date":"2021-05-24T11:34:26","date_gmt":"2021-05-24T09:34:26","guid":{"rendered":"https:\/\/www.article-marketing.eu\/comunicatistampa\/?p=18785"},"modified":"2021-05-24T11:34:26","modified_gmt":"2021-05-24T09:34:26","slug":"covid-19-e-vaccinazione-come-dove-quando-e-perche","status":"publish","type":"post","link":"https:\/\/www.article-marketing.eu\/comunicatistampa\/covid-19-e-vaccinazione-come-dove-quando-e-perche\/","title":{"rendered":"COVID-19 e vaccinazione: come, dove, quando e perch\u00e9"},"content":{"rendered":"<h2>Comunicato Stampa<\/h2>\n<h2><strong>COVID-19 e vaccinazione: come, dove, quando e perch\u00e9<\/strong><\/h2>\n<p><strong><em>Ne<\/em><\/strong><strong><em>i<\/em><\/strong><strong><em> mes<\/em><\/strong><strong><em>i<\/em><\/strong><strong><em> di maggio <\/em><\/strong><strong><em>e giugno <\/em><\/strong><strong><em>2021 tre corsi in modalit\u00e0 videoconferenza forniranno utili indicazioni sulla vaccinazione per il virus SARS-CoV-2: tipologie, funzionamento, normativa, responsabilit\u00e0, privacy e ruolo della psicologia.<\/em><\/strong><\/p>\n<p>&nbsp;<\/p>\n<p>Al di l\u00e0 delle misure di contenimento, il modo pi\u00f9 efficace per affrontare una pandemia come quella relativa al <strong>virus SAR-CoV-2,<\/strong> e porre fine alla lunga emergenza sanitaria correlata alla diffusione del COVID-19, \u00e8 effettuare un\u2019adeguata <strong>prevenzione primaria <\/strong>attraverso una profilassi, un vaccino in grado di ridurre i contagi e la gravit\u00e0 della malattia.<\/p>\n<p>Tuttavia sono molti i problemi che si pongono, a partire dalla disponibilit\u00e0 degli stessi vaccini, per questo importante strumento di prevenzione. Non sempre c\u2019\u00e8 chiarezza su tutti quegli aspetti che riguardano non solo i vaccini e il loro funzionamento, ma anche la correlazione con il mondo del lavoro, ad esempio in materia di responsabilit\u00e0 e privacy. Senza dimenticare poi i tanti aspetti psicologici, ansie e paure, che possono incidere sulla scelta di sottoporsi alla vaccinazione.<\/p>\n<p>&nbsp;<\/p>\n<p><strong>Esistono dei corsi in videoconferenza in grado di dare tutte le risposte necessarie sul tema dei vaccini antiCOVID19 con riferimento particolare al mondo del lavoro?<\/strong><\/p>\n<p>&nbsp;<\/p>\n<p><strong>Vaccini e COVID19: un corso per comprendere norme e responsabilit\u00e0<\/strong><\/p>\n<p>Per rispondere ai vari dubbi sui vaccini l\u2019<strong>Associazione Italiana Formatori ed Operatori della Sicurezza sul Lavoro<\/strong> (AiFOS), che nelle scorse settimane ha lanciato anche la campagna di sensibilizzazione in materia di vaccinazione \u201c<strong>Rimboccati le maniche<\/strong>\u201d, organizza una serie di corsi in videoconferenza nei mesi di maggio e giugno 2021 della durata di due ore.<\/p>\n<p>Un primo corso sul tema della vaccinazione si pone l\u2019obiettivo di fornire le informazioni principali e gli aggiornamenti in ambito normativo legato alla situazione epidemiologica da COVID19, con un focus particolare sulle vaccinazioni in azienda, le responsabilit\u00e0 e la privacy.<\/p>\n<p>&nbsp;<\/p>\n<p>Il corso, dal titolo \u201c<strong>Vaccini e COVID19: normativa, responsabilit\u00e0 e privacy<\/strong>\u201d, si terr\u00e0 in videoconferenza il <strong>25 maggio 2021<\/strong> dalle 15.00 alle 17.00.<\/p>\n<p>&nbsp;<\/p>\n<p>I <strong>contenuti<\/strong>:<\/p>\n<ul>\n<li>Quadro normativo covid-19 &#8211; Disposizioni nazionali e regionali<\/li>\n<li>Obblighi e adempimenti aziendali<\/li>\n<li>Vaccini in azienda: responsabilit\u00e0 e privacy<\/li>\n<\/ul>\n<p>&nbsp;<\/p>\n<p>Il <strong>docente<\/strong> del corso \u00e8 <strong>Lorenzo Fantini<\/strong>, direttore dei Quaderni della sicurezza AiFOS, gi\u00e0 dirigente divisioni salute e sicurezza del Ministero del lavoro e delle politiche sociali.<\/p>\n<p>&nbsp;<\/p>\n<p>Per avere ulteriori dettagli sul corso e iscriversi, \u00e8 possibile utilizzare questo link:<\/p>\n<p><a href=\"https:\/\/bit.ly\/Vaccini-Fantini\">https:\/\/bit.ly\/Vaccini-Fantini<\/a><\/p>\n<p>&nbsp;<\/p>\n<p>La partecipazione al corso vale come 2 ore di aggiornamento per RSPP\/ASPP, Coordinatori alla sicurezza e Formatori qualificati area 1. Il corso \u00e8 valido anche per HSE (area giuridico amministrativa) e per Consulenti AiFOS (ambito organizzazione e gestione delle risorse umane).<\/p>\n<p><strong>\u00a0<\/strong><\/p>\n<p><strong>Luoghi di lavoro e vaccini: un corso per conoscerli<\/strong><\/p>\n<p>Un secondo corso, dal titolo \u201c<strong>Vaccini e COVID19: tipologie, funzionamento e i protocolli applicativi<\/strong>\u201d, si terr\u00e0 in videoconferenza l\u2019<strong>11 giugno 2021<\/strong> dalle 14:00 alle 16:00.<\/p>\n<p>Il corso vuole fornire ai partecipanti le principali informazioni riguardanti i vaccini antiCOVID19, per poter fare chiarezza e rispondere alle domande e dubbi che i lavoratori (e non) si stanno ponendo in questi giorni. Si analizzer\u00e0 anche la situazione attuale dell\u2019andamento dei vaccini e si parler\u00e0 del protocollo di vaccinazione nei luoghi di lavoro (\u201cProtocollo nazionale per la realizzazione dei piani aziendali finalizzati all\u2019attivazione di punti straordinari di vaccinazione anti SARS-CoV-2\/Covid-19 nei luoghi di lavoro\u201d).<\/p>\n<p>&nbsp;<\/p>\n<p>I <strong>contenuti<\/strong>:<\/p>\n<ul>\n<li>La trasmissione del virus<\/li>\n<li>Funzionamento dei vaccini antiCOVID19 ed effetti collaterali principali<\/li>\n<li>Differenza tra i principali vaccini<\/li>\n<li>Andamento dei dati in Italia e nel mondo<\/li>\n<li>Il protocollo nazionale per la vaccinazione dei luoghi di lavoro<\/li>\n<\/ul>\n<p>&nbsp;<\/p>\n<p>I <strong>docenti<\/strong> del corso sono:<\/p>\n<ul>\n<li><strong>Nicola Corsano<\/strong>: biologo, consulente per la sicurezza sul lavoro e formatore esperto nelle metodologie didattiche esperienziale.<\/li>\n<li><strong>Matteo Fadenti<\/strong>: tecnico della prevenzione negli ambienti e luoghi di lavoro, formatore e consulente con esperienza pluriennale.<\/li>\n<\/ul>\n<p>&nbsp;<\/p>\n<p>Per avere ulteriori dettagli sul corso e iscriversi, \u00e8 possibile utilizzare questo link:<\/p>\n<p><a href=\"https:\/\/bit.ly\/Vaccini-CorsanoFadenti\">https:\/\/bit.ly\/Vaccini-CorsanoFadenti<\/a><\/p>\n<p>&nbsp;<\/p>\n<p>La partecipazione al corso vale come 2 ore di aggiornamento per RSPP\/ASPP, Coordinatori alla sicurezza e Formatori qualificati area 2. Il corso \u00e8 valido anche per HSE (area tecnica in materia di sicurezza sul lavoro) e per Consulenti AiFOS (ambito salute e sicurezza sul lavoro).<\/p>\n<p><strong>\u00a0<\/strong><\/p>\n<p><strong>Vaccini e COVID19: un corso per affrontare gli aspetti psicologici<\/strong><\/p>\n<p>Un terzo corso si pone l\u2019obiettivo di affrontare la tematica del vaccino antiCOVID19 dal punto di vista piscologico: come capire e affrontare emozioni e stress che questa situazione di emergenza epidemiologica mai vissuta prima ha portato. Cosa guida le nostre scelte e come influiscono le tante informazioni ricevute.<\/p>\n<p>Il corso, dal titolo \u201c<strong>Vaccini e COVID19: il ruolo della psicologia<\/strong>\u201d, si terr\u00e0 in videoconferenza il <strong>15 giugno 2021<\/strong> dalle 14.00 alle 16.00.<\/p>\n<p>&nbsp;<\/p>\n<p>I <strong>contenuti<\/strong>:<\/p>\n<ul>\n<li>Paure e ansie<\/li>\n<li>Lo stress da vaccino<\/li>\n<li>Le narrazioni (filtri) attorno al prodotto vaccinale<\/li>\n<li>La decisione di vaccinarsi<\/li>\n<\/ul>\n<p>&nbsp;<\/p>\n<p>Il <strong>docente<\/strong> del corso \u00e8 <strong>Andrea Cirincione<\/strong>, psicologo del lavoro e formatore AIFOS con esperienza pluriennale.<\/p>\n<p>&nbsp;<\/p>\n<p>Per avere ulteriori dettagli sul corso e iscriversi, \u00e8 possibile utilizzare questo link:<\/p>\n<p><a href=\"https:\/\/bit.ly\/Vaccini-Cirincione\">https:\/\/bit.ly\/Vaccini-Cirincione<\/a><\/p>\n<p>&nbsp;<\/p>\n<p>La partecipazione al corso vale come 2 ore di aggiornamento per RSPP\/ASPP, Coordinatori alla sicurezza e Formatori qualificati area 3. Il corso \u00e8 valido anche per HSE (area organizzativa gestionale) e per Consulenti AiFOS (ambito organizzazione e gestione delle risorse umane).<\/p>\n<p><strong>\u00a0<\/strong><\/p>\n<p>Per <strong>informazioni<\/strong>:<\/p>\n<p><strong>Sede nazionale AiFOS<\/strong> &#8211; via Branze, 45 &#8211; 25123 Brescia c\/o CSMT, Universit\u00e0 degli Studi di Brescia &#8211; tel. 030.6595035 &#8211; fax 030.6595040 www.aifos.it &#8211; formarsi@aifos.it &#8211; videoconferenze@aifos.it<\/p>\n<p>&nbsp;<\/p>\n<p>&nbsp;<\/p>\n<p>&nbsp;<\/p>\n<p><em>13 maggio 2021<\/em><\/p>\n<p>&nbsp;<\/p>\n<p>&nbsp;<\/p>\n<p>Ufficio Stampa di AiFOS<\/p>\n<p>ufficiostampa@aifos.it<\/p>\n<p>http:\/\/www.aifos.it\/<\/p>\n","protected":false},"excerpt":{"rendered":"<p>Comunicato Stampa COVID-19 e vaccinazione: come, dove, quando e perch\u00e9 Nei mesi di maggio e giugno 2021 tre corsi in modalit\u00e0 videoconferenza forniranno utili indicazioni sulla vaccinazione per il virus SARS-CoV-2: tipologie, funzionamento, normativa, responsabilit\u00e0, privacy e ruolo della psicologia. &nbsp; Al di l\u00e0 delle misure di contenimento, il modo pi\u00f9 efficace per affrontare una pandemia come quella relativa al virus SAR-CoV-2, e porre fine alla lunga emergenza sanitaria correlata<\/p>\n<p><a class=\"continue-reading\" href=\"https:\/\/www.article-marketing.eu\/comunicatistampa\/covid-19-e-vaccinazione-come-dove-quando-e-perche\/\">Continue reading&#8230;<\/a><\/p>\n","protected":false},"author":881,"featured_media":0,"comment_status":"open","ping_status":"open","sticky":false,"template":"","format":"standard","meta":{"_monsterinsights_skip_tracking":false,"_monsterinsights_sitenote_active":false,"_monsterinsights_sitenote_note":"","_monsterinsights_sitenote_category":0,"footnotes":""},"categories":[78,379,386,378,369],"tags":[3301,3235,7822,6049,5941,193,7984,7981,7818,1538,7819,7985,7811,7982,7980,7983,6023,6191],"class_list":["post-18785","post","type-post","status-publish","format-standard","hentry","category-comunicati-stampa","category-corsi","category-economia-e-lavoro","category-istruzione","category-salute-e-benessere","tag-aifos","tag-brescia","tag-campagna-vaccinale","tag-covid-19","tag-emergenza-covid-19","tag-formazione","tag-funzionamento-e-i-protocolli-applicativi","tag-responsabilita-e-privacy","tag-rimboccati-le-maniche","tag-sicurezza-sul-lavoro","tag-vaccinazione","tag-vaccinazione-anti-sars-cov-2-covid-19-nei-luoghi-di-lavoro","tag-vaccini","tag-vaccini-e-covid19-il-ruolo-della-psicologia","tag-vaccini-e-covid19-normativa","tag-vaccini-e-covid19-tipologie","tag-videoconferenza","tag-virus-sars-cov-2"],"yoast_head":"<!-- This site is optimized with the Yoast SEO plugin v27.3 - https:\/\/yoast.com\/product\/yoast-seo-wordpress\/ -->\n<title>COVID-19 e vaccinazione: come, dove, quando e perch\u00e9<\/title>\n<meta name=\"robots\" content=\"index, follow, max-snippet:-1, max-image-preview:large, max-video-preview:-1\" \/>\n<link rel=\"canonical\" href=\"https:\/\/www.article-marketing.eu\/comunicatistampa\/covid-19-e-vaccinazione-come-dove-quando-e-perche\/\" \/>\n<meta property=\"og:locale\" content=\"it_IT\" \/>\n<meta property=\"og:type\" content=\"article\" \/>\n<meta property=\"og:title\" content=\"COVID-19 e vaccinazione: come, dove, quando e perch\u00e9\" \/>\n<meta property=\"og:description\" content=\"Comunicato Stampa COVID-19 e vaccinazione: come, dove, quando e perch\u00e9 Nei mesi di maggio e giugno 2021 tre corsi in modalit\u00e0 videoconferenza forniranno utili indicazioni sulla vaccinazione per il virus SARS-CoV-2: tipologie, funzionamento, normativa, responsabilit\u00e0, privacy e ruolo della psicologia. &nbsp; Al di l\u00e0 delle misure di contenimento, il modo pi\u00f9 efficace per affrontare una pandemia come quella relativa al virus SAR-CoV-2, e porre fine alla lunga emergenza sanitaria correlataContinue reading...\" \/>\n<meta property=\"og:url\" content=\"https:\/\/www.article-marketing.eu\/comunicatistampa\/covid-19-e-vaccinazione-come-dove-quando-e-perche\/\" \/>\n<meta property=\"og:site_name\" content=\"Article Marketing\" \/>\n<meta property=\"article:published_time\" content=\"2021-05-24T09:34:26+00:00\" \/>\n<meta name=\"author\" content=\"AIFUS\" \/>\n<meta name=\"twitter:card\" content=\"summary_large_image\" \/>\n<meta name=\"twitter:label1\" content=\"Scritto da\" \/>\n\t<meta name=\"twitter:data1\" content=\"AIFUS\" \/>\n\t<meta name=\"twitter:label2\" content=\"Tempo di lettura stimato\" \/>\n\t<meta name=\"twitter:data2\" content=\"4 minuti\" \/>\n<script type=\"application\/ld+json\" class=\"yoast-schema-graph\">{\"@context\":\"https:\\\/\\\/schema.org\",\"@graph\":[{\"@type\":\"Article\",\"@id\":\"https:\\\/\\\/www.article-marketing.eu\\\/comunicatistampa\\\/covid-19-e-vaccinazione-come-dove-quando-e-perche\\\/#article\",\"isPartOf\":{\"@id\":\"https:\\\/\\\/www.article-marketing.eu\\\/comunicatistampa\\\/covid-19-e-vaccinazione-come-dove-quando-e-perche\\\/\"},\"author\":{\"name\":\"AIFUS\",\"@id\":\"https:\\\/\\\/www.article-marketing.eu\\\/comunicatistampa\\\/#\\\/schema\\\/person\\\/d1985c4955ff71a05f49d68e3034b3cd\"},\"headline\":\"COVID-19 e vaccinazione: come, dove, quando e perch\u00e9\",\"datePublished\":\"2021-05-24T09:34:26+00:00\",\"mainEntityOfPage\":{\"@id\":\"https:\\\/\\\/www.article-marketing.eu\\\/comunicatistampa\\\/covid-19-e-vaccinazione-come-dove-quando-e-perche\\\/\"},\"wordCount\":905,\"commentCount\":0,\"keywords\":[\"Aifos\",\"Brescia\",\"campagna vaccinale\",\"COVID-19\",\"emergenza COVID-19\",\"formazione\",\"funzionamento e i protocolli applicativi\",\"responsabilit\u00e0 e privacy\",\"Rimboccati le maniche\",\"sicurezza sul lavoro\",\"vaccinazione\",\"Vaccinazione anti SARS-CoV-2\\\/Covid-19 nei luoghi di lavoro\",\"vaccini\",\"Vaccini e COVID19: il ruolo della psicologia\",\"Vaccini e COVID19: normativa\",\"Vaccini e COVID19: tipologie\",\"videoconferenza\",\"virus SARS-CoV-2\"],\"articleSection\":[\"Comunicati stampa\",\"Corsi\",\"Economia e lavoro\",\"Istruzione\",\"Salute e benessere\"],\"inLanguage\":\"it-IT\",\"potentialAction\":[{\"@type\":\"CommentAction\",\"name\":\"Comment\",\"target\":[\"https:\\\/\\\/www.article-marketing.eu\\\/comunicatistampa\\\/covid-19-e-vaccinazione-come-dove-quando-e-perche\\\/#respond\"]}]},{\"@type\":\"WebPage\",\"@id\":\"https:\\\/\\\/www.article-marketing.eu\\\/comunicatistampa\\\/covid-19-e-vaccinazione-come-dove-quando-e-perche\\\/\",\"url\":\"https:\\\/\\\/www.article-marketing.eu\\\/comunicatistampa\\\/covid-19-e-vaccinazione-come-dove-quando-e-perche\\\/\",\"name\":\"COVID-19 e vaccinazione: come, dove, quando e perch\u00e9\",\"isPartOf\":{\"@id\":\"https:\\\/\\\/www.article-marketing.eu\\\/comunicatistampa\\\/#website\"},\"datePublished\":\"2021-05-24T09:34:26+00:00\",\"author\":{\"@id\":\"https:\\\/\\\/www.article-marketing.eu\\\/comunicatistampa\\\/#\\\/schema\\\/person\\\/d1985c4955ff71a05f49d68e3034b3cd\"},\"breadcrumb\":{\"@id\":\"https:\\\/\\\/www.article-marketing.eu\\\/comunicatistampa\\\/covid-19-e-vaccinazione-come-dove-quando-e-perche\\\/#breadcrumb\"},\"inLanguage\":\"it-IT\",\"potentialAction\":[{\"@type\":\"ReadAction\",\"target\":[\"https:\\\/\\\/www.article-marketing.eu\\\/comunicatistampa\\\/covid-19-e-vaccinazione-come-dove-quando-e-perche\\\/\"]}]},{\"@type\":\"BreadcrumbList\",\"@id\":\"https:\\\/\\\/www.article-marketing.eu\\\/comunicatistampa\\\/covid-19-e-vaccinazione-come-dove-quando-e-perche\\\/#breadcrumb\",\"itemListElement\":[{\"@type\":\"ListItem\",\"position\":1,\"name\":\"Home\",\"item\":\"https:\\\/\\\/www.article-marketing.eu\\\/comunicatistampa\\\/\"},{\"@type\":\"ListItem\",\"position\":2,\"name\":\"COVID-19 e vaccinazione: come, dove, quando e perch\u00e9\"}]},{\"@type\":\"WebSite\",\"@id\":\"https:\\\/\\\/www.article-marketing.eu\\\/comunicatistampa\\\/#website\",\"url\":\"https:\\\/\\\/www.article-marketing.eu\\\/comunicatistampa\\\/\",\"name\":\"Article Marketing\",\"description\":\"article marketing &amp; press release\",\"potentialAction\":[{\"@type\":\"SearchAction\",\"target\":{\"@type\":\"EntryPoint\",\"urlTemplate\":\"https:\\\/\\\/www.article-marketing.eu\\\/comunicatistampa\\\/?s={search_term_string}\"},\"query-input\":{\"@type\":\"PropertyValueSpecification\",\"valueRequired\":true,\"valueName\":\"search_term_string\"}}],\"inLanguage\":\"it-IT\"},{\"@type\":\"Person\",\"@id\":\"https:\\\/\\\/www.article-marketing.eu\\\/comunicatistampa\\\/#\\\/schema\\\/person\\\/d1985c4955ff71a05f49d68e3034b3cd\",\"name\":\"AIFUS\",\"image\":{\"@type\":\"ImageObject\",\"inLanguage\":\"it-IT\",\"@id\":\"https:\\\/\\\/secure.gravatar.com\\\/avatar\\\/05cf2a2ba057667571308b94c84f00ff48766ffac95710a87491a9b3ddcee484?s=96&d=mm&r=g\",\"url\":\"https:\\\/\\\/secure.gravatar.com\\\/avatar\\\/05cf2a2ba057667571308b94c84f00ff48766ffac95710a87491a9b3ddcee484?s=96&d=mm&r=g\",\"contentUrl\":\"https:\\\/\\\/secure.gravatar.com\\\/avatar\\\/05cf2a2ba057667571308b94c84f00ff48766ffac95710a87491a9b3ddcee484?s=96&d=mm&r=g\",\"caption\":\"AIFUS\"},\"url\":\"https:\\\/\\\/www.article-marketing.eu\\\/comunicatistampa\\\/author\\\/aifus\\\/\"}]}<\/script>\n<!-- \/ Yoast SEO plugin. -->","yoast_head_json":{"title":"COVID-19 e vaccinazione: come, dove, quando e perch\u00e9","robots":{"index":"index","follow":"follow","max-snippet":"max-snippet:-1","max-image-preview":"max-image-preview:large","max-video-preview":"max-video-preview:-1"},"canonical":"https:\/\/www.article-marketing.eu\/comunicatistampa\/covid-19-e-vaccinazione-come-dove-quando-e-perche\/","og_locale":"it_IT","og_type":"article","og_title":"COVID-19 e vaccinazione: come, dove, quando e perch\u00e9","og_description":"Comunicato Stampa COVID-19 e vaccinazione: come, dove, quando e perch\u00e9 Nei mesi di maggio e giugno 2021 tre corsi in modalit\u00e0 videoconferenza forniranno utili indicazioni sulla vaccinazione per il virus SARS-CoV-2: tipologie, funzionamento, normativa, responsabilit\u00e0, privacy e ruolo della psicologia. &nbsp; Al di l\u00e0 delle misure di contenimento, il modo pi\u00f9 efficace per affrontare una pandemia come quella relativa al virus SAR-CoV-2, e porre fine alla lunga emergenza sanitaria correlataContinue reading...","og_url":"https:\/\/www.article-marketing.eu\/comunicatistampa\/covid-19-e-vaccinazione-come-dove-quando-e-perche\/","og_site_name":"Article Marketing","article_published_time":"2021-05-24T09:34:26+00:00","author":"AIFUS","twitter_card":"summary_large_image","twitter_misc":{"Scritto da":"AIFUS","Tempo di lettura stimato":"4 minuti"},"schema":{"@context":"https:\/\/schema.org","@graph":[{"@type":"Article","@id":"https:\/\/www.article-marketing.eu\/comunicatistampa\/covid-19-e-vaccinazione-come-dove-quando-e-perche\/#article","isPartOf":{"@id":"https:\/\/www.article-marketing.eu\/comunicatistampa\/covid-19-e-vaccinazione-come-dove-quando-e-perche\/"},"author":{"name":"AIFUS","@id":"https:\/\/www.article-marketing.eu\/comunicatistampa\/#\/schema\/person\/d1985c4955ff71a05f49d68e3034b3cd"},"headline":"COVID-19 e vaccinazione: come, dove, quando e perch\u00e9","datePublished":"2021-05-24T09:34:26+00:00","mainEntityOfPage":{"@id":"https:\/\/www.article-marketing.eu\/comunicatistampa\/covid-19-e-vaccinazione-come-dove-quando-e-perche\/"},"wordCount":905,"commentCount":0,"keywords":["Aifos","Brescia","campagna vaccinale","COVID-19","emergenza COVID-19","formazione","funzionamento e i protocolli applicativi","responsabilit\u00e0 e privacy","Rimboccati le maniche","sicurezza sul lavoro","vaccinazione","Vaccinazione anti SARS-CoV-2\/Covid-19 nei luoghi di lavoro","vaccini","Vaccini e COVID19: il ruolo della psicologia","Vaccini e COVID19: normativa","Vaccini e COVID19: tipologie","videoconferenza","virus SARS-CoV-2"],"articleSection":["Comunicati stampa","Corsi","Economia e lavoro","Istruzione","Salute e benessere"],"inLanguage":"it-IT","potentialAction":[{"@type":"CommentAction","name":"Comment","target":["https:\/\/www.article-marketing.eu\/comunicatistampa\/covid-19-e-vaccinazione-come-dove-quando-e-perche\/#respond"]}]},{"@type":"WebPage","@id":"https:\/\/www.article-marketing.eu\/comunicatistampa\/covid-19-e-vaccinazione-come-dove-quando-e-perche\/","url":"https:\/\/www.article-marketing.eu\/comunicatistampa\/covid-19-e-vaccinazione-come-dove-quando-e-perche\/","name":"COVID-19 e vaccinazione: come, dove, quando e perch\u00e9","isPartOf":{"@id":"https:\/\/www.article-marketing.eu\/comunicatistampa\/#website"},"datePublished":"2021-05-24T09:34:26+00:00","author":{"@id":"https:\/\/www.article-marketing.eu\/comunicatistampa\/#\/schema\/person\/d1985c4955ff71a05f49d68e3034b3cd"},"breadcrumb":{"@id":"https:\/\/www.article-marketing.eu\/comunicatistampa\/covid-19-e-vaccinazione-come-dove-quando-e-perche\/#breadcrumb"},"inLanguage":"it-IT","potentialAction":[{"@type":"ReadAction","target":["https:\/\/www.article-marketing.eu\/comunicatistampa\/covid-19-e-vaccinazione-come-dove-quando-e-perche\/"]}]},{"@type":"BreadcrumbList","@id":"https:\/\/www.article-marketing.eu\/comunicatistampa\/covid-19-e-vaccinazione-come-dove-quando-e-perche\/#breadcrumb","itemListElement":[{"@type":"ListItem","position":1,"name":"Home","item":"https:\/\/www.article-marketing.eu\/comunicatistampa\/"},{"@type":"ListItem","position":2,"name":"COVID-19 e vaccinazione: come, dove, quando e perch\u00e9"}]},{"@type":"WebSite","@id":"https:\/\/www.article-marketing.eu\/comunicatistampa\/#website","url":"https:\/\/www.article-marketing.eu\/comunicatistampa\/","name":"Article Marketing","description":"article marketing &amp; press release","potentialAction":[{"@type":"SearchAction","target":{"@type":"EntryPoint","urlTemplate":"https:\/\/www.article-marketing.eu\/comunicatistampa\/?s={search_term_string}"},"query-input":{"@type":"PropertyValueSpecification","valueRequired":true,"valueName":"search_term_string"}}],"inLanguage":"it-IT"},{"@type":"Person","@id":"https:\/\/www.article-marketing.eu\/comunicatistampa\/#\/schema\/person\/d1985c4955ff71a05f49d68e3034b3cd","name":"AIFUS","image":{"@type":"ImageObject","inLanguage":"it-IT","@id":"https:\/\/secure.gravatar.com\/avatar\/05cf2a2ba057667571308b94c84f00ff48766ffac95710a87491a9b3ddcee484?s=96&d=mm&r=g","url":"https:\/\/secure.gravatar.com\/avatar\/05cf2a2ba057667571308b94c84f00ff48766ffac95710a87491a9b3ddcee484?s=96&d=mm&r=g","contentUrl":"https:\/\/secure.gravatar.com\/avatar\/05cf2a2ba057667571308b94c84f00ff48766ffac95710a87491a9b3ddcee484?s=96&d=mm&r=g","caption":"AIFUS"},"url":"https:\/\/www.article-marketing.eu\/comunicatistampa\/author\/aifus\/"}]}},"_links":{"self":[{"href":"https:\/\/www.article-marketing.eu\/comunicatistampa\/wp-json\/wp\/v2\/posts\/18785","targetHints":{"allow":["GET"]}}],"collection":[{"href":"https:\/\/www.article-marketing.eu\/comunicatistampa\/wp-json\/wp\/v2\/posts"}],"about":[{"href":"https:\/\/www.article-marketing.eu\/comunicatistampa\/wp-json\/wp\/v2\/types\/post"}],"author":[{"embeddable":true,"href":"https:\/\/www.article-marketing.eu\/comunicatistampa\/wp-json\/wp\/v2\/users\/881"}],"replies":[{"embeddable":true,"href":"https:\/\/www.article-marketing.eu\/comunicatistampa\/wp-json\/wp\/v2\/comments?post=18785"}],"version-history":[{"count":3,"href":"https:\/\/www.article-marketing.eu\/comunicatistampa\/wp-json\/wp\/v2\/posts\/18785\/revisions"}],"predecessor-version":[{"id":18885,"href":"https:\/\/www.article-marketing.eu\/comunicatistampa\/wp-json\/wp\/v2\/posts\/18785\/revisions\/18885"}],"wp:attachment":[{"href":"https:\/\/www.article-marketing.eu\/comunicatistampa\/wp-json\/wp\/v2\/media?parent=18785"}],"wp:term":[{"taxonomy":"category","embeddable":true,"href":"https:\/\/www.article-marketing.eu\/comunicatistampa\/wp-json\/wp\/v2\/categories?post=18785"},{"taxonomy":"post_tag","embeddable":true,"href":"https:\/\/www.article-marketing.eu\/comunicatistampa\/wp-json\/wp\/v2\/tags?post=18785"}],"curies":[{"name":"wp","href":"https:\/\/api.w.org\/{rel}","templated":true}]}}