{"id":18815,"date":"2021-05-24T11:57:05","date_gmt":"2021-05-24T09:57:05","guid":{"rendered":"https:\/\/www.article-marketing.eu\/comunicatistampa\/?p=18815"},"modified":"2021-05-24T11:57:05","modified_gmt":"2021-05-24T09:57:05","slug":"turismo-22-milioni-di-italiani-questanno-faranno-le-ferie-nel-bel-paese","status":"publish","type":"post","link":"https:\/\/www.article-marketing.eu\/comunicatistampa\/turismo-22-milioni-di-italiani-questanno-faranno-le-ferie-nel-bel-paese\/","title":{"rendered":"Turismo: 22 milioni di italiani quest\u2019anno faranno le ferie nel Bel paese"},"content":{"rendered":"<p><em>Quest\u2019anno le ferie saranno nazionali. Sono ben <strong>22 milioni<\/strong> i nostri connazionali che, per le vacanze, hanno scelto di <strong>rimanere dentro i confini italiani<\/strong>. A certificare il dato l\u2019indagine commissionata da <strong><a href=\"https:\/\/www.facile.it\/\">Facile.it<\/a><\/strong> agli istituti di ricerca mUp Research e Norstat e realizzata su un campione rappresentativo della popolazione nazionale*.<\/em><\/p>\n<p><em>Complici la situazione epidemiologica in miglioramento e la campagna di vaccinazione che ha raggiunto un numero sempre pi\u00f9 alto di individui, sono in totale <strong>26 milioni<\/strong> i nostri connazionali che gi\u00e0 sanno si <strong>concederanno una vacanza estiva<\/strong>.<\/em><\/p>\n<p><em>A far loro da contraltare, invece, sono <strong>i 6,5 milioni di individui<\/strong> che, spinti dalla paura del virus o dall\u2019impossibilit\u00e0 economica a spendere, <strong>faranno le ferie a casa propria<\/strong>. 11,5 milioni, infine, gli <strong>indecisi<\/strong>. <\/em><\/p>\n<p><em><strong>Chi parte<\/strong><\/em><\/p>\n<p><em>Sono pi\u00f9 di <strong>4 milioni e mezzo gli italiani che hanno gi\u00e0 prenotato le ferie estive<\/strong> e comunque, tra chi preparer\u00e0 le valigie, <strong>l\u201984,6% rimarr\u00e0 in Italia<\/strong>. Come da tradizione il 55% far\u00e0 le ferie ad <strong>agosto<\/strong>, mentre il 36% partir\u00e0 a luglio. Tanti, quasi 5 milioni, sfrutteranno la calma del mese di settembre e pi\u00f9 di 4 milioni di italiani faranno le ferie gi\u00e0 a giugno.<\/em><\/p>\n<p><em>Pi\u00f9 di un terzo dei rispondenti si potr\u00e0 concedere non pi\u00f9 di 7 giorni, ma in media si staccher\u00e0 con <strong>14 giorni<\/strong> <strong>di vacanza<\/strong>, alcune volte anche divisi fra pi\u00f9 periodi. <\/em><\/p>\n<p><em>Se lo scorso anno molti dichiaravano avrebbero fatto le ferie in <strong>camper o roulotte<\/strong>, la novit\u00e0 dell\u2019estate 2021 &#8211; ed \u00e8 una buona notizia per tutti coloro che vi lavorano &#8211; potrebbe essere il <strong>boom dei villaggi turistici<\/strong>, nuovamente oggetto di grande attenzione da parte dei villeggianti; sono oltre 3,8 milioni gli intervistati che hanno dichiarato faranno le ferie in quel tipo di struttura.<\/em><\/p>\n<p><em>Al primo posto nelle intenzioni dei vacanzieri, per\u00f2, rimane la sistemazione in <strong>Hotel e B&amp;B<\/strong> (42%), a seguire la <strong>casa in affitto per periodi brevi o medi<\/strong> (<strong>33,7%),<\/strong> che ha registrato, rispetto allo scorso anno un <strong>boom<\/strong> (era il 22,1% nella rilevazione di maggio 2020).<\/em><\/p>\n<p><em><strong>Chi non parte o ancora non ha deciso<\/strong><\/em><\/p>\n<p><em>Sebbene i numeri siano notevolmente inferiori rispetto a quelli dello scorso anno, va detto che sono tanti anche coloro che quest\u2019anno <strong>le vacanze non le faranno affatto<\/strong>; non hanno intenzione di partire <strong>circa 6,5 milioni <\/strong>(erano stati oltre 24 milioni a maggio 2020). <\/em><\/p>\n<p><em>A bloccare i propositi vacanzieri sono la <strong>paura del contagio<\/strong> (quasi 2 milioni, in particolare fra i residenti al Sud e nelle Isole) e, soprattutto, le <strong>difficolt\u00e0 economiche<\/strong> (3,2 milioni). Poco meno di 1,5 milioni gli individui che hanno dichiarato di aver scelto di non partire per via delle <strong>eccessive restrizioni<\/strong> cui sarebbero costretti a sottostare. <\/em><\/p>\n<p><em>Sono <strong>11,5 milioni<\/strong>, invece, coloro che ancora <strong>non hanno deciso<\/strong> se partire o meno. Anche in questo caso la ragione principale dell\u2019indecisione \u00e8 legata alle <strong>regole<\/strong> e alle <strong>limitazioni<\/strong>; il <strong>50%<\/strong> ha dichiarato che prender\u00e0 una decisione solo dopo che verranno stabilite regole certe per il periodo estivo, mentre, come recentemente messo in luce dall\u2019indagine di Facile.it, 4 milioni di italiani hanno detto che cambieranno idea solo se il <strong>coprifuoco verr\u00e0 eliminato<\/strong>. Il 28% dei rispondenti, infine, non sa se riuscir\u00e0 ad avere soldi sufficienti per pagare una vacanza.<\/em><\/p>\n<p><em><strong>Vacanze, s\u00ec\u2026 ma dove&#8230;e come?<\/strong><\/em><\/p>\n<p><em>In particolare, guardando a chi rimarr\u00e0 in Italia, il <strong>63,8%<\/strong> si sposter\u00e0 in una localit\u00e0 al di <strong>fuori della propria regione<\/strong> di residenza. Il <strong>13%<\/strong> degli italiani, invece, opter\u00e0 per una <strong>destinazione estera<\/strong>; in questo caso sembrano essere soprattutto i giovani con et\u00e0 compresa tra i 18 e i 24 anni a voler superare i confini nazionali (18%).<\/em><\/p>\n<p><em>Come nel 2020, anche quest\u2019anno il mezzo preferito dagli italiani per raggiungere la destinazione sar\u00e0 <strong>l\u2019auto di propriet\u00e0<\/strong>; 19,3 milioni di individui (il <strong>74,7%<\/strong> dei vacanzieri) si sposteranno con questo veicolo. Ma la quota di mezzi in movimento sulle strade italiane sar\u00e0 ancora pi\u00f9 alta se si aggiungono i circa 1,7 milioni di vacanzieri che useranno <strong>auto a noleggio, autobus, camper\/roulotte<\/strong>.<\/em><\/p>\n<p><em>Segnali positivi arrivano sul fronte del <strong>trasporto aereo<\/strong>. Cresce la percentuale di chi ha dichiarato che quest\u2019anno si sposter\u00e0 cos\u00ec; il 17% dei vacanzieri, pari a pi\u00f9 di <strong>4 milioni di persone<\/strong> (era l\u201911% nell\u2019indagine effettuata nel 2020).<\/em><\/p>\n<p><em>Buone notizie anche per le <strong>isole italiane<\/strong> e, pi\u00f9 in generale, il <strong>trasporto marittimo<\/strong>; saranno oltre 1 milione e mezzo gli individui che raggiungeranno la propria destinazione vacanziera via nave, pi\u00f9 del doppio rispetto a quanto rilevato a maggio 2020. <\/em><\/p>\n<p><em>Questa la fotografia ad oggi, ma interventi come l\u2019ampliamento del <strong>bonus vacanze<\/strong>, la <strong>decisione sul coprifuoco<\/strong> e sulle <strong>regole da seguire<\/strong> per questa estate potrebbero avere un ruolo fondamentale nel determinare quanti italiani si concederanno una vacanza quest\u2019anno. <\/em><\/p>\n<p><em><strong>\u00a0<\/strong><\/em><\/p>\n<p><em>\u00a0<\/em><\/p>\n<p><em>\u00a0<\/em><em>Nota metodologica: l\u2019indagine \u00e8 stata svolta tra il 29 aprile ed il 3 maggio 2021 attraverso la somministrazione di n.1.012 interviste CAWI con ad un campione di individui in et\u00e0 compresa fra 18 e 74 anni, rappresentativo della popolazione italiana adulta residente sull\u2019intero territorio nazionale.<\/em><\/p>\n","protected":false},"excerpt":{"rendered":"<p>Quest\u2019anno le ferie saranno nazionali. Sono ben 22 milioni i nostri connazionali che, per le vacanze, hanno scelto di rimanere dentro i confini italiani. A certificare il dato l\u2019indagine commissionata da Facile.it agli istituti di ricerca mUp Research e Norstat e realizzata su un campione rappresentativo della popolazione nazionale*. Complici la situazione epidemiologica in miglioramento e la campagna di vaccinazione che ha raggiunto un numero sempre pi\u00f9 alto di individui,<\/p>\n<p><a class=\"continue-reading\" href=\"https:\/\/www.article-marketing.eu\/comunicatistampa\/turismo-22-milioni-di-italiani-questanno-faranno-le-ferie-nel-bel-paese\/\">Continue reading&#8230;<\/a><\/p>\n","protected":false},"author":62,"featured_media":0,"comment_status":"open","ping_status":"open","sticky":false,"template":"","format":"standard","meta":{"_monsterinsights_skip_tracking":false,"_monsterinsights_sitenote_active":false,"_monsterinsights_sitenote_note":"","_monsterinsights_sitenote_category":0,"footnotes":""},"categories":[346],"tags":[6082,1336,555,1957,233,870,235],"class_list":["post-18815","post","type-post","status-publish","format-standard","hentry","category-viaggi-e-turismo","tag-covid","tag-estate","tag-facile-it","tag-italia","tag-turismo","tag-vacanze","tag-viaggi"],"yoast_head":"<!-- This site is optimized with the Yoast SEO plugin v27.3 - https:\/\/yoast.com\/product\/yoast-seo-wordpress\/ -->\n<title>Turismo: 22 milioni di italiani quest\u2019anno faranno le ferie nel Bel paese<\/title>\n<meta name=\"robots\" content=\"index, follow, max-snippet:-1, max-image-preview:large, max-video-preview:-1\" \/>\n<link rel=\"canonical\" href=\"https:\/\/www.article-marketing.eu\/comunicatistampa\/turismo-22-milioni-di-italiani-questanno-faranno-le-ferie-nel-bel-paese\/\" \/>\n<meta property=\"og:locale\" content=\"it_IT\" \/>\n<meta property=\"og:type\" content=\"article\" \/>\n<meta property=\"og:title\" content=\"Turismo: 22 milioni di italiani quest\u2019anno faranno le ferie nel Bel paese\" \/>\n<meta property=\"og:description\" content=\"Quest\u2019anno le ferie saranno nazionali. Sono ben 22 milioni i nostri connazionali che, per le vacanze, hanno scelto di rimanere dentro i confini italiani. A certificare il dato l\u2019indagine commissionata da Facile.it agli istituti di ricerca mUp Research e Norstat e realizzata su un campione rappresentativo della popolazione nazionale*. Complici la situazione epidemiologica in miglioramento e la campagna di vaccinazione che ha raggiunto un numero sempre pi\u00f9 alto di individui,Continue reading...\" \/>\n<meta property=\"og:url\" content=\"https:\/\/www.article-marketing.eu\/comunicatistampa\/turismo-22-milioni-di-italiani-questanno-faranno-le-ferie-nel-bel-paese\/\" \/>\n<meta property=\"og:site_name\" content=\"Article Marketing\" \/>\n<meta property=\"article:published_time\" content=\"2021-05-24T09:57:05+00:00\" \/>\n<meta name=\"author\" content=\"Facile.it\" \/>\n<meta name=\"twitter:card\" content=\"summary_large_image\" \/>\n<meta name=\"twitter:label1\" content=\"Scritto da\" \/>\n\t<meta name=\"twitter:data1\" content=\"Facile.it\" \/>\n\t<meta name=\"twitter:label2\" content=\"Tempo di lettura stimato\" \/>\n\t<meta name=\"twitter:data2\" content=\"4 minuti\" \/>\n<script type=\"application\/ld+json\" class=\"yoast-schema-graph\">{\"@context\":\"https:\\\/\\\/schema.org\",\"@graph\":[{\"@type\":\"Article\",\"@id\":\"https:\\\/\\\/www.article-marketing.eu\\\/comunicatistampa\\\/turismo-22-milioni-di-italiani-questanno-faranno-le-ferie-nel-bel-paese\\\/#article\",\"isPartOf\":{\"@id\":\"https:\\\/\\\/www.article-marketing.eu\\\/comunicatistampa\\\/turismo-22-milioni-di-italiani-questanno-faranno-le-ferie-nel-bel-paese\\\/\"},\"author\":{\"name\":\"Facile.it\",\"@id\":\"https:\\\/\\\/www.article-marketing.eu\\\/comunicatistampa\\\/#\\\/schema\\\/person\\\/1deca6d9e0cf173abfe76a90ef261a2a\"},\"headline\":\"Turismo: 22 milioni di italiani quest\u2019anno faranno le ferie nel Bel paese\",\"datePublished\":\"2021-05-24T09:57:05+00:00\",\"mainEntityOfPage\":{\"@id\":\"https:\\\/\\\/www.article-marketing.eu\\\/comunicatistampa\\\/turismo-22-milioni-di-italiani-questanno-faranno-le-ferie-nel-bel-paese\\\/\"},\"wordCount\":794,\"commentCount\":0,\"keywords\":[\"#covid\",\"estate\",\"facile.it\",\"Italia\",\"Turismo\",\"vacanze\",\"viaggi\"],\"articleSection\":[\"Viaggi e turismo\"],\"inLanguage\":\"it-IT\",\"potentialAction\":[{\"@type\":\"CommentAction\",\"name\":\"Comment\",\"target\":[\"https:\\\/\\\/www.article-marketing.eu\\\/comunicatistampa\\\/turismo-22-milioni-di-italiani-questanno-faranno-le-ferie-nel-bel-paese\\\/#respond\"]}]},{\"@type\":\"WebPage\",\"@id\":\"https:\\\/\\\/www.article-marketing.eu\\\/comunicatistampa\\\/turismo-22-milioni-di-italiani-questanno-faranno-le-ferie-nel-bel-paese\\\/\",\"url\":\"https:\\\/\\\/www.article-marketing.eu\\\/comunicatistampa\\\/turismo-22-milioni-di-italiani-questanno-faranno-le-ferie-nel-bel-paese\\\/\",\"name\":\"Turismo: 22 milioni di italiani quest\u2019anno faranno le ferie nel Bel paese\",\"isPartOf\":{\"@id\":\"https:\\\/\\\/www.article-marketing.eu\\\/comunicatistampa\\\/#website\"},\"datePublished\":\"2021-05-24T09:57:05+00:00\",\"author\":{\"@id\":\"https:\\\/\\\/www.article-marketing.eu\\\/comunicatistampa\\\/#\\\/schema\\\/person\\\/1deca6d9e0cf173abfe76a90ef261a2a\"},\"breadcrumb\":{\"@id\":\"https:\\\/\\\/www.article-marketing.eu\\\/comunicatistampa\\\/turismo-22-milioni-di-italiani-questanno-faranno-le-ferie-nel-bel-paese\\\/#breadcrumb\"},\"inLanguage\":\"it-IT\",\"potentialAction\":[{\"@type\":\"ReadAction\",\"target\":[\"https:\\\/\\\/www.article-marketing.eu\\\/comunicatistampa\\\/turismo-22-milioni-di-italiani-questanno-faranno-le-ferie-nel-bel-paese\\\/\"]}]},{\"@type\":\"BreadcrumbList\",\"@id\":\"https:\\\/\\\/www.article-marketing.eu\\\/comunicatistampa\\\/turismo-22-milioni-di-italiani-questanno-faranno-le-ferie-nel-bel-paese\\\/#breadcrumb\",\"itemListElement\":[{\"@type\":\"ListItem\",\"position\":1,\"name\":\"Home\",\"item\":\"https:\\\/\\\/www.article-marketing.eu\\\/comunicatistampa\\\/\"},{\"@type\":\"ListItem\",\"position\":2,\"name\":\"Turismo: 22 milioni di italiani quest\u2019anno faranno le ferie nel Bel paese\"}]},{\"@type\":\"WebSite\",\"@id\":\"https:\\\/\\\/www.article-marketing.eu\\\/comunicatistampa\\\/#website\",\"url\":\"https:\\\/\\\/www.article-marketing.eu\\\/comunicatistampa\\\/\",\"name\":\"Article Marketing\",\"description\":\"article marketing &amp; press release\",\"potentialAction\":[{\"@type\":\"SearchAction\",\"target\":{\"@type\":\"EntryPoint\",\"urlTemplate\":\"https:\\\/\\\/www.article-marketing.eu\\\/comunicatistampa\\\/?s={search_term_string}\"},\"query-input\":{\"@type\":\"PropertyValueSpecification\",\"valueRequired\":true,\"valueName\":\"search_term_string\"}}],\"inLanguage\":\"it-IT\"},{\"@type\":\"Person\",\"@id\":\"https:\\\/\\\/www.article-marketing.eu\\\/comunicatistampa\\\/#\\\/schema\\\/person\\\/1deca6d9e0cf173abfe76a90ef261a2a\",\"name\":\"Facile.it\",\"image\":{\"@type\":\"ImageObject\",\"inLanguage\":\"it-IT\",\"@id\":\"https:\\\/\\\/secure.gravatar.com\\\/avatar\\\/2623775dfcd174bde1a788a4bc028e9035747fa40886953f4954f56c45cf4b34?s=96&d=mm&r=g\",\"url\":\"https:\\\/\\\/secure.gravatar.com\\\/avatar\\\/2623775dfcd174bde1a788a4bc028e9035747fa40886953f4954f56c45cf4b34?s=96&d=mm&r=g\",\"contentUrl\":\"https:\\\/\\\/secure.gravatar.com\\\/avatar\\\/2623775dfcd174bde1a788a4bc028e9035747fa40886953f4954f56c45cf4b34?s=96&d=mm&r=g\",\"caption\":\"Facile.it\"},\"url\":\"https:\\\/\\\/www.article-marketing.eu\\\/comunicatistampa\\\/author\\\/facile-it\\\/\"}]}<\/script>\n<!-- \/ Yoast SEO plugin. -->","yoast_head_json":{"title":"Turismo: 22 milioni di italiani quest\u2019anno faranno le ferie nel Bel paese","robots":{"index":"index","follow":"follow","max-snippet":"max-snippet:-1","max-image-preview":"max-image-preview:large","max-video-preview":"max-video-preview:-1"},"canonical":"https:\/\/www.article-marketing.eu\/comunicatistampa\/turismo-22-milioni-di-italiani-questanno-faranno-le-ferie-nel-bel-paese\/","og_locale":"it_IT","og_type":"article","og_title":"Turismo: 22 milioni di italiani quest\u2019anno faranno le ferie nel Bel paese","og_description":"Quest\u2019anno le ferie saranno nazionali. Sono ben 22 milioni i nostri connazionali che, per le vacanze, hanno scelto di rimanere dentro i confini italiani. A certificare il dato l\u2019indagine commissionata da Facile.it agli istituti di ricerca mUp Research e Norstat e realizzata su un campione rappresentativo della popolazione nazionale*. Complici la situazione epidemiologica in miglioramento e la campagna di vaccinazione che ha raggiunto un numero sempre pi\u00f9 alto di individui,Continue reading...","og_url":"https:\/\/www.article-marketing.eu\/comunicatistampa\/turismo-22-milioni-di-italiani-questanno-faranno-le-ferie-nel-bel-paese\/","og_site_name":"Article Marketing","article_published_time":"2021-05-24T09:57:05+00:00","author":"Facile.it","twitter_card":"summary_large_image","twitter_misc":{"Scritto da":"Facile.it","Tempo di lettura stimato":"4 minuti"},"schema":{"@context":"https:\/\/schema.org","@graph":[{"@type":"Article","@id":"https:\/\/www.article-marketing.eu\/comunicatistampa\/turismo-22-milioni-di-italiani-questanno-faranno-le-ferie-nel-bel-paese\/#article","isPartOf":{"@id":"https:\/\/www.article-marketing.eu\/comunicatistampa\/turismo-22-milioni-di-italiani-questanno-faranno-le-ferie-nel-bel-paese\/"},"author":{"name":"Facile.it","@id":"https:\/\/www.article-marketing.eu\/comunicatistampa\/#\/schema\/person\/1deca6d9e0cf173abfe76a90ef261a2a"},"headline":"Turismo: 22 milioni di italiani quest\u2019anno faranno le ferie nel Bel paese","datePublished":"2021-05-24T09:57:05+00:00","mainEntityOfPage":{"@id":"https:\/\/www.article-marketing.eu\/comunicatistampa\/turismo-22-milioni-di-italiani-questanno-faranno-le-ferie-nel-bel-paese\/"},"wordCount":794,"commentCount":0,"keywords":["#covid","estate","facile.it","Italia","Turismo","vacanze","viaggi"],"articleSection":["Viaggi e turismo"],"inLanguage":"it-IT","potentialAction":[{"@type":"CommentAction","name":"Comment","target":["https:\/\/www.article-marketing.eu\/comunicatistampa\/turismo-22-milioni-di-italiani-questanno-faranno-le-ferie-nel-bel-paese\/#respond"]}]},{"@type":"WebPage","@id":"https:\/\/www.article-marketing.eu\/comunicatistampa\/turismo-22-milioni-di-italiani-questanno-faranno-le-ferie-nel-bel-paese\/","url":"https:\/\/www.article-marketing.eu\/comunicatistampa\/turismo-22-milioni-di-italiani-questanno-faranno-le-ferie-nel-bel-paese\/","name":"Turismo: 22 milioni di italiani quest\u2019anno faranno le ferie nel Bel paese","isPartOf":{"@id":"https:\/\/www.article-marketing.eu\/comunicatistampa\/#website"},"datePublished":"2021-05-24T09:57:05+00:00","author":{"@id":"https:\/\/www.article-marketing.eu\/comunicatistampa\/#\/schema\/person\/1deca6d9e0cf173abfe76a90ef261a2a"},"breadcrumb":{"@id":"https:\/\/www.article-marketing.eu\/comunicatistampa\/turismo-22-milioni-di-italiani-questanno-faranno-le-ferie-nel-bel-paese\/#breadcrumb"},"inLanguage":"it-IT","potentialAction":[{"@type":"ReadAction","target":["https:\/\/www.article-marketing.eu\/comunicatistampa\/turismo-22-milioni-di-italiani-questanno-faranno-le-ferie-nel-bel-paese\/"]}]},{"@type":"BreadcrumbList","@id":"https:\/\/www.article-marketing.eu\/comunicatistampa\/turismo-22-milioni-di-italiani-questanno-faranno-le-ferie-nel-bel-paese\/#breadcrumb","itemListElement":[{"@type":"ListItem","position":1,"name":"Home","item":"https:\/\/www.article-marketing.eu\/comunicatistampa\/"},{"@type":"ListItem","position":2,"name":"Turismo: 22 milioni di italiani quest\u2019anno faranno le ferie nel Bel paese"}]},{"@type":"WebSite","@id":"https:\/\/www.article-marketing.eu\/comunicatistampa\/#website","url":"https:\/\/www.article-marketing.eu\/comunicatistampa\/","name":"Article Marketing","description":"article marketing &amp; press release","potentialAction":[{"@type":"SearchAction","target":{"@type":"EntryPoint","urlTemplate":"https:\/\/www.article-marketing.eu\/comunicatistampa\/?s={search_term_string}"},"query-input":{"@type":"PropertyValueSpecification","valueRequired":true,"valueName":"search_term_string"}}],"inLanguage":"it-IT"},{"@type":"Person","@id":"https:\/\/www.article-marketing.eu\/comunicatistampa\/#\/schema\/person\/1deca6d9e0cf173abfe76a90ef261a2a","name":"Facile.it","image":{"@type":"ImageObject","inLanguage":"it-IT","@id":"https:\/\/secure.gravatar.com\/avatar\/2623775dfcd174bde1a788a4bc028e9035747fa40886953f4954f56c45cf4b34?s=96&d=mm&r=g","url":"https:\/\/secure.gravatar.com\/avatar\/2623775dfcd174bde1a788a4bc028e9035747fa40886953f4954f56c45cf4b34?s=96&d=mm&r=g","contentUrl":"https:\/\/secure.gravatar.com\/avatar\/2623775dfcd174bde1a788a4bc028e9035747fa40886953f4954f56c45cf4b34?s=96&d=mm&r=g","caption":"Facile.it"},"url":"https:\/\/www.article-marketing.eu\/comunicatistampa\/author\/facile-it\/"}]}},"_links":{"self":[{"href":"https:\/\/www.article-marketing.eu\/comunicatistampa\/wp-json\/wp\/v2\/posts\/18815","targetHints":{"allow":["GET"]}}],"collection":[{"href":"https:\/\/www.article-marketing.eu\/comunicatistampa\/wp-json\/wp\/v2\/posts"}],"about":[{"href":"https:\/\/www.article-marketing.eu\/comunicatistampa\/wp-json\/wp\/v2\/types\/post"}],"author":[{"embeddable":true,"href":"https:\/\/www.article-marketing.eu\/comunicatistampa\/wp-json\/wp\/v2\/users\/62"}],"replies":[{"embeddable":true,"href":"https:\/\/www.article-marketing.eu\/comunicatistampa\/wp-json\/wp\/v2\/comments?post=18815"}],"version-history":[{"count":2,"href":"https:\/\/www.article-marketing.eu\/comunicatistampa\/wp-json\/wp\/v2\/posts\/18815\/revisions"}],"predecessor-version":[{"id":18891,"href":"https:\/\/www.article-marketing.eu\/comunicatistampa\/wp-json\/wp\/v2\/posts\/18815\/revisions\/18891"}],"wp:attachment":[{"href":"https:\/\/www.article-marketing.eu\/comunicatistampa\/wp-json\/wp\/v2\/media?parent=18815"}],"wp:term":[{"taxonomy":"category","embeddable":true,"href":"https:\/\/www.article-marketing.eu\/comunicatistampa\/wp-json\/wp\/v2\/categories?post=18815"},{"taxonomy":"post_tag","embeddable":true,"href":"https:\/\/www.article-marketing.eu\/comunicatistampa\/wp-json\/wp\/v2\/tags?post=18815"}],"curies":[{"name":"wp","href":"https:\/\/api.w.org\/{rel}","templated":true}]}}