{"id":18817,"date":"2021-05-24T12:13:55","date_gmt":"2021-05-24T10:13:55","guid":{"rendered":"https:\/\/www.article-marketing.eu\/comunicatistampa\/?p=18817"},"modified":"2022-03-08T18:08:05","modified_gmt":"2022-03-08T17:08:05","slug":"replica-voglio-andare-sulla-luna","status":"publish","type":"post","link":"https:\/\/www.article-marketing.eu\/comunicatistampa\/replica-voglio-andare-sulla-luna\/","title":{"rendered":"Replica, Voglio Andare sulla luna"},"content":{"rendered":"<p style=\"text-align: center;\"><em>in promozione l\u2019interessate singolo del cantautore pisano<\/em><\/p>\n<p><img loading=\"lazy\" decoding=\"async\" class=\"aligncenter\" src=\"https:\/\/diffusionimusicali.org\/wp-content\/uploads\/2021\/05\/cover-replica.jpg\" width=\"542\" height=\"542\" \/><\/p>\n<p>La luna come rifugio per la nostra specie? Plausibile, mentre il nostro mondo scende sempre pi\u00f9 verso i piani della follia quale destino sar\u00e0 riservato al genere umano? E se la fine dell&#8217;umanit\u00e0 venisse accompagnata da un catering? E se la nostra dipartita avvenisse proprio fra la terza portata e il dolce, impedendoci di fotografare quell&#8217; ultimo piatto decisivo e lasciandoci in eredit\u00e0 un perenne amaro in bocca? Domande esistenziali alle quali probabilmente non sapremo mai rispondere, forse meglio cosi qualcuno potrebbe dire.<br \/>\nIn questo brano non ci sono risposte, ma come disse un noto commercialista: le domande sono le risposte di cui hai bisogno. L\u2019intenzione dietro la scrittura di pezzi come \u201cVoglio andare sulla luna\u201d \u00e8 quella di descrivere gli effetti del progresso sulla nostra societ\u00e0, i cosiddetti paradossi della vita moderna, dove a una sempre maggiore apertura verso il cambiamento corrispondono sempre pi\u00f9 disuguaglianze sociali e economiche, facendo un p\u00f2 il verso a tutta la propaganda che circola sui vari media che utilizziamo ogni giorno.<\/p>\n<p><iframe loading=\"lazy\" title=\"Replica \u2010 Voglio andare sulla luna.\" width=\"1050\" height=\"591\" src=\"https:\/\/www.youtube.com\/embed\/Om6y4i0EbcQ?feature=oembed\" frameborder=\"0\" allow=\"accelerometer; autoplay; clipboard-write; encrypted-media; gyroscope; picture-in-picture\" allowfullscreen><\/iframe><\/p>\n<p>Nato a Pisa, ha imparato a suonare la chitarra da bambino prendendo qualche lezione, ma in gran parte l\u2019ha imparato da autodidatta.<br \/>\nL\u2019interesse a scrivere canzoni \u00e8 nato dagli ascolti di musica di vario tipo ma prevalentemente indie rock, ovvero artisti capaci di creare e pensare in modo indipendente nonostante le pressioni del mercato discografico. Ha fatto qualche esperienza suonando a livello amatoriale fra amici e conoscenze varie, per lo pi\u00f9 in sala prove. Cominciando a registrare le prime demo si \u00e8 appassionato alla scrittura di brani cercando di trovare uno stile originale, ma comunque influenzato dalla musica ascoltata. Ha deciso di usare il nome <strong>Replica <\/strong>per i molteplici significati che pu\u00f2 assumere, intesa ironicamente come ripetizione o imitazione di qualcosa che nella maggior parte dei casi \u00e8 gi\u00e0 stato fatto o come risposta, reazione ad esempio in una conversazione o in un dibattito.<\/p>\n<p><a href=\"https:\/\/www.facebook.com\/ReplicasullaLuna\/\">https:\/\/www.facebook.com\/ReplicasullaLuna\/<\/a><\/p>\n<p><strong><em>Press, radio, Tv Agency<br \/>\nDCOD Communication By GB Play<br \/>\n<\/em><\/strong><a href=\"mailto:promoradio@dcodcommunication.it\">promoradio@dcodcommunication.it<\/a><br \/>\n<a href=\"mailto:promostampa@dcodcommunication.it\">promostampa@dcodcommunication.it<\/a><\/p>\n","protected":false},"excerpt":{"rendered":"<p>in promozione l\u2019interessate singolo del cantautore pisano La luna come rifugio per la nostra specie? Plausibile, mentre il nostro mondo scende sempre pi\u00f9 verso i piani della follia quale destino sar\u00e0 riservato al genere umano? E se la fine dell&#8217;umanit\u00e0 venisse accompagnata da un catering? E se la nostra dipartita avvenisse proprio fra la terza portata e il dolce, impedendoci di fotografare quell&#8217; ultimo piatto decisivo e lasciandoci in eredit\u00e0<\/p>\n<p><a class=\"continue-reading\" href=\"https:\/\/www.article-marketing.eu\/comunicatistampa\/replica-voglio-andare-sulla-luna\/\">Continue reading&#8230;<\/a><\/p>\n","protected":false},"author":1680,"featured_media":0,"comment_status":"open","ping_status":"open","sticky":false,"template":"","format":"standard","meta":{"_monsterinsights_skip_tracking":false,"_monsterinsights_sitenote_active":false,"_monsterinsights_sitenote_note":"","_monsterinsights_sitenote_category":0,"footnotes":""},"categories":[411],"tags":[7129,4172,7995,3522],"class_list":["post-18817","post","type-post","status-publish","format-standard","hentry","category-musica","tag-luna","tag-news","tag-replica","tag-singolo"],"yoast_head":"<!-- This site is optimized with the Yoast SEO plugin v27.3 - https:\/\/yoast.com\/product\/yoast-seo-wordpress\/ -->\n<title>Replica, Voglio Andare sulla luna - Article Marketing<\/title>\n<meta name=\"robots\" content=\"index, follow, max-snippet:-1, max-image-preview:large, max-video-preview:-1\" \/>\n<link rel=\"canonical\" href=\"https:\/\/www.article-marketing.eu\/comunicatistampa\/replica-voglio-andare-sulla-luna\/\" \/>\n<meta property=\"og:locale\" content=\"it_IT\" \/>\n<meta property=\"og:type\" content=\"article\" \/>\n<meta property=\"og:title\" content=\"Replica, Voglio Andare sulla luna - Article Marketing\" \/>\n<meta property=\"og:description\" content=\"in promozione l\u2019interessate singolo del cantautore pisano La luna come rifugio per la nostra specie? Plausibile, mentre il nostro mondo scende sempre pi\u00f9 verso i piani della follia quale destino sar\u00e0 riservato al genere umano? E se la fine dell&#8217;umanit\u00e0 venisse accompagnata da un catering? E se la nostra dipartita avvenisse proprio fra la terza portata e il dolce, impedendoci di fotografare quell&#8217; ultimo piatto decisivo e lasciandoci in eredit\u00e0Continue reading...\" \/>\n<meta property=\"og:url\" content=\"https:\/\/www.article-marketing.eu\/comunicatistampa\/replica-voglio-andare-sulla-luna\/\" \/>\n<meta property=\"og:site_name\" content=\"Article Marketing\" \/>\n<meta property=\"article:published_time\" content=\"2021-05-24T10:13:55+00:00\" \/>\n<meta property=\"article:modified_time\" content=\"2022-03-08T17:08:05+00:00\" \/>\n<meta property=\"og:image\" content=\"https:\/\/diffusionimusicali.org\/wp-content\/uploads\/2021\/05\/cover-replica.jpg\" \/>\n<meta name=\"author\" content=\"Micro961\" \/>\n<meta name=\"twitter:card\" content=\"summary_large_image\" \/>\n<meta name=\"twitter:label1\" content=\"Scritto da\" \/>\n\t<meta name=\"twitter:data1\" content=\"Micro961\" \/>\n\t<meta name=\"twitter:label2\" content=\"Tempo di lettura stimato\" \/>\n\t<meta name=\"twitter:data2\" content=\"2 minuti\" \/>\n<script type=\"application\/ld+json\" class=\"yoast-schema-graph\">{\"@context\":\"https:\\\/\\\/schema.org\",\"@graph\":[{\"@type\":\"Article\",\"@id\":\"https:\\\/\\\/www.article-marketing.eu\\\/comunicatistampa\\\/replica-voglio-andare-sulla-luna\\\/#article\",\"isPartOf\":{\"@id\":\"https:\\\/\\\/www.article-marketing.eu\\\/comunicatistampa\\\/replica-voglio-andare-sulla-luna\\\/\"},\"author\":{\"name\":\"Micro961\",\"@id\":\"https:\\\/\\\/www.article-marketing.eu\\\/comunicatistampa\\\/#\\\/schema\\\/person\\\/9beeb909be59832a9bcbec84cb3786f5\"},\"headline\":\"Replica, Voglio Andare sulla luna\",\"datePublished\":\"2021-05-24T10:13:55+00:00\",\"dateModified\":\"2022-03-08T17:08:05+00:00\",\"mainEntityOfPage\":{\"@id\":\"https:\\\/\\\/www.article-marketing.eu\\\/comunicatistampa\\\/replica-voglio-andare-sulla-luna\\\/\"},\"wordCount\":350,\"commentCount\":0,\"image\":{\"@id\":\"https:\\\/\\\/www.article-marketing.eu\\\/comunicatistampa\\\/replica-voglio-andare-sulla-luna\\\/#primaryimage\"},\"thumbnailUrl\":\"https:\\\/\\\/diffusionimusicali.org\\\/wp-content\\\/uploads\\\/2021\\\/05\\\/cover-replica.jpg\",\"keywords\":[\"Luna\",\"News\",\"replica\",\"Singolo\"],\"articleSection\":[\"Musica\"],\"inLanguage\":\"it-IT\",\"potentialAction\":[{\"@type\":\"CommentAction\",\"name\":\"Comment\",\"target\":[\"https:\\\/\\\/www.article-marketing.eu\\\/comunicatistampa\\\/replica-voglio-andare-sulla-luna\\\/#respond\"]}]},{\"@type\":\"WebPage\",\"@id\":\"https:\\\/\\\/www.article-marketing.eu\\\/comunicatistampa\\\/replica-voglio-andare-sulla-luna\\\/\",\"url\":\"https:\\\/\\\/www.article-marketing.eu\\\/comunicatistampa\\\/replica-voglio-andare-sulla-luna\\\/\",\"name\":\"Replica, Voglio Andare sulla luna - Article Marketing\",\"isPartOf\":{\"@id\":\"https:\\\/\\\/www.article-marketing.eu\\\/comunicatistampa\\\/#website\"},\"primaryImageOfPage\":{\"@id\":\"https:\\\/\\\/www.article-marketing.eu\\\/comunicatistampa\\\/replica-voglio-andare-sulla-luna\\\/#primaryimage\"},\"image\":{\"@id\":\"https:\\\/\\\/www.article-marketing.eu\\\/comunicatistampa\\\/replica-voglio-andare-sulla-luna\\\/#primaryimage\"},\"thumbnailUrl\":\"https:\\\/\\\/diffusionimusicali.org\\\/wp-content\\\/uploads\\\/2021\\\/05\\\/cover-replica.jpg\",\"datePublished\":\"2021-05-24T10:13:55+00:00\",\"dateModified\":\"2022-03-08T17:08:05+00:00\",\"author\":{\"@id\":\"https:\\\/\\\/www.article-marketing.eu\\\/comunicatistampa\\\/#\\\/schema\\\/person\\\/9beeb909be59832a9bcbec84cb3786f5\"},\"breadcrumb\":{\"@id\":\"https:\\\/\\\/www.article-marketing.eu\\\/comunicatistampa\\\/replica-voglio-andare-sulla-luna\\\/#breadcrumb\"},\"inLanguage\":\"it-IT\",\"potentialAction\":[{\"@type\":\"ReadAction\",\"target\":[\"https:\\\/\\\/www.article-marketing.eu\\\/comunicatistampa\\\/replica-voglio-andare-sulla-luna\\\/\"]}]},{\"@type\":\"ImageObject\",\"inLanguage\":\"it-IT\",\"@id\":\"https:\\\/\\\/www.article-marketing.eu\\\/comunicatistampa\\\/replica-voglio-andare-sulla-luna\\\/#primaryimage\",\"url\":\"https:\\\/\\\/diffusionimusicali.org\\\/wp-content\\\/uploads\\\/2021\\\/05\\\/cover-replica.jpg\",\"contentUrl\":\"https:\\\/\\\/diffusionimusicali.org\\\/wp-content\\\/uploads\\\/2021\\\/05\\\/cover-replica.jpg\"},{\"@type\":\"BreadcrumbList\",\"@id\":\"https:\\\/\\\/www.article-marketing.eu\\\/comunicatistampa\\\/replica-voglio-andare-sulla-luna\\\/#breadcrumb\",\"itemListElement\":[{\"@type\":\"ListItem\",\"position\":1,\"name\":\"Home\",\"item\":\"https:\\\/\\\/www.article-marketing.eu\\\/comunicatistampa\\\/\"},{\"@type\":\"ListItem\",\"position\":2,\"name\":\"Replica, Voglio Andare sulla luna\"}]},{\"@type\":\"WebSite\",\"@id\":\"https:\\\/\\\/www.article-marketing.eu\\\/comunicatistampa\\\/#website\",\"url\":\"https:\\\/\\\/www.article-marketing.eu\\\/comunicatistampa\\\/\",\"name\":\"Article Marketing\",\"description\":\"article marketing &amp; press release\",\"potentialAction\":[{\"@type\":\"SearchAction\",\"target\":{\"@type\":\"EntryPoint\",\"urlTemplate\":\"https:\\\/\\\/www.article-marketing.eu\\\/comunicatistampa\\\/?s={search_term_string}\"},\"query-input\":{\"@type\":\"PropertyValueSpecification\",\"valueRequired\":true,\"valueName\":\"search_term_string\"}}],\"inLanguage\":\"it-IT\"},{\"@type\":\"Person\",\"@id\":\"https:\\\/\\\/www.article-marketing.eu\\\/comunicatistampa\\\/#\\\/schema\\\/person\\\/9beeb909be59832a9bcbec84cb3786f5\",\"name\":\"Micro961\",\"image\":{\"@type\":\"ImageObject\",\"inLanguage\":\"it-IT\",\"@id\":\"https:\\\/\\\/secure.gravatar.com\\\/avatar\\\/cd6f5864b85cc3687c05b2965bb186afcd70a2a89789a156c92a4f1d66e87827?s=96&d=mm&r=g\",\"url\":\"https:\\\/\\\/secure.gravatar.com\\\/avatar\\\/cd6f5864b85cc3687c05b2965bb186afcd70a2a89789a156c92a4f1d66e87827?s=96&d=mm&r=g\",\"contentUrl\":\"https:\\\/\\\/secure.gravatar.com\\\/avatar\\\/cd6f5864b85cc3687c05b2965bb186afcd70a2a89789a156c92a4f1d66e87827?s=96&d=mm&r=g\",\"caption\":\"Micro961\"},\"url\":\"https:\\\/\\\/www.article-marketing.eu\\\/comunicatistampa\\\/author\\\/micro961\\\/\"}]}<\/script>\n<!-- \/ Yoast SEO plugin. -->","yoast_head_json":{"title":"Replica, Voglio Andare sulla luna - Article Marketing","robots":{"index":"index","follow":"follow","max-snippet":"max-snippet:-1","max-image-preview":"max-image-preview:large","max-video-preview":"max-video-preview:-1"},"canonical":"https:\/\/www.article-marketing.eu\/comunicatistampa\/replica-voglio-andare-sulla-luna\/","og_locale":"it_IT","og_type":"article","og_title":"Replica, Voglio Andare sulla luna - Article Marketing","og_description":"in promozione l\u2019interessate singolo del cantautore pisano La luna come rifugio per la nostra specie? Plausibile, mentre il nostro mondo scende sempre pi\u00f9 verso i piani della follia quale destino sar\u00e0 riservato al genere umano? E se la fine dell&#8217;umanit\u00e0 venisse accompagnata da un catering? E se la nostra dipartita avvenisse proprio fra la terza portata e il dolce, impedendoci di fotografare quell&#8217; ultimo piatto decisivo e lasciandoci in eredit\u00e0Continue reading...","og_url":"https:\/\/www.article-marketing.eu\/comunicatistampa\/replica-voglio-andare-sulla-luna\/","og_site_name":"Article Marketing","article_published_time":"2021-05-24T10:13:55+00:00","article_modified_time":"2022-03-08T17:08:05+00:00","og_image":[{"url":"https:\/\/diffusionimusicali.org\/wp-content\/uploads\/2021\/05\/cover-replica.jpg","type":"","width":"","height":""}],"author":"Micro961","twitter_card":"summary_large_image","twitter_misc":{"Scritto da":"Micro961","Tempo di lettura stimato":"2 minuti"},"schema":{"@context":"https:\/\/schema.org","@graph":[{"@type":"Article","@id":"https:\/\/www.article-marketing.eu\/comunicatistampa\/replica-voglio-andare-sulla-luna\/#article","isPartOf":{"@id":"https:\/\/www.article-marketing.eu\/comunicatistampa\/replica-voglio-andare-sulla-luna\/"},"author":{"name":"Micro961","@id":"https:\/\/www.article-marketing.eu\/comunicatistampa\/#\/schema\/person\/9beeb909be59832a9bcbec84cb3786f5"},"headline":"Replica, Voglio Andare sulla luna","datePublished":"2021-05-24T10:13:55+00:00","dateModified":"2022-03-08T17:08:05+00:00","mainEntityOfPage":{"@id":"https:\/\/www.article-marketing.eu\/comunicatistampa\/replica-voglio-andare-sulla-luna\/"},"wordCount":350,"commentCount":0,"image":{"@id":"https:\/\/www.article-marketing.eu\/comunicatistampa\/replica-voglio-andare-sulla-luna\/#primaryimage"},"thumbnailUrl":"https:\/\/diffusionimusicali.org\/wp-content\/uploads\/2021\/05\/cover-replica.jpg","keywords":["Luna","News","replica","Singolo"],"articleSection":["Musica"],"inLanguage":"it-IT","potentialAction":[{"@type":"CommentAction","name":"Comment","target":["https:\/\/www.article-marketing.eu\/comunicatistampa\/replica-voglio-andare-sulla-luna\/#respond"]}]},{"@type":"WebPage","@id":"https:\/\/www.article-marketing.eu\/comunicatistampa\/replica-voglio-andare-sulla-luna\/","url":"https:\/\/www.article-marketing.eu\/comunicatistampa\/replica-voglio-andare-sulla-luna\/","name":"Replica, Voglio Andare sulla luna - Article Marketing","isPartOf":{"@id":"https:\/\/www.article-marketing.eu\/comunicatistampa\/#website"},"primaryImageOfPage":{"@id":"https:\/\/www.article-marketing.eu\/comunicatistampa\/replica-voglio-andare-sulla-luna\/#primaryimage"},"image":{"@id":"https:\/\/www.article-marketing.eu\/comunicatistampa\/replica-voglio-andare-sulla-luna\/#primaryimage"},"thumbnailUrl":"https:\/\/diffusionimusicali.org\/wp-content\/uploads\/2021\/05\/cover-replica.jpg","datePublished":"2021-05-24T10:13:55+00:00","dateModified":"2022-03-08T17:08:05+00:00","author":{"@id":"https:\/\/www.article-marketing.eu\/comunicatistampa\/#\/schema\/person\/9beeb909be59832a9bcbec84cb3786f5"},"breadcrumb":{"@id":"https:\/\/www.article-marketing.eu\/comunicatistampa\/replica-voglio-andare-sulla-luna\/#breadcrumb"},"inLanguage":"it-IT","potentialAction":[{"@type":"ReadAction","target":["https:\/\/www.article-marketing.eu\/comunicatistampa\/replica-voglio-andare-sulla-luna\/"]}]},{"@type":"ImageObject","inLanguage":"it-IT","@id":"https:\/\/www.article-marketing.eu\/comunicatistampa\/replica-voglio-andare-sulla-luna\/#primaryimage","url":"https:\/\/diffusionimusicali.org\/wp-content\/uploads\/2021\/05\/cover-replica.jpg","contentUrl":"https:\/\/diffusionimusicali.org\/wp-content\/uploads\/2021\/05\/cover-replica.jpg"},{"@type":"BreadcrumbList","@id":"https:\/\/www.article-marketing.eu\/comunicatistampa\/replica-voglio-andare-sulla-luna\/#breadcrumb","itemListElement":[{"@type":"ListItem","position":1,"name":"Home","item":"https:\/\/www.article-marketing.eu\/comunicatistampa\/"},{"@type":"ListItem","position":2,"name":"Replica, Voglio Andare sulla luna"}]},{"@type":"WebSite","@id":"https:\/\/www.article-marketing.eu\/comunicatistampa\/#website","url":"https:\/\/www.article-marketing.eu\/comunicatistampa\/","name":"Article Marketing","description":"article marketing &amp; press release","potentialAction":[{"@type":"SearchAction","target":{"@type":"EntryPoint","urlTemplate":"https:\/\/www.article-marketing.eu\/comunicatistampa\/?s={search_term_string}"},"query-input":{"@type":"PropertyValueSpecification","valueRequired":true,"valueName":"search_term_string"}}],"inLanguage":"it-IT"},{"@type":"Person","@id":"https:\/\/www.article-marketing.eu\/comunicatistampa\/#\/schema\/person\/9beeb909be59832a9bcbec84cb3786f5","name":"Micro961","image":{"@type":"ImageObject","inLanguage":"it-IT","@id":"https:\/\/secure.gravatar.com\/avatar\/cd6f5864b85cc3687c05b2965bb186afcd70a2a89789a156c92a4f1d66e87827?s=96&d=mm&r=g","url":"https:\/\/secure.gravatar.com\/avatar\/cd6f5864b85cc3687c05b2965bb186afcd70a2a89789a156c92a4f1d66e87827?s=96&d=mm&r=g","contentUrl":"https:\/\/secure.gravatar.com\/avatar\/cd6f5864b85cc3687c05b2965bb186afcd70a2a89789a156c92a4f1d66e87827?s=96&d=mm&r=g","caption":"Micro961"},"url":"https:\/\/www.article-marketing.eu\/comunicatistampa\/author\/micro961\/"}]}},"_links":{"self":[{"href":"https:\/\/www.article-marketing.eu\/comunicatistampa\/wp-json\/wp\/v2\/posts\/18817","targetHints":{"allow":["GET"]}}],"collection":[{"href":"https:\/\/www.article-marketing.eu\/comunicatistampa\/wp-json\/wp\/v2\/posts"}],"about":[{"href":"https:\/\/www.article-marketing.eu\/comunicatistampa\/wp-json\/wp\/v2\/types\/post"}],"author":[{"embeddable":true,"href":"https:\/\/www.article-marketing.eu\/comunicatistampa\/wp-json\/wp\/v2\/users\/1680"}],"replies":[{"embeddable":true,"href":"https:\/\/www.article-marketing.eu\/comunicatistampa\/wp-json\/wp\/v2\/comments?post=18817"}],"version-history":[{"count":2,"href":"https:\/\/www.article-marketing.eu\/comunicatistampa\/wp-json\/wp\/v2\/posts\/18817\/revisions"}],"predecessor-version":[{"id":18905,"href":"https:\/\/www.article-marketing.eu\/comunicatistampa\/wp-json\/wp\/v2\/posts\/18817\/revisions\/18905"}],"wp:attachment":[{"href":"https:\/\/www.article-marketing.eu\/comunicatistampa\/wp-json\/wp\/v2\/media?parent=18817"}],"wp:term":[{"taxonomy":"category","embeddable":true,"href":"https:\/\/www.article-marketing.eu\/comunicatistampa\/wp-json\/wp\/v2\/categories?post=18817"},{"taxonomy":"post_tag","embeddable":true,"href":"https:\/\/www.article-marketing.eu\/comunicatistampa\/wp-json\/wp\/v2\/tags?post=18817"}],"curies":[{"name":"wp","href":"https:\/\/api.w.org\/{rel}","templated":true}]}}