{"id":18845,"date":"2021-05-24T12:00:49","date_gmt":"2021-05-24T10:00:49","guid":{"rendered":"https:\/\/www.article-marketing.eu\/comunicatistampa\/?p=18845"},"modified":"2021-05-24T12:00:49","modified_gmt":"2021-05-24T10:00:49","slug":"ancora-10-giorni-per-poter-partecipare-alla-seconda-edizione-di-cover-me-il-contest-dedicato-al-boss-sul-palco-artisti-nazionali-e-internazionali","status":"publish","type":"post","link":"https:\/\/www.article-marketing.eu\/comunicatistampa\/ancora-10-giorni-per-poter-partecipare-alla-seconda-edizione-di-cover-me-il-contest-dedicato-al-boss-sul-palco-artisti-nazionali-e-internazionali\/","title":{"rendered":"Ancora 10 giorni per poter partecipare alla seconda edizione di &#8220;cover me&#8221;, il contest dedicato al boss. Sul palco artisti nazionali e internazionali"},"content":{"rendered":"<p class=\"p1\"><b>\u00c8 possibile iscriversi fino al 31 maggio al contest promosso da \u201cNOI &amp; Springsteen\u201d, dove artisti &#8211; anche internazionali \u2013 hanno la possibilit\u00e0 di inviare il proprio arrangiamento interpretando i brani del rocker americano pi\u00f9 famoso al mondo.<span class=\"Apple-converted-space\">\u00a0 <\/span>Nei mesi estivi, tre concerti dal vivo permetteranno ai 30 finalisti di esibirsi di fronte al pubblico: un segnale importante di ripartenza per il mondo degli spettacoli dal vivo che ha subito un forte stop a causa della pandemia. <\/b><\/p>\n<p class=\"p3\"><span class=\"s1\">Ancora dieci giorni di tempo per inviare il proprio arrangiamento interpretando una canzone del Boss ed essere tra i 30 artisti finalisti che avranno la possibilit\u00e0 di calcare il palco sulle note di Bruce Springsteen in un tour di tre tappe live. Sono questi i nuovi ingredienti della seconda edizione di<b> <\/b><\/span><b>\u201cCover me\u201d<\/b>, il primo contest dedicato al rocker americano pi\u00f9 famoso al Mondo organizzato dal gruppo <b>Noi &amp; Springsteen<\/b>. Un 2021 che non solo apre i confini agli artisti internazionali, ma riporta la musica sul palco in un mini tour estivo nel quale i 30 finalisti potranno esibirsi davanti ad un pubblico. Appuntamenti, in fase di definizione, a Lecco, Bergamo e<span class=\"Apple-converted-space\">\u00a0 <\/span>Milano.<\/p>\n<p class=\"p3\"><i>\u201cAbbiamo deciso<\/i> \u2013 spiegano <b>Alberto Lanfranchi, Alberto Cant\u00f9, Saverio Ceravolo e Luca Lanfranchi<\/b>, membri del gruppo NOI &amp; Springsteen \u2013 <i>di programmare tre tappe live in cui i 30 finalisti avranno la possibilit\u00e0 di esibirsi di fronte ad un pubblico: un segnale importante di ripartenza per il mondo degli spettacoli dal vivo e della musica che ha subito un forte stop a causa della pandemia da Covid 19. Per molti artisti, infatti, sar\u00e0 la prima occasione di esibirsi live dopo molto tempo: un modo per farsi conoscere e per respirare nuovamente l\u2019emozione di cantare su un palco di fronte al pubblico\u201d.\u00a0<\/i><\/p>\n<p class=\"p3\">\u201cCover Me\u201d, infatti, <b>riunisce musicisti e band italiane e internazionali<\/b> che vogliono mettersi alla prova <b>riarrangiando e interpretando <\/b>a modo proprio <b>un brano del Boss<\/b>, senza snaturarne l\u2019essenza e la melodia: non cover band dunque, ma veri e propri artisti capaci di trasmettere la propria autenticit\u00e0 e originalit\u00e0. I brani identici all\u2019originale infatti non verranno accolti dalla giuria e non parteciperanno al contest. Un omaggio ad un&#8217;artista internazionale che \u2013 con la sua musica \u2013 ha emozionato e ispirato milioni di fan.<span class=\"Apple-converted-space\">\u00a0 <\/span>I candidati hanno, inoltre, la possibilit\u00e0 di farsi conoscere attraverso <b>la rubrica \u201cSCOPRIAMO GLI ARTISTI DEL CONTEST COVER ME 2021\u201d sulla pagina facebook di Noi&amp;Springsteen.<\/b> In programma anche l\u2019idea di <b>realizzare di un vinile <\/b>dove sar\u00e0 possibile trovare tutti brani delle due finali 2020 e 2021.<span class=\"Apple-converted-space\">\u00a0 <\/span>Le <b>iscrizioni<\/b> <b>si chiuderanno il 31 maggio<\/b>: mancano dunque pochi giorni per poter partecipare a questa nuova edizione ricca di novit\u00e0.<\/p>\n<p class=\"p3\"><i>\u201cAd oggi sono 40 i partecipanti che si sono iscritti all\u2019edizione 2021 di &lt;Cover me&gt;, tra cui artisti conosciuti del calibro di<span class=\"Apple-converted-space\">\u00a0 <\/span>Renato Tammi, Roberta Finocchiaro, Francesca Crasnich, Francesco D&#8217;Acri, Tommaso Imperiali. Al momento sono iscritti anche sei artisti internazionali, provenienti dalla Germania, da Londra e New York: un riconoscimento importante per questa iniziativa, ma anche la dimostrazione del grande potere della musica di Bruce Springsteen capace di avvicinare e unire le persone<\/i>\u201d dichiarano gli organizzatori del gruppo NOI &amp; Springsteen.<\/p>\n<p class=\"p3\"><b>IL CONTEST:<\/b><\/p>\n<p class=\"p3\"><b>Artisti e band interessate potranno presentare la propria candidatura e concorrere per il podio fino al 31 maggio inviando la propria proposta a <\/b><a href=\"mailto:info@noiespringsteen.com\"><span class=\"s2\"><b>info@noiespringsteen.com<\/b><\/span><\/a><b>. <\/b><\/p>\n<p class=\"p5\">Le candidature verranno valutate da una <b>giuria di qualit\u00e0<\/b> composta da esperti e critici musicali: <b>Claudio Trotta<\/b> (promotore e fondatore di Barley Arts e presidente della giuria), <b>Gianni Poglio<\/b> (giornalista di Panorama), <b>Alberto Cant\u00f9<\/b> (componente del gruppo NOI &amp; Springsteen), <b>David Drusin<\/b> (titolare del \u2018Druso\u2019), <b>Ruggero Rosetti<\/b> (membro dell\u2019Associazione Nebraska dedicata alla musica rock), <b>Leonardo Colombati<\/b> (Scrittore e giornalista). La giuria selezioner\u00e0 30 brani che verranno pubblicati sul sito www.noiespringsteen.com, dando la possibilit\u00e0 al pubblico di votare. I 15 brani pi\u00f9 votati accederanno automaticamente alla finale che si terr\u00e0 a Bergamo <b>domenica 29 agosto<\/b>, in occasione del meeting dedicato a The Boss: <b>Bergamo Racconta Springsteen V Edizione. <\/b>A completare il contest anche una <b>giuria della critica<\/b> composta da: <b>Massimo Cotto <\/b>(scrittore e voce di Virgin Radio e presidente della giuria), <b>Giorgio Berta <\/b>(Presidente Fondazione Donizetti), <b>Patrizia De Rossi <\/b>(giornalista e direttrice di Hitmania Magazine), <b>Ugo Bacci <\/b>(giornalista e critico musicale di L\u2019Eco di Bergamo), <b>Fabio Santini<\/b> (giornalista, conduttore e voce di RTL 102.5), <b>Ken Rosen<\/b> (storico per formazione, tecnologo di professione). Questi esperti assegneranno un punteggio da 0 a 3 punti ad ogni brand e l\u2019artista che otterr\u00e0 il maggior punteggio ricever\u00e0 il <b>Premio della Critica del Contest Cover Me<\/b>.<b> <\/b>Il regolamento completo \u00e8 consultabile sul sito <a href=\"https:\/\/www.noiespringsteen.com\/contest\/\"><span class=\"s2\">https:\/\/www.noiespringsteen.com\/contest\/<\/span><\/a><\/p>\n","protected":false},"excerpt":{"rendered":"<p>\u00c8 possibile iscriversi fino al 31 maggio al contest promosso da \u201cNOI &amp; Springsteen\u201d, dove artisti &#8211; anche internazionali \u2013 hanno la possibilit\u00e0 di inviare il proprio arrangiamento interpretando i brani del rocker americano pi\u00f9 famoso al mondo.\u00a0 Nei mesi estivi, tre concerti dal vivo permetteranno ai 30 finalisti di esibirsi di fronte al pubblico: un segnale importante di ripartenza per il mondo degli spettacoli dal vivo che ha subito<\/p>\n<p><a class=\"continue-reading\" href=\"https:\/\/www.article-marketing.eu\/comunicatistampa\/ancora-10-giorni-per-poter-partecipare-alla-seconda-edizione-di-cover-me-il-contest-dedicato-al-boss-sul-palco-artisti-nazionali-e-internazionali\/\">Continue reading&#8230;<\/a><\/p>\n","protected":false},"author":1855,"featured_media":0,"comment_status":"open","ping_status":"open","sticky":false,"template":"","format":"standard","meta":{"_monsterinsights_skip_tracking":false,"_monsterinsights_sitenote_active":false,"_monsterinsights_sitenote_note":"","_monsterinsights_sitenote_category":0,"footnotes":""},"categories":[78],"tags":[6526,994,517],"class_list":["post-18845","post","type-post","status-publish","format-standard","hentry","category-comunicati-stampa","tag-brucespringsteen","tag-contest","tag-musica"],"yoast_head":"<!-- This site is optimized with the Yoast SEO plugin v27.3 - https:\/\/yoast.com\/product\/yoast-seo-wordpress\/ -->\n<title>Ancora 10 giorni per poter partecipare alla seconda edizione di &quot;cover me&quot;, il contest dedicato al boss. Sul palco artisti nazionali e internazionali<\/title>\n<meta name=\"robots\" content=\"index, follow, max-snippet:-1, max-image-preview:large, max-video-preview:-1\" \/>\n<link rel=\"canonical\" href=\"https:\/\/www.article-marketing.eu\/comunicatistampa\/ancora-10-giorni-per-poter-partecipare-alla-seconda-edizione-di-cover-me-il-contest-dedicato-al-boss-sul-palco-artisti-nazionali-e-internazionali\/\" \/>\n<meta property=\"og:locale\" content=\"it_IT\" \/>\n<meta property=\"og:type\" content=\"article\" \/>\n<meta property=\"og:title\" content=\"Ancora 10 giorni per poter partecipare alla seconda edizione di &quot;cover me&quot;, il contest dedicato al boss. Sul palco artisti nazionali e internazionali\" \/>\n<meta property=\"og:description\" content=\"\u00c8 possibile iscriversi fino al 31 maggio al contest promosso da \u201cNOI &amp; Springsteen\u201d, dove artisti &#8211; anche internazionali \u2013 hanno la possibilit\u00e0 di inviare il proprio arrangiamento interpretando i brani del rocker americano pi\u00f9 famoso al mondo.\u00a0 Nei mesi estivi, tre concerti dal vivo permetteranno ai 30 finalisti di esibirsi di fronte al pubblico: un segnale importante di ripartenza per il mondo degli spettacoli dal vivo che ha subitoContinue reading...\" \/>\n<meta property=\"og:url\" content=\"https:\/\/www.article-marketing.eu\/comunicatistampa\/ancora-10-giorni-per-poter-partecipare-alla-seconda-edizione-di-cover-me-il-contest-dedicato-al-boss-sul-palco-artisti-nazionali-e-internazionali\/\" \/>\n<meta property=\"og:site_name\" content=\"Article Marketing\" \/>\n<meta property=\"article:published_time\" content=\"2021-05-24T10:00:49+00:00\" \/>\n<meta name=\"author\" content=\"Redaclem\" \/>\n<meta name=\"twitter:card\" content=\"summary_large_image\" \/>\n<meta name=\"twitter:label1\" content=\"Scritto da\" \/>\n\t<meta name=\"twitter:data1\" content=\"Redaclem\" \/>\n\t<meta name=\"twitter:label2\" content=\"Tempo di lettura stimato\" \/>\n\t<meta name=\"twitter:data2\" content=\"4 minuti\" \/>\n<script type=\"application\/ld+json\" class=\"yoast-schema-graph\">{\"@context\":\"https:\\\/\\\/schema.org\",\"@graph\":[{\"@type\":\"Article\",\"@id\":\"https:\\\/\\\/www.article-marketing.eu\\\/comunicatistampa\\\/ancora-10-giorni-per-poter-partecipare-alla-seconda-edizione-di-cover-me-il-contest-dedicato-al-boss-sul-palco-artisti-nazionali-e-internazionali\\\/#article\",\"isPartOf\":{\"@id\":\"https:\\\/\\\/www.article-marketing.eu\\\/comunicatistampa\\\/ancora-10-giorni-per-poter-partecipare-alla-seconda-edizione-di-cover-me-il-contest-dedicato-al-boss-sul-palco-artisti-nazionali-e-internazionali\\\/\"},\"author\":{\"name\":\"Redaclem\",\"@id\":\"https:\\\/\\\/www.article-marketing.eu\\\/comunicatistampa\\\/#\\\/schema\\\/person\\\/c0aa725eee5df8460e0adf901fde0c88\"},\"headline\":\"Ancora 10 giorni per poter partecipare alla seconda edizione di &#8220;cover me&#8221;, il contest dedicato al boss. Sul palco artisti nazionali e internazionali\",\"datePublished\":\"2021-05-24T10:00:49+00:00\",\"mainEntityOfPage\":{\"@id\":\"https:\\\/\\\/www.article-marketing.eu\\\/comunicatistampa\\\/ancora-10-giorni-per-poter-partecipare-alla-seconda-edizione-di-cover-me-il-contest-dedicato-al-boss-sul-palco-artisti-nazionali-e-internazionali\\\/\"},\"wordCount\":770,\"commentCount\":0,\"keywords\":[\"#brucespringsteen\",\"Contest\",\"Musica\"],\"articleSection\":[\"Comunicati stampa\"],\"inLanguage\":\"it-IT\",\"potentialAction\":[{\"@type\":\"CommentAction\",\"name\":\"Comment\",\"target\":[\"https:\\\/\\\/www.article-marketing.eu\\\/comunicatistampa\\\/ancora-10-giorni-per-poter-partecipare-alla-seconda-edizione-di-cover-me-il-contest-dedicato-al-boss-sul-palco-artisti-nazionali-e-internazionali\\\/#respond\"]}]},{\"@type\":\"WebPage\",\"@id\":\"https:\\\/\\\/www.article-marketing.eu\\\/comunicatistampa\\\/ancora-10-giorni-per-poter-partecipare-alla-seconda-edizione-di-cover-me-il-contest-dedicato-al-boss-sul-palco-artisti-nazionali-e-internazionali\\\/\",\"url\":\"https:\\\/\\\/www.article-marketing.eu\\\/comunicatistampa\\\/ancora-10-giorni-per-poter-partecipare-alla-seconda-edizione-di-cover-me-il-contest-dedicato-al-boss-sul-palco-artisti-nazionali-e-internazionali\\\/\",\"name\":\"Ancora 10 giorni per poter partecipare alla seconda edizione di \\\"cover me\\\", il contest dedicato al boss. Sul palco artisti nazionali e internazionali\",\"isPartOf\":{\"@id\":\"https:\\\/\\\/www.article-marketing.eu\\\/comunicatistampa\\\/#website\"},\"datePublished\":\"2021-05-24T10:00:49+00:00\",\"author\":{\"@id\":\"https:\\\/\\\/www.article-marketing.eu\\\/comunicatistampa\\\/#\\\/schema\\\/person\\\/c0aa725eee5df8460e0adf901fde0c88\"},\"breadcrumb\":{\"@id\":\"https:\\\/\\\/www.article-marketing.eu\\\/comunicatistampa\\\/ancora-10-giorni-per-poter-partecipare-alla-seconda-edizione-di-cover-me-il-contest-dedicato-al-boss-sul-palco-artisti-nazionali-e-internazionali\\\/#breadcrumb\"},\"inLanguage\":\"it-IT\",\"potentialAction\":[{\"@type\":\"ReadAction\",\"target\":[\"https:\\\/\\\/www.article-marketing.eu\\\/comunicatistampa\\\/ancora-10-giorni-per-poter-partecipare-alla-seconda-edizione-di-cover-me-il-contest-dedicato-al-boss-sul-palco-artisti-nazionali-e-internazionali\\\/\"]}]},{\"@type\":\"BreadcrumbList\",\"@id\":\"https:\\\/\\\/www.article-marketing.eu\\\/comunicatistampa\\\/ancora-10-giorni-per-poter-partecipare-alla-seconda-edizione-di-cover-me-il-contest-dedicato-al-boss-sul-palco-artisti-nazionali-e-internazionali\\\/#breadcrumb\",\"itemListElement\":[{\"@type\":\"ListItem\",\"position\":1,\"name\":\"Home\",\"item\":\"https:\\\/\\\/www.article-marketing.eu\\\/comunicatistampa\\\/\"},{\"@type\":\"ListItem\",\"position\":2,\"name\":\"Ancora 10 giorni per poter partecipare alla seconda edizione di &#8220;cover me&#8221;, il contest dedicato al boss. Sul palco artisti nazionali e internazionali\"}]},{\"@type\":\"WebSite\",\"@id\":\"https:\\\/\\\/www.article-marketing.eu\\\/comunicatistampa\\\/#website\",\"url\":\"https:\\\/\\\/www.article-marketing.eu\\\/comunicatistampa\\\/\",\"name\":\"Article Marketing\",\"description\":\"article marketing &amp; press release\",\"potentialAction\":[{\"@type\":\"SearchAction\",\"target\":{\"@type\":\"EntryPoint\",\"urlTemplate\":\"https:\\\/\\\/www.article-marketing.eu\\\/comunicatistampa\\\/?s={search_term_string}\"},\"query-input\":{\"@type\":\"PropertyValueSpecification\",\"valueRequired\":true,\"valueName\":\"search_term_string\"}}],\"inLanguage\":\"it-IT\"},{\"@type\":\"Person\",\"@id\":\"https:\\\/\\\/www.article-marketing.eu\\\/comunicatistampa\\\/#\\\/schema\\\/person\\\/c0aa725eee5df8460e0adf901fde0c88\",\"name\":\"Redaclem\",\"image\":{\"@type\":\"ImageObject\",\"inLanguage\":\"it-IT\",\"@id\":\"https:\\\/\\\/secure.gravatar.com\\\/avatar\\\/4c7e41f332a0583344a91d7d39723533da9b2d0df7737c2d8c69553168c2191e?s=96&d=mm&r=g\",\"url\":\"https:\\\/\\\/secure.gravatar.com\\\/avatar\\\/4c7e41f332a0583344a91d7d39723533da9b2d0df7737c2d8c69553168c2191e?s=96&d=mm&r=g\",\"contentUrl\":\"https:\\\/\\\/secure.gravatar.com\\\/avatar\\\/4c7e41f332a0583344a91d7d39723533da9b2d0df7737c2d8c69553168c2191e?s=96&d=mm&r=g\",\"caption\":\"Redaclem\"},\"url\":\"https:\\\/\\\/www.article-marketing.eu\\\/comunicatistampa\\\/author\\\/redaclem\\\/\"}]}<\/script>\n<!-- \/ Yoast SEO plugin. -->","yoast_head_json":{"title":"Ancora 10 giorni per poter partecipare alla seconda edizione di \"cover me\", il contest dedicato al boss. Sul palco artisti nazionali e internazionali","robots":{"index":"index","follow":"follow","max-snippet":"max-snippet:-1","max-image-preview":"max-image-preview:large","max-video-preview":"max-video-preview:-1"},"canonical":"https:\/\/www.article-marketing.eu\/comunicatistampa\/ancora-10-giorni-per-poter-partecipare-alla-seconda-edizione-di-cover-me-il-contest-dedicato-al-boss-sul-palco-artisti-nazionali-e-internazionali\/","og_locale":"it_IT","og_type":"article","og_title":"Ancora 10 giorni per poter partecipare alla seconda edizione di \"cover me\", il contest dedicato al boss. Sul palco artisti nazionali e internazionali","og_description":"\u00c8 possibile iscriversi fino al 31 maggio al contest promosso da \u201cNOI &amp; Springsteen\u201d, dove artisti &#8211; anche internazionali \u2013 hanno la possibilit\u00e0 di inviare il proprio arrangiamento interpretando i brani del rocker americano pi\u00f9 famoso al mondo.\u00a0 Nei mesi estivi, tre concerti dal vivo permetteranno ai 30 finalisti di esibirsi di fronte al pubblico: un segnale importante di ripartenza per il mondo degli spettacoli dal vivo che ha subitoContinue reading...","og_url":"https:\/\/www.article-marketing.eu\/comunicatistampa\/ancora-10-giorni-per-poter-partecipare-alla-seconda-edizione-di-cover-me-il-contest-dedicato-al-boss-sul-palco-artisti-nazionali-e-internazionali\/","og_site_name":"Article Marketing","article_published_time":"2021-05-24T10:00:49+00:00","author":"Redaclem","twitter_card":"summary_large_image","twitter_misc":{"Scritto da":"Redaclem","Tempo di lettura stimato":"4 minuti"},"schema":{"@context":"https:\/\/schema.org","@graph":[{"@type":"Article","@id":"https:\/\/www.article-marketing.eu\/comunicatistampa\/ancora-10-giorni-per-poter-partecipare-alla-seconda-edizione-di-cover-me-il-contest-dedicato-al-boss-sul-palco-artisti-nazionali-e-internazionali\/#article","isPartOf":{"@id":"https:\/\/www.article-marketing.eu\/comunicatistampa\/ancora-10-giorni-per-poter-partecipare-alla-seconda-edizione-di-cover-me-il-contest-dedicato-al-boss-sul-palco-artisti-nazionali-e-internazionali\/"},"author":{"name":"Redaclem","@id":"https:\/\/www.article-marketing.eu\/comunicatistampa\/#\/schema\/person\/c0aa725eee5df8460e0adf901fde0c88"},"headline":"Ancora 10 giorni per poter partecipare alla seconda edizione di &#8220;cover me&#8221;, il contest dedicato al boss. Sul palco artisti nazionali e internazionali","datePublished":"2021-05-24T10:00:49+00:00","mainEntityOfPage":{"@id":"https:\/\/www.article-marketing.eu\/comunicatistampa\/ancora-10-giorni-per-poter-partecipare-alla-seconda-edizione-di-cover-me-il-contest-dedicato-al-boss-sul-palco-artisti-nazionali-e-internazionali\/"},"wordCount":770,"commentCount":0,"keywords":["#brucespringsteen","Contest","Musica"],"articleSection":["Comunicati stampa"],"inLanguage":"it-IT","potentialAction":[{"@type":"CommentAction","name":"Comment","target":["https:\/\/www.article-marketing.eu\/comunicatistampa\/ancora-10-giorni-per-poter-partecipare-alla-seconda-edizione-di-cover-me-il-contest-dedicato-al-boss-sul-palco-artisti-nazionali-e-internazionali\/#respond"]}]},{"@type":"WebPage","@id":"https:\/\/www.article-marketing.eu\/comunicatistampa\/ancora-10-giorni-per-poter-partecipare-alla-seconda-edizione-di-cover-me-il-contest-dedicato-al-boss-sul-palco-artisti-nazionali-e-internazionali\/","url":"https:\/\/www.article-marketing.eu\/comunicatistampa\/ancora-10-giorni-per-poter-partecipare-alla-seconda-edizione-di-cover-me-il-contest-dedicato-al-boss-sul-palco-artisti-nazionali-e-internazionali\/","name":"Ancora 10 giorni per poter partecipare alla seconda edizione di \"cover me\", il contest dedicato al boss. Sul palco artisti nazionali e internazionali","isPartOf":{"@id":"https:\/\/www.article-marketing.eu\/comunicatistampa\/#website"},"datePublished":"2021-05-24T10:00:49+00:00","author":{"@id":"https:\/\/www.article-marketing.eu\/comunicatistampa\/#\/schema\/person\/c0aa725eee5df8460e0adf901fde0c88"},"breadcrumb":{"@id":"https:\/\/www.article-marketing.eu\/comunicatistampa\/ancora-10-giorni-per-poter-partecipare-alla-seconda-edizione-di-cover-me-il-contest-dedicato-al-boss-sul-palco-artisti-nazionali-e-internazionali\/#breadcrumb"},"inLanguage":"it-IT","potentialAction":[{"@type":"ReadAction","target":["https:\/\/www.article-marketing.eu\/comunicatistampa\/ancora-10-giorni-per-poter-partecipare-alla-seconda-edizione-di-cover-me-il-contest-dedicato-al-boss-sul-palco-artisti-nazionali-e-internazionali\/"]}]},{"@type":"BreadcrumbList","@id":"https:\/\/www.article-marketing.eu\/comunicatistampa\/ancora-10-giorni-per-poter-partecipare-alla-seconda-edizione-di-cover-me-il-contest-dedicato-al-boss-sul-palco-artisti-nazionali-e-internazionali\/#breadcrumb","itemListElement":[{"@type":"ListItem","position":1,"name":"Home","item":"https:\/\/www.article-marketing.eu\/comunicatistampa\/"},{"@type":"ListItem","position":2,"name":"Ancora 10 giorni per poter partecipare alla seconda edizione di &#8220;cover me&#8221;, il contest dedicato al boss. Sul palco artisti nazionali e internazionali"}]},{"@type":"WebSite","@id":"https:\/\/www.article-marketing.eu\/comunicatistampa\/#website","url":"https:\/\/www.article-marketing.eu\/comunicatistampa\/","name":"Article Marketing","description":"article marketing &amp; press release","potentialAction":[{"@type":"SearchAction","target":{"@type":"EntryPoint","urlTemplate":"https:\/\/www.article-marketing.eu\/comunicatistampa\/?s={search_term_string}"},"query-input":{"@type":"PropertyValueSpecification","valueRequired":true,"valueName":"search_term_string"}}],"inLanguage":"it-IT"},{"@type":"Person","@id":"https:\/\/www.article-marketing.eu\/comunicatistampa\/#\/schema\/person\/c0aa725eee5df8460e0adf901fde0c88","name":"Redaclem","image":{"@type":"ImageObject","inLanguage":"it-IT","@id":"https:\/\/secure.gravatar.com\/avatar\/4c7e41f332a0583344a91d7d39723533da9b2d0df7737c2d8c69553168c2191e?s=96&d=mm&r=g","url":"https:\/\/secure.gravatar.com\/avatar\/4c7e41f332a0583344a91d7d39723533da9b2d0df7737c2d8c69553168c2191e?s=96&d=mm&r=g","contentUrl":"https:\/\/secure.gravatar.com\/avatar\/4c7e41f332a0583344a91d7d39723533da9b2d0df7737c2d8c69553168c2191e?s=96&d=mm&r=g","caption":"Redaclem"},"url":"https:\/\/www.article-marketing.eu\/comunicatistampa\/author\/redaclem\/"}]}},"_links":{"self":[{"href":"https:\/\/www.article-marketing.eu\/comunicatistampa\/wp-json\/wp\/v2\/posts\/18845","targetHints":{"allow":["GET"]}}],"collection":[{"href":"https:\/\/www.article-marketing.eu\/comunicatistampa\/wp-json\/wp\/v2\/posts"}],"about":[{"href":"https:\/\/www.article-marketing.eu\/comunicatistampa\/wp-json\/wp\/v2\/types\/post"}],"author":[{"embeddable":true,"href":"https:\/\/www.article-marketing.eu\/comunicatistampa\/wp-json\/wp\/v2\/users\/1855"}],"replies":[{"embeddable":true,"href":"https:\/\/www.article-marketing.eu\/comunicatistampa\/wp-json\/wp\/v2\/comments?post=18845"}],"version-history":[{"count":2,"href":"https:\/\/www.article-marketing.eu\/comunicatistampa\/wp-json\/wp\/v2\/posts\/18845\/revisions"}],"predecessor-version":[{"id":18899,"href":"https:\/\/www.article-marketing.eu\/comunicatistampa\/wp-json\/wp\/v2\/posts\/18845\/revisions\/18899"}],"wp:attachment":[{"href":"https:\/\/www.article-marketing.eu\/comunicatistampa\/wp-json\/wp\/v2\/media?parent=18845"}],"wp:term":[{"taxonomy":"category","embeddable":true,"href":"https:\/\/www.article-marketing.eu\/comunicatistampa\/wp-json\/wp\/v2\/categories?post=18845"},{"taxonomy":"post_tag","embeddable":true,"href":"https:\/\/www.article-marketing.eu\/comunicatistampa\/wp-json\/wp\/v2\/tags?post=18845"}],"curies":[{"name":"wp","href":"https:\/\/api.w.org\/{rel}","templated":true}]}}