{"id":18848,"date":"2021-05-24T12:01:10","date_gmt":"2021-05-24T10:01:10","guid":{"rendered":"https:\/\/www.article-marketing.eu\/comunicatistampa\/?p=18848"},"modified":"2021-05-24T12:01:10","modified_gmt":"2021-05-24T10:01:10","slug":"covid-19-gli-operatori-della-sicurezza-sono-favorevoli-alla-vaccinazione","status":"publish","type":"post","link":"https:\/\/www.article-marketing.eu\/comunicatistampa\/covid-19-gli-operatori-della-sicurezza-sono-favorevoli-alla-vaccinazione\/","title":{"rendered":"COVID-19: gli operatori della sicurezza sono favorevoli alla vaccinazione?"},"content":{"rendered":"<h2>Comunicato Stampa<\/h2>\n<h2><strong>COVID-19: gli operatori della sicurezza sono favorevoli alla vaccinazione?<\/strong><\/h2>\n<p><strong><em>\u00a0<\/em><\/strong><strong><em>L&#8217;Associazione AiFOS ha realizzato un sondaggio tra gli associati e nella community di professionisti della prevenzione e della sicurezza. L&#8217;iniziativa si inserisce nell&#8217;ambito della campagna di sensibilizzazione &#8220;Rimboccati le maniche&#8221;.<\/em><\/strong><\/p>\n<p>&nbsp;<\/p>\n<p>\u00c8 ormai evidente, anche in relazione ai recenti dati che mostrano come si siano ridotti infezioni e ricoveri, che la <strong>diffusione delle vaccinazioni<\/strong> contro il virus SARS-CoV-2 siano lo strumento essenziale per superare l\u2019<strong>emergenza COVID-19<\/strong> e far ripartire, anche dal punto di vista economico, il nostro Paese.<\/p>\n<p>Per questo motivo nelle scorse settimane l\u2019<strong>Associazione Italiana Formatori ed Operatori della Sicurezza sul Lavoro<\/strong> (AiFOS) si \u00e8 resa promotrice di una vera e propria campagna di sensibilizzazione<strong> &#8211; <\/strong>\u201c<strong>Rimboccati le maniche<\/strong>\u201d \u2013 con l\u2019obiettivo di alimentare la fiducia dei lavoratori e dei cittadini nei confronti dell\u2019immunizzazione vaccinale.<\/p>\n<p>Fiducia dei lavoratori che diventa ancora pi\u00f9 importante in relazione al nuovo \u201c<strong>Protocollo nazionale per la realizzazione dei piani aziendali finalizzati all\u2019attivazione di punti straordinari di vaccinazione anti SARS-CoV-2\/Covid-19 nei luoghi di lavoro<\/strong>\u201d sottoscritto il 6 aprile scorso per accelerare e implementare a livello territoriale la capacit\u00e0 vaccinale anti SARS-CoV-2 e rendere pi\u00f9 sicura la prosecuzione delle attivit\u00e0 commerciali e produttive.<\/p>\n<p>&nbsp;<\/p>\n<p>Nel predisporre la campagna l\u2019Associazione AiFOS ha voluto rispondere anche a una domanda importante: <strong>qual \u00e8 la posizione dei professionisti della prevenzione e della salute e sicurezza sul lavoro in merito alla vaccinazione per il nuovo coronavirus?<\/strong><\/p>\n<p>&nbsp;<\/p>\n<p><strong>Il sondaggio tra i professionisti della prevenzione <\/strong><\/p>\n<p>Per rispondere a questa domanda e cercare di conoscere gli eventuali dubbi degli operatori sulla vaccinazione, l\u2019Associazione AiFOS ha realizzato tra il 6 e il 16 maggio un <strong>sondaggio <\/strong>tra gli associati e tutta la community di tecnici e professionisti che gravita attorno all\u2019associazione.<\/p>\n<p>Sono oltre 1.000 gli utenti che hanno risposto al sondaggio e di questi <strong>il 9% si dice contrario alla vaccinazione<\/strong>.<\/p>\n<p>In particolare, il 70% degli scettici teme per la propria salute ritenendo insufficiente la sperimentazione clinica effettuata sui vaccini. Ed i contrari alla vaccinazione, nel loro complesso, si dichiarano scarsamente disposti a mutare opinione in seguito a campagne di informazione e sensibilizzazione, assegnando a questa eventualit\u00e0 una probabilit\u00e0 inferiore al 30%.<\/p>\n<p>&nbsp;<\/p>\n<p>Questo il link per visionare integralmente i risultati del sondaggio:<\/p>\n<p><a href=\"http:\/\/bit.ly\/Sondaggio-vaccinazione-risultati\">http:\/\/bit.ly\/Sondaggio-vaccinazione-risultati<\/a><\/p>\n<p>&nbsp;<\/p>\n<p><strong>Vaccinazione: una scelta di responsabilit\u00e0 civica oltre che di tutela sanitaria<\/strong><\/p>\n<p>Bench\u00e8 alla domanda &#8220;<strong>Vuoi vaccinarti contro il Sars-CoV-2?<\/strong>&#8221; ben nove operatori su dieci, nell&#8217;ambito della prevenzione e della sicurezza sul lavoro, siano favorevoli alla vaccinazione per il virus<strong> SARS-CoV-2<\/strong>, \u201c<em>persistono sacche di reticenza alla vaccinazione<\/em>\u201d.<\/p>\n<p>A sottolinearlo \u00e8 il Segretario Generale AiFOS <strong>Francesco Naviglio<\/strong> nel presentare i risultati.<\/p>\n<p>\u201c<em>Il rifiuto vaccinale \u00e8 una posizione legittima, sia chiaro. Ma siamo consci che le categorie rappresentate da AiFOS quali formatori, consulenti, RSPP ed RLS sono fondamentali leader di opinione che dovrebbero orientare i lavoratori verso quella che &#8211; a nostro avviso &#8211; \u00e8 una scelta di <strong>responsabilit\u00e0 civica<\/strong> oltre che di <strong>tutela sanitaria<\/strong><\/em>\u201d.<\/p>\n<p>&nbsp;<\/p>\n<p><strong>Rimboccati le maniche: la campagna di sensibilizzazione sui vaccini<\/strong><\/p>\n<p>Per aumentare la conoscenza dei vaccini, mostrare la loro importanza e diffondere il dovere civico di adesione alla vaccinazione, l\u2019Associazione AiFOS non solo realizza numerosi webinar e videoconferenze sul tema, ma ha predisposto la campagna \u201c<strong>Rimboccati le maniche<\/strong>\u201d.<\/p>\n<p>Attraverso questa campagna viene diffuso un <strong>media kit<\/strong> gratuito che si articola in <strong>10 immagini<\/strong> realizzate appositamente per i social media o per la stampa ed affissione all\u2019interno dei luoghi di lavoro, oltre ad un\u2019<strong>immagine di copertina<\/strong> per la pagina <em>facebook<\/em> ed un <strong>video<\/strong>.<\/p>\n<p>&nbsp;<\/p>\n<p>A questo indirizzo \u00e8 possibile scaricare il media kit:<\/p>\n<p><a href=\"http:\/\/bit.ly\/Rimboccati-le-maniche-mediakit\">http:\/\/bit.ly\/Rimboccati-le-maniche-mediakit<\/a><\/p>\n<p>&nbsp;<\/p>\n<p>Il kit pu\u00f2 essere utilizzato per la condivisione su tutti i canali di comunicazione, accompagnato dal seguente testo e dal relativo hashtag: \u201c<em>La pandemia di Covid-19 ti ha costretto a modificare le tue abitudini e rivoluzionare la tua quotidianit\u00e0. Oggi, grazie alla disponibilit\u00e0 di vaccini sicuri ed efficaci, hai la possibilit\u00e0 di tornare alla vita come la hai lasciata. <strong>Devi fare solo una cosa: #rimboccatilemaniche<\/strong><\/em>\u201d.<\/p>\n<p>L\u2019auspicio dell\u2019Associazione AiFOS e del Segretario Generale \u00e8 che, anche attraverso iniziative come queste e la diffusione di informazioni corrette sull\u2019importanza e validit\u00e0 dei vaccini, la campagna vaccinale possa finalmente traghettarci, nei prossimi mesi, fuori dalla crisi sanitaria ed economica.<\/p>\n<p>&nbsp;<\/p>\n<p>&nbsp;<\/p>\n<p>Per <strong>informazioni<\/strong>:<\/p>\n<p><strong>Sede nazionale AiFOS<\/strong> &#8211; via Branze, 45 &#8211; 25123 Brescia c\/o CSMT, Universit\u00e0 degli Studi di Brescia &#8211; tel. 030.6595035 &#8211; fax 030.6595040 <a href=\"http:\/\/www.aifos.it\">www.aifos.it<\/a> &#8211; info@aifos.it<\/p>\n<p>&nbsp;<\/p>\n<p>&nbsp;<\/p>\n<p>&nbsp;<\/p>\n<p><em>20 maggio 2021<\/em><\/p>\n<p>&nbsp;<\/p>\n<p>&nbsp;<\/p>\n<p>Ufficio Stampa di AiFOS<\/p>\n<p>ufficiostampa@aifos.it<\/p>\n<p>http:\/\/www.aifos.it\/<\/p>\n","protected":false},"excerpt":{"rendered":"<p>Comunicato Stampa COVID-19: gli operatori della sicurezza sono favorevoli alla vaccinazione? \u00a0L&#8217;Associazione AiFOS ha realizzato un sondaggio tra gli associati e nella community di professionisti della prevenzione e della sicurezza. L&#8217;iniziativa si inserisce nell&#8217;ambito della campagna di sensibilizzazione &#8220;Rimboccati le maniche&#8221;. &nbsp; \u00c8 ormai evidente, anche in relazione ai recenti dati che mostrano come si siano ridotti infezioni e ricoveri, che la diffusione delle vaccinazioni contro il virus SARS-CoV-2 siano<\/p>\n<p><a class=\"continue-reading\" href=\"https:\/\/www.article-marketing.eu\/comunicatistampa\/covid-19-gli-operatori-della-sicurezza-sono-favorevoli-alla-vaccinazione\/\">Continue reading&#8230;<\/a><\/p>\n","protected":false},"author":881,"featured_media":0,"comment_status":"open","ping_status":"open","sticky":false,"template":"","format":"standard","meta":{"_monsterinsights_skip_tracking":false,"_monsterinsights_sitenote_active":false,"_monsterinsights_sitenote_note":"","_monsterinsights_sitenote_category":0,"footnotes":""},"categories":[78,369],"tags":[3301,3235,8001,7822,6049,5941,8002,8000,7818,1538,7999,7819,7985,7998,6191],"class_list":["post-18848","post","type-post","status-publish","format-standard","hentry","category-comunicati-stampa","category-salute-e-benessere","tag-aifos","tag-brescia","tag-campagna-di-sensibilizzazione-sui-vaccini","tag-campagna-vaccinale","tag-covid-19","tag-emergenza-covid-19","tag-operatore-della-sicurezza","tag-professionisti-della-sicurezza","tag-rimboccati-le-maniche","tag-sicurezza-sul-lavoro","tag-sondaggio","tag-vaccinazione","tag-vaccinazione-anti-sars-cov-2-covid-19-nei-luoghi-di-lavoro","tag-vaccini-e-covid19","tag-virus-sars-cov-2"],"yoast_head":"<!-- This site is optimized with the Yoast SEO plugin v27.3 - https:\/\/yoast.com\/product\/yoast-seo-wordpress\/ -->\n<title>COVID-19: gli operatori della sicurezza sono favorevoli alla vaccinazione?<\/title>\n<meta name=\"robots\" content=\"index, follow, max-snippet:-1, max-image-preview:large, max-video-preview:-1\" \/>\n<link rel=\"canonical\" href=\"https:\/\/www.article-marketing.eu\/comunicatistampa\/covid-19-gli-operatori-della-sicurezza-sono-favorevoli-alla-vaccinazione\/\" \/>\n<meta property=\"og:locale\" content=\"it_IT\" \/>\n<meta property=\"og:type\" content=\"article\" \/>\n<meta property=\"og:title\" content=\"COVID-19: gli operatori della sicurezza sono favorevoli alla vaccinazione?\" \/>\n<meta property=\"og:description\" content=\"Comunicato Stampa COVID-19: gli operatori della sicurezza sono favorevoli alla vaccinazione? \u00a0L&#8217;Associazione AiFOS ha realizzato un sondaggio tra gli associati e nella community di professionisti della prevenzione e della sicurezza. L&#8217;iniziativa si inserisce nell&#8217;ambito della campagna di sensibilizzazione &#8220;Rimboccati le maniche&#8221;. &nbsp; \u00c8 ormai evidente, anche in relazione ai recenti dati che mostrano come si siano ridotti infezioni e ricoveri, che la diffusione delle vaccinazioni contro il virus SARS-CoV-2 sianoContinue reading...\" \/>\n<meta property=\"og:url\" content=\"https:\/\/www.article-marketing.eu\/comunicatistampa\/covid-19-gli-operatori-della-sicurezza-sono-favorevoli-alla-vaccinazione\/\" \/>\n<meta property=\"og:site_name\" content=\"Article Marketing\" \/>\n<meta property=\"article:published_time\" content=\"2021-05-24T10:01:10+00:00\" \/>\n<meta name=\"author\" content=\"AIFUS\" \/>\n<meta name=\"twitter:card\" content=\"summary_large_image\" \/>\n<meta name=\"twitter:label1\" content=\"Scritto da\" \/>\n\t<meta name=\"twitter:data1\" content=\"AIFUS\" \/>\n\t<meta name=\"twitter:label2\" content=\"Tempo di lettura stimato\" \/>\n\t<meta name=\"twitter:data2\" content=\"4 minuti\" \/>\n<script type=\"application\/ld+json\" class=\"yoast-schema-graph\">{\"@context\":\"https:\\\/\\\/schema.org\",\"@graph\":[{\"@type\":\"Article\",\"@id\":\"https:\\\/\\\/www.article-marketing.eu\\\/comunicatistampa\\\/covid-19-gli-operatori-della-sicurezza-sono-favorevoli-alla-vaccinazione\\\/#article\",\"isPartOf\":{\"@id\":\"https:\\\/\\\/www.article-marketing.eu\\\/comunicatistampa\\\/covid-19-gli-operatori-della-sicurezza-sono-favorevoli-alla-vaccinazione\\\/\"},\"author\":{\"name\":\"AIFUS\",\"@id\":\"https:\\\/\\\/www.article-marketing.eu\\\/comunicatistampa\\\/#\\\/schema\\\/person\\\/d1985c4955ff71a05f49d68e3034b3cd\"},\"headline\":\"COVID-19: gli operatori della sicurezza sono favorevoli alla vaccinazione?\",\"datePublished\":\"2021-05-24T10:01:10+00:00\",\"mainEntityOfPage\":{\"@id\":\"https:\\\/\\\/www.article-marketing.eu\\\/comunicatistampa\\\/covid-19-gli-operatori-della-sicurezza-sono-favorevoli-alla-vaccinazione\\\/\"},\"wordCount\":754,\"commentCount\":0,\"keywords\":[\"Aifos\",\"Brescia\",\"campagna di sensibilizzazione sui vaccini\",\"campagna vaccinale\",\"COVID-19\",\"emergenza COVID-19\",\"operatore della sicurezza\",\"professionisti della sicurezza\",\"Rimboccati le maniche\",\"sicurezza sul lavoro\",\"sondaggio\",\"vaccinazione\",\"Vaccinazione anti SARS-CoV-2\\\/Covid-19 nei luoghi di lavoro\",\"Vaccini e COVID19\",\"virus SARS-CoV-2\"],\"articleSection\":[\"Comunicati stampa\",\"Salute e benessere\"],\"inLanguage\":\"it-IT\",\"potentialAction\":[{\"@type\":\"CommentAction\",\"name\":\"Comment\",\"target\":[\"https:\\\/\\\/www.article-marketing.eu\\\/comunicatistampa\\\/covid-19-gli-operatori-della-sicurezza-sono-favorevoli-alla-vaccinazione\\\/#respond\"]}]},{\"@type\":\"WebPage\",\"@id\":\"https:\\\/\\\/www.article-marketing.eu\\\/comunicatistampa\\\/covid-19-gli-operatori-della-sicurezza-sono-favorevoli-alla-vaccinazione\\\/\",\"url\":\"https:\\\/\\\/www.article-marketing.eu\\\/comunicatistampa\\\/covid-19-gli-operatori-della-sicurezza-sono-favorevoli-alla-vaccinazione\\\/\",\"name\":\"COVID-19: gli operatori della sicurezza sono favorevoli alla vaccinazione?\",\"isPartOf\":{\"@id\":\"https:\\\/\\\/www.article-marketing.eu\\\/comunicatistampa\\\/#website\"},\"datePublished\":\"2021-05-24T10:01:10+00:00\",\"author\":{\"@id\":\"https:\\\/\\\/www.article-marketing.eu\\\/comunicatistampa\\\/#\\\/schema\\\/person\\\/d1985c4955ff71a05f49d68e3034b3cd\"},\"breadcrumb\":{\"@id\":\"https:\\\/\\\/www.article-marketing.eu\\\/comunicatistampa\\\/covid-19-gli-operatori-della-sicurezza-sono-favorevoli-alla-vaccinazione\\\/#breadcrumb\"},\"inLanguage\":\"it-IT\",\"potentialAction\":[{\"@type\":\"ReadAction\",\"target\":[\"https:\\\/\\\/www.article-marketing.eu\\\/comunicatistampa\\\/covid-19-gli-operatori-della-sicurezza-sono-favorevoli-alla-vaccinazione\\\/\"]}]},{\"@type\":\"BreadcrumbList\",\"@id\":\"https:\\\/\\\/www.article-marketing.eu\\\/comunicatistampa\\\/covid-19-gli-operatori-della-sicurezza-sono-favorevoli-alla-vaccinazione\\\/#breadcrumb\",\"itemListElement\":[{\"@type\":\"ListItem\",\"position\":1,\"name\":\"Home\",\"item\":\"https:\\\/\\\/www.article-marketing.eu\\\/comunicatistampa\\\/\"},{\"@type\":\"ListItem\",\"position\":2,\"name\":\"COVID-19: gli operatori della sicurezza sono favorevoli alla vaccinazione?\"}]},{\"@type\":\"WebSite\",\"@id\":\"https:\\\/\\\/www.article-marketing.eu\\\/comunicatistampa\\\/#website\",\"url\":\"https:\\\/\\\/www.article-marketing.eu\\\/comunicatistampa\\\/\",\"name\":\"Article Marketing\",\"description\":\"article marketing &amp; press release\",\"potentialAction\":[{\"@type\":\"SearchAction\",\"target\":{\"@type\":\"EntryPoint\",\"urlTemplate\":\"https:\\\/\\\/www.article-marketing.eu\\\/comunicatistampa\\\/?s={search_term_string}\"},\"query-input\":{\"@type\":\"PropertyValueSpecification\",\"valueRequired\":true,\"valueName\":\"search_term_string\"}}],\"inLanguage\":\"it-IT\"},{\"@type\":\"Person\",\"@id\":\"https:\\\/\\\/www.article-marketing.eu\\\/comunicatistampa\\\/#\\\/schema\\\/person\\\/d1985c4955ff71a05f49d68e3034b3cd\",\"name\":\"AIFUS\",\"image\":{\"@type\":\"ImageObject\",\"inLanguage\":\"it-IT\",\"@id\":\"https:\\\/\\\/secure.gravatar.com\\\/avatar\\\/05cf2a2ba057667571308b94c84f00ff48766ffac95710a87491a9b3ddcee484?s=96&d=mm&r=g\",\"url\":\"https:\\\/\\\/secure.gravatar.com\\\/avatar\\\/05cf2a2ba057667571308b94c84f00ff48766ffac95710a87491a9b3ddcee484?s=96&d=mm&r=g\",\"contentUrl\":\"https:\\\/\\\/secure.gravatar.com\\\/avatar\\\/05cf2a2ba057667571308b94c84f00ff48766ffac95710a87491a9b3ddcee484?s=96&d=mm&r=g\",\"caption\":\"AIFUS\"},\"url\":\"https:\\\/\\\/www.article-marketing.eu\\\/comunicatistampa\\\/author\\\/aifus\\\/\"}]}<\/script>\n<!-- \/ Yoast SEO plugin. -->","yoast_head_json":{"title":"COVID-19: gli operatori della sicurezza sono favorevoli alla vaccinazione?","robots":{"index":"index","follow":"follow","max-snippet":"max-snippet:-1","max-image-preview":"max-image-preview:large","max-video-preview":"max-video-preview:-1"},"canonical":"https:\/\/www.article-marketing.eu\/comunicatistampa\/covid-19-gli-operatori-della-sicurezza-sono-favorevoli-alla-vaccinazione\/","og_locale":"it_IT","og_type":"article","og_title":"COVID-19: gli operatori della sicurezza sono favorevoli alla vaccinazione?","og_description":"Comunicato Stampa COVID-19: gli operatori della sicurezza sono favorevoli alla vaccinazione? \u00a0L&#8217;Associazione AiFOS ha realizzato un sondaggio tra gli associati e nella community di professionisti della prevenzione e della sicurezza. L&#8217;iniziativa si inserisce nell&#8217;ambito della campagna di sensibilizzazione &#8220;Rimboccati le maniche&#8221;. &nbsp; \u00c8 ormai evidente, anche in relazione ai recenti dati che mostrano come si siano ridotti infezioni e ricoveri, che la diffusione delle vaccinazioni contro il virus SARS-CoV-2 sianoContinue reading...","og_url":"https:\/\/www.article-marketing.eu\/comunicatistampa\/covid-19-gli-operatori-della-sicurezza-sono-favorevoli-alla-vaccinazione\/","og_site_name":"Article Marketing","article_published_time":"2021-05-24T10:01:10+00:00","author":"AIFUS","twitter_card":"summary_large_image","twitter_misc":{"Scritto da":"AIFUS","Tempo di lettura stimato":"4 minuti"},"schema":{"@context":"https:\/\/schema.org","@graph":[{"@type":"Article","@id":"https:\/\/www.article-marketing.eu\/comunicatistampa\/covid-19-gli-operatori-della-sicurezza-sono-favorevoli-alla-vaccinazione\/#article","isPartOf":{"@id":"https:\/\/www.article-marketing.eu\/comunicatistampa\/covid-19-gli-operatori-della-sicurezza-sono-favorevoli-alla-vaccinazione\/"},"author":{"name":"AIFUS","@id":"https:\/\/www.article-marketing.eu\/comunicatistampa\/#\/schema\/person\/d1985c4955ff71a05f49d68e3034b3cd"},"headline":"COVID-19: gli operatori della sicurezza sono favorevoli alla vaccinazione?","datePublished":"2021-05-24T10:01:10+00:00","mainEntityOfPage":{"@id":"https:\/\/www.article-marketing.eu\/comunicatistampa\/covid-19-gli-operatori-della-sicurezza-sono-favorevoli-alla-vaccinazione\/"},"wordCount":754,"commentCount":0,"keywords":["Aifos","Brescia","campagna di sensibilizzazione sui vaccini","campagna vaccinale","COVID-19","emergenza COVID-19","operatore della sicurezza","professionisti della sicurezza","Rimboccati le maniche","sicurezza sul lavoro","sondaggio","vaccinazione","Vaccinazione anti SARS-CoV-2\/Covid-19 nei luoghi di lavoro","Vaccini e COVID19","virus SARS-CoV-2"],"articleSection":["Comunicati stampa","Salute e benessere"],"inLanguage":"it-IT","potentialAction":[{"@type":"CommentAction","name":"Comment","target":["https:\/\/www.article-marketing.eu\/comunicatistampa\/covid-19-gli-operatori-della-sicurezza-sono-favorevoli-alla-vaccinazione\/#respond"]}]},{"@type":"WebPage","@id":"https:\/\/www.article-marketing.eu\/comunicatistampa\/covid-19-gli-operatori-della-sicurezza-sono-favorevoli-alla-vaccinazione\/","url":"https:\/\/www.article-marketing.eu\/comunicatistampa\/covid-19-gli-operatori-della-sicurezza-sono-favorevoli-alla-vaccinazione\/","name":"COVID-19: gli operatori della sicurezza sono favorevoli alla vaccinazione?","isPartOf":{"@id":"https:\/\/www.article-marketing.eu\/comunicatistampa\/#website"},"datePublished":"2021-05-24T10:01:10+00:00","author":{"@id":"https:\/\/www.article-marketing.eu\/comunicatistampa\/#\/schema\/person\/d1985c4955ff71a05f49d68e3034b3cd"},"breadcrumb":{"@id":"https:\/\/www.article-marketing.eu\/comunicatistampa\/covid-19-gli-operatori-della-sicurezza-sono-favorevoli-alla-vaccinazione\/#breadcrumb"},"inLanguage":"it-IT","potentialAction":[{"@type":"ReadAction","target":["https:\/\/www.article-marketing.eu\/comunicatistampa\/covid-19-gli-operatori-della-sicurezza-sono-favorevoli-alla-vaccinazione\/"]}]},{"@type":"BreadcrumbList","@id":"https:\/\/www.article-marketing.eu\/comunicatistampa\/covid-19-gli-operatori-della-sicurezza-sono-favorevoli-alla-vaccinazione\/#breadcrumb","itemListElement":[{"@type":"ListItem","position":1,"name":"Home","item":"https:\/\/www.article-marketing.eu\/comunicatistampa\/"},{"@type":"ListItem","position":2,"name":"COVID-19: gli operatori della sicurezza sono favorevoli alla vaccinazione?"}]},{"@type":"WebSite","@id":"https:\/\/www.article-marketing.eu\/comunicatistampa\/#website","url":"https:\/\/www.article-marketing.eu\/comunicatistampa\/","name":"Article Marketing","description":"article marketing &amp; press release","potentialAction":[{"@type":"SearchAction","target":{"@type":"EntryPoint","urlTemplate":"https:\/\/www.article-marketing.eu\/comunicatistampa\/?s={search_term_string}"},"query-input":{"@type":"PropertyValueSpecification","valueRequired":true,"valueName":"search_term_string"}}],"inLanguage":"it-IT"},{"@type":"Person","@id":"https:\/\/www.article-marketing.eu\/comunicatistampa\/#\/schema\/person\/d1985c4955ff71a05f49d68e3034b3cd","name":"AIFUS","image":{"@type":"ImageObject","inLanguage":"it-IT","@id":"https:\/\/secure.gravatar.com\/avatar\/05cf2a2ba057667571308b94c84f00ff48766ffac95710a87491a9b3ddcee484?s=96&d=mm&r=g","url":"https:\/\/secure.gravatar.com\/avatar\/05cf2a2ba057667571308b94c84f00ff48766ffac95710a87491a9b3ddcee484?s=96&d=mm&r=g","contentUrl":"https:\/\/secure.gravatar.com\/avatar\/05cf2a2ba057667571308b94c84f00ff48766ffac95710a87491a9b3ddcee484?s=96&d=mm&r=g","caption":"AIFUS"},"url":"https:\/\/www.article-marketing.eu\/comunicatistampa\/author\/aifus\/"}]}},"_links":{"self":[{"href":"https:\/\/www.article-marketing.eu\/comunicatistampa\/wp-json\/wp\/v2\/posts\/18848","targetHints":{"allow":["GET"]}}],"collection":[{"href":"https:\/\/www.article-marketing.eu\/comunicatistampa\/wp-json\/wp\/v2\/posts"}],"about":[{"href":"https:\/\/www.article-marketing.eu\/comunicatistampa\/wp-json\/wp\/v2\/types\/post"}],"author":[{"embeddable":true,"href":"https:\/\/www.article-marketing.eu\/comunicatistampa\/wp-json\/wp\/v2\/users\/881"}],"replies":[{"embeddable":true,"href":"https:\/\/www.article-marketing.eu\/comunicatistampa\/wp-json\/wp\/v2\/comments?post=18848"}],"version-history":[{"count":2,"href":"https:\/\/www.article-marketing.eu\/comunicatistampa\/wp-json\/wp\/v2\/posts\/18848\/revisions"}],"predecessor-version":[{"id":18900,"href":"https:\/\/www.article-marketing.eu\/comunicatistampa\/wp-json\/wp\/v2\/posts\/18848\/revisions\/18900"}],"wp:attachment":[{"href":"https:\/\/www.article-marketing.eu\/comunicatistampa\/wp-json\/wp\/v2\/media?parent=18848"}],"wp:term":[{"taxonomy":"category","embeddable":true,"href":"https:\/\/www.article-marketing.eu\/comunicatistampa\/wp-json\/wp\/v2\/categories?post=18848"},{"taxonomy":"post_tag","embeddable":true,"href":"https:\/\/www.article-marketing.eu\/comunicatistampa\/wp-json\/wp\/v2\/tags?post=18848"}],"curies":[{"name":"wp","href":"https:\/\/api.w.org\/{rel}","templated":true}]}}