{"id":18874,"date":"2021-05-24T12:15:11","date_gmt":"2021-05-24T10:15:11","guid":{"rendered":"https:\/\/www.article-marketing.eu\/comunicatistampa\/?p=18874"},"modified":"2021-05-24T12:15:11","modified_gmt":"2021-05-24T10:15:11","slug":"arredamento-e-moda-le-tue-creazioni-con-le-carte-geografiche","status":"publish","type":"post","link":"https:\/\/www.article-marketing.eu\/comunicatistampa\/arredamento-e-moda-le-tue-creazioni-con-le-carte-geografiche\/","title":{"rendered":"Arredamento e moda, le tue creazioni con le carte geografiche"},"content":{"rendered":"<p><span style=\"font-family: verdana, geneva, sans-serif;\">Cartografica Visceglia, leader nel settore della cartografia di pregio, da oggi \u00e8 anche la migliore alleata del tuo stile grazie al nuovo progetto Arredamento&amp;Fashion. <\/span><\/p>\n<p><span style=\"font-family: verdana, geneva, sans-serif;\">Le carte geografiche, si sa, sono un indispensabile strumento didattico e professionale. Ma sono anche bellissime! La loro estetica ha un fascino senza tempo che si presta alle interpretazioni pi\u00f9 disparate, specialmente nel settore dell&#8217;arredamento e degli accessori moda. <\/span><\/p>\n<p><span style=\"font-family: verdana, geneva, sans-serif;\">Una stampa geografica, infatti, \u00e8 in grado di rendere unico e accattivante anche il pi\u00f9 semplice oggetto di uso quotidiano: e quindi, perch\u00e8 non usarla per creare un vero e proprio stile? <\/span><\/p>\n<p><span style=\"font-family: verdana, geneva, sans-serif;\">Puoi ispirarti al tema del viaggio per la sua valenza simbolica, per lanciare un particolare messaggio, per ricordare un luogo che ti \u00e8 rimasto nel cuore. <\/span><\/p>\n<p><span style=\"font-family: verdana, geneva, sans-serif;\">Oppure, optare per la cartina esteticamente pi\u00f9 vicina ai ai tuoi gusti: un planisfero d&#8217;epoca dalle tonalit\u00e0 seppiate se ami le atmosfere d&#8217;altri tempi, una cartina moderna e coloratissima se hai un carattere solare, e cos\u00ec via. <\/span><\/p>\n<p><span style=\"font-family: verdana, geneva, sans-serif;\">Nel ricco catalogo Visceglia ti sar\u00e0 facile trovare quello che cerchi: cartine antiche, moderne , vintage, antichizzate; planimetrie di citt\u00e0, mappe regionali, carte dei continenti, carte del mondo; in bianco e nero, bicolori, in colori pastello&#8230; con la cartina scelta potrai personalizzare oggetti gi\u00e0 pronti o creare addirittura dal nulla tutto ci\u00f2 che vuoi. <\/span><\/p>\n<p><span style=\"font-family: verdana, geneva, sans-serif;\">Ed ecco quindi gli splendidi complementi d&#8217;arredo con carta geografica, per dare al tuo spazio vitale l&#8217;impronta esclusiva che hai sempre sognato: la sedia per l&#8217;ufficio, l&#8217;abat-jour per la camera da letto, gli sgabelli per la camera dei ragazzi, il tappeto per il salotto&#8230; e sulle pareti, la classica mappa murale: in base allo stile dell&#8217;ambiente puoi optare per un formato molto grande con elegante cornice in legno e oro, oppure realizzare originali composizioni di piccole cartine corredate da cornici laccate colorate. <\/span><\/p>\n<p><span style=\"font-family: verdana, geneva, sans-serif;\">Carte geografiche da vivere, ma anche da indossare. Con le stampe geografiche, infatti, puoi avere tutti gli accessori moda che desideri: scarpe, borse, gioielli&#8230; <\/span><\/p>\n<p><span style=\"font-family: verdana, geneva, sans-serif;\">Qualit\u00e0 Made in Italy e accurata lavorazione a mano: ogni articolo \u00e8 un pezzo unico, creato appositamente per te da esperti artigiani. <\/span><\/p>\n<p><span style=\"font-family: verdana, geneva, sans-serif;\">Qualsiasi sia la tua idea di stile, con Visceglia diventa realt\u00e0. <\/span><\/p>\n<h3><a href=\"https:\/\/www.visceglia.it\/it\/61-arredamento-fashion\"><span style=\"font-family: verdana, geneva, sans-serif;\">Guarda le nostre offerte &gt;&gt;<\/span><\/a><\/h3>\n","protected":false},"excerpt":{"rendered":"<p>Cartografica Visceglia, leader nel settore della cartografia di pregio, da oggi \u00e8 anche la migliore alleata del tuo stile grazie al nuovo progetto Arredamento&amp;Fashion. Le carte geografiche, si sa, sono un indispensabile strumento didattico e professionale. Ma sono anche bellissime! La loro estetica ha un fascino senza tempo che si presta alle interpretazioni pi\u00f9 disparate, specialmente nel settore dell&#8217;arredamento e degli accessori moda. Una stampa geografica, infatti, \u00e8 in grado<\/p>\n<p><a class=\"continue-reading\" href=\"https:\/\/www.article-marketing.eu\/comunicatistampa\/arredamento-e-moda-le-tue-creazioni-con-le-carte-geografiche\/\">Continue reading&#8230;<\/a><\/p>\n","protected":false},"author":81,"featured_media":0,"comment_status":"open","ping_status":"open","sticky":false,"template":"","format":"standard","meta":{"_monsterinsights_skip_tracking":false,"_monsterinsights_sitenote_active":false,"_monsterinsights_sitenote_note":"","_monsterinsights_sitenote_category":0,"footnotes":""},"categories":[415],"tags":[1488],"class_list":["post-18874","post","type-post","status-publish","format-standard","hentry","category-architecture","tag-arredamento-con-carte-geografiche"],"yoast_head":"<!-- This site is optimized with the Yoast SEO plugin v27.3 - https:\/\/yoast.com\/product\/yoast-seo-wordpress\/ -->\n<title>Arredamento e moda, le tue creazioni con le carte geografiche<\/title>\n<meta name=\"description\" content=\"Ed ecco quindi gli splendidi complementi d&#039;arredo con carta geografica, per dare al tuo spazio vitale l&#039;impronta esclusiva che hai sempre sognato: la sedia per l&#039;ufficio, l&#039;abat-jour per la camera da letto, gli sgabelli per la camera dei ragazzi, il tappeto per il salotto...\" \/>\n<meta name=\"robots\" content=\"index, follow, max-snippet:-1, max-image-preview:large, max-video-preview:-1\" \/>\n<link rel=\"canonical\" href=\"https:\/\/www.article-marketing.eu\/comunicatistampa\/arredamento-e-moda-le-tue-creazioni-con-le-carte-geografiche\/\" \/>\n<meta property=\"og:locale\" content=\"it_IT\" \/>\n<meta property=\"og:type\" content=\"article\" \/>\n<meta property=\"og:title\" content=\"Arredamento e moda, le tue creazioni con le carte geografiche\" \/>\n<meta property=\"og:description\" content=\"Ed ecco quindi gli splendidi complementi d&#039;arredo con carta geografica, per dare al tuo spazio vitale l&#039;impronta esclusiva che hai sempre sognato: la sedia per l&#039;ufficio, l&#039;abat-jour per la camera da letto, gli sgabelli per la camera dei ragazzi, il tappeto per il salotto...\" \/>\n<meta property=\"og:url\" content=\"https:\/\/www.article-marketing.eu\/comunicatistampa\/arredamento-e-moda-le-tue-creazioni-con-le-carte-geografiche\/\" \/>\n<meta property=\"og:site_name\" content=\"Article Marketing\" \/>\n<meta property=\"article:published_time\" content=\"2021-05-24T10:15:11+00:00\" \/>\n<meta name=\"author\" content=\"Visceglia\" \/>\n<meta name=\"twitter:card\" content=\"summary_large_image\" \/>\n<meta name=\"twitter:title\" content=\"Arredamento e moda, le tue creazioni con le carte geografiche\" \/>\n<meta name=\"twitter:description\" content=\"Ed ecco quindi gli splendidi complementi d&#039;arredo con carta geografica, per dare al tuo spazio vitale l&#039;impronta esclusiva che hai sempre sognato: la sedia per l&#039;ufficio, l&#039;abat-jour per la camera da letto, gli sgabelli per la camera dei ragazzi, il tappeto per il salotto...\" \/>\n<meta name=\"twitter:label1\" content=\"Scritto da\" \/>\n\t<meta name=\"twitter:data1\" content=\"Visceglia\" \/>\n\t<meta name=\"twitter:label2\" content=\"Tempo di lettura stimato\" \/>\n\t<meta name=\"twitter:data2\" content=\"2 minuti\" \/>\n<script type=\"application\/ld+json\" class=\"yoast-schema-graph\">{\"@context\":\"https:\\\/\\\/schema.org\",\"@graph\":[{\"@type\":\"Article\",\"@id\":\"https:\\\/\\\/www.article-marketing.eu\\\/comunicatistampa\\\/arredamento-e-moda-le-tue-creazioni-con-le-carte-geografiche\\\/#article\",\"isPartOf\":{\"@id\":\"https:\\\/\\\/www.article-marketing.eu\\\/comunicatistampa\\\/arredamento-e-moda-le-tue-creazioni-con-le-carte-geografiche\\\/\"},\"author\":{\"name\":\"Visceglia\",\"@id\":\"https:\\\/\\\/www.article-marketing.eu\\\/comunicatistampa\\\/#\\\/schema\\\/person\\\/4d14ba6f13faa910ce6282d42f74a30b\"},\"headline\":\"Arredamento e moda, le tue creazioni con le carte geografiche\",\"datePublished\":\"2021-05-24T10:15:11+00:00\",\"mainEntityOfPage\":{\"@id\":\"https:\\\/\\\/www.article-marketing.eu\\\/comunicatistampa\\\/arredamento-e-moda-le-tue-creazioni-con-le-carte-geografiche\\\/\"},\"wordCount\":364,\"commentCount\":0,\"keywords\":[\"arredamento con carte geografiche\"],\"articleSection\":[\"Architecture\"],\"inLanguage\":\"it-IT\",\"potentialAction\":[{\"@type\":\"CommentAction\",\"name\":\"Comment\",\"target\":[\"https:\\\/\\\/www.article-marketing.eu\\\/comunicatistampa\\\/arredamento-e-moda-le-tue-creazioni-con-le-carte-geografiche\\\/#respond\"]}]},{\"@type\":\"WebPage\",\"@id\":\"https:\\\/\\\/www.article-marketing.eu\\\/comunicatistampa\\\/arredamento-e-moda-le-tue-creazioni-con-le-carte-geografiche\\\/\",\"url\":\"https:\\\/\\\/www.article-marketing.eu\\\/comunicatistampa\\\/arredamento-e-moda-le-tue-creazioni-con-le-carte-geografiche\\\/\",\"name\":\"Arredamento e moda, le tue creazioni con le carte geografiche\",\"isPartOf\":{\"@id\":\"https:\\\/\\\/www.article-marketing.eu\\\/comunicatistampa\\\/#website\"},\"datePublished\":\"2021-05-24T10:15:11+00:00\",\"author\":{\"@id\":\"https:\\\/\\\/www.article-marketing.eu\\\/comunicatistampa\\\/#\\\/schema\\\/person\\\/4d14ba6f13faa910ce6282d42f74a30b\"},\"description\":\"Ed ecco quindi gli splendidi complementi d'arredo con carta geografica, per dare al tuo spazio vitale l'impronta esclusiva che hai sempre sognato: la sedia per l'ufficio, l'abat-jour per la camera da letto, gli sgabelli per la camera dei ragazzi, il tappeto per il salotto...\",\"breadcrumb\":{\"@id\":\"https:\\\/\\\/www.article-marketing.eu\\\/comunicatistampa\\\/arredamento-e-moda-le-tue-creazioni-con-le-carte-geografiche\\\/#breadcrumb\"},\"inLanguage\":\"it-IT\",\"potentialAction\":[{\"@type\":\"ReadAction\",\"target\":[\"https:\\\/\\\/www.article-marketing.eu\\\/comunicatistampa\\\/arredamento-e-moda-le-tue-creazioni-con-le-carte-geografiche\\\/\"]}]},{\"@type\":\"BreadcrumbList\",\"@id\":\"https:\\\/\\\/www.article-marketing.eu\\\/comunicatistampa\\\/arredamento-e-moda-le-tue-creazioni-con-le-carte-geografiche\\\/#breadcrumb\",\"itemListElement\":[{\"@type\":\"ListItem\",\"position\":1,\"name\":\"Home\",\"item\":\"https:\\\/\\\/www.article-marketing.eu\\\/comunicatistampa\\\/\"},{\"@type\":\"ListItem\",\"position\":2,\"name\":\"Arredamento e moda, le tue creazioni con le carte geografiche\"}]},{\"@type\":\"WebSite\",\"@id\":\"https:\\\/\\\/www.article-marketing.eu\\\/comunicatistampa\\\/#website\",\"url\":\"https:\\\/\\\/www.article-marketing.eu\\\/comunicatistampa\\\/\",\"name\":\"Article Marketing\",\"description\":\"article marketing &amp; press release\",\"potentialAction\":[{\"@type\":\"SearchAction\",\"target\":{\"@type\":\"EntryPoint\",\"urlTemplate\":\"https:\\\/\\\/www.article-marketing.eu\\\/comunicatistampa\\\/?s={search_term_string}\"},\"query-input\":{\"@type\":\"PropertyValueSpecification\",\"valueRequired\":true,\"valueName\":\"search_term_string\"}}],\"inLanguage\":\"it-IT\"},{\"@type\":\"Person\",\"@id\":\"https:\\\/\\\/www.article-marketing.eu\\\/comunicatistampa\\\/#\\\/schema\\\/person\\\/4d14ba6f13faa910ce6282d42f74a30b\",\"name\":\"Visceglia\",\"image\":{\"@type\":\"ImageObject\",\"inLanguage\":\"it-IT\",\"@id\":\"https:\\\/\\\/secure.gravatar.com\\\/avatar\\\/a0351dc2f94509c3d5cdf6e8a49bfd9004215a4dd093d7ee26594c6dabc6af28?s=96&d=mm&r=g\",\"url\":\"https:\\\/\\\/secure.gravatar.com\\\/avatar\\\/a0351dc2f94509c3d5cdf6e8a49bfd9004215a4dd093d7ee26594c6dabc6af28?s=96&d=mm&r=g\",\"contentUrl\":\"https:\\\/\\\/secure.gravatar.com\\\/avatar\\\/a0351dc2f94509c3d5cdf6e8a49bfd9004215a4dd093d7ee26594c6dabc6af28?s=96&d=mm&r=g\",\"caption\":\"Visceglia\"},\"url\":\"https:\\\/\\\/www.article-marketing.eu\\\/comunicatistampa\\\/author\\\/visceglia\\\/\"}]}<\/script>\n<!-- \/ Yoast SEO plugin. -->","yoast_head_json":{"title":"Arredamento e moda, le tue creazioni con le carte geografiche","description":"Ed ecco quindi gli splendidi complementi d'arredo con carta geografica, per dare al tuo spazio vitale l'impronta esclusiva che hai sempre sognato: la sedia per l'ufficio, l'abat-jour per la camera da letto, gli sgabelli per la camera dei ragazzi, il tappeto per il salotto...","robots":{"index":"index","follow":"follow","max-snippet":"max-snippet:-1","max-image-preview":"max-image-preview:large","max-video-preview":"max-video-preview:-1"},"canonical":"https:\/\/www.article-marketing.eu\/comunicatistampa\/arredamento-e-moda-le-tue-creazioni-con-le-carte-geografiche\/","og_locale":"it_IT","og_type":"article","og_title":"Arredamento e moda, le tue creazioni con le carte geografiche","og_description":"Ed ecco quindi gli splendidi complementi d'arredo con carta geografica, per dare al tuo spazio vitale l'impronta esclusiva che hai sempre sognato: la sedia per l'ufficio, l'abat-jour per la camera da letto, gli sgabelli per la camera dei ragazzi, il tappeto per il salotto...","og_url":"https:\/\/www.article-marketing.eu\/comunicatistampa\/arredamento-e-moda-le-tue-creazioni-con-le-carte-geografiche\/","og_site_name":"Article Marketing","article_published_time":"2021-05-24T10:15:11+00:00","author":"Visceglia","twitter_card":"summary_large_image","twitter_title":"Arredamento e moda, le tue creazioni con le carte geografiche","twitter_description":"Ed ecco quindi gli splendidi complementi d'arredo con carta geografica, per dare al tuo spazio vitale l'impronta esclusiva che hai sempre sognato: la sedia per l'ufficio, l'abat-jour per la camera da letto, gli sgabelli per la camera dei ragazzi, il tappeto per il salotto...","twitter_misc":{"Scritto da":"Visceglia","Tempo di lettura stimato":"2 minuti"},"schema":{"@context":"https:\/\/schema.org","@graph":[{"@type":"Article","@id":"https:\/\/www.article-marketing.eu\/comunicatistampa\/arredamento-e-moda-le-tue-creazioni-con-le-carte-geografiche\/#article","isPartOf":{"@id":"https:\/\/www.article-marketing.eu\/comunicatistampa\/arredamento-e-moda-le-tue-creazioni-con-le-carte-geografiche\/"},"author":{"name":"Visceglia","@id":"https:\/\/www.article-marketing.eu\/comunicatistampa\/#\/schema\/person\/4d14ba6f13faa910ce6282d42f74a30b"},"headline":"Arredamento e moda, le tue creazioni con le carte geografiche","datePublished":"2021-05-24T10:15:11+00:00","mainEntityOfPage":{"@id":"https:\/\/www.article-marketing.eu\/comunicatistampa\/arredamento-e-moda-le-tue-creazioni-con-le-carte-geografiche\/"},"wordCount":364,"commentCount":0,"keywords":["arredamento con carte geografiche"],"articleSection":["Architecture"],"inLanguage":"it-IT","potentialAction":[{"@type":"CommentAction","name":"Comment","target":["https:\/\/www.article-marketing.eu\/comunicatistampa\/arredamento-e-moda-le-tue-creazioni-con-le-carte-geografiche\/#respond"]}]},{"@type":"WebPage","@id":"https:\/\/www.article-marketing.eu\/comunicatistampa\/arredamento-e-moda-le-tue-creazioni-con-le-carte-geografiche\/","url":"https:\/\/www.article-marketing.eu\/comunicatistampa\/arredamento-e-moda-le-tue-creazioni-con-le-carte-geografiche\/","name":"Arredamento e moda, le tue creazioni con le carte geografiche","isPartOf":{"@id":"https:\/\/www.article-marketing.eu\/comunicatistampa\/#website"},"datePublished":"2021-05-24T10:15:11+00:00","author":{"@id":"https:\/\/www.article-marketing.eu\/comunicatistampa\/#\/schema\/person\/4d14ba6f13faa910ce6282d42f74a30b"},"description":"Ed ecco quindi gli splendidi complementi d'arredo con carta geografica, per dare al tuo spazio vitale l'impronta esclusiva che hai sempre sognato: la sedia per l'ufficio, l'abat-jour per la camera da letto, gli sgabelli per la camera dei ragazzi, il tappeto per il salotto...","breadcrumb":{"@id":"https:\/\/www.article-marketing.eu\/comunicatistampa\/arredamento-e-moda-le-tue-creazioni-con-le-carte-geografiche\/#breadcrumb"},"inLanguage":"it-IT","potentialAction":[{"@type":"ReadAction","target":["https:\/\/www.article-marketing.eu\/comunicatistampa\/arredamento-e-moda-le-tue-creazioni-con-le-carte-geografiche\/"]}]},{"@type":"BreadcrumbList","@id":"https:\/\/www.article-marketing.eu\/comunicatistampa\/arredamento-e-moda-le-tue-creazioni-con-le-carte-geografiche\/#breadcrumb","itemListElement":[{"@type":"ListItem","position":1,"name":"Home","item":"https:\/\/www.article-marketing.eu\/comunicatistampa\/"},{"@type":"ListItem","position":2,"name":"Arredamento e moda, le tue creazioni con le carte geografiche"}]},{"@type":"WebSite","@id":"https:\/\/www.article-marketing.eu\/comunicatistampa\/#website","url":"https:\/\/www.article-marketing.eu\/comunicatistampa\/","name":"Article Marketing","description":"article marketing &amp; press release","potentialAction":[{"@type":"SearchAction","target":{"@type":"EntryPoint","urlTemplate":"https:\/\/www.article-marketing.eu\/comunicatistampa\/?s={search_term_string}"},"query-input":{"@type":"PropertyValueSpecification","valueRequired":true,"valueName":"search_term_string"}}],"inLanguage":"it-IT"},{"@type":"Person","@id":"https:\/\/www.article-marketing.eu\/comunicatistampa\/#\/schema\/person\/4d14ba6f13faa910ce6282d42f74a30b","name":"Visceglia","image":{"@type":"ImageObject","inLanguage":"it-IT","@id":"https:\/\/secure.gravatar.com\/avatar\/a0351dc2f94509c3d5cdf6e8a49bfd9004215a4dd093d7ee26594c6dabc6af28?s=96&d=mm&r=g","url":"https:\/\/secure.gravatar.com\/avatar\/a0351dc2f94509c3d5cdf6e8a49bfd9004215a4dd093d7ee26594c6dabc6af28?s=96&d=mm&r=g","contentUrl":"https:\/\/secure.gravatar.com\/avatar\/a0351dc2f94509c3d5cdf6e8a49bfd9004215a4dd093d7ee26594c6dabc6af28?s=96&d=mm&r=g","caption":"Visceglia"},"url":"https:\/\/www.article-marketing.eu\/comunicatistampa\/author\/visceglia\/"}]}},"_links":{"self":[{"href":"https:\/\/www.article-marketing.eu\/comunicatistampa\/wp-json\/wp\/v2\/posts\/18874","targetHints":{"allow":["GET"]}}],"collection":[{"href":"https:\/\/www.article-marketing.eu\/comunicatistampa\/wp-json\/wp\/v2\/posts"}],"about":[{"href":"https:\/\/www.article-marketing.eu\/comunicatistampa\/wp-json\/wp\/v2\/types\/post"}],"author":[{"embeddable":true,"href":"https:\/\/www.article-marketing.eu\/comunicatistampa\/wp-json\/wp\/v2\/users\/81"}],"replies":[{"embeddable":true,"href":"https:\/\/www.article-marketing.eu\/comunicatistampa\/wp-json\/wp\/v2\/comments?post=18874"}],"version-history":[{"count":2,"href":"https:\/\/www.article-marketing.eu\/comunicatistampa\/wp-json\/wp\/v2\/posts\/18874\/revisions"}],"predecessor-version":[{"id":18910,"href":"https:\/\/www.article-marketing.eu\/comunicatistampa\/wp-json\/wp\/v2\/posts\/18874\/revisions\/18910"}],"wp:attachment":[{"href":"https:\/\/www.article-marketing.eu\/comunicatistampa\/wp-json\/wp\/v2\/media?parent=18874"}],"wp:term":[{"taxonomy":"category","embeddable":true,"href":"https:\/\/www.article-marketing.eu\/comunicatistampa\/wp-json\/wp\/v2\/categories?post=18874"},{"taxonomy":"post_tag","embeddable":true,"href":"https:\/\/www.article-marketing.eu\/comunicatistampa\/wp-json\/wp\/v2\/tags?post=18874"}],"curies":[{"name":"wp","href":"https:\/\/api.w.org\/{rel}","templated":true}]}}