{"id":18877,"date":"2021-05-24T12:12:33","date_gmt":"2021-05-24T10:12:33","guid":{"rendered":"https:\/\/www.article-marketing.eu\/comunicatistampa\/?p=18877"},"modified":"2022-03-08T18:08:22","modified_gmt":"2022-03-08T17:08:22","slug":"esce-il-mio-presente","status":"publish","type":"post","link":"https:\/\/www.article-marketing.eu\/comunicatistampa\/esce-il-mio-presente\/","title":{"rendered":"Esce Il mio presente"},"content":{"rendered":"<h4>Un omaggio d\u2019amore all\u2019amore a firma di Serena Finatti<\/h4>\n<p>Esce\u00a0<strong>Il mio presente<\/strong>, il nuovo singolo ed il nuovo videoclip di\u00a0<strong>Serena Finatti<\/strong>: un delicatissimo omaggio d\u2019amore all\u2019amore che uscir\u00e0 in\u00a0<a href=\"https:\/\/youtu.be\/pzcw3b7Tlac\"><strong>anteprima Youtube<\/strong><\/a>\u00a0il\u00a0<strong>25 maggio alle 21,30<\/strong>\u00a0per poi rimanere disponibile sul celebre social video. Musica e parole sono di Serena Finatti, l\u2019arrangiamento del musicista, chitarrista e compagno di vita\u00a0<strong>Andrea Varnier<\/strong>.<\/p>\n<figure class=\"wp-block-image size-large\"><a href=\"https:\/\/alfaprom.com\/wp-content\/uploads\/2021\/05\/il-mio-presente.jpg\"><img loading=\"lazy\" decoding=\"async\" class=\"wp-image-3636\" src=\"https:\/\/alfaprom.com\/wp-content\/uploads\/2021\/05\/il-mio-presente-1024x576.jpg\" alt=\"Il mio presente\" width=\"1024\" height=\"576\" \/><\/a><\/figure>\n<p>Ancora una volta l\u2019interesse della cantautrice \u00e8 rivolto al mondo femminile. Se\u00a0<strong>Fragile e Fiera<\/strong>\u00a0era un invito per le donne vittime di violenza, a riprendere in mano la propria vita, ad avere il coraggio di ripartire da capo,\u00a0<strong>Il mio presente<\/strong>\u00a0\u00e8 la testimonianza di quanto un amore sincero e forte possa essere un\u2019isola felice, in un mondo che sembra annichilirsi sempre pi\u00f9.<\/p>\n<p>L\u2019atmosfera ricreata in questo nuovo singolo \u00e8 un misto tra la surreale sensazione che il tempo possa essersi fermato, l\u2019ebbrezza del sentirsi vivi e complici in balia dei sentimenti e la malinconica quanto angosciante realt\u00e0, di una situazione di incertezza e di preoccupazione. Ci\u00f2 che accomuna questi stati d\u2019animo \u00e8 la consapevolezza di esserci l\u2019uno per l\u2019altra, il presente.<\/p>\n<p>Nel videoclip, ideato e realizzato dalla stessa cantautrice, si passa dai dettagli di un gesto d\u2019amore a movimenti e azioni quasi liberatori che sembrano sfidare, per gioco, l\u2019equilibrio dei sensi e del corpo. Quattordici coppie di persone, hanno accettato l\u2019invito dell\u2019artista.<\/p>\n<figure class=\"wp-block-image size-large\"><a href=\"https:\/\/alfaprom.com\/wp-content\/uploads\/2021\/05\/il-mio-presente-03.jpg\"><img loading=\"lazy\" decoding=\"async\" class=\"wp-image-3634\" src=\"https:\/\/alfaprom.com\/wp-content\/uploads\/2021\/05\/il-mio-presente-03-1024x576.jpg\" alt=\"Il mio presente\" width=\"1024\" height=\"576\" \/><\/a><\/figure>\n<p>\u201c<em>Sono tutte coppie di amici<\/em>\u201d racconta la cantautrice \u201c<em>ho voluto coinvolgere persone che contano realmente per me, la fiducia che riesco a instaurare con chi stimo davvero, \u00e8 impagabile, amo lavorare cercando di far uscire il meglio dalle persone che ho vicino. Forse non \u00e8 molto professionale, ma se posso, preferisco attorniarmi da amici<\/em>\u201d e sono loro, assieme a Serena e al suo chitarrista e arrangiatore Andrea Varnier, i protagonisti del videoclip.<\/p>\n<p>\u201c<em>Ho sempre sentito, nella musica di Serena, una certa solennit\u00e0, un respiro ampio e universale<\/em>\u201d racconta Andrea. \u201cE seppure abbia sempre trovato molto stimolante la sfida di arrangiare tutto con la sola chitarra, la voglia di sperimentare altre sonorit\u00e0 \u00e8 sempre rimasta in sottofondo. Per questo nuovo brano abbiamo deciso di provare degli arrangiamenti pi\u00f9 ricchi, diversi dal solito, suoni elettronici e acustici insieme, per dare alla musica la profondit\u00e0 che secondo me le appartiene, senza snaturare lo stile che abbiamo costruito in questi anni di collaborazione.<\/p>\n<p>\u201cQuesto progetto \u00e8 importante\u201d conclude Serena \u201cnon solo perch\u00e9 mi vede per la prima volta impegnata sia come cantautrice che come videomaker, ma anche perch\u00e9 questo brano segna il passaggio a una nuova fase della mia vita. Sono pronta a intraprendere nuove vie di comunicazione artistica\u201d.<\/p>\n","protected":false},"excerpt":{"rendered":"<p>Un omaggio d\u2019amore all\u2019amore a firma di Serena Finatti Esce\u00a0Il mio presente, il nuovo singolo ed il nuovo videoclip di\u00a0Serena Finatti: un delicatissimo omaggio d\u2019amore all\u2019amore che uscir\u00e0 in\u00a0anteprima Youtube\u00a0il\u00a025 maggio alle 21,30\u00a0per poi rimanere disponibile sul celebre social video. Musica e parole sono di Serena Finatti, l\u2019arrangiamento del musicista, chitarrista e compagno di vita\u00a0Andrea Varnier. Ancora una volta l\u2019interesse della cantautrice \u00e8 rivolto al mondo femminile. Se\u00a0Fragile e Fiera\u00a0era<\/p>\n<p><a class=\"continue-reading\" href=\"https:\/\/www.article-marketing.eu\/comunicatistampa\/esce-il-mio-presente\/\">Continue reading&#8230;<\/a><\/p>\n","protected":false},"author":732,"featured_media":0,"comment_status":"open","ping_status":"open","sticky":false,"template":"","format":"standard","meta":{"_monsterinsights_skip_tracking":false,"_monsterinsights_sitenote_active":false,"_monsterinsights_sitenote_note":"","_monsterinsights_sitenote_category":0,"footnotes":""},"categories":[407],"tags":[],"class_list":["post-18877","post","type-post","status-publish","format-standard","hentry","category-arte-e-cultura"],"yoast_head":"<!-- This site is optimized with the Yoast SEO plugin v27.3 - https:\/\/yoast.com\/product\/yoast-seo-wordpress\/ -->\n<title>Il mio presente di Serena Finatti - Article Marketing<\/title>\n<meta name=\"description\" content=\"Il mio presente di Serena Finatti, il nuovo singolo di\u00a0Serena Finatti: un delicatissimo omaggio d\u2019amore all\u2019amore che uscir\u00e0 il\u00a025 maggio\" \/>\n<meta name=\"robots\" content=\"index, follow, max-snippet:-1, max-image-preview:large, max-video-preview:-1\" \/>\n<link rel=\"canonical\" href=\"https:\/\/www.article-marketing.eu\/comunicatistampa\/esce-il-mio-presente\/\" \/>\n<meta property=\"og:locale\" content=\"it_IT\" \/>\n<meta property=\"og:type\" content=\"article\" \/>\n<meta property=\"og:title\" content=\"Il mio presente di Serena Finatti - Article Marketing\" \/>\n<meta property=\"og:description\" content=\"Il mio presente di Serena Finatti, il nuovo singolo di\u00a0Serena Finatti: un delicatissimo omaggio d\u2019amore all\u2019amore che uscir\u00e0 il\u00a025 maggio\" \/>\n<meta property=\"og:url\" content=\"https:\/\/www.article-marketing.eu\/comunicatistampa\/esce-il-mio-presente\/\" \/>\n<meta property=\"og:site_name\" content=\"Article Marketing\" \/>\n<meta property=\"article:published_time\" content=\"2021-05-24T10:12:33+00:00\" \/>\n<meta property=\"article:modified_time\" content=\"2022-03-08T17:08:22+00:00\" \/>\n<meta property=\"og:image\" content=\"https:\/\/alfaprom.com\/wp-content\/uploads\/2021\/05\/il-mio-presente-1024x576.jpg\" \/>\n<meta name=\"author\" content=\"studioalfa\" \/>\n<meta name=\"twitter:card\" content=\"summary_large_image\" \/>\n<meta name=\"twitter:label1\" content=\"Scritto da\" \/>\n\t<meta name=\"twitter:data1\" content=\"studioalfa\" \/>\n\t<meta name=\"twitter:label2\" content=\"Tempo di lettura stimato\" \/>\n\t<meta name=\"twitter:data2\" content=\"3 minuti\" \/>\n<script type=\"application\/ld+json\" class=\"yoast-schema-graph\">{\"@context\":\"https:\\\/\\\/schema.org\",\"@graph\":[{\"@type\":\"Article\",\"@id\":\"https:\\\/\\\/www.article-marketing.eu\\\/comunicatistampa\\\/esce-il-mio-presente\\\/#article\",\"isPartOf\":{\"@id\":\"https:\\\/\\\/www.article-marketing.eu\\\/comunicatistampa\\\/esce-il-mio-presente\\\/\"},\"author\":{\"name\":\"studioalfa\",\"@id\":\"https:\\\/\\\/www.article-marketing.eu\\\/comunicatistampa\\\/#\\\/schema\\\/person\\\/016dfd52849dd05631ba118c3dff9ace\"},\"headline\":\"Esce Il mio presente\",\"datePublished\":\"2021-05-24T10:12:33+00:00\",\"dateModified\":\"2022-03-08T17:08:22+00:00\",\"mainEntityOfPage\":{\"@id\":\"https:\\\/\\\/www.article-marketing.eu\\\/comunicatistampa\\\/esce-il-mio-presente\\\/\"},\"wordCount\":442,\"commentCount\":0,\"image\":{\"@id\":\"https:\\\/\\\/www.article-marketing.eu\\\/comunicatistampa\\\/esce-il-mio-presente\\\/#primaryimage\"},\"thumbnailUrl\":\"https:\\\/\\\/alfaprom.com\\\/wp-content\\\/uploads\\\/2021\\\/05\\\/il-mio-presente-1024x576.jpg\",\"articleSection\":[\"Arte e cultura\"],\"inLanguage\":\"it-IT\",\"potentialAction\":[{\"@type\":\"CommentAction\",\"name\":\"Comment\",\"target\":[\"https:\\\/\\\/www.article-marketing.eu\\\/comunicatistampa\\\/esce-il-mio-presente\\\/#respond\"]}]},{\"@type\":\"WebPage\",\"@id\":\"https:\\\/\\\/www.article-marketing.eu\\\/comunicatistampa\\\/esce-il-mio-presente\\\/\",\"url\":\"https:\\\/\\\/www.article-marketing.eu\\\/comunicatistampa\\\/esce-il-mio-presente\\\/\",\"name\":\"Il mio presente di Serena Finatti - Article Marketing\",\"isPartOf\":{\"@id\":\"https:\\\/\\\/www.article-marketing.eu\\\/comunicatistampa\\\/#website\"},\"primaryImageOfPage\":{\"@id\":\"https:\\\/\\\/www.article-marketing.eu\\\/comunicatistampa\\\/esce-il-mio-presente\\\/#primaryimage\"},\"image\":{\"@id\":\"https:\\\/\\\/www.article-marketing.eu\\\/comunicatistampa\\\/esce-il-mio-presente\\\/#primaryimage\"},\"thumbnailUrl\":\"https:\\\/\\\/alfaprom.com\\\/wp-content\\\/uploads\\\/2021\\\/05\\\/il-mio-presente-1024x576.jpg\",\"datePublished\":\"2021-05-24T10:12:33+00:00\",\"dateModified\":\"2022-03-08T17:08:22+00:00\",\"author\":{\"@id\":\"https:\\\/\\\/www.article-marketing.eu\\\/comunicatistampa\\\/#\\\/schema\\\/person\\\/016dfd52849dd05631ba118c3dff9ace\"},\"description\":\"Il mio presente di Serena Finatti, il nuovo singolo di\u00a0Serena Finatti: un delicatissimo omaggio d\u2019amore all\u2019amore che uscir\u00e0 il\u00a025 maggio\",\"breadcrumb\":{\"@id\":\"https:\\\/\\\/www.article-marketing.eu\\\/comunicatistampa\\\/esce-il-mio-presente\\\/#breadcrumb\"},\"inLanguage\":\"it-IT\",\"potentialAction\":[{\"@type\":\"ReadAction\",\"target\":[\"https:\\\/\\\/www.article-marketing.eu\\\/comunicatistampa\\\/esce-il-mio-presente\\\/\"]}]},{\"@type\":\"ImageObject\",\"inLanguage\":\"it-IT\",\"@id\":\"https:\\\/\\\/www.article-marketing.eu\\\/comunicatistampa\\\/esce-il-mio-presente\\\/#primaryimage\",\"url\":\"https:\\\/\\\/alfaprom.com\\\/wp-content\\\/uploads\\\/2021\\\/05\\\/il-mio-presente-1024x576.jpg\",\"contentUrl\":\"https:\\\/\\\/alfaprom.com\\\/wp-content\\\/uploads\\\/2021\\\/05\\\/il-mio-presente-1024x576.jpg\"},{\"@type\":\"BreadcrumbList\",\"@id\":\"https:\\\/\\\/www.article-marketing.eu\\\/comunicatistampa\\\/esce-il-mio-presente\\\/#breadcrumb\",\"itemListElement\":[{\"@type\":\"ListItem\",\"position\":1,\"name\":\"Home\",\"item\":\"https:\\\/\\\/www.article-marketing.eu\\\/comunicatistampa\\\/\"},{\"@type\":\"ListItem\",\"position\":2,\"name\":\"Esce Il mio presente\"}]},{\"@type\":\"WebSite\",\"@id\":\"https:\\\/\\\/www.article-marketing.eu\\\/comunicatistampa\\\/#website\",\"url\":\"https:\\\/\\\/www.article-marketing.eu\\\/comunicatistampa\\\/\",\"name\":\"Article Marketing\",\"description\":\"article marketing &amp; press release\",\"potentialAction\":[{\"@type\":\"SearchAction\",\"target\":{\"@type\":\"EntryPoint\",\"urlTemplate\":\"https:\\\/\\\/www.article-marketing.eu\\\/comunicatistampa\\\/?s={search_term_string}\"},\"query-input\":{\"@type\":\"PropertyValueSpecification\",\"valueRequired\":true,\"valueName\":\"search_term_string\"}}],\"inLanguage\":\"it-IT\"},{\"@type\":\"Person\",\"@id\":\"https:\\\/\\\/www.article-marketing.eu\\\/comunicatistampa\\\/#\\\/schema\\\/person\\\/016dfd52849dd05631ba118c3dff9ace\",\"name\":\"studioalfa\",\"image\":{\"@type\":\"ImageObject\",\"inLanguage\":\"it-IT\",\"@id\":\"https:\\\/\\\/secure.gravatar.com\\\/avatar\\\/e7a37e17b09595ecf7196e00f441c7cc74f75800109ba49376861d605b8805d4?s=96&d=mm&r=g\",\"url\":\"https:\\\/\\\/secure.gravatar.com\\\/avatar\\\/e7a37e17b09595ecf7196e00f441c7cc74f75800109ba49376861d605b8805d4?s=96&d=mm&r=g\",\"contentUrl\":\"https:\\\/\\\/secure.gravatar.com\\\/avatar\\\/e7a37e17b09595ecf7196e00f441c7cc74f75800109ba49376861d605b8805d4?s=96&d=mm&r=g\",\"caption\":\"studioalfa\"},\"url\":\"https:\\\/\\\/www.article-marketing.eu\\\/comunicatistampa\\\/author\\\/studioalfa\\\/\"}]}<\/script>\n<!-- \/ Yoast SEO plugin. -->","yoast_head_json":{"title":"Il mio presente di Serena Finatti - Article Marketing","description":"Il mio presente di Serena Finatti, il nuovo singolo di\u00a0Serena Finatti: un delicatissimo omaggio d\u2019amore all\u2019amore che uscir\u00e0 il\u00a025 maggio","robots":{"index":"index","follow":"follow","max-snippet":"max-snippet:-1","max-image-preview":"max-image-preview:large","max-video-preview":"max-video-preview:-1"},"canonical":"https:\/\/www.article-marketing.eu\/comunicatistampa\/esce-il-mio-presente\/","og_locale":"it_IT","og_type":"article","og_title":"Il mio presente di Serena Finatti - Article Marketing","og_description":"Il mio presente di Serena Finatti, il nuovo singolo di\u00a0Serena Finatti: un delicatissimo omaggio d\u2019amore all\u2019amore che uscir\u00e0 il\u00a025 maggio","og_url":"https:\/\/www.article-marketing.eu\/comunicatistampa\/esce-il-mio-presente\/","og_site_name":"Article Marketing","article_published_time":"2021-05-24T10:12:33+00:00","article_modified_time":"2022-03-08T17:08:22+00:00","og_image":[{"url":"https:\/\/alfaprom.com\/wp-content\/uploads\/2021\/05\/il-mio-presente-1024x576.jpg","type":"","width":"","height":""}],"author":"studioalfa","twitter_card":"summary_large_image","twitter_misc":{"Scritto da":"studioalfa","Tempo di lettura stimato":"3 minuti"},"schema":{"@context":"https:\/\/schema.org","@graph":[{"@type":"Article","@id":"https:\/\/www.article-marketing.eu\/comunicatistampa\/esce-il-mio-presente\/#article","isPartOf":{"@id":"https:\/\/www.article-marketing.eu\/comunicatistampa\/esce-il-mio-presente\/"},"author":{"name":"studioalfa","@id":"https:\/\/www.article-marketing.eu\/comunicatistampa\/#\/schema\/person\/016dfd52849dd05631ba118c3dff9ace"},"headline":"Esce Il mio presente","datePublished":"2021-05-24T10:12:33+00:00","dateModified":"2022-03-08T17:08:22+00:00","mainEntityOfPage":{"@id":"https:\/\/www.article-marketing.eu\/comunicatistampa\/esce-il-mio-presente\/"},"wordCount":442,"commentCount":0,"image":{"@id":"https:\/\/www.article-marketing.eu\/comunicatistampa\/esce-il-mio-presente\/#primaryimage"},"thumbnailUrl":"https:\/\/alfaprom.com\/wp-content\/uploads\/2021\/05\/il-mio-presente-1024x576.jpg","articleSection":["Arte e cultura"],"inLanguage":"it-IT","potentialAction":[{"@type":"CommentAction","name":"Comment","target":["https:\/\/www.article-marketing.eu\/comunicatistampa\/esce-il-mio-presente\/#respond"]}]},{"@type":"WebPage","@id":"https:\/\/www.article-marketing.eu\/comunicatistampa\/esce-il-mio-presente\/","url":"https:\/\/www.article-marketing.eu\/comunicatistampa\/esce-il-mio-presente\/","name":"Il mio presente di Serena Finatti - Article Marketing","isPartOf":{"@id":"https:\/\/www.article-marketing.eu\/comunicatistampa\/#website"},"primaryImageOfPage":{"@id":"https:\/\/www.article-marketing.eu\/comunicatistampa\/esce-il-mio-presente\/#primaryimage"},"image":{"@id":"https:\/\/www.article-marketing.eu\/comunicatistampa\/esce-il-mio-presente\/#primaryimage"},"thumbnailUrl":"https:\/\/alfaprom.com\/wp-content\/uploads\/2021\/05\/il-mio-presente-1024x576.jpg","datePublished":"2021-05-24T10:12:33+00:00","dateModified":"2022-03-08T17:08:22+00:00","author":{"@id":"https:\/\/www.article-marketing.eu\/comunicatistampa\/#\/schema\/person\/016dfd52849dd05631ba118c3dff9ace"},"description":"Il mio presente di Serena Finatti, il nuovo singolo di\u00a0Serena Finatti: un delicatissimo omaggio d\u2019amore all\u2019amore che uscir\u00e0 il\u00a025 maggio","breadcrumb":{"@id":"https:\/\/www.article-marketing.eu\/comunicatistampa\/esce-il-mio-presente\/#breadcrumb"},"inLanguage":"it-IT","potentialAction":[{"@type":"ReadAction","target":["https:\/\/www.article-marketing.eu\/comunicatistampa\/esce-il-mio-presente\/"]}]},{"@type":"ImageObject","inLanguage":"it-IT","@id":"https:\/\/www.article-marketing.eu\/comunicatistampa\/esce-il-mio-presente\/#primaryimage","url":"https:\/\/alfaprom.com\/wp-content\/uploads\/2021\/05\/il-mio-presente-1024x576.jpg","contentUrl":"https:\/\/alfaprom.com\/wp-content\/uploads\/2021\/05\/il-mio-presente-1024x576.jpg"},{"@type":"BreadcrumbList","@id":"https:\/\/www.article-marketing.eu\/comunicatistampa\/esce-il-mio-presente\/#breadcrumb","itemListElement":[{"@type":"ListItem","position":1,"name":"Home","item":"https:\/\/www.article-marketing.eu\/comunicatistampa\/"},{"@type":"ListItem","position":2,"name":"Esce Il mio presente"}]},{"@type":"WebSite","@id":"https:\/\/www.article-marketing.eu\/comunicatistampa\/#website","url":"https:\/\/www.article-marketing.eu\/comunicatistampa\/","name":"Article Marketing","description":"article marketing &amp; press release","potentialAction":[{"@type":"SearchAction","target":{"@type":"EntryPoint","urlTemplate":"https:\/\/www.article-marketing.eu\/comunicatistampa\/?s={search_term_string}"},"query-input":{"@type":"PropertyValueSpecification","valueRequired":true,"valueName":"search_term_string"}}],"inLanguage":"it-IT"},{"@type":"Person","@id":"https:\/\/www.article-marketing.eu\/comunicatistampa\/#\/schema\/person\/016dfd52849dd05631ba118c3dff9ace","name":"studioalfa","image":{"@type":"ImageObject","inLanguage":"it-IT","@id":"https:\/\/secure.gravatar.com\/avatar\/e7a37e17b09595ecf7196e00f441c7cc74f75800109ba49376861d605b8805d4?s=96&d=mm&r=g","url":"https:\/\/secure.gravatar.com\/avatar\/e7a37e17b09595ecf7196e00f441c7cc74f75800109ba49376861d605b8805d4?s=96&d=mm&r=g","contentUrl":"https:\/\/secure.gravatar.com\/avatar\/e7a37e17b09595ecf7196e00f441c7cc74f75800109ba49376861d605b8805d4?s=96&d=mm&r=g","caption":"studioalfa"},"url":"https:\/\/www.article-marketing.eu\/comunicatistampa\/author\/studioalfa\/"}]}},"_links":{"self":[{"href":"https:\/\/www.article-marketing.eu\/comunicatistampa\/wp-json\/wp\/v2\/posts\/18877","targetHints":{"allow":["GET"]}}],"collection":[{"href":"https:\/\/www.article-marketing.eu\/comunicatistampa\/wp-json\/wp\/v2\/posts"}],"about":[{"href":"https:\/\/www.article-marketing.eu\/comunicatistampa\/wp-json\/wp\/v2\/types\/post"}],"author":[{"embeddable":true,"href":"https:\/\/www.article-marketing.eu\/comunicatistampa\/wp-json\/wp\/v2\/users\/732"}],"replies":[{"embeddable":true,"href":"https:\/\/www.article-marketing.eu\/comunicatistampa\/wp-json\/wp\/v2\/comments?post=18877"}],"version-history":[{"count":2,"href":"https:\/\/www.article-marketing.eu\/comunicatistampa\/wp-json\/wp\/v2\/posts\/18877\/revisions"}],"predecessor-version":[{"id":18902,"href":"https:\/\/www.article-marketing.eu\/comunicatistampa\/wp-json\/wp\/v2\/posts\/18877\/revisions\/18902"}],"wp:attachment":[{"href":"https:\/\/www.article-marketing.eu\/comunicatistampa\/wp-json\/wp\/v2\/media?parent=18877"}],"wp:term":[{"taxonomy":"category","embeddable":true,"href":"https:\/\/www.article-marketing.eu\/comunicatistampa\/wp-json\/wp\/v2\/categories?post=18877"},{"taxonomy":"post_tag","embeddable":true,"href":"https:\/\/www.article-marketing.eu\/comunicatistampa\/wp-json\/wp\/v2\/tags?post=18877"}],"curies":[{"name":"wp","href":"https:\/\/api.w.org\/{rel}","templated":true}]}}