{"id":18942,"date":"2021-05-28T00:59:44","date_gmt":"2021-05-27T22:59:44","guid":{"rendered":"https:\/\/www.article-marketing.eu\/comunicatistampa\/?p=18942"},"modified":"2022-03-08T18:07:53","modified_gmt":"2022-03-08T17:07:53","slug":"guglielmo-lai-io-te-e-la-panchina","status":"publish","type":"post","link":"https:\/\/www.article-marketing.eu\/comunicatistampa\/guglielmo-lai-io-te-e-la-panchina\/","title":{"rendered":"Guglielmo Lai, Io, te e la panchina"},"content":{"rendered":"<p style=\"text-align: center;\"><em>Il singolo del cantautore salentino <\/em><\/p>\n<p>\u201c<strong>Io, te e la panchina<\/strong>\u201d riprende una scena che ogni ragazzo ha vissuto con i suoi primi appuntamenti sentimentali nell&#8217;incanto dell&#8217;incontro, quando bastava sedersi e parlare su una panchina per essere iniziati al grande mistero dell&#8217;amore come ancora avviene in tantissimi paesini della nostra Italia.<\/p>\n<p>Questa canzone riprende da dove Guglielmo ci aveva lasciati con il suo primo brano \u201cQuesti tempi qua\u201d in cui cantava \u201c<em>Di questi tempi qua la serenit<\/em><em>\u00e0 <\/em><em>c&#8217;\u00e8 chi non c&#8217;\u00e8 l&#8217;ha, e c&#8217;\u00e8 chi mai l&#8217;avr\u00e0<\/em><em> la felicit<\/em><em>\u00e0<\/em><em>, l&#8217;umore ballerino salta e gioca, per un attimo torno bambino e la creativit<\/em><em>\u00e0 <\/em><em>che viene e se ne va, nella creativit<\/em><em>\u00e0 <\/em><em>ascolto la mia anima<\/em>\u201d. Questa \u00e8 la visione musicale di Guglielmo Lai in cui si ribalta la prospettiva del fare musica: per lui infatti, un messaggio inteso come canzone, rischia di essere fuorviante come concetto a s\u00e9 stante senza l&#8217;individualit\u00e0 ed il sapore della creativit\u00e0 che \u00e8 necessaria nel voler rendere magica un&#8217;emozione, cristallizzando momenti di vita quotidiana nella creazione, come se fosse una fotografia di un attimo che ognuno ha vissuto.<\/p>\n<p><img loading=\"lazy\" decoding=\"async\" class=\"aligncenter\" src=\"https:\/\/www.joyfreepress.com\/wp-content\/uploads\/2021\/05\/WhatsApp-Image-2021-05-25-at-12.23.02.jpeg\" width=\"442\" height=\"443\" \/><\/p>\n<p><strong>Guglielmo Lai <\/strong>\u00e8 un cantautore salentino di 27 anni, \u201cdolcemente irriverente\u201d e dalla personalit\u00e0 marcatamente &#8220;guglielmesca&#8221; come ama definirsi lui stesso, che porta nelle sue canzoni semplicit\u00e0 melodica e grande curiosit\u00e0 nell&#8217;indagare i mezzi di espressione del linguaggio musicale. Un cantautore trasparente che mette la sua grande perizia artistica al servizio di una scrittura che \u00e8 sempre rivolta a sensazioni sonore e di contenuti in cui si possano rispecchiare i giovani ed anche chi giovane gi\u00e0 lo \u00e8 stato, in una chiave di lettura semplice e diretta. Frontman della sua band con cui fin dagli anni giovanili ha suonato live in Salento, Guglielmo \u00e8 Artista \u201csui generis\u201d che rifugge dall&#8217;apparire per focalizzarsi su s\u00e9 stesso e le sue storie fatte di sensazioni, oggetti e\/o situazioni scolpiti come marmo, in cui lui, ragazzo che canta, diventa il ragazzo in cui tantissimi ritroveranno il filo conduttore delle loro vite.<\/p>\n<p>Instagram:<br \/>\n<a href=\"https:\/\/www.instagram.com\/guglielmo_lai\/\">https:\/\/www.instagram.com\/guglielmo_lai\/<\/a><br \/>\nFacebook:<br \/>\n<a href=\"https:\/\/www.facebook.com\/guglielmolai94\">https:\/\/www.facebook.com\/guglielmolai94<\/a><\/p>\n<p><strong>Sonos Music Records <\/strong><br \/>\nby MAFFUCCI MUSIC<br \/>\n<a href=\"https:\/\/www.sonosmusicrecords.com\/\">https:\/\/www.sonosmusicrecords.com\/<\/a><\/p>\n","protected":false},"excerpt":{"rendered":"<p>Il singolo del cantautore salentino \u201cIo, te e la panchina\u201d riprende una scena che ogni ragazzo ha vissuto con i suoi primi appuntamenti sentimentali nell&#8217;incanto dell&#8217;incontro, quando bastava sedersi e parlare su una panchina per essere iniziati al grande mistero dell&#8217;amore come ancora avviene in tantissimi paesini della nostra Italia. Questa canzone riprende da dove Guglielmo ci aveva lasciati con il suo primo brano \u201cQuesti tempi qua\u201d in cui cantava<\/p>\n<p><a class=\"continue-reading\" href=\"https:\/\/www.article-marketing.eu\/comunicatistampa\/guglielmo-lai-io-te-e-la-panchina\/\">Continue reading&#8230;<\/a><\/p>\n","protected":false},"author":1680,"featured_media":0,"comment_status":"open","ping_status":"open","sticky":false,"template":"","format":"standard","meta":{"_monsterinsights_skip_tracking":false,"_monsterinsights_sitenote_active":false,"_monsterinsights_sitenote_note":"","_monsterinsights_sitenote_category":0,"footnotes":""},"categories":[411],"tags":[8019,8017,8018],"class_list":["post-18942","post","type-post","status-publish","format-standard","hentry","category-musica","tag-cantautore","tag-guglielmo-lai","tag-panchina"],"yoast_head":"<!-- This site is optimized with the Yoast SEO plugin v27.3 - https:\/\/yoast.com\/product\/yoast-seo-wordpress\/ -->\n<title>Guglielmo Lai, Io, te e la panchina - Article Marketing<\/title>\n<meta name=\"robots\" content=\"index, follow, max-snippet:-1, max-image-preview:large, max-video-preview:-1\" \/>\n<link rel=\"canonical\" href=\"https:\/\/www.article-marketing.eu\/comunicatistampa\/guglielmo-lai-io-te-e-la-panchina\/\" \/>\n<meta property=\"og:locale\" content=\"it_IT\" \/>\n<meta property=\"og:type\" content=\"article\" \/>\n<meta property=\"og:title\" content=\"Guglielmo Lai, Io, te e la panchina - Article Marketing\" \/>\n<meta property=\"og:description\" content=\"Il singolo del cantautore salentino \u201cIo, te e la panchina\u201d riprende una scena che ogni ragazzo ha vissuto con i suoi primi appuntamenti sentimentali nell&#8217;incanto dell&#8217;incontro, quando bastava sedersi e parlare su una panchina per essere iniziati al grande mistero dell&#8217;amore come ancora avviene in tantissimi paesini della nostra Italia. Questa canzone riprende da dove Guglielmo ci aveva lasciati con il suo primo brano \u201cQuesti tempi qua\u201d in cui cantavaContinue reading...\" \/>\n<meta property=\"og:url\" content=\"https:\/\/www.article-marketing.eu\/comunicatistampa\/guglielmo-lai-io-te-e-la-panchina\/\" \/>\n<meta property=\"og:site_name\" content=\"Article Marketing\" \/>\n<meta property=\"article:published_time\" content=\"2021-05-27T22:59:44+00:00\" \/>\n<meta property=\"article:modified_time\" content=\"2022-03-08T17:07:53+00:00\" \/>\n<meta property=\"og:image\" content=\"https:\/\/www.joyfreepress.com\/wp-content\/uploads\/2021\/05\/WhatsApp-Image-2021-05-25-at-12.23.02.jpeg\" \/>\n<meta name=\"author\" content=\"Micro961\" \/>\n<meta name=\"twitter:card\" content=\"summary_large_image\" \/>\n<meta name=\"twitter:label1\" content=\"Scritto da\" \/>\n\t<meta name=\"twitter:data1\" content=\"Micro961\" \/>\n\t<meta name=\"twitter:label2\" content=\"Tempo di lettura stimato\" \/>\n\t<meta name=\"twitter:data2\" content=\"2 minuti\" \/>\n<script type=\"application\/ld+json\" class=\"yoast-schema-graph\">{\"@context\":\"https:\\\/\\\/schema.org\",\"@graph\":[{\"@type\":\"Article\",\"@id\":\"https:\\\/\\\/www.article-marketing.eu\\\/comunicatistampa\\\/guglielmo-lai-io-te-e-la-panchina\\\/#article\",\"isPartOf\":{\"@id\":\"https:\\\/\\\/www.article-marketing.eu\\\/comunicatistampa\\\/guglielmo-lai-io-te-e-la-panchina\\\/\"},\"author\":{\"name\":\"Micro961\",\"@id\":\"https:\\\/\\\/www.article-marketing.eu\\\/comunicatistampa\\\/#\\\/schema\\\/person\\\/9beeb909be59832a9bcbec84cb3786f5\"},\"headline\":\"Guglielmo Lai, Io, te e la panchina\",\"datePublished\":\"2021-05-27T22:59:44+00:00\",\"dateModified\":\"2022-03-08T17:07:53+00:00\",\"mainEntityOfPage\":{\"@id\":\"https:\\\/\\\/www.article-marketing.eu\\\/comunicatistampa\\\/guglielmo-lai-io-te-e-la-panchina\\\/\"},\"wordCount\":352,\"commentCount\":0,\"image\":{\"@id\":\"https:\\\/\\\/www.article-marketing.eu\\\/comunicatistampa\\\/guglielmo-lai-io-te-e-la-panchina\\\/#primaryimage\"},\"thumbnailUrl\":\"https:\\\/\\\/www.joyfreepress.com\\\/wp-content\\\/uploads\\\/2021\\\/05\\\/WhatsApp-Image-2021-05-25-at-12.23.02.jpeg\",\"keywords\":[\"cantautore\",\"Guglielmo Lai\",\"Panchina\"],\"articleSection\":[\"Musica\"],\"inLanguage\":\"it-IT\",\"potentialAction\":[{\"@type\":\"CommentAction\",\"name\":\"Comment\",\"target\":[\"https:\\\/\\\/www.article-marketing.eu\\\/comunicatistampa\\\/guglielmo-lai-io-te-e-la-panchina\\\/#respond\"]}]},{\"@type\":\"WebPage\",\"@id\":\"https:\\\/\\\/www.article-marketing.eu\\\/comunicatistampa\\\/guglielmo-lai-io-te-e-la-panchina\\\/\",\"url\":\"https:\\\/\\\/www.article-marketing.eu\\\/comunicatistampa\\\/guglielmo-lai-io-te-e-la-panchina\\\/\",\"name\":\"Guglielmo Lai, Io, te e la panchina - Article Marketing\",\"isPartOf\":{\"@id\":\"https:\\\/\\\/www.article-marketing.eu\\\/comunicatistampa\\\/#website\"},\"primaryImageOfPage\":{\"@id\":\"https:\\\/\\\/www.article-marketing.eu\\\/comunicatistampa\\\/guglielmo-lai-io-te-e-la-panchina\\\/#primaryimage\"},\"image\":{\"@id\":\"https:\\\/\\\/www.article-marketing.eu\\\/comunicatistampa\\\/guglielmo-lai-io-te-e-la-panchina\\\/#primaryimage\"},\"thumbnailUrl\":\"https:\\\/\\\/www.joyfreepress.com\\\/wp-content\\\/uploads\\\/2021\\\/05\\\/WhatsApp-Image-2021-05-25-at-12.23.02.jpeg\",\"datePublished\":\"2021-05-27T22:59:44+00:00\",\"dateModified\":\"2022-03-08T17:07:53+00:00\",\"author\":{\"@id\":\"https:\\\/\\\/www.article-marketing.eu\\\/comunicatistampa\\\/#\\\/schema\\\/person\\\/9beeb909be59832a9bcbec84cb3786f5\"},\"breadcrumb\":{\"@id\":\"https:\\\/\\\/www.article-marketing.eu\\\/comunicatistampa\\\/guglielmo-lai-io-te-e-la-panchina\\\/#breadcrumb\"},\"inLanguage\":\"it-IT\",\"potentialAction\":[{\"@type\":\"ReadAction\",\"target\":[\"https:\\\/\\\/www.article-marketing.eu\\\/comunicatistampa\\\/guglielmo-lai-io-te-e-la-panchina\\\/\"]}]},{\"@type\":\"ImageObject\",\"inLanguage\":\"it-IT\",\"@id\":\"https:\\\/\\\/www.article-marketing.eu\\\/comunicatistampa\\\/guglielmo-lai-io-te-e-la-panchina\\\/#primaryimage\",\"url\":\"https:\\\/\\\/www.joyfreepress.com\\\/wp-content\\\/uploads\\\/2021\\\/05\\\/WhatsApp-Image-2021-05-25-at-12.23.02.jpeg\",\"contentUrl\":\"https:\\\/\\\/www.joyfreepress.com\\\/wp-content\\\/uploads\\\/2021\\\/05\\\/WhatsApp-Image-2021-05-25-at-12.23.02.jpeg\"},{\"@type\":\"BreadcrumbList\",\"@id\":\"https:\\\/\\\/www.article-marketing.eu\\\/comunicatistampa\\\/guglielmo-lai-io-te-e-la-panchina\\\/#breadcrumb\",\"itemListElement\":[{\"@type\":\"ListItem\",\"position\":1,\"name\":\"Home\",\"item\":\"https:\\\/\\\/www.article-marketing.eu\\\/comunicatistampa\\\/\"},{\"@type\":\"ListItem\",\"position\":2,\"name\":\"Guglielmo Lai, Io, te e la panchina\"}]},{\"@type\":\"WebSite\",\"@id\":\"https:\\\/\\\/www.article-marketing.eu\\\/comunicatistampa\\\/#website\",\"url\":\"https:\\\/\\\/www.article-marketing.eu\\\/comunicatistampa\\\/\",\"name\":\"Article Marketing\",\"description\":\"article marketing &amp; press release\",\"potentialAction\":[{\"@type\":\"SearchAction\",\"target\":{\"@type\":\"EntryPoint\",\"urlTemplate\":\"https:\\\/\\\/www.article-marketing.eu\\\/comunicatistampa\\\/?s={search_term_string}\"},\"query-input\":{\"@type\":\"PropertyValueSpecification\",\"valueRequired\":true,\"valueName\":\"search_term_string\"}}],\"inLanguage\":\"it-IT\"},{\"@type\":\"Person\",\"@id\":\"https:\\\/\\\/www.article-marketing.eu\\\/comunicatistampa\\\/#\\\/schema\\\/person\\\/9beeb909be59832a9bcbec84cb3786f5\",\"name\":\"Micro961\",\"image\":{\"@type\":\"ImageObject\",\"inLanguage\":\"it-IT\",\"@id\":\"https:\\\/\\\/secure.gravatar.com\\\/avatar\\\/cd6f5864b85cc3687c05b2965bb186afcd70a2a89789a156c92a4f1d66e87827?s=96&d=mm&r=g\",\"url\":\"https:\\\/\\\/secure.gravatar.com\\\/avatar\\\/cd6f5864b85cc3687c05b2965bb186afcd70a2a89789a156c92a4f1d66e87827?s=96&d=mm&r=g\",\"contentUrl\":\"https:\\\/\\\/secure.gravatar.com\\\/avatar\\\/cd6f5864b85cc3687c05b2965bb186afcd70a2a89789a156c92a4f1d66e87827?s=96&d=mm&r=g\",\"caption\":\"Micro961\"},\"url\":\"https:\\\/\\\/www.article-marketing.eu\\\/comunicatistampa\\\/author\\\/micro961\\\/\"}]}<\/script>\n<!-- \/ Yoast SEO plugin. -->","yoast_head_json":{"title":"Guglielmo Lai, Io, te e la panchina - Article Marketing","robots":{"index":"index","follow":"follow","max-snippet":"max-snippet:-1","max-image-preview":"max-image-preview:large","max-video-preview":"max-video-preview:-1"},"canonical":"https:\/\/www.article-marketing.eu\/comunicatistampa\/guglielmo-lai-io-te-e-la-panchina\/","og_locale":"it_IT","og_type":"article","og_title":"Guglielmo Lai, Io, te e la panchina - Article Marketing","og_description":"Il singolo del cantautore salentino \u201cIo, te e la panchina\u201d riprende una scena che ogni ragazzo ha vissuto con i suoi primi appuntamenti sentimentali nell&#8217;incanto dell&#8217;incontro, quando bastava sedersi e parlare su una panchina per essere iniziati al grande mistero dell&#8217;amore come ancora avviene in tantissimi paesini della nostra Italia. Questa canzone riprende da dove Guglielmo ci aveva lasciati con il suo primo brano \u201cQuesti tempi qua\u201d in cui cantavaContinue reading...","og_url":"https:\/\/www.article-marketing.eu\/comunicatistampa\/guglielmo-lai-io-te-e-la-panchina\/","og_site_name":"Article Marketing","article_published_time":"2021-05-27T22:59:44+00:00","article_modified_time":"2022-03-08T17:07:53+00:00","og_image":[{"url":"https:\/\/www.joyfreepress.com\/wp-content\/uploads\/2021\/05\/WhatsApp-Image-2021-05-25-at-12.23.02.jpeg","type":"","width":"","height":""}],"author":"Micro961","twitter_card":"summary_large_image","twitter_misc":{"Scritto da":"Micro961","Tempo di lettura stimato":"2 minuti"},"schema":{"@context":"https:\/\/schema.org","@graph":[{"@type":"Article","@id":"https:\/\/www.article-marketing.eu\/comunicatistampa\/guglielmo-lai-io-te-e-la-panchina\/#article","isPartOf":{"@id":"https:\/\/www.article-marketing.eu\/comunicatistampa\/guglielmo-lai-io-te-e-la-panchina\/"},"author":{"name":"Micro961","@id":"https:\/\/www.article-marketing.eu\/comunicatistampa\/#\/schema\/person\/9beeb909be59832a9bcbec84cb3786f5"},"headline":"Guglielmo Lai, Io, te e la panchina","datePublished":"2021-05-27T22:59:44+00:00","dateModified":"2022-03-08T17:07:53+00:00","mainEntityOfPage":{"@id":"https:\/\/www.article-marketing.eu\/comunicatistampa\/guglielmo-lai-io-te-e-la-panchina\/"},"wordCount":352,"commentCount":0,"image":{"@id":"https:\/\/www.article-marketing.eu\/comunicatistampa\/guglielmo-lai-io-te-e-la-panchina\/#primaryimage"},"thumbnailUrl":"https:\/\/www.joyfreepress.com\/wp-content\/uploads\/2021\/05\/WhatsApp-Image-2021-05-25-at-12.23.02.jpeg","keywords":["cantautore","Guglielmo Lai","Panchina"],"articleSection":["Musica"],"inLanguage":"it-IT","potentialAction":[{"@type":"CommentAction","name":"Comment","target":["https:\/\/www.article-marketing.eu\/comunicatistampa\/guglielmo-lai-io-te-e-la-panchina\/#respond"]}]},{"@type":"WebPage","@id":"https:\/\/www.article-marketing.eu\/comunicatistampa\/guglielmo-lai-io-te-e-la-panchina\/","url":"https:\/\/www.article-marketing.eu\/comunicatistampa\/guglielmo-lai-io-te-e-la-panchina\/","name":"Guglielmo Lai, Io, te e la panchina - Article Marketing","isPartOf":{"@id":"https:\/\/www.article-marketing.eu\/comunicatistampa\/#website"},"primaryImageOfPage":{"@id":"https:\/\/www.article-marketing.eu\/comunicatistampa\/guglielmo-lai-io-te-e-la-panchina\/#primaryimage"},"image":{"@id":"https:\/\/www.article-marketing.eu\/comunicatistampa\/guglielmo-lai-io-te-e-la-panchina\/#primaryimage"},"thumbnailUrl":"https:\/\/www.joyfreepress.com\/wp-content\/uploads\/2021\/05\/WhatsApp-Image-2021-05-25-at-12.23.02.jpeg","datePublished":"2021-05-27T22:59:44+00:00","dateModified":"2022-03-08T17:07:53+00:00","author":{"@id":"https:\/\/www.article-marketing.eu\/comunicatistampa\/#\/schema\/person\/9beeb909be59832a9bcbec84cb3786f5"},"breadcrumb":{"@id":"https:\/\/www.article-marketing.eu\/comunicatistampa\/guglielmo-lai-io-te-e-la-panchina\/#breadcrumb"},"inLanguage":"it-IT","potentialAction":[{"@type":"ReadAction","target":["https:\/\/www.article-marketing.eu\/comunicatistampa\/guglielmo-lai-io-te-e-la-panchina\/"]}]},{"@type":"ImageObject","inLanguage":"it-IT","@id":"https:\/\/www.article-marketing.eu\/comunicatistampa\/guglielmo-lai-io-te-e-la-panchina\/#primaryimage","url":"https:\/\/www.joyfreepress.com\/wp-content\/uploads\/2021\/05\/WhatsApp-Image-2021-05-25-at-12.23.02.jpeg","contentUrl":"https:\/\/www.joyfreepress.com\/wp-content\/uploads\/2021\/05\/WhatsApp-Image-2021-05-25-at-12.23.02.jpeg"},{"@type":"BreadcrumbList","@id":"https:\/\/www.article-marketing.eu\/comunicatistampa\/guglielmo-lai-io-te-e-la-panchina\/#breadcrumb","itemListElement":[{"@type":"ListItem","position":1,"name":"Home","item":"https:\/\/www.article-marketing.eu\/comunicatistampa\/"},{"@type":"ListItem","position":2,"name":"Guglielmo Lai, Io, te e la panchina"}]},{"@type":"WebSite","@id":"https:\/\/www.article-marketing.eu\/comunicatistampa\/#website","url":"https:\/\/www.article-marketing.eu\/comunicatistampa\/","name":"Article Marketing","description":"article marketing &amp; press release","potentialAction":[{"@type":"SearchAction","target":{"@type":"EntryPoint","urlTemplate":"https:\/\/www.article-marketing.eu\/comunicatistampa\/?s={search_term_string}"},"query-input":{"@type":"PropertyValueSpecification","valueRequired":true,"valueName":"search_term_string"}}],"inLanguage":"it-IT"},{"@type":"Person","@id":"https:\/\/www.article-marketing.eu\/comunicatistampa\/#\/schema\/person\/9beeb909be59832a9bcbec84cb3786f5","name":"Micro961","image":{"@type":"ImageObject","inLanguage":"it-IT","@id":"https:\/\/secure.gravatar.com\/avatar\/cd6f5864b85cc3687c05b2965bb186afcd70a2a89789a156c92a4f1d66e87827?s=96&d=mm&r=g","url":"https:\/\/secure.gravatar.com\/avatar\/cd6f5864b85cc3687c05b2965bb186afcd70a2a89789a156c92a4f1d66e87827?s=96&d=mm&r=g","contentUrl":"https:\/\/secure.gravatar.com\/avatar\/cd6f5864b85cc3687c05b2965bb186afcd70a2a89789a156c92a4f1d66e87827?s=96&d=mm&r=g","caption":"Micro961"},"url":"https:\/\/www.article-marketing.eu\/comunicatistampa\/author\/micro961\/"}]}},"_links":{"self":[{"href":"https:\/\/www.article-marketing.eu\/comunicatistampa\/wp-json\/wp\/v2\/posts\/18942","targetHints":{"allow":["GET"]}}],"collection":[{"href":"https:\/\/www.article-marketing.eu\/comunicatistampa\/wp-json\/wp\/v2\/posts"}],"about":[{"href":"https:\/\/www.article-marketing.eu\/comunicatistampa\/wp-json\/wp\/v2\/types\/post"}],"author":[{"embeddable":true,"href":"https:\/\/www.article-marketing.eu\/comunicatistampa\/wp-json\/wp\/v2\/users\/1680"}],"replies":[{"embeddable":true,"href":"https:\/\/www.article-marketing.eu\/comunicatistampa\/wp-json\/wp\/v2\/comments?post=18942"}],"version-history":[{"count":2,"href":"https:\/\/www.article-marketing.eu\/comunicatistampa\/wp-json\/wp\/v2\/posts\/18942\/revisions"}],"predecessor-version":[{"id":18981,"href":"https:\/\/www.article-marketing.eu\/comunicatistampa\/wp-json\/wp\/v2\/posts\/18942\/revisions\/18981"}],"wp:attachment":[{"href":"https:\/\/www.article-marketing.eu\/comunicatistampa\/wp-json\/wp\/v2\/media?parent=18942"}],"wp:term":[{"taxonomy":"category","embeddable":true,"href":"https:\/\/www.article-marketing.eu\/comunicatistampa\/wp-json\/wp\/v2\/categories?post=18942"},{"taxonomy":"post_tag","embeddable":true,"href":"https:\/\/www.article-marketing.eu\/comunicatistampa\/wp-json\/wp\/v2\/tags?post=18942"}],"curies":[{"name":"wp","href":"https:\/\/api.w.org\/{rel}","templated":true}]}}