{"id":18960,"date":"2021-05-28T01:03:25","date_gmt":"2021-05-27T23:03:25","guid":{"rendered":"https:\/\/www.article-marketing.eu\/comunicatistampa\/?p=18960"},"modified":"2021-05-28T01:03:25","modified_gmt":"2021-05-27T23:03:25","slug":"cus-bergamo-pronti-a-ripartire-il-1-giugno-riapre-la-sala-fitness","status":"publish","type":"post","link":"https:\/\/www.article-marketing.eu\/comunicatistampa\/cus-bergamo-pronti-a-ripartire-il-1-giugno-riapre-la-sala-fitness\/","title":{"rendered":"CUS Bergamo: pronti a ripartire. Il 1\u00b0 giugno riapre la sala fitness"},"content":{"rendered":"<p>Sicurezza, attenzione e prudenza ma anche tanta voglia di ricominciare a fare sport: questo lo spirito del CUS Bergamo, il Centro Universitario Sportivo con sede a Dalmine, che il <strong>prossimo 1\u00b0 giugno ripartir\u00e0 con attivit\u00e0 sportive e corsi. <\/strong><\/p>\n<p>&nbsp;<\/p>\n<p><strong>Marted\u00ec 1\u00b0 giugno<\/strong> infatti, il CUS <strong>riaprir\u00e0 la sala fitness,<\/strong> secondo i consueti orari: <strong>fino al 30 giugno<\/strong>, dal luned\u00ec al venerd\u00ec dalle 7 alle 22.30, sabato dalle 9 alle 17, domenica dalle 9 alle 13; mentre a <strong>luglio e agosto<\/strong> dal luned\u00ec\u00a0al venerd\u00ec dalle 9 alle 21, sabato dalle 9 alle 13.<\/p>\n<p>&nbsp;<\/p>\n<p>Un ritorno alla normalit\u00e0 seppur con alcune, momentanee, limitazioni: <em>\u201cIl Cus attualmente \u00e8 centro vaccinale: come rappresenta per noi motivo di grande orgoglio essere in prima linea nella lotta al Covid-19, lo \u00e8 anche favorire la ripresa delle normali attivit\u00e0, tra cui, appunto, quelle sportive. \u2013 <\/em>sottolinea il <strong>Rettore dell\u2019Universit\u00e0 degli studi di Bergamo, Remo Morzenti Pellegrini<\/strong>, che aggiunge \u2013 <em>Parte degli spazi rimarranno comunque riservati alle vaccinazioni: per questo motivo sono stati rimodulati e riprogrammati alcuni percorsi, per far s\u00ec che gli spazi dedicati alla somministrazione dei sieri anti-Covid e quelli riservati alla palestra restino ben separati\u201d.<\/em><\/p>\n<p><em>\u00a0<\/em><\/p>\n<p><em>\u201cSiamo convinti che i nostri iscritti capiranno la situazione e porteranno pazienza fino alla normale ripresa delle attivit\u00e0 \u2013 <\/em>aggiunge <strong>Claudio Bertoletti, Presidente del CUS Bergamo <\/strong>\u2013 <em>Abbiamo predisposto un nuovo planning di corsi nella nuova struttura all\u2019esterno, adiacente alla sala fitness, che sostituir\u00e0 i corsi precedenti. Il protocollo di<strong> contingentamento degli accessi<\/strong> e il rispetto delle <strong>regole per l\u2019utilizzo degli attrezzi in sala fitness <\/strong>garantiranno la<strong> sicurezza del personale e degli sportivi<\/strong>. Misurazione della temperatura, utilizzo della mascherina fino all\u2019accesso nello spazio di allenamento e durante i momenti di \u201criposo\u201d, pulizia della postazione e degli attrezzi subito dopo l\u2019utilizzo, distanziamento: queste sono alcune delle azioni necessarie per una ripartenza \u2013 sportiva \u2013 del CUS in totale sicurezza. Cos\u00ec come l\u2019accesso alla palestra, anche l\u2019ingresso nello spogliatoio sar\u00e0 contingentato, mentre per il momento non \u00e8 ancora consentito usufruire delle docce\u201d<\/em>.<\/p>\n<p>&nbsp;<\/p>\n<p>A giugno saranno attivati <strong>due corsi alla mattina<\/strong> (dalle 9 alle 9.45 e dalle 10 alle 10.45) e <strong>due corsi alla sera<\/strong> (dalle 18:15 alle 19 e dalle 19:15 alle 20). I corsi all\u2019aperto saranno sospesi in caso di pioggia. Sar\u00e0 possibile <strong>accedere solo attraverso una prenotazione online<\/strong>, cos\u00ec da garantire il controllo degli accessi, creando un account personale sul sito: <a href=\"http:\/\/www.cusbergamo.it\">www.cusbergamo.it<\/a>\u00a0nella sezione SERVIZI ONLINE. Per prenotarsi \u00e8 necessario essere in possesso di un certificato medico: per chi ne avesse bisogno \u00e8 possibile prenotare una visita medica nella struttura del CUS.<\/p>\n<p>In via del tutto eccezionale, anche gli iscritti con <strong>abbonamenti \u201cSolo corsi\u201d<\/strong> potranno usufruire dell&#8217;<strong>accesso alla<\/strong> <strong>sala fitness<\/strong>, considerata l\u2019impossibilit\u00e0 di occupare gli spazi destinati al centro vaccinale.<\/p>\n<p>&nbsp;<\/p>\n<p>Per accedere alla struttura, gli iscritti dovranno recarsi al <strong>cancello pedonale di via Kennedy 19\/A.<\/strong><\/p>\n<p>Attualmente il parcheggio interno del CUS non \u00e8 utilizzabile, perch\u00e9 occupato da una tensostruttura di accoglienza al centro vaccinale, cos\u00ec come l\u2019ultimo tratto di via Kennedy.<\/p>\n<p><strong>\u00a0<\/strong><\/p>\n<p><strong>Per informazioni e istruzioni sull\u2019accesso: <\/strong><\/p>\n<p>Video YouTube <a href=\"https:\/\/youtu.be\/R_RtHX_-U4I\"><strong>https:\/\/youtu.be\/R_RtHX_-U4I<\/strong><\/a><\/p>\n<p>Sito <a href=\"http:\/\/www.cusbergamo.it\"><strong>www.cusbergamo.it<\/strong><\/a><\/p>\n","protected":false},"excerpt":{"rendered":"<p>Sicurezza, attenzione e prudenza ma anche tanta voglia di ricominciare a fare sport: questo lo spirito del CUS Bergamo, il Centro Universitario Sportivo con sede a Dalmine, che il prossimo 1\u00b0 giugno ripartir\u00e0 con attivit\u00e0 sportive e corsi. &nbsp; Marted\u00ec 1\u00b0 giugno infatti, il CUS riaprir\u00e0 la sala fitness, secondo i consueti orari: fino al 30 giugno, dal luned\u00ec al venerd\u00ec dalle 7 alle 22.30, sabato dalle 9 alle 17,<\/p>\n<p><a class=\"continue-reading\" href=\"https:\/\/www.article-marketing.eu\/comunicatistampa\/cus-bergamo-pronti-a-ripartire-il-1-giugno-riapre-la-sala-fitness\/\">Continue reading&#8230;<\/a><\/p>\n","protected":false},"author":1855,"featured_media":0,"comment_status":"open","ping_status":"open","sticky":false,"template":"","format":"standard","meta":{"_monsterinsights_skip_tracking":false,"_monsterinsights_sitenote_active":false,"_monsterinsights_sitenote_note":"","_monsterinsights_sitenote_category":0,"footnotes":""},"categories":[373],"tags":[8022],"class_list":["post-18960","post","type-post","status-publish","format-standard","hentry","category-sport","tag-cus-unibg"],"yoast_head":"<!-- This site is optimized with the Yoast SEO plugin v27.3 - https:\/\/yoast.com\/product\/yoast-seo-wordpress\/ -->\n<title>CUS Bergamo: pronti a ripartire. Il 1\u00b0 giugno riapre la sala fitness<\/title>\n<meta name=\"robots\" content=\"index, follow, max-snippet:-1, max-image-preview:large, max-video-preview:-1\" \/>\n<link rel=\"canonical\" href=\"https:\/\/www.article-marketing.eu\/comunicatistampa\/cus-bergamo-pronti-a-ripartire-il-1-giugno-riapre-la-sala-fitness\/\" \/>\n<meta property=\"og:locale\" content=\"it_IT\" \/>\n<meta property=\"og:type\" content=\"article\" \/>\n<meta property=\"og:title\" content=\"CUS Bergamo: pronti a ripartire. Il 1\u00b0 giugno riapre la sala fitness\" \/>\n<meta property=\"og:description\" content=\"Sicurezza, attenzione e prudenza ma anche tanta voglia di ricominciare a fare sport: questo lo spirito del CUS Bergamo, il Centro Universitario Sportivo con sede a Dalmine, che il prossimo 1\u00b0 giugno ripartir\u00e0 con attivit\u00e0 sportive e corsi. &nbsp; Marted\u00ec 1\u00b0 giugno infatti, il CUS riaprir\u00e0 la sala fitness, secondo i consueti orari: fino al 30 giugno, dal luned\u00ec al venerd\u00ec dalle 7 alle 22.30, sabato dalle 9 alle 17,Continue reading...\" \/>\n<meta property=\"og:url\" content=\"https:\/\/www.article-marketing.eu\/comunicatistampa\/cus-bergamo-pronti-a-ripartire-il-1-giugno-riapre-la-sala-fitness\/\" \/>\n<meta property=\"og:site_name\" content=\"Article Marketing\" \/>\n<meta property=\"article:published_time\" content=\"2021-05-27T23:03:25+00:00\" \/>\n<meta name=\"author\" content=\"Redaclem\" \/>\n<meta name=\"twitter:card\" content=\"summary_large_image\" \/>\n<meta name=\"twitter:label1\" content=\"Scritto da\" \/>\n\t<meta name=\"twitter:data1\" content=\"Redaclem\" \/>\n\t<meta name=\"twitter:label2\" content=\"Tempo di lettura stimato\" \/>\n\t<meta name=\"twitter:data2\" content=\"3 minuti\" \/>\n<script type=\"application\/ld+json\" class=\"yoast-schema-graph\">{\"@context\":\"https:\\\/\\\/schema.org\",\"@graph\":[{\"@type\":\"Article\",\"@id\":\"https:\\\/\\\/www.article-marketing.eu\\\/comunicatistampa\\\/cus-bergamo-pronti-a-ripartire-il-1-giugno-riapre-la-sala-fitness\\\/#article\",\"isPartOf\":{\"@id\":\"https:\\\/\\\/www.article-marketing.eu\\\/comunicatistampa\\\/cus-bergamo-pronti-a-ripartire-il-1-giugno-riapre-la-sala-fitness\\\/\"},\"author\":{\"name\":\"Redaclem\",\"@id\":\"https:\\\/\\\/www.article-marketing.eu\\\/comunicatistampa\\\/#\\\/schema\\\/person\\\/c0aa725eee5df8460e0adf901fde0c88\"},\"headline\":\"CUS Bergamo: pronti a ripartire. Il 1\u00b0 giugno riapre la sala fitness\",\"datePublished\":\"2021-05-27T23:03:25+00:00\",\"mainEntityOfPage\":{\"@id\":\"https:\\\/\\\/www.article-marketing.eu\\\/comunicatistampa\\\/cus-bergamo-pronti-a-ripartire-il-1-giugno-riapre-la-sala-fitness\\\/\"},\"wordCount\":504,\"commentCount\":0,\"keywords\":[\"#cus; #unibg\"],\"articleSection\":[\"Sport\"],\"inLanguage\":\"it-IT\",\"potentialAction\":[{\"@type\":\"CommentAction\",\"name\":\"Comment\",\"target\":[\"https:\\\/\\\/www.article-marketing.eu\\\/comunicatistampa\\\/cus-bergamo-pronti-a-ripartire-il-1-giugno-riapre-la-sala-fitness\\\/#respond\"]}]},{\"@type\":\"WebPage\",\"@id\":\"https:\\\/\\\/www.article-marketing.eu\\\/comunicatistampa\\\/cus-bergamo-pronti-a-ripartire-il-1-giugno-riapre-la-sala-fitness\\\/\",\"url\":\"https:\\\/\\\/www.article-marketing.eu\\\/comunicatistampa\\\/cus-bergamo-pronti-a-ripartire-il-1-giugno-riapre-la-sala-fitness\\\/\",\"name\":\"CUS Bergamo: pronti a ripartire. Il 1\u00b0 giugno riapre la sala fitness\",\"isPartOf\":{\"@id\":\"https:\\\/\\\/www.article-marketing.eu\\\/comunicatistampa\\\/#website\"},\"datePublished\":\"2021-05-27T23:03:25+00:00\",\"author\":{\"@id\":\"https:\\\/\\\/www.article-marketing.eu\\\/comunicatistampa\\\/#\\\/schema\\\/person\\\/c0aa725eee5df8460e0adf901fde0c88\"},\"breadcrumb\":{\"@id\":\"https:\\\/\\\/www.article-marketing.eu\\\/comunicatistampa\\\/cus-bergamo-pronti-a-ripartire-il-1-giugno-riapre-la-sala-fitness\\\/#breadcrumb\"},\"inLanguage\":\"it-IT\",\"potentialAction\":[{\"@type\":\"ReadAction\",\"target\":[\"https:\\\/\\\/www.article-marketing.eu\\\/comunicatistampa\\\/cus-bergamo-pronti-a-ripartire-il-1-giugno-riapre-la-sala-fitness\\\/\"]}]},{\"@type\":\"BreadcrumbList\",\"@id\":\"https:\\\/\\\/www.article-marketing.eu\\\/comunicatistampa\\\/cus-bergamo-pronti-a-ripartire-il-1-giugno-riapre-la-sala-fitness\\\/#breadcrumb\",\"itemListElement\":[{\"@type\":\"ListItem\",\"position\":1,\"name\":\"Home\",\"item\":\"https:\\\/\\\/www.article-marketing.eu\\\/comunicatistampa\\\/\"},{\"@type\":\"ListItem\",\"position\":2,\"name\":\"CUS Bergamo: pronti a ripartire. Il 1\u00b0 giugno riapre la sala fitness\"}]},{\"@type\":\"WebSite\",\"@id\":\"https:\\\/\\\/www.article-marketing.eu\\\/comunicatistampa\\\/#website\",\"url\":\"https:\\\/\\\/www.article-marketing.eu\\\/comunicatistampa\\\/\",\"name\":\"Article Marketing\",\"description\":\"article marketing &amp; press release\",\"potentialAction\":[{\"@type\":\"SearchAction\",\"target\":{\"@type\":\"EntryPoint\",\"urlTemplate\":\"https:\\\/\\\/www.article-marketing.eu\\\/comunicatistampa\\\/?s={search_term_string}\"},\"query-input\":{\"@type\":\"PropertyValueSpecification\",\"valueRequired\":true,\"valueName\":\"search_term_string\"}}],\"inLanguage\":\"it-IT\"},{\"@type\":\"Person\",\"@id\":\"https:\\\/\\\/www.article-marketing.eu\\\/comunicatistampa\\\/#\\\/schema\\\/person\\\/c0aa725eee5df8460e0adf901fde0c88\",\"name\":\"Redaclem\",\"image\":{\"@type\":\"ImageObject\",\"inLanguage\":\"it-IT\",\"@id\":\"https:\\\/\\\/secure.gravatar.com\\\/avatar\\\/4c7e41f332a0583344a91d7d39723533da9b2d0df7737c2d8c69553168c2191e?s=96&d=mm&r=g\",\"url\":\"https:\\\/\\\/secure.gravatar.com\\\/avatar\\\/4c7e41f332a0583344a91d7d39723533da9b2d0df7737c2d8c69553168c2191e?s=96&d=mm&r=g\",\"contentUrl\":\"https:\\\/\\\/secure.gravatar.com\\\/avatar\\\/4c7e41f332a0583344a91d7d39723533da9b2d0df7737c2d8c69553168c2191e?s=96&d=mm&r=g\",\"caption\":\"Redaclem\"},\"url\":\"https:\\\/\\\/www.article-marketing.eu\\\/comunicatistampa\\\/author\\\/redaclem\\\/\"}]}<\/script>\n<!-- \/ Yoast SEO plugin. -->","yoast_head_json":{"title":"CUS Bergamo: pronti a ripartire. Il 1\u00b0 giugno riapre la sala fitness","robots":{"index":"index","follow":"follow","max-snippet":"max-snippet:-1","max-image-preview":"max-image-preview:large","max-video-preview":"max-video-preview:-1"},"canonical":"https:\/\/www.article-marketing.eu\/comunicatistampa\/cus-bergamo-pronti-a-ripartire-il-1-giugno-riapre-la-sala-fitness\/","og_locale":"it_IT","og_type":"article","og_title":"CUS Bergamo: pronti a ripartire. Il 1\u00b0 giugno riapre la sala fitness","og_description":"Sicurezza, attenzione e prudenza ma anche tanta voglia di ricominciare a fare sport: questo lo spirito del CUS Bergamo, il Centro Universitario Sportivo con sede a Dalmine, che il prossimo 1\u00b0 giugno ripartir\u00e0 con attivit\u00e0 sportive e corsi. &nbsp; Marted\u00ec 1\u00b0 giugno infatti, il CUS riaprir\u00e0 la sala fitness, secondo i consueti orari: fino al 30 giugno, dal luned\u00ec al venerd\u00ec dalle 7 alle 22.30, sabato dalle 9 alle 17,Continue reading...","og_url":"https:\/\/www.article-marketing.eu\/comunicatistampa\/cus-bergamo-pronti-a-ripartire-il-1-giugno-riapre-la-sala-fitness\/","og_site_name":"Article Marketing","article_published_time":"2021-05-27T23:03:25+00:00","author":"Redaclem","twitter_card":"summary_large_image","twitter_misc":{"Scritto da":"Redaclem","Tempo di lettura stimato":"3 minuti"},"schema":{"@context":"https:\/\/schema.org","@graph":[{"@type":"Article","@id":"https:\/\/www.article-marketing.eu\/comunicatistampa\/cus-bergamo-pronti-a-ripartire-il-1-giugno-riapre-la-sala-fitness\/#article","isPartOf":{"@id":"https:\/\/www.article-marketing.eu\/comunicatistampa\/cus-bergamo-pronti-a-ripartire-il-1-giugno-riapre-la-sala-fitness\/"},"author":{"name":"Redaclem","@id":"https:\/\/www.article-marketing.eu\/comunicatistampa\/#\/schema\/person\/c0aa725eee5df8460e0adf901fde0c88"},"headline":"CUS Bergamo: pronti a ripartire. Il 1\u00b0 giugno riapre la sala fitness","datePublished":"2021-05-27T23:03:25+00:00","mainEntityOfPage":{"@id":"https:\/\/www.article-marketing.eu\/comunicatistampa\/cus-bergamo-pronti-a-ripartire-il-1-giugno-riapre-la-sala-fitness\/"},"wordCount":504,"commentCount":0,"keywords":["#cus; #unibg"],"articleSection":["Sport"],"inLanguage":"it-IT","potentialAction":[{"@type":"CommentAction","name":"Comment","target":["https:\/\/www.article-marketing.eu\/comunicatistampa\/cus-bergamo-pronti-a-ripartire-il-1-giugno-riapre-la-sala-fitness\/#respond"]}]},{"@type":"WebPage","@id":"https:\/\/www.article-marketing.eu\/comunicatistampa\/cus-bergamo-pronti-a-ripartire-il-1-giugno-riapre-la-sala-fitness\/","url":"https:\/\/www.article-marketing.eu\/comunicatistampa\/cus-bergamo-pronti-a-ripartire-il-1-giugno-riapre-la-sala-fitness\/","name":"CUS Bergamo: pronti a ripartire. Il 1\u00b0 giugno riapre la sala fitness","isPartOf":{"@id":"https:\/\/www.article-marketing.eu\/comunicatistampa\/#website"},"datePublished":"2021-05-27T23:03:25+00:00","author":{"@id":"https:\/\/www.article-marketing.eu\/comunicatistampa\/#\/schema\/person\/c0aa725eee5df8460e0adf901fde0c88"},"breadcrumb":{"@id":"https:\/\/www.article-marketing.eu\/comunicatistampa\/cus-bergamo-pronti-a-ripartire-il-1-giugno-riapre-la-sala-fitness\/#breadcrumb"},"inLanguage":"it-IT","potentialAction":[{"@type":"ReadAction","target":["https:\/\/www.article-marketing.eu\/comunicatistampa\/cus-bergamo-pronti-a-ripartire-il-1-giugno-riapre-la-sala-fitness\/"]}]},{"@type":"BreadcrumbList","@id":"https:\/\/www.article-marketing.eu\/comunicatistampa\/cus-bergamo-pronti-a-ripartire-il-1-giugno-riapre-la-sala-fitness\/#breadcrumb","itemListElement":[{"@type":"ListItem","position":1,"name":"Home","item":"https:\/\/www.article-marketing.eu\/comunicatistampa\/"},{"@type":"ListItem","position":2,"name":"CUS Bergamo: pronti a ripartire. Il 1\u00b0 giugno riapre la sala fitness"}]},{"@type":"WebSite","@id":"https:\/\/www.article-marketing.eu\/comunicatistampa\/#website","url":"https:\/\/www.article-marketing.eu\/comunicatistampa\/","name":"Article Marketing","description":"article marketing &amp; press release","potentialAction":[{"@type":"SearchAction","target":{"@type":"EntryPoint","urlTemplate":"https:\/\/www.article-marketing.eu\/comunicatistampa\/?s={search_term_string}"},"query-input":{"@type":"PropertyValueSpecification","valueRequired":true,"valueName":"search_term_string"}}],"inLanguage":"it-IT"},{"@type":"Person","@id":"https:\/\/www.article-marketing.eu\/comunicatistampa\/#\/schema\/person\/c0aa725eee5df8460e0adf901fde0c88","name":"Redaclem","image":{"@type":"ImageObject","inLanguage":"it-IT","@id":"https:\/\/secure.gravatar.com\/avatar\/4c7e41f332a0583344a91d7d39723533da9b2d0df7737c2d8c69553168c2191e?s=96&d=mm&r=g","url":"https:\/\/secure.gravatar.com\/avatar\/4c7e41f332a0583344a91d7d39723533da9b2d0df7737c2d8c69553168c2191e?s=96&d=mm&r=g","contentUrl":"https:\/\/secure.gravatar.com\/avatar\/4c7e41f332a0583344a91d7d39723533da9b2d0df7737c2d8c69553168c2191e?s=96&d=mm&r=g","caption":"Redaclem"},"url":"https:\/\/www.article-marketing.eu\/comunicatistampa\/author\/redaclem\/"}]}},"_links":{"self":[{"href":"https:\/\/www.article-marketing.eu\/comunicatistampa\/wp-json\/wp\/v2\/posts\/18960","targetHints":{"allow":["GET"]}}],"collection":[{"href":"https:\/\/www.article-marketing.eu\/comunicatistampa\/wp-json\/wp\/v2\/posts"}],"about":[{"href":"https:\/\/www.article-marketing.eu\/comunicatistampa\/wp-json\/wp\/v2\/types\/post"}],"author":[{"embeddable":true,"href":"https:\/\/www.article-marketing.eu\/comunicatistampa\/wp-json\/wp\/v2\/users\/1855"}],"replies":[{"embeddable":true,"href":"https:\/\/www.article-marketing.eu\/comunicatistampa\/wp-json\/wp\/v2\/comments?post=18960"}],"version-history":[{"count":2,"href":"https:\/\/www.article-marketing.eu\/comunicatistampa\/wp-json\/wp\/v2\/posts\/18960\/revisions"}],"predecessor-version":[{"id":18988,"href":"https:\/\/www.article-marketing.eu\/comunicatistampa\/wp-json\/wp\/v2\/posts\/18960\/revisions\/18988"}],"wp:attachment":[{"href":"https:\/\/www.article-marketing.eu\/comunicatistampa\/wp-json\/wp\/v2\/media?parent=18960"}],"wp:term":[{"taxonomy":"category","embeddable":true,"href":"https:\/\/www.article-marketing.eu\/comunicatistampa\/wp-json\/wp\/v2\/categories?post=18960"},{"taxonomy":"post_tag","embeddable":true,"href":"https:\/\/www.article-marketing.eu\/comunicatistampa\/wp-json\/wp\/v2\/tags?post=18960"}],"curies":[{"name":"wp","href":"https:\/\/api.w.org\/{rel}","templated":true}]}}