{"id":18963,"date":"2021-05-28T01:00:43","date_gmt":"2021-05-27T23:00:43","guid":{"rendered":"https:\/\/www.article-marketing.eu\/comunicatistampa\/?p=18963"},"modified":"2021-05-28T01:00:43","modified_gmt":"2021-05-27T23:00:43","slug":"la-fantasia-della-carita-opere-di-fabio-agliardi-2","status":"publish","type":"post","link":"https:\/\/www.article-marketing.eu\/comunicatistampa\/la-fantasia-della-carita-opere-di-fabio-agliardi-2\/","title":{"rendered":"La fantasia della Carit\u00e0. Opere di Fabio Agliardi"},"content":{"rendered":"<p>Fondazione Creberg aveva programmato per l\u2019autunno del 2020<br \/>\nl\u2019ultima tappa della mostra itinerante \u201cLa fantasia della Carit\u00e0\u201d, resa impossibile dalle<br \/>\nsopravvenute restrizioni sanitarie. L\u2019esposizione \u2013 presentata inizialmente al pubblico in<br \/>\nforma virtuale con un video di grande successo (circa 6000 visualizzazioni su YouTube) \u2013 era<br \/>\nstata allestita presso la Basilica di San Defendente di Romano di Lombardia e la Chiesa SS.<br \/>\nTrinit\u00e0 di Grumello del Monte, rispettivamente nel settembre e nell\u2019ottobre 2020.<br \/>\nTornati nuovamente alle esposizioni in presenza, nel pieno rispetto delle normative sanitarie<br \/>\nvigenti, dal 29 maggio al 27 giugno la mostra \u201cLa fantasia della Carit\u00e0\u201d \u2013 curata da Angelo<br \/>\nPiazzoli e Tarcisio Tironi \u2013 sar\u00e0 visibile al pubblico presso la Chiesa parrocchiale di<br \/>\nSant\u2019Andrea apostolo in Bergamo Alta.<br \/>\nCome spiega Angelo Piazzoli, Presidente di Fondazione Creberg: \u00abFinalmente ci \u00e8 possibile<br \/>\ndar corso all\u2019ultima tappa del nostro itinerario, a lungo rimasta in sospeso; dal 29 maggio la<br \/>\nmostra si potr\u00e0 tenere presso la Chiesa di Sant&#8217;Andrea in Citt\u00e0 Alta. \u00c8 un ulteriore segno<br \/>\ndella vicinanza e della stretta collaborazione intercorsa negli ultimi anni con la locale<br \/>\nParrocchia, a beneficio della quale abbiamo realizzato il restauro di numerosi capolavori<br \/>\nallocati nella bella Chiesa (Padovanino, Palma il Giovane, Salmeggia, Francesco Bassano).<br \/>\nConsiderate le risultanze delle due tappe precedenti della mostra \u2013 dense di discorsi, ricordi,<br \/>\nemozioni \u2013 ho pensato che una ulteriore presentazione avrebbe potuto essere inopportuna;<br \/>\nconsiderati il nostro stile di relazione, la forma mentis della famiglia dell\u2019artista, il carattere<br \/>\ne la personalit\u00e0 di Fabio Agliardi, con don Giovanni Gusmini abbiamo pensato ad un ricordo<br \/>\ndell&#8217;artista il 30 maggio, nella celebrazione della Messa domenicale delle ore 10. Crediamo<br \/>\nche, a un anno di distanza dalla scomparsa, questa possa essere la modalit\u00e0 migliore per<br \/>\nricordarlo. Nell\u2019occasione doneremo il dipinto assegnato alla Chiesa di Sant&#8217;Andrea<br \/>\n(\u201cInsegnare agli ignoranti\u201d, caratterizzato dalla immagine della Chiesa di Sant\u2019Agostino,<br \/>\nsede dell\u2019Universit\u00e0 di Bergamo) che rester\u00e0 in mostra con gli altri dipinti, le cui donazioni<br \/>\nformali avverranno a Settembre e Ottobre in incontri con le Associazioni e gli Enti<br \/>\nbeneficiari.\u00bb<br \/>\nInfatti \u2013 grazie alla sensibilit\u00e0 della famiglia dell\u2019artista, che ha dato seguito ad una intesa<br \/>\nintercorsa a suo tempo tra Fabio Agliardi e Angelo Piazzoli \u2013 le quindici opere sono state<br \/>\nacquisite da Fondazione Creberg che, al termine del percorso espositivo itinerante, ne far\u00e0<br \/>\ndono ad enti e associazioni del territorio che, a giudizio della Fondazione stessa, ne siano<br \/>\nparticolarmente meritevoli o per esercizio di una particolare opera di misericordia (raffigurata<br \/>\nnel dipinto donato) o per rilevanza del ruolo sociale e civile svolto nella comunit\u00e0.<br \/>\nMediante questo ulteriore gesto la Fondazione intende ulteriormente ricordare la figura di<br \/>\nFabio Agliardi, scomparso il 13 aprile 2020, Luned\u00ec dell&#8217;Angelo, non superando gravi<\/p>\n<p>complicazioni derivanti da infezione da virus Covid 19; egli rappresenta dunque una delle<br \/>\nvittime della terribile epidemia che cos\u00ec duramente ha colpito Bergamo e i nostri territori.<br \/>\n\u00abLa mostra \u201cLa fantasia della Carit\u00e0\u201d \u2013 evidenzia Angelo Piazzoli \u2013 richiama alla nostra<br \/>\nmemoria la persona e l&#8217;attivit\u00e0 di Fabio Agliardi attraverso opere monumentali, che mai<br \/>\navremmo pensato avrebbero costituito un mirabile testamento spirituale e artistico; la loro<br \/>\ndonazione a formazioni sociali e la loro collocazione in luoghi pubblici lascer\u00e0 un segno<br \/>\ndiffuso della mostra e dei suoi intenti culturali in localit\u00e0 del territorio ove le opere di carit\u00e0<br \/>\nvengono quotidianamente declinate nella vita reale.\u00bb<br \/>\nFondazione Creberg da anni collabora con artisti per la realizzazione di mostre itineranti nelle<br \/>\nquali le opere d\u2019arte vengono inserite in percorsi volti a sensibilizzare il pubblico su<br \/>\nsignificative tematiche di carattere culturale e spirituale. In questo progetto si \u00e8 innestata la<br \/>\nmostra \u201cLa fantasia della Carit\u00e0\u201d; in stretta correlazione e in costante dialogo con i Curatori,<br \/>\nFabio Agliardi ha realizzato ad hoc quindici pannelli (150 x 150 cm) che illustrano le sette<br \/>\nopere di misericordia corporale e le sette opere di misericordia spirituale con l\u2019ultimo dipinto<br \/>\nche raffigura la sorprendente novit\u00e0, la quindicesima opera di misericordia (la Cura della Casa<br \/>\nComune), indicata da Papa Francesco nel suo messaggio del 1\u00b0 settembre 2016 per la giornata<br \/>\nmondiale di preghiera per la cura del Creato. In ogni tela, accanto alla simbologia astratta dei<br \/>\nsingoli gesti delle opere di Misericordia, \u00e8 presente un dettaglio relativo a luoghi o<br \/>\nmonumenti cari all\u2019artista, rivolti alla miglior comprensione del dipinto e della relativa opera.<br \/>\n\u00abRitengo sia un grande onore per la chiesa di Sant&#8217;Andrea \u2013 evidenzia don Giovanni<br \/>\nGusmini, Direttore dell\u2019Ufficio per la Pastorale Universitaria della Diocesi di Bergamo e<br \/>\nVicario Parrocchiale di Sant\u2019Andrea \u2013 poter ospitare la mostra \u201cLa fantasia della Carit\u00e0\u201d<br \/>\nche raccoglie e presenta le opere di Fabio Agliardi, artista che ha lasciato un segno profondo<br \/>\ne singolare nella storia dell&#8217;arte contemporanea italiana, in particolare nella nostra terra. La<br \/>\nsua morte prematura rende questo ciclo un testamento e un&#8217;eredit\u00e0 spirituale ancora pi\u00f9<br \/>\npreziosa, nella quale egli traccia e indica ai posteri la via maestra della vita cristiana, la<br \/>\nCarit\u00e0 appunto, l&#8217;unica che siamo certi collegare la Terra, della quale siamo custodi, al<br \/>\nCielo, che \u00e8 la m\u00e8ta del nostro comune cammino verso l&#8217;Eternit\u00e0. Le opere di misericordia<br \/>\ncorporale e spirituale, che il Vangelo e la Tradizione ci consegnano, sono altrettante<br \/>\nsfaccettature e dimensioni esistenziali di quell&#8217;Amore che \u00e8 al tempo stesso l&#8217;identit\u00e0 di Dio e<br \/>\nil senso di quell&#8217;immagine che l&#8217;uomo ne porta dentro di s\u00e9\u00bb.<br \/>\nLe opere saranno visibili al pubblico presso la Chiesa di Sant\u2019Andrea apostolo in Bergamo<br \/>\nAlta tutti i giorni dalle 8.00 alle 20.00. L\u2019artista verr\u00e0 ricordato domenica 30 maggio durante<br \/>\nla messa delle ore 10.00 con limitazione degli accessi, contingentati secondo la capienza della<br \/>\nChiesa. L\u2019esposizione rimarr\u00e0 aperta al pubblico fino al 27 giugno 2021.<\/p>\n","protected":false},"excerpt":{"rendered":"<p>Fondazione Creberg aveva programmato per l\u2019autunno del 2020 l\u2019ultima tappa della mostra itinerante \u201cLa fantasia della Carit\u00e0\u201d, resa impossibile dalle sopravvenute restrizioni sanitarie. L\u2019esposizione \u2013 presentata inizialmente al pubblico in forma virtuale con un video di grande successo (circa 6000 visualizzazioni su YouTube) \u2013 era stata allestita presso la Basilica di San Defendente di Romano di Lombardia e la Chiesa SS. Trinit\u00e0 di Grumello del Monte, rispettivamente nel settembre e<\/p>\n<p><a class=\"continue-reading\" href=\"https:\/\/www.article-marketing.eu\/comunicatistampa\/la-fantasia-della-carita-opere-di-fabio-agliardi-2\/\">Continue reading&#8230;<\/a><\/p>\n","protected":false},"author":1855,"featured_media":0,"comment_status":"open","ping_status":"open","sticky":false,"template":"","format":"standard","meta":{"_monsterinsights_skip_tracking":false,"_monsterinsights_sitenote_active":false,"_monsterinsights_sitenote_note":"","_monsterinsights_sitenote_category":0,"footnotes":""},"categories":[407],"tags":[8023],"class_list":["post-18963","post","type-post","status-publish","format-standard","hentry","category-arte-e-cultura","tag-agliardi-creditobergamasco"],"yoast_head":"<!-- This site is optimized with the Yoast SEO plugin v27.3 - https:\/\/yoast.com\/product\/yoast-seo-wordpress\/ -->\n<title>La fantasia della Carit\u00e0. Opere di Fabio Agliardi - Article Marketing<\/title>\n<meta name=\"robots\" content=\"index, follow, max-snippet:-1, max-image-preview:large, max-video-preview:-1\" \/>\n<link rel=\"canonical\" href=\"https:\/\/www.article-marketing.eu\/comunicatistampa\/la-fantasia-della-carita-opere-di-fabio-agliardi-2\/\" \/>\n<meta property=\"og:locale\" content=\"it_IT\" \/>\n<meta property=\"og:type\" content=\"article\" \/>\n<meta property=\"og:title\" content=\"La fantasia della Carit\u00e0. Opere di Fabio Agliardi - Article Marketing\" \/>\n<meta property=\"og:description\" content=\"Fondazione Creberg aveva programmato per l\u2019autunno del 2020 l\u2019ultima tappa della mostra itinerante \u201cLa fantasia della Carit\u00e0\u201d, resa impossibile dalle sopravvenute restrizioni sanitarie. L\u2019esposizione \u2013 presentata inizialmente al pubblico in forma virtuale con un video di grande successo (circa 6000 visualizzazioni su YouTube) \u2013 era stata allestita presso la Basilica di San Defendente di Romano di Lombardia e la Chiesa SS. Trinit\u00e0 di Grumello del Monte, rispettivamente nel settembre eContinue reading...\" \/>\n<meta property=\"og:url\" content=\"https:\/\/www.article-marketing.eu\/comunicatistampa\/la-fantasia-della-carita-opere-di-fabio-agliardi-2\/\" \/>\n<meta property=\"og:site_name\" content=\"Article Marketing\" \/>\n<meta property=\"article:published_time\" content=\"2021-05-27T23:00:43+00:00\" \/>\n<meta name=\"author\" content=\"Redaclem\" \/>\n<meta name=\"twitter:card\" content=\"summary_large_image\" \/>\n<meta name=\"twitter:label1\" content=\"Scritto da\" \/>\n\t<meta name=\"twitter:data1\" content=\"Redaclem\" \/>\n\t<meta name=\"twitter:label2\" content=\"Tempo di lettura stimato\" \/>\n\t<meta name=\"twitter:data2\" content=\"4 minuti\" \/>\n<script type=\"application\/ld+json\" class=\"yoast-schema-graph\">{\"@context\":\"https:\\\/\\\/schema.org\",\"@graph\":[{\"@type\":\"Article\",\"@id\":\"https:\\\/\\\/www.article-marketing.eu\\\/comunicatistampa\\\/la-fantasia-della-carita-opere-di-fabio-agliardi-2\\\/#article\",\"isPartOf\":{\"@id\":\"https:\\\/\\\/www.article-marketing.eu\\\/comunicatistampa\\\/la-fantasia-della-carita-opere-di-fabio-agliardi-2\\\/\"},\"author\":{\"name\":\"Redaclem\",\"@id\":\"https:\\\/\\\/www.article-marketing.eu\\\/comunicatistampa\\\/#\\\/schema\\\/person\\\/c0aa725eee5df8460e0adf901fde0c88\"},\"headline\":\"La fantasia della Carit\u00e0. Opere di Fabio Agliardi\",\"datePublished\":\"2021-05-27T23:00:43+00:00\",\"mainEntityOfPage\":{\"@id\":\"https:\\\/\\\/www.article-marketing.eu\\\/comunicatistampa\\\/la-fantasia-della-carita-opere-di-fabio-agliardi-2\\\/\"},\"wordCount\":912,\"commentCount\":0,\"keywords\":[\"#agliardi #creditobergamasco\"],\"articleSection\":[\"Arte e cultura\"],\"inLanguage\":\"it-IT\",\"potentialAction\":[{\"@type\":\"CommentAction\",\"name\":\"Comment\",\"target\":[\"https:\\\/\\\/www.article-marketing.eu\\\/comunicatistampa\\\/la-fantasia-della-carita-opere-di-fabio-agliardi-2\\\/#respond\"]}]},{\"@type\":\"WebPage\",\"@id\":\"https:\\\/\\\/www.article-marketing.eu\\\/comunicatistampa\\\/la-fantasia-della-carita-opere-di-fabio-agliardi-2\\\/\",\"url\":\"https:\\\/\\\/www.article-marketing.eu\\\/comunicatistampa\\\/la-fantasia-della-carita-opere-di-fabio-agliardi-2\\\/\",\"name\":\"La fantasia della Carit\u00e0. Opere di Fabio Agliardi - Article Marketing\",\"isPartOf\":{\"@id\":\"https:\\\/\\\/www.article-marketing.eu\\\/comunicatistampa\\\/#website\"},\"datePublished\":\"2021-05-27T23:00:43+00:00\",\"author\":{\"@id\":\"https:\\\/\\\/www.article-marketing.eu\\\/comunicatistampa\\\/#\\\/schema\\\/person\\\/c0aa725eee5df8460e0adf901fde0c88\"},\"breadcrumb\":{\"@id\":\"https:\\\/\\\/www.article-marketing.eu\\\/comunicatistampa\\\/la-fantasia-della-carita-opere-di-fabio-agliardi-2\\\/#breadcrumb\"},\"inLanguage\":\"it-IT\",\"potentialAction\":[{\"@type\":\"ReadAction\",\"target\":[\"https:\\\/\\\/www.article-marketing.eu\\\/comunicatistampa\\\/la-fantasia-della-carita-opere-di-fabio-agliardi-2\\\/\"]}]},{\"@type\":\"BreadcrumbList\",\"@id\":\"https:\\\/\\\/www.article-marketing.eu\\\/comunicatistampa\\\/la-fantasia-della-carita-opere-di-fabio-agliardi-2\\\/#breadcrumb\",\"itemListElement\":[{\"@type\":\"ListItem\",\"position\":1,\"name\":\"Home\",\"item\":\"https:\\\/\\\/www.article-marketing.eu\\\/comunicatistampa\\\/\"},{\"@type\":\"ListItem\",\"position\":2,\"name\":\"La fantasia della Carit\u00e0. Opere di Fabio Agliardi\"}]},{\"@type\":\"WebSite\",\"@id\":\"https:\\\/\\\/www.article-marketing.eu\\\/comunicatistampa\\\/#website\",\"url\":\"https:\\\/\\\/www.article-marketing.eu\\\/comunicatistampa\\\/\",\"name\":\"Article Marketing\",\"description\":\"article marketing &amp; press release\",\"potentialAction\":[{\"@type\":\"SearchAction\",\"target\":{\"@type\":\"EntryPoint\",\"urlTemplate\":\"https:\\\/\\\/www.article-marketing.eu\\\/comunicatistampa\\\/?s={search_term_string}\"},\"query-input\":{\"@type\":\"PropertyValueSpecification\",\"valueRequired\":true,\"valueName\":\"search_term_string\"}}],\"inLanguage\":\"it-IT\"},{\"@type\":\"Person\",\"@id\":\"https:\\\/\\\/www.article-marketing.eu\\\/comunicatistampa\\\/#\\\/schema\\\/person\\\/c0aa725eee5df8460e0adf901fde0c88\",\"name\":\"Redaclem\",\"image\":{\"@type\":\"ImageObject\",\"inLanguage\":\"it-IT\",\"@id\":\"https:\\\/\\\/secure.gravatar.com\\\/avatar\\\/4c7e41f332a0583344a91d7d39723533da9b2d0df7737c2d8c69553168c2191e?s=96&d=mm&r=g\",\"url\":\"https:\\\/\\\/secure.gravatar.com\\\/avatar\\\/4c7e41f332a0583344a91d7d39723533da9b2d0df7737c2d8c69553168c2191e?s=96&d=mm&r=g\",\"contentUrl\":\"https:\\\/\\\/secure.gravatar.com\\\/avatar\\\/4c7e41f332a0583344a91d7d39723533da9b2d0df7737c2d8c69553168c2191e?s=96&d=mm&r=g\",\"caption\":\"Redaclem\"},\"url\":\"https:\\\/\\\/www.article-marketing.eu\\\/comunicatistampa\\\/author\\\/redaclem\\\/\"}]}<\/script>\n<!-- \/ Yoast SEO plugin. -->","yoast_head_json":{"title":"La fantasia della Carit\u00e0. Opere di Fabio Agliardi - Article Marketing","robots":{"index":"index","follow":"follow","max-snippet":"max-snippet:-1","max-image-preview":"max-image-preview:large","max-video-preview":"max-video-preview:-1"},"canonical":"https:\/\/www.article-marketing.eu\/comunicatistampa\/la-fantasia-della-carita-opere-di-fabio-agliardi-2\/","og_locale":"it_IT","og_type":"article","og_title":"La fantasia della Carit\u00e0. Opere di Fabio Agliardi - Article Marketing","og_description":"Fondazione Creberg aveva programmato per l\u2019autunno del 2020 l\u2019ultima tappa della mostra itinerante \u201cLa fantasia della Carit\u00e0\u201d, resa impossibile dalle sopravvenute restrizioni sanitarie. L\u2019esposizione \u2013 presentata inizialmente al pubblico in forma virtuale con un video di grande successo (circa 6000 visualizzazioni su YouTube) \u2013 era stata allestita presso la Basilica di San Defendente di Romano di Lombardia e la Chiesa SS. Trinit\u00e0 di Grumello del Monte, rispettivamente nel settembre eContinue reading...","og_url":"https:\/\/www.article-marketing.eu\/comunicatistampa\/la-fantasia-della-carita-opere-di-fabio-agliardi-2\/","og_site_name":"Article Marketing","article_published_time":"2021-05-27T23:00:43+00:00","author":"Redaclem","twitter_card":"summary_large_image","twitter_misc":{"Scritto da":"Redaclem","Tempo di lettura stimato":"4 minuti"},"schema":{"@context":"https:\/\/schema.org","@graph":[{"@type":"Article","@id":"https:\/\/www.article-marketing.eu\/comunicatistampa\/la-fantasia-della-carita-opere-di-fabio-agliardi-2\/#article","isPartOf":{"@id":"https:\/\/www.article-marketing.eu\/comunicatistampa\/la-fantasia-della-carita-opere-di-fabio-agliardi-2\/"},"author":{"name":"Redaclem","@id":"https:\/\/www.article-marketing.eu\/comunicatistampa\/#\/schema\/person\/c0aa725eee5df8460e0adf901fde0c88"},"headline":"La fantasia della Carit\u00e0. Opere di Fabio Agliardi","datePublished":"2021-05-27T23:00:43+00:00","mainEntityOfPage":{"@id":"https:\/\/www.article-marketing.eu\/comunicatistampa\/la-fantasia-della-carita-opere-di-fabio-agliardi-2\/"},"wordCount":912,"commentCount":0,"keywords":["#agliardi #creditobergamasco"],"articleSection":["Arte e cultura"],"inLanguage":"it-IT","potentialAction":[{"@type":"CommentAction","name":"Comment","target":["https:\/\/www.article-marketing.eu\/comunicatistampa\/la-fantasia-della-carita-opere-di-fabio-agliardi-2\/#respond"]}]},{"@type":"WebPage","@id":"https:\/\/www.article-marketing.eu\/comunicatistampa\/la-fantasia-della-carita-opere-di-fabio-agliardi-2\/","url":"https:\/\/www.article-marketing.eu\/comunicatistampa\/la-fantasia-della-carita-opere-di-fabio-agliardi-2\/","name":"La fantasia della Carit\u00e0. Opere di Fabio Agliardi - Article Marketing","isPartOf":{"@id":"https:\/\/www.article-marketing.eu\/comunicatistampa\/#website"},"datePublished":"2021-05-27T23:00:43+00:00","author":{"@id":"https:\/\/www.article-marketing.eu\/comunicatistampa\/#\/schema\/person\/c0aa725eee5df8460e0adf901fde0c88"},"breadcrumb":{"@id":"https:\/\/www.article-marketing.eu\/comunicatistampa\/la-fantasia-della-carita-opere-di-fabio-agliardi-2\/#breadcrumb"},"inLanguage":"it-IT","potentialAction":[{"@type":"ReadAction","target":["https:\/\/www.article-marketing.eu\/comunicatistampa\/la-fantasia-della-carita-opere-di-fabio-agliardi-2\/"]}]},{"@type":"BreadcrumbList","@id":"https:\/\/www.article-marketing.eu\/comunicatistampa\/la-fantasia-della-carita-opere-di-fabio-agliardi-2\/#breadcrumb","itemListElement":[{"@type":"ListItem","position":1,"name":"Home","item":"https:\/\/www.article-marketing.eu\/comunicatistampa\/"},{"@type":"ListItem","position":2,"name":"La fantasia della Carit\u00e0. Opere di Fabio Agliardi"}]},{"@type":"WebSite","@id":"https:\/\/www.article-marketing.eu\/comunicatistampa\/#website","url":"https:\/\/www.article-marketing.eu\/comunicatistampa\/","name":"Article Marketing","description":"article marketing &amp; press release","potentialAction":[{"@type":"SearchAction","target":{"@type":"EntryPoint","urlTemplate":"https:\/\/www.article-marketing.eu\/comunicatistampa\/?s={search_term_string}"},"query-input":{"@type":"PropertyValueSpecification","valueRequired":true,"valueName":"search_term_string"}}],"inLanguage":"it-IT"},{"@type":"Person","@id":"https:\/\/www.article-marketing.eu\/comunicatistampa\/#\/schema\/person\/c0aa725eee5df8460e0adf901fde0c88","name":"Redaclem","image":{"@type":"ImageObject","inLanguage":"it-IT","@id":"https:\/\/secure.gravatar.com\/avatar\/4c7e41f332a0583344a91d7d39723533da9b2d0df7737c2d8c69553168c2191e?s=96&d=mm&r=g","url":"https:\/\/secure.gravatar.com\/avatar\/4c7e41f332a0583344a91d7d39723533da9b2d0df7737c2d8c69553168c2191e?s=96&d=mm&r=g","contentUrl":"https:\/\/secure.gravatar.com\/avatar\/4c7e41f332a0583344a91d7d39723533da9b2d0df7737c2d8c69553168c2191e?s=96&d=mm&r=g","caption":"Redaclem"},"url":"https:\/\/www.article-marketing.eu\/comunicatistampa\/author\/redaclem\/"}]}},"_links":{"self":[{"href":"https:\/\/www.article-marketing.eu\/comunicatistampa\/wp-json\/wp\/v2\/posts\/18963","targetHints":{"allow":["GET"]}}],"collection":[{"href":"https:\/\/www.article-marketing.eu\/comunicatistampa\/wp-json\/wp\/v2\/posts"}],"about":[{"href":"https:\/\/www.article-marketing.eu\/comunicatistampa\/wp-json\/wp\/v2\/types\/post"}],"author":[{"embeddable":true,"href":"https:\/\/www.article-marketing.eu\/comunicatistampa\/wp-json\/wp\/v2\/users\/1855"}],"replies":[{"embeddable":true,"href":"https:\/\/www.article-marketing.eu\/comunicatistampa\/wp-json\/wp\/v2\/comments?post=18963"}],"version-history":[{"count":2,"href":"https:\/\/www.article-marketing.eu\/comunicatistampa\/wp-json\/wp\/v2\/posts\/18963\/revisions"}],"predecessor-version":[{"id":18985,"href":"https:\/\/www.article-marketing.eu\/comunicatistampa\/wp-json\/wp\/v2\/posts\/18963\/revisions\/18985"}],"wp:attachment":[{"href":"https:\/\/www.article-marketing.eu\/comunicatistampa\/wp-json\/wp\/v2\/media?parent=18963"}],"wp:term":[{"taxonomy":"category","embeddable":true,"href":"https:\/\/www.article-marketing.eu\/comunicatistampa\/wp-json\/wp\/v2\/categories?post=18963"},{"taxonomy":"post_tag","embeddable":true,"href":"https:\/\/www.article-marketing.eu\/comunicatistampa\/wp-json\/wp\/v2\/tags?post=18963"}],"curies":[{"name":"wp","href":"https:\/\/api.w.org\/{rel}","templated":true}]}}