{"id":19033,"date":"2021-06-04T11:25:29","date_gmt":"2021-06-04T09:25:29","guid":{"rendered":"https:\/\/www.article-marketing.eu\/comunicatistampa\/?p=19033"},"modified":"2022-03-08T18:06:57","modified_gmt":"2022-03-08T17:06:57","slug":"tornano-per-la-quarta-edizione-i-suoni-in-movimento","status":"publish","type":"post","link":"https:\/\/www.article-marketing.eu\/comunicatistampa\/tornano-per-la-quarta-edizione-i-suoni-in-movimento\/","title":{"rendered":"Tornano per la quarta edizione i Suoni in Movimento"},"content":{"rendered":"<h4><strong>In un anno difficile e incerto, ancora nel segno del Covid, uno spiraglio per mantenere viva la Musica e riscoprire con essa \u2013 e anche oltre \u2013 il grande patrimonio territoriale biellese e i suggestivi orizzonti del Progetto giovani<\/strong><\/h4>\n<p>Torna per la\u00a0<strong>IV edizione<\/strong>\u00a0la rassegna\u00a0<strong>Suoni in Movimento\u00a0<\/strong><a href=\"http:\/\/suoniinmovimento.it\/\">(suoniinmovimento.it)<\/a>\u00a0con la direzione artistica di\u00a0<strong>\u00a0Elena Ballario\u00a0<\/strong>\u00a0e\u00a0<strong>Sergio Patria<\/strong>\u00a0(<strong>N.I.S.I.ArteMusica<\/strong>): un evento che ha come tappe luoghi simbolo del Comune di\u00a0<strong>Biella<\/strong>, nelle sedi della\u00a0<strong>Rete museale del territorio biellese<em>,<\/em><\/strong>\u00a0per valorizzare Musei che non fanno solo da cornice ai concerti ma ne diventano, di fatto, parte integrante. Complice la sinergia rafforzata con Associazioni, Comuni, Enti e Istituzioni educative, tutti partner di livello anche a livello extra-territoriale (Conservatorio di Torino, Scuola Alto Perfezionamento di Saluzzo, Slowland Piemonte, Citt\u00e0 Studi, UPBEduca), la Rassegna intende promuovere con forza il territorio biellese, la sua storia, i suoi paesaggi immersi nel verde e i capolavori di architettura, attraverso la Musica che si coniuga con l\u2019ambiente in cui viene diffusa dal vivo, dando origine ad una sola e unica vibrazione emotiva. Per la promozione dei luoghi di cultura del biellese ai concerti si accompagneranno infatti mostre, visite guidate, laboratori che le sedi propongono e che si integrano con le diverse giornate musicali di Suoni in Movimento.<\/p>\n<figure class=\"wp-block-image size-large\"><a href=\"https:\/\/alfaprom.com\/wp-content\/uploads\/2021\/06\/Cover-suoni-in-movimento_01.jpg\"><img loading=\"lazy\" decoding=\"async\" class=\"wp-image-3655\" src=\"https:\/\/alfaprom.com\/wp-content\/uploads\/2021\/06\/Cover-suoni-in-movimento_01-1024x738.jpg\" alt=\"Suoni in movimento\" width=\"1024\" height=\"738\" \/><\/a><\/figure>\n<p>La particolarit\u00e0 di questa edizione \u00e8 lo spazio ancora pi\u00f9 ampio ai giovani artisti con il\u00a0<strong>Progetto Giovani<\/strong>, che si accaparrano ben 11 eventi su 22 con una specifica\u00a0<strong>direzione creativa<\/strong>\u00a0affidata a due giovani\u00a0<strong>under 35<\/strong>,\u00a0<strong>Camilla Patria<\/strong>\u00a0e\u00a0<strong>Tommaso Fiorini<\/strong>. Tre i filoni in cui si articola questa\u00a0<strong>Sezione young<\/strong>\u00a0della Rassegna. La prima sezione \u2013 con la preziosa collaborazione del dipartimento di composizione del\u00a0<strong>Conservatorio di Torino<\/strong>, diretto dal Maestro\u00a0<strong>Alessandro Ruo Rui \u2013<\/strong>\u00a0\u00e8 dedicata ai\u00a0<strong>Nuovi Percorsi Sonori<\/strong>: un contenitore destinato alla nuova creativit\u00e0 con una vera e propria commissione di\u00a0<strong>8 brani inediti<\/strong>\u00a0di altrettanti giovani compositori. Sar\u00e0 invece dedicata all\u2019improvvisazione la\u00a0<strong>Residenza Artistica e Creativa<\/strong>\u00a0<strong>(Re.A.C.T.)<\/strong>\u00a0e vedr\u00e0 la conduzione, a fianco dei due ideatori, di una cantante,\u00a0<strong>Lola Posani<\/strong>, e di un percussionista,\u00a0<strong>Stefano Grasso<\/strong>. Infine, a ottobre in programma i\u00a0<strong>Panorami sonori<\/strong>: appendice autunnale alla rassegna, cinque appuntamenti pensati per valorizzare realt\u00e0 di giovani musicisti professionisti costituiti in associazioni e cooperative musicali con l\u2019ambizione di fare rete e cultura sul territorio locale e nazionale.\u00a0<em>Last but not least<\/em>\u00a0uno dei filoni portanti di questa edizione sono anche i\u00a0<strong>Grandi Anniversari<\/strong>\u00a0con l\u2019omaggio ad Astor Piazzolla, a Giovanni Bottesini, ad Ezio Bosso e a Dante Alighieri.<\/p>\n<h4>Il programma<\/h4>\n<p>Il programma del progetto si articola in diverse sezioni, che a seconda delle giornate andranno ad interagire tra loro con la compresenza di artisti\u00a0<em>senior\u00a0<\/em>e\u00a0<em>junior\u00a0<\/em>e di diverse cornici tematiche. Da\u00a0<strong>L\u2019ambiente e le sue sonorit\u00e0<\/strong>\u00a0agli\u00a0<strong>Anniversari e celebrazioni<\/strong>, al\u00a0<strong>Progetto Giovani\u00a0<\/strong>con le sue tre sezioni dei\u00a0<strong>Nuovi Percorsi Sonori<\/strong>, della\u00a0<strong>Residenza Artistica Creativa La Trappa<\/strong>\u00a0e dei\u00a0<strong>Panorami sonori<\/strong>.<\/p>\n<h5>L\u2019ambiente e le sue sonorit\u00e0<\/h5>\n<p>Si comincia con la sezione dedicata all\u2019ambiente e le sue sonorit\u00e0: l\u2019obiettivo \u00e8 la valorizzazione del patrimonio ambientale immaginando una tonalit\u00e0 musicale che pi\u00f9 di altre\u00a0<em>suoni bene<\/em>\u00a0nella location scelta. Il primo appuntamento \u00e8 il\u00a0<strong>6 giugno<\/strong>\u00a0al Borgo storico del Piazzo \u2013 Palazzo Gromo Losa di Biella in cui il Nuovo Insieme Strumentale Italiano, composto da\u00a0<strong>Franco Mezzena<\/strong>\u00a0al violino,\u00a0<strong>Duccio Beluffi<\/strong>\u00a0alla viola,\u00a0<strong>Camilla Patria<\/strong>\u00a0e\u00a0<strong>Sergio Patria<\/strong>\u00a0al violoncello,\u00a0<strong>Tommaso Fiorini<\/strong>\u00a0al contrabbasso e\u00a0<strong>Elena Ballario<\/strong>\u00a0al pianoforte porter\u00e0 in scena le musiche di F. Schubert. Segue il\u00a0<strong>12 giugno<\/strong>\u00a0il concerto\u00a0<em>Quando fiorisce il mandorlo<\/em>, in cui l\u2019Ensemble Collegium Pro Musica \u2013\u00a0<strong>Mariagrazia Liberatoscioli<\/strong>\u00a0nei testi e voce recitante,\u00a0<strong>Stefano Bagliano<\/strong>\u00a0ai flauti dolci,\u00a0<strong>Massimiliano Faraci<\/strong>\u00a0al clavicembalo \u2013 suonano nella splendida cornice della Basilica Antica di Oropa le musiche barocche di G. B. Riccio, F. C. de Arauxo, J. Van Eyck, G. Frescobaldi, G. P. Cima, B. Marcello, A. Vivaldi.<br \/>\nNel mese di luglio ci sono gli incontri alla Sede museale Antonio Bertola Ingegnere militare di Muzzano il\u00a0<strong>4 luglio<\/strong>\u00a0e il concerto alla Fabbrica della Ruota di Pray dell\u2019<strong>11 luglio,\u00a0<\/strong>in compresenza con i giovani artisti e illustrati pi\u00f9 avanti nella sezione dedicata, mentre \u00e8 del\u00a0<strong>25 luglio\u00a0<\/strong>l\u2019evento\u00a0<em>Rossiniana \u2013 Soir\u00e9es Musicales e Pech\u00e9es de Vieillesse<\/em>\u00a0a Biella Borgo storico del Piazzo \u2013 Palazzo Ferrero, in cui si esibiranno nelle musiche di G.Rossini ed E.Ballario\u00a0<strong>Francesca Pedaci<\/strong>\u00a0come soprano,\u00a0<strong>Giovanni Mareggini<\/strong>\u00a0al flauto,\u00a0<strong>Sergio Patria<\/strong>\u00a0al violoncello ed\u00a0<strong>Elena Ballario<\/strong>\u00a0al pianoforte.<br \/>\nSi prosegue poi con l\u2019incontro del\u00a0<strong>1 agosto<\/strong>\u00a0durante l\u2019evento\u00a0<strong>Re.A.C.T<\/strong>, quello dell\u2019<strong>8 agosto\u00a0<\/strong>a Pettinengo \u2013 Museo degli Acquasantini e in ultimo il\u00a0<strong>22 agosto\u00a0<\/strong>all\u2019Archivio Lanifici Vercellone di Sordevolo. Anche in questo caso, agli artisti\u00a0<em>senior\u00a0<\/em>si alterneranno con le loro esecuzioni a quelli\u00a0<em>junior<\/em>.<br \/>\nA conclusione nel mese di settembre due appuntamenti: il\u00a0<strong>5 settembre<\/strong>\u00a0all\u2019Ecomuseo del Cossatese e delle Baragge a Cossato (Fr. Castellengo), dove\u00a0<strong>Davide Alogna<\/strong>\u00a0al violino e\u00a0<strong>Antonio Di Cristofano<\/strong>\u00a0al pianoforte faranno ascoltare le musiche di R. Schumann e C. Franck; e il\u00a0<strong>26 settembre<\/strong>, in cui Oltremare (progetto multimediale di Floraleda Sacchi per Arpa, arpa di cristallo ed elettronica) eseguir\u00e0 al Centro di Documentazione del Lago di Viverone, in occasione del X anniversario del sito UNESCO delle Palafitte, le musiche di Bach, Floraleda Sacchi, Satie, Einaudi, Arnalds e Cacciapaglia.<\/p>\n<h5>Anniversari e celebrazioni<\/h5>\n<p>La sezione Anniversari e celebrazioni del 2021 celebra artisti assoluti della cultura italiana in concerti speciali a loro dedicati. I protagonisti delle ricorrenze sono:\u00a0<strong>Astor Piazzolla,<\/strong>\u00a0<strong>Dante Alighieri<\/strong>,\u00a0<strong>Giovanni Bottesini<\/strong>\u00a0ed\u00a0<strong>Ezio Bosso<\/strong>.<br \/>\nIn occasione del Centesimo anniversario dalla nascita di\u00a0<strong>Astor Piazzolla<\/strong>\u00a0il\u00a0<strong>18 luglio<\/strong>\u00a0al Centro di documentazione sull\u2019Emigrazione di Donato ci sar\u00e0 il concerto\u00a0<em>Il colore del Tango<\/em>, tenuto da I Cameristi dell\u2019Orchestra Classica di Alessandria \u2013\u00a0<strong>Gianluca Campi<\/strong>\u00a0alla fisarmonica,\u00a0<strong>Massimo Barbierato\u00a0<\/strong>e<strong>\u00a0Matteo Ferrario<\/strong>\u00a0ai violini,\u00a0<strong>Alessandro Buccini<\/strong>\u00a0alla viola,\u00a0<strong>Luciano Girardengo<\/strong>\u00a0al violoncello e\u00a0<strong>Alessandro Paolini<\/strong>\u00a0al contrabbasso \u2013 in cui suoneranno le musiche di Piazzolla, Albeniz, Gardel, Bregovitch e Rodriguez.<br \/>\nIl doppio omaggio di\u00a0<strong>Dante Alighieri\u00a0<\/strong>\u00e8 previsto invece il\u00a0<strong>15 agosto<\/strong>, in un concerto al Borgo storico del Piazzo \u2013 Palazzo La Marmora di Biella che vede protagonisti\u00a0<strong>Alessandro Commellato\u00a0<\/strong>e\u00a0<strong>Elena Ballario\u00a0<\/strong>ai pianoforti, i quali eseguiranno le musiche di Franz Liszt, e il\u00a0<strong>12 settembre<\/strong>, quando al Museo della Passione di Sordevolo si terr\u00e0 la lettura in musica\u00a0<em>Nel mezzo del cammin di nostra vita<\/em>\u00a0con la voce di\u00a0<strong>Elena Zegna<\/strong>,\u00a0<strong>Ubaldo Rosso\u00a0<\/strong>ai flauti con testi di Dante e musiche di J. Van Eyck, P. Minetti, S. Kisielewski, G. Caccini, R. Lupi, E. Varese, G. F. Ghedini.<br \/>\nL\u2019omaggio di\u00a0<strong>Giovanni Bottesini<\/strong>\u00a0avverr\u00e0 in due tappe: una al Museo degli Acquasantini di Pettinengo (<strong>8 agosto<\/strong>)<strong>\u00a0<\/strong>e una al Borgo storico del Piazzo \u2013 Palazzo Gromo Losa di Biella (<strong>19 settembre<\/strong>). Entrambi gli eventi vedono la compresenza anche del Progetto giovani.<br \/>\nUn particolare ricordo del direttore d\u2019orchestra\u00a0<strong>Ezio Bosso<\/strong>\u00a0\u00e8 previsto poi il\u00a0<strong>29 agosto<\/strong>\u00a0con il\u00a0<em>Concerto per un amico<\/em>\u00a0al Santuario di San Giovanni d\u2019Andorno di Campiglia Cervo, dove si esibir\u00e0 il Quartetto d\u2019archi di Torino \u2013 composto da\u00a0<strong>Edoardo De Angelis<\/strong>\u00a0e\u00a0<strong>Umberto Fantini<\/strong>\u00a0ai violini,\u00a0<strong>Andrea Repetto<\/strong>\u00a0alla viola,\u00a0<strong>Manuel Zigante<\/strong>\u00a0al violoncello \u2013 con le musiche di Bach, Beethoven e Bosso.<\/p>\n<h4>Il progetto giovani<\/h4>\n<p>Il\u00a0<em>clou\u00a0<\/em>della manifestazione \u00e8 senz\u2019altro il\u00a0<strong>Progetto Giovani<\/strong>, che con la\u00a0<strong>direzione artistica<\/strong>\u00a0e il coordinamento del programma di due\u00a0<strong>under 35<\/strong>\u00a0(<strong>Camilla Patria<\/strong>\u00a0e\u00a0<strong>Tommaso Fiorini)<\/strong>, prevede tre sezioni: il progetto\u00a0<strong>Nuovi Percorsi Sonori<\/strong>, che prevede l\u2019esecuzione di 8 brani in Prima assoluta commissionati ad altrettanti allievi del Dipartimento di Composizione del\u00a0<strong>Conservatorio di Torino<\/strong>, ispirati al luogo che ospiter\u00e0 il concerto o alle attivit\u00e0 del giorno. Per questo importante progetto \u00e8 stato ottenuto il patrocinio della SIAE sezione promozione culturale. C\u2019\u00e8 poi la\u00a0<strong>Residenza Artistica Creativa<\/strong>\u00a0<strong>(Re.A.C.T.)\u00a0<\/strong>presso l\u2019Ecomuseo della Tradizione Costruttiva La Trappa di Sordevolo e,\u00a0<em>last but not least<\/em>,\u00a0<strong>Panorami sonori<\/strong>: l\u2019appendice autunnale della rassegna giovani.<\/p>\n<p>Partenza con i\u00a0<strong>Nuovi Percorsi Sonori<\/strong>\u00a0il\u00a0<strong>20 giugno<\/strong>\u00a0presso il castello Vialardi di Verrone. All\u2019interno della Sala Falseum del Museo del falso, verranno eseguite due composizioni,\u00a0<em>Falseum<\/em>\u00a0e\u00a0<em>Bomblebee<\/em>, ispirate alla sede del concerto, ad opera rispettivamente di\u00a0<strong>Andrea Cellacchi<\/strong>\u00a0e di\u00a0<strong>Andrea Donati<\/strong>, per l\u2019esecuzione a cura del Quintetto fiati di\u00a0<strong>Obiettivo Orchestra<\/strong>\u00a0della\u00a0 Scuola di Alto Perfezionamento Musicale in collaborazione con la Filarmonica del Teatro Regio Torino. Segue un concerto il\u00a0<strong>4 luglio<\/strong>\u00a0presso la Sede Museale Antonio Bertola Ingegnere Militare di Muzzano, in cui\u00a0<em>Le Citt\u00e0 Sottili<\/em>\u00a0di\u00a0<strong>Gino Ernesto Anderson<\/strong>\u00a0e\u00a0<strong>Carlomaria Barracano<\/strong>\u00a0verranno interpretate a cura di\u00a0<strong>Gianluca Faragli<\/strong>\u00a0al pianoforte. Le due composizioni sono ispirate proprio alla mostra dedicata alla figura di Antonio Bertola, al quale \u00e8 intitolata anche la cellula museale. L\u2019<strong>11 luglio<\/strong>\u00a0si prosegue con delle composizioni ispirate alla Fiber Art \u2013 dedicata alle fibre tessili \u2013 eseguite presso la Fabbrica della Ruota di Pray Biellese. All\u2019interno della fabbrica,\u00a0<em>En tissant \u201cle chant du mond\u201d<\/em>\u00a0di\u00a0<strong>Giuliano Comoglio<\/strong>\u00a0e\u00a0<em>M\u00f2irai\u00a0<\/em>di\u00a0<strong>Francesca Idini<\/strong>, saranno affidati all\u2019interpretazione del violinista\u00a0<strong>Piercarlo Sacco<\/strong>, assieme ad\u00a0<strong>Eugenio Della Chiara<\/strong>\u00a0alla chitarra e\u00a0<strong>Camilla Patria<\/strong>\u00a0al violoncello. L\u2019<strong>8 agosto<\/strong>\u00a0infine, presso il Museo degli Acquasantini di Pettinengo, il contrabbassista\u00a0<strong>Tommaso Fiorini<\/strong>\u00a0e la pianista\u00a0<strong>Elena Ballario<\/strong>\u00a0eseguiranno due nuove composizioni di\u00a0<strong>Daniele Di Virgilio\u00a0<\/strong><em>\u201cDirirambo\u201d<\/em>\u00a0e\u00a0<strong>Davide Rizza\u00a0<\/strong><em>\u201cOssidiana\u201d,\u00a0<\/em>con una registrazione audio\/video a scopo divulgativo, iniziativa questa per la quale \u00e8 stato riconosciuto il patrocinio SIAE per la Promozione Culturale.<\/p>\n<p>La grande novit\u00e0 nella novit\u00e0 di questa edizione \u00e8 la\u00a0<strong>Residenza Artistica Creativa<\/strong>\u00a0<strong>(Re.A.C.T.)\u00a0<\/strong>presso l\u2019Ecomuseo della Tradizione Costruttiva La Trappa di Sordevolo dal 29 al 1 agosto, giorno del\u00a0<em>Concerto finale<\/em>. Le tematiche della Residenza saranno l\u2019improvvisazione e l\u2019ascolto. Non solo: sar\u00e0 proposto al pubblico un progetto\u00a0<em>diverso\u00a0<\/em>che sfocer\u00e0 in un concerto concepito totalmente sull\u2019improvvisazione libera. Nei giorni precedenti si terranno dei laboratori aperti a musicisti sia professionisti che dilettanti interessati ad approfondire la pratica dell\u2019improvvisazione, con la possibilit\u00e0 per i non musicisti di partecipare come uditori. Intento secondario, ma non meno importante, sar\u00e0 anche quello di instaurare nuove conoscenze tra artisti e dar luogo a collaborazioni con la possibilit\u00e0 che\u00a0<em>nascano<\/em>\u00a0concerti\u00a0<em>a sorpresa<\/em>\u00a0in orario serale.Durante i giorni della Residenza sono previsti inoltre incontri con il pubblico identificati con il format di \u201c<em>Chiacchierata con gli artisti<\/em>\u201d per sviscerare curiosit\u00e0 o aspetti di particolare interesse per tutti coloro che, pur\u00a0<em>non addetti ai lavori<\/em>, siano interessati a conoscere pi\u00f9 approfonditamente questo settore.<\/p>\n<p>Terza sezione, infine, il progetto\u00a0<strong>Panorami sonori<\/strong>\u00a0\u2013 in cui Suoni in Movimento incontra\u00a0<strong>Slowland Piemonte<\/strong>\u00a0nella splendida sede del\u00a0<strong>Castello di Roppolo<\/strong>, ubicato in posizione strategica che abbraccia tre province \u2013 prevede un\u2019estensione autunnale del\u00a0<strong>Progetto Giovani<\/strong>\u00a0(inaugurazione il\u00a0<strong>2 ottobre\u00a0<\/strong>e concerto di chiusura il\u00a0<strong>13 novembre<\/strong>) con l\u2019intento di creare una rete duratura di interazione tra realt\u00e0 di giovani musicisti professionisti costituiti in associazioni e componenti giovanili di importanti ensemble i quali oltre a fare musica si impegnano a far si che questa venga diffusa attraverso collaborazioni e coproduzioni. Il primo evento il\u00a0<strong>2 ottobre<\/strong>: il gruppo composto dal soprano\u00a0<strong>Injeong Hwang,<\/strong>\u00a0insieme ai violinisti\u00a0<strong>Rossella Tucci<\/strong>\u00a0e\u00a0<strong>Giulio Franchi<\/strong>, alla violoncellista\u00a0<strong>Lucia Sacerdoni<\/strong>,\u00a0<strong>Giorgia Lenzo<\/strong>\u00a0alla viola,\u00a0<strong>Tommaso Fiorini<\/strong>\u00a0al contrabbasso e\u00a0<strong>Mirko Bertolino<\/strong>\u00a0al piano, integrer\u00e0 nell\u2019esecuzione parte del programma del concerto ideato nell\u2019ambito della rassegna Camera delle Meraviglie dell\u2019Unione Musicale di Torino. Il\u00a0<strong>9 ottobre<\/strong>\u00a0\u00e8 il turno del Duo InContra composto da\u00a0<strong>Camilla Patria<\/strong>\u00a0al violoncello e\u00a0<strong>Tommaso Fiorini<\/strong>\u00a0al contrabbasso. I due si esibiranno in un concerto dal titolo Luci e ombre, con musiche di Rossini, Schnittke, Corelli, Goltermann, Ballario, Barriere. Terzo appuntamento per il\u00a0<strong>23 ottobre<\/strong>, quando il Quartetto Eridano composto da\u00a0<strong>Davide Torrente<\/strong>\u00a0e\u00a0<strong>Sofia Gimelli\u00a0<\/strong>ai violini,\u00a0<strong>Carlo Bonicelli<\/strong>\u00a0alla viola,<em>\u00a0<\/em><strong>Chiara Piazza<\/strong>\u00a0al violoncello<em>\u00a0e\u00a0<\/em><strong>Stefano Musso<\/strong>\u00a0al pianoforte in collaborazione con l\u2019associazione culturale Il Timbro di Ivrea, si esibir\u00e0 in una raccolta di musiche di Schnittke e Brahms. Il\u00a0<strong>30 ottobre<\/strong>\u00a0l\u2019Associazione Musicale Il Camerificio propone il suo Trio Quodlibet:\u00a0<strong>Mariechristine Lopez<\/strong>\u00a0al violino<em>,<\/em>\u00a0<strong>Virginia Luca<\/strong>\u00a0alla viola<em>\u00a0<\/em>e\u00a0<strong>Fabio Fausone<\/strong>\u00a0al violoncello che con la partecipazione della flautista Rebecca Viora<em>\u00a0<\/em>proporranno delle musiche di Mozart e Dvorak. Il\u00a0<strong>13 novembre<\/strong>, infine, \u00e8 in programma un concerto in coproduzione con LaCorelli Soc Coop, in cui i narratori\u00a0<strong>Gianni e Paolo Parmiani<\/strong>\u00a0accompagneranno l\u2019ensemble Tempo Primo per la direzione di\u00a0<strong>Jacopo Rivani<\/strong><em>\u00a0<\/em>nell\u2019<em>Histoire du Soldat<\/em>\u00a0di Igor Stravinsky.<\/p>\n<p>Per info:\u00a0<a href=\"http:\/\/suoniinmovimento.it\/\">suoniinmovimento.it<\/a>\u00a0tel.370 3031220<\/p>\n","protected":false},"excerpt":{"rendered":"<p>In un anno difficile e incerto, ancora nel segno del Covid, uno spiraglio per mantenere viva la Musica e riscoprire con essa \u2013 e anche oltre \u2013 il grande patrimonio territoriale biellese e i suggestivi orizzonti del Progetto giovani Torna per la\u00a0IV edizione\u00a0la rassegna\u00a0Suoni in Movimento\u00a0(suoniinmovimento.it)\u00a0con la direzione artistica di\u00a0\u00a0Elena Ballario\u00a0\u00a0e\u00a0Sergio Patria\u00a0(N.I.S.I.ArteMusica): un evento che ha come tappe luoghi simbolo del Comune di\u00a0Biella, nelle sedi della\u00a0Rete museale del territorio biellese,\u00a0per<\/p>\n<p><a class=\"continue-reading\" href=\"https:\/\/www.article-marketing.eu\/comunicatistampa\/tornano-per-la-quarta-edizione-i-suoni-in-movimento\/\">Continue reading&#8230;<\/a><\/p>\n","protected":false},"author":732,"featured_media":0,"comment_status":"open","ping_status":"open","sticky":false,"template":"","format":"standard","meta":{"_monsterinsights_skip_tracking":false,"_monsterinsights_sitenote_active":false,"_monsterinsights_sitenote_note":"","_monsterinsights_sitenote_category":0,"footnotes":""},"categories":[407,78,392],"tags":[],"class_list":["post-19033","post","type-post","status-publish","format-standard","hentry","category-arte-e-cultura","category-comunicati-stampa","category-eventi"],"yoast_head":"<!-- This site is optimized with the Yoast SEO plugin v27.3 - https:\/\/yoast.com\/product\/yoast-seo-wordpress\/ -->\n<title>Torna Suoni in Movimento - Article Marketing - Arte e cultura<\/title>\n<meta name=\"description\" content=\"Torna Suoni in Movimento per la sua quarta edizione dell&#039;evento dedicato alla musica ed immerso nel verde del Biellese.\" \/>\n<meta name=\"robots\" content=\"index, follow, max-snippet:-1, max-image-preview:large, max-video-preview:-1\" \/>\n<link rel=\"canonical\" href=\"https:\/\/www.article-marketing.eu\/comunicatistampa\/tornano-per-la-quarta-edizione-i-suoni-in-movimento\/\" \/>\n<meta property=\"og:locale\" content=\"it_IT\" \/>\n<meta property=\"og:type\" content=\"article\" \/>\n<meta property=\"og:title\" content=\"Torna Suoni in Movimento - Article Marketing - Arte e cultura\" \/>\n<meta property=\"og:description\" content=\"Torna Suoni in Movimento per la sua quarta edizione dell&#039;evento dedicato alla musica ed immerso nel verde del Biellese.\" \/>\n<meta property=\"og:url\" content=\"https:\/\/www.article-marketing.eu\/comunicatistampa\/tornano-per-la-quarta-edizione-i-suoni-in-movimento\/\" \/>\n<meta property=\"og:site_name\" content=\"Article Marketing\" \/>\n<meta property=\"article:published_time\" content=\"2021-06-04T09:25:29+00:00\" \/>\n<meta property=\"article:modified_time\" content=\"2022-03-08T17:06:57+00:00\" \/>\n<meta property=\"og:image\" content=\"https:\/\/alfaprom.com\/wp-content\/uploads\/2021\/06\/Cover-suoni-in-movimento_01-1024x738.jpg\" \/>\n<meta name=\"author\" content=\"studioalfa\" \/>\n<meta name=\"twitter:card\" content=\"summary_large_image\" \/>\n<meta name=\"twitter:label1\" content=\"Scritto da\" \/>\n\t<meta name=\"twitter:data1\" content=\"studioalfa\" \/>\n\t<meta name=\"twitter:label2\" content=\"Tempo di lettura stimato\" \/>\n\t<meta name=\"twitter:data2\" content=\"10 minuti\" \/>\n<script type=\"application\/ld+json\" class=\"yoast-schema-graph\">{\"@context\":\"https:\\\/\\\/schema.org\",\"@graph\":[{\"@type\":\"Article\",\"@id\":\"https:\\\/\\\/www.article-marketing.eu\\\/comunicatistampa\\\/tornano-per-la-quarta-edizione-i-suoni-in-movimento\\\/#article\",\"isPartOf\":{\"@id\":\"https:\\\/\\\/www.article-marketing.eu\\\/comunicatistampa\\\/tornano-per-la-quarta-edizione-i-suoni-in-movimento\\\/\"},\"author\":{\"name\":\"studioalfa\",\"@id\":\"https:\\\/\\\/www.article-marketing.eu\\\/comunicatistampa\\\/#\\\/schema\\\/person\\\/016dfd52849dd05631ba118c3dff9ace\"},\"headline\":\"Tornano per la quarta edizione i Suoni in Movimento\",\"datePublished\":\"2021-06-04T09:25:29+00:00\",\"dateModified\":\"2022-03-08T17:06:57+00:00\",\"mainEntityOfPage\":{\"@id\":\"https:\\\/\\\/www.article-marketing.eu\\\/comunicatistampa\\\/tornano-per-la-quarta-edizione-i-suoni-in-movimento\\\/\"},\"wordCount\":2051,\"commentCount\":0,\"image\":{\"@id\":\"https:\\\/\\\/www.article-marketing.eu\\\/comunicatistampa\\\/tornano-per-la-quarta-edizione-i-suoni-in-movimento\\\/#primaryimage\"},\"thumbnailUrl\":\"https:\\\/\\\/alfaprom.com\\\/wp-content\\\/uploads\\\/2021\\\/06\\\/Cover-suoni-in-movimento_01-1024x738.jpg\",\"articleSection\":[\"Arte e cultura\",\"Comunicati stampa\",\"Eventi\"],\"inLanguage\":\"it-IT\",\"potentialAction\":[{\"@type\":\"CommentAction\",\"name\":\"Comment\",\"target\":[\"https:\\\/\\\/www.article-marketing.eu\\\/comunicatistampa\\\/tornano-per-la-quarta-edizione-i-suoni-in-movimento\\\/#respond\"]}]},{\"@type\":\"WebPage\",\"@id\":\"https:\\\/\\\/www.article-marketing.eu\\\/comunicatistampa\\\/tornano-per-la-quarta-edizione-i-suoni-in-movimento\\\/\",\"url\":\"https:\\\/\\\/www.article-marketing.eu\\\/comunicatistampa\\\/tornano-per-la-quarta-edizione-i-suoni-in-movimento\\\/\",\"name\":\"Torna Suoni in Movimento - Article Marketing - Arte e cultura\",\"isPartOf\":{\"@id\":\"https:\\\/\\\/www.article-marketing.eu\\\/comunicatistampa\\\/#website\"},\"primaryImageOfPage\":{\"@id\":\"https:\\\/\\\/www.article-marketing.eu\\\/comunicatistampa\\\/tornano-per-la-quarta-edizione-i-suoni-in-movimento\\\/#primaryimage\"},\"image\":{\"@id\":\"https:\\\/\\\/www.article-marketing.eu\\\/comunicatistampa\\\/tornano-per-la-quarta-edizione-i-suoni-in-movimento\\\/#primaryimage\"},\"thumbnailUrl\":\"https:\\\/\\\/alfaprom.com\\\/wp-content\\\/uploads\\\/2021\\\/06\\\/Cover-suoni-in-movimento_01-1024x738.jpg\",\"datePublished\":\"2021-06-04T09:25:29+00:00\",\"dateModified\":\"2022-03-08T17:06:57+00:00\",\"author\":{\"@id\":\"https:\\\/\\\/www.article-marketing.eu\\\/comunicatistampa\\\/#\\\/schema\\\/person\\\/016dfd52849dd05631ba118c3dff9ace\"},\"description\":\"Torna Suoni in Movimento per la sua quarta edizione dell'evento dedicato alla musica ed immerso nel verde del Biellese.\",\"breadcrumb\":{\"@id\":\"https:\\\/\\\/www.article-marketing.eu\\\/comunicatistampa\\\/tornano-per-la-quarta-edizione-i-suoni-in-movimento\\\/#breadcrumb\"},\"inLanguage\":\"it-IT\",\"potentialAction\":[{\"@type\":\"ReadAction\",\"target\":[\"https:\\\/\\\/www.article-marketing.eu\\\/comunicatistampa\\\/tornano-per-la-quarta-edizione-i-suoni-in-movimento\\\/\"]}]},{\"@type\":\"ImageObject\",\"inLanguage\":\"it-IT\",\"@id\":\"https:\\\/\\\/www.article-marketing.eu\\\/comunicatistampa\\\/tornano-per-la-quarta-edizione-i-suoni-in-movimento\\\/#primaryimage\",\"url\":\"https:\\\/\\\/alfaprom.com\\\/wp-content\\\/uploads\\\/2021\\\/06\\\/Cover-suoni-in-movimento_01-1024x738.jpg\",\"contentUrl\":\"https:\\\/\\\/alfaprom.com\\\/wp-content\\\/uploads\\\/2021\\\/06\\\/Cover-suoni-in-movimento_01-1024x738.jpg\"},{\"@type\":\"BreadcrumbList\",\"@id\":\"https:\\\/\\\/www.article-marketing.eu\\\/comunicatistampa\\\/tornano-per-la-quarta-edizione-i-suoni-in-movimento\\\/#breadcrumb\",\"itemListElement\":[{\"@type\":\"ListItem\",\"position\":1,\"name\":\"Home\",\"item\":\"https:\\\/\\\/www.article-marketing.eu\\\/comunicatistampa\\\/\"},{\"@type\":\"ListItem\",\"position\":2,\"name\":\"Tornano per la quarta edizione i Suoni in Movimento\"}]},{\"@type\":\"WebSite\",\"@id\":\"https:\\\/\\\/www.article-marketing.eu\\\/comunicatistampa\\\/#website\",\"url\":\"https:\\\/\\\/www.article-marketing.eu\\\/comunicatistampa\\\/\",\"name\":\"Article Marketing\",\"description\":\"article marketing &amp; press release\",\"potentialAction\":[{\"@type\":\"SearchAction\",\"target\":{\"@type\":\"EntryPoint\",\"urlTemplate\":\"https:\\\/\\\/www.article-marketing.eu\\\/comunicatistampa\\\/?s={search_term_string}\"},\"query-input\":{\"@type\":\"PropertyValueSpecification\",\"valueRequired\":true,\"valueName\":\"search_term_string\"}}],\"inLanguage\":\"it-IT\"},{\"@type\":\"Person\",\"@id\":\"https:\\\/\\\/www.article-marketing.eu\\\/comunicatistampa\\\/#\\\/schema\\\/person\\\/016dfd52849dd05631ba118c3dff9ace\",\"name\":\"studioalfa\",\"image\":{\"@type\":\"ImageObject\",\"inLanguage\":\"it-IT\",\"@id\":\"https:\\\/\\\/secure.gravatar.com\\\/avatar\\\/e7a37e17b09595ecf7196e00f441c7cc74f75800109ba49376861d605b8805d4?s=96&d=mm&r=g\",\"url\":\"https:\\\/\\\/secure.gravatar.com\\\/avatar\\\/e7a37e17b09595ecf7196e00f441c7cc74f75800109ba49376861d605b8805d4?s=96&d=mm&r=g\",\"contentUrl\":\"https:\\\/\\\/secure.gravatar.com\\\/avatar\\\/e7a37e17b09595ecf7196e00f441c7cc74f75800109ba49376861d605b8805d4?s=96&d=mm&r=g\",\"caption\":\"studioalfa\"},\"url\":\"https:\\\/\\\/www.article-marketing.eu\\\/comunicatistampa\\\/author\\\/studioalfa\\\/\"}]}<\/script>\n<!-- \/ Yoast SEO plugin. -->","yoast_head_json":{"title":"Torna Suoni in Movimento - Article Marketing - Arte e cultura","description":"Torna Suoni in Movimento per la sua quarta edizione dell'evento dedicato alla musica ed immerso nel verde del Biellese.","robots":{"index":"index","follow":"follow","max-snippet":"max-snippet:-1","max-image-preview":"max-image-preview:large","max-video-preview":"max-video-preview:-1"},"canonical":"https:\/\/www.article-marketing.eu\/comunicatistampa\/tornano-per-la-quarta-edizione-i-suoni-in-movimento\/","og_locale":"it_IT","og_type":"article","og_title":"Torna Suoni in Movimento - Article Marketing - Arte e cultura","og_description":"Torna Suoni in Movimento per la sua quarta edizione dell'evento dedicato alla musica ed immerso nel verde del Biellese.","og_url":"https:\/\/www.article-marketing.eu\/comunicatistampa\/tornano-per-la-quarta-edizione-i-suoni-in-movimento\/","og_site_name":"Article Marketing","article_published_time":"2021-06-04T09:25:29+00:00","article_modified_time":"2022-03-08T17:06:57+00:00","og_image":[{"url":"https:\/\/alfaprom.com\/wp-content\/uploads\/2021\/06\/Cover-suoni-in-movimento_01-1024x738.jpg","type":"","width":"","height":""}],"author":"studioalfa","twitter_card":"summary_large_image","twitter_misc":{"Scritto da":"studioalfa","Tempo di lettura stimato":"10 minuti"},"schema":{"@context":"https:\/\/schema.org","@graph":[{"@type":"Article","@id":"https:\/\/www.article-marketing.eu\/comunicatistampa\/tornano-per-la-quarta-edizione-i-suoni-in-movimento\/#article","isPartOf":{"@id":"https:\/\/www.article-marketing.eu\/comunicatistampa\/tornano-per-la-quarta-edizione-i-suoni-in-movimento\/"},"author":{"name":"studioalfa","@id":"https:\/\/www.article-marketing.eu\/comunicatistampa\/#\/schema\/person\/016dfd52849dd05631ba118c3dff9ace"},"headline":"Tornano per la quarta edizione i Suoni in Movimento","datePublished":"2021-06-04T09:25:29+00:00","dateModified":"2022-03-08T17:06:57+00:00","mainEntityOfPage":{"@id":"https:\/\/www.article-marketing.eu\/comunicatistampa\/tornano-per-la-quarta-edizione-i-suoni-in-movimento\/"},"wordCount":2051,"commentCount":0,"image":{"@id":"https:\/\/www.article-marketing.eu\/comunicatistampa\/tornano-per-la-quarta-edizione-i-suoni-in-movimento\/#primaryimage"},"thumbnailUrl":"https:\/\/alfaprom.com\/wp-content\/uploads\/2021\/06\/Cover-suoni-in-movimento_01-1024x738.jpg","articleSection":["Arte e cultura","Comunicati stampa","Eventi"],"inLanguage":"it-IT","potentialAction":[{"@type":"CommentAction","name":"Comment","target":["https:\/\/www.article-marketing.eu\/comunicatistampa\/tornano-per-la-quarta-edizione-i-suoni-in-movimento\/#respond"]}]},{"@type":"WebPage","@id":"https:\/\/www.article-marketing.eu\/comunicatistampa\/tornano-per-la-quarta-edizione-i-suoni-in-movimento\/","url":"https:\/\/www.article-marketing.eu\/comunicatistampa\/tornano-per-la-quarta-edizione-i-suoni-in-movimento\/","name":"Torna Suoni in Movimento - Article Marketing - Arte e cultura","isPartOf":{"@id":"https:\/\/www.article-marketing.eu\/comunicatistampa\/#website"},"primaryImageOfPage":{"@id":"https:\/\/www.article-marketing.eu\/comunicatistampa\/tornano-per-la-quarta-edizione-i-suoni-in-movimento\/#primaryimage"},"image":{"@id":"https:\/\/www.article-marketing.eu\/comunicatistampa\/tornano-per-la-quarta-edizione-i-suoni-in-movimento\/#primaryimage"},"thumbnailUrl":"https:\/\/alfaprom.com\/wp-content\/uploads\/2021\/06\/Cover-suoni-in-movimento_01-1024x738.jpg","datePublished":"2021-06-04T09:25:29+00:00","dateModified":"2022-03-08T17:06:57+00:00","author":{"@id":"https:\/\/www.article-marketing.eu\/comunicatistampa\/#\/schema\/person\/016dfd52849dd05631ba118c3dff9ace"},"description":"Torna Suoni in Movimento per la sua quarta edizione dell'evento dedicato alla musica ed immerso nel verde del Biellese.","breadcrumb":{"@id":"https:\/\/www.article-marketing.eu\/comunicatistampa\/tornano-per-la-quarta-edizione-i-suoni-in-movimento\/#breadcrumb"},"inLanguage":"it-IT","potentialAction":[{"@type":"ReadAction","target":["https:\/\/www.article-marketing.eu\/comunicatistampa\/tornano-per-la-quarta-edizione-i-suoni-in-movimento\/"]}]},{"@type":"ImageObject","inLanguage":"it-IT","@id":"https:\/\/www.article-marketing.eu\/comunicatistampa\/tornano-per-la-quarta-edizione-i-suoni-in-movimento\/#primaryimage","url":"https:\/\/alfaprom.com\/wp-content\/uploads\/2021\/06\/Cover-suoni-in-movimento_01-1024x738.jpg","contentUrl":"https:\/\/alfaprom.com\/wp-content\/uploads\/2021\/06\/Cover-suoni-in-movimento_01-1024x738.jpg"},{"@type":"BreadcrumbList","@id":"https:\/\/www.article-marketing.eu\/comunicatistampa\/tornano-per-la-quarta-edizione-i-suoni-in-movimento\/#breadcrumb","itemListElement":[{"@type":"ListItem","position":1,"name":"Home","item":"https:\/\/www.article-marketing.eu\/comunicatistampa\/"},{"@type":"ListItem","position":2,"name":"Tornano per la quarta edizione i Suoni in Movimento"}]},{"@type":"WebSite","@id":"https:\/\/www.article-marketing.eu\/comunicatistampa\/#website","url":"https:\/\/www.article-marketing.eu\/comunicatistampa\/","name":"Article Marketing","description":"article marketing &amp; press release","potentialAction":[{"@type":"SearchAction","target":{"@type":"EntryPoint","urlTemplate":"https:\/\/www.article-marketing.eu\/comunicatistampa\/?s={search_term_string}"},"query-input":{"@type":"PropertyValueSpecification","valueRequired":true,"valueName":"search_term_string"}}],"inLanguage":"it-IT"},{"@type":"Person","@id":"https:\/\/www.article-marketing.eu\/comunicatistampa\/#\/schema\/person\/016dfd52849dd05631ba118c3dff9ace","name":"studioalfa","image":{"@type":"ImageObject","inLanguage":"it-IT","@id":"https:\/\/secure.gravatar.com\/avatar\/e7a37e17b09595ecf7196e00f441c7cc74f75800109ba49376861d605b8805d4?s=96&d=mm&r=g","url":"https:\/\/secure.gravatar.com\/avatar\/e7a37e17b09595ecf7196e00f441c7cc74f75800109ba49376861d605b8805d4?s=96&d=mm&r=g","contentUrl":"https:\/\/secure.gravatar.com\/avatar\/e7a37e17b09595ecf7196e00f441c7cc74f75800109ba49376861d605b8805d4?s=96&d=mm&r=g","caption":"studioalfa"},"url":"https:\/\/www.article-marketing.eu\/comunicatistampa\/author\/studioalfa\/"}]}},"_links":{"self":[{"href":"https:\/\/www.article-marketing.eu\/comunicatistampa\/wp-json\/wp\/v2\/posts\/19033","targetHints":{"allow":["GET"]}}],"collection":[{"href":"https:\/\/www.article-marketing.eu\/comunicatistampa\/wp-json\/wp\/v2\/posts"}],"about":[{"href":"https:\/\/www.article-marketing.eu\/comunicatistampa\/wp-json\/wp\/v2\/types\/post"}],"author":[{"embeddable":true,"href":"https:\/\/www.article-marketing.eu\/comunicatistampa\/wp-json\/wp\/v2\/users\/732"}],"replies":[{"embeddable":true,"href":"https:\/\/www.article-marketing.eu\/comunicatistampa\/wp-json\/wp\/v2\/comments?post=19033"}],"version-history":[{"count":2,"href":"https:\/\/www.article-marketing.eu\/comunicatistampa\/wp-json\/wp\/v2\/posts\/19033\/revisions"}],"predecessor-version":[{"id":19046,"href":"https:\/\/www.article-marketing.eu\/comunicatistampa\/wp-json\/wp\/v2\/posts\/19033\/revisions\/19046"}],"wp:attachment":[{"href":"https:\/\/www.article-marketing.eu\/comunicatistampa\/wp-json\/wp\/v2\/media?parent=19033"}],"wp:term":[{"taxonomy":"category","embeddable":true,"href":"https:\/\/www.article-marketing.eu\/comunicatistampa\/wp-json\/wp\/v2\/categories?post=19033"},{"taxonomy":"post_tag","embeddable":true,"href":"https:\/\/www.article-marketing.eu\/comunicatistampa\/wp-json\/wp\/v2\/tags?post=19033"}],"curies":[{"name":"wp","href":"https:\/\/api.w.org\/{rel}","templated":true}]}}