{"id":19078,"date":"2021-06-10T14:37:15","date_gmt":"2021-06-10T12:37:15","guid":{"rendered":"https:\/\/www.article-marketing.eu\/comunicatistampa\/?p=19078"},"modified":"2021-06-10T14:37:15","modified_gmt":"2021-06-10T12:37:15","slug":"dossena-iniziati-i-lavori-al-ponte-tibetano-piu-lungo-del-mondo","status":"publish","type":"post","link":"https:\/\/www.article-marketing.eu\/comunicatistampa\/dossena-iniziati-i-lavori-al-ponte-tibetano-piu-lungo-del-mondo\/","title":{"rendered":"Dossena: iniziati i lavori al ponte tibetano pi\u00f9 lungo del mondo"},"content":{"rendered":"<p>Presso il\u00a0<strong>Comune di Dossena<\/strong>, in provincia di Bergamo, al via i lavori a quello che sar\u00e0 il\u00a0<strong>ponte tibetano pi\u00f9 lungo al mondo<\/strong>\u00a0a pedata discontinua e senza tiranti laterali. Lungo 505 metri e con un\u2019altezza massima di 120 metri, collegher\u00e0 il centro del paese con il roccolo della &#8220;corna bianca&#8221;, sorvolando la cava di gesso. Una vista mozzafiato che consentir\u00e0 di ammirare i paesaggi suggestivi delle Prealpi Orobiche, con vista sulle vette dei monti La Grigna, Gioco, Alben e Arera, fino al fondovalle di San Pellegrino.<\/p>\n<p>Diventer\u00e0 il ponte sospeso pi\u00f9 lungo al mondo. L\u2019opera, la cui struttura \u00e8 stata ideata dall\u2019ingegnere Francesco Belmondo della BBE Srl che ne ha seguito i lavori di progettazione \u2013 pronta per la fine dell\u2019estate 2021 \u2013, sar\u00e0 realizzata con\u00a0<strong>sette funi d\u2019acciaio<\/strong>\u00a0(due per il sostegno delle pedate intervallate dal vuoto, due per il corrimano e tre come funi di sicurezza). Grande attenzione per la sicurezza, grazie alla collaborazione con la Montefuni, ditta torinese specializzata. Il percorso sar\u00e0 infatti praticabile solo indossando\u00a0un\u2019imbracatura\u00a0ed \u00e8 previsto l\u2019inserimento di una linea vita continua che, attraverso l\u2019utilizzo di un moschettone, permetter\u00e0 di percorrere i 505 metri in totale sicurezza.<\/p>\n<p>Elemento cardine del progetto, \u00e8 il recupero \u2013 seppur verso una via aerea \u2013 di una parte del tracciato dell\u2019antica Via Mercatorum, andata perduta negli anni in seguito alla realizzazione della strada provinciale che collega Dossena a Serina. Diversi gli aspetti\u00a0innovativi, tra cui la valorizzazione del territorio inclusa la parte di cava.<\/p>\n<p>\u201c<em>Questa \u00e8 solo una delle opere di un progetto molto pi\u00f9 ampio<\/em>\u00a0<em>di rilancio turistico del Comune di Dossena e di tutta la Valle. Il turismo \u00e8 infatti una risorsa fondamentale per le nostre montagne: realizzare nuove attrazioni e opere, valorizzare aree e luoghi sconosciuti ma di grande bellezza, fornendo servizi di qualit\u00e0, pu\u00f2 essere una grande opportunit\u00e0 per i nostri giovani che continuano a vivere le nostre montagne ma anche per i turisti, di riscoprire luoghi a lungo dimenticati\u201d\u00a0<\/em>spiega il\u00a0<strong>Sindaco di Dossena, Fabio Bonzi.<\/strong><\/p>\n<p><em>A sostenere l\u2019iniziativa\u00a0<\/em><strong>Regione Lombardia\u00a0<\/strong><em>\u201cL\u2019estate 2020 \u2013 a causa della pandemia da Covid 19 \u2013 \u00e8 stata caratterizzata da una riscoperta del turismo di prossimit\u00e0 che ha riguardato principalmente le aree di montagna e i laghi. Una opportunit\u00e0 per i lombardi di riscoprire territori splendidi e ricchi di attrattivit\u00e0, in passato troppo spesso sottovalutati. Siamo convinti che questo trend positivo continuer\u00e0 anche nella stagione estiva in arrivo e come Regione Lombardia siamo in prima linea per promuovere il turismo nei territori montani lombardi che purtroppo hanno subito un lungo fermo nella stagione invernale. Rilanciare il turismo montano attraverso la realizzazione di infrastrutture, attrattivit\u00e0, opere \u00e8 una priorit\u00e0 e un\u2019importante opportunit\u00e0 per creare lavoro e per favorire il ripopolamento delle aree montane\u201d\u00a0<\/em>afferma l\u2019<strong>Assessore<\/strong>\u00a0<strong>agli Enti locali, Montagna e Piccoli Comuni, Massimo Sertori\u00a0<\/strong>che sar\u00e0 in visita al cantiere<strong>\u00a0mercoled\u00ec 16 giugno<\/strong>.<\/p>\n<p>Un\u2019opera questa, realizzata anche grazie al contributo di\u00a0<strong>Cassa Depositi e Prestiti<\/strong>\u00a0che ha stipulato con il Comune un finanziamento per la realizzazione del ponte tibetano.<\/p>\n<p>La realizzazione del ponte tibetano rientra in un\u00a0<strong>percorso strutturato di rilancio del turismo a Dossena<\/strong>, attraverso un\u00a0<strong>piano a lungo termine di sviluppo territoriale-locale<\/strong>\u00a0<strong>(PSTL)<\/strong>\u00a0ideato da quattro giovani del paese che hanno voluto sognare in grande, realizzando un progetto da 10 milioni di euro che ha trovato riscontro positivo in Regione Lombardia, tramite l&#8217;assessore Sertori, riuscendo a conquistare anche il suo sostegno economico. Il piano\u00a0prevede la riqualificazione di strutture ricettive esistenti e la realizzazione di nuove strutture e servizi, la valorizzazione del paesaggio attraverso la promozione del territorio e dell\u2019ambiente e \u2013 infine \u2013 il rilancio dell\u2019attrattivit\u00e0 attraverso il recupero e la valorizzazione del patrimonio esistente. In questo ultimo ambito rientrano, ad esempio,\u00a0<strong>l\u2019area mineraria Paglio Pignolino<\/strong>\u00a0nella quale sono\u00a0<strong>terminati i lavori di ristrutturazione delle casette esterne<\/strong>, che diventeranno sede di un museo e di laboratori. Proseguono i lavori per la\u00a0<strong>riqualificazione delle aree interne delle miniere<\/strong>, per la sistemazione e messa a norma della galleria mineraria con l\u2019intenzione gi\u00e0 per la fine dell\u2019estate di avviare le visite guidate. In corso anche i lavori per la messa a punto del\u00a0<strong>parco avventura in miniera<\/strong>, primo in Italia e secondo in Europa a poter vantare questa ambientazione caratteristica, con l\u2019installazione di<strong>\u00a0ponti sospesi<\/strong>,\u00a0<strong>pareti in aderenza<\/strong>\u00a0e\u00a0<strong>voli in carrucola<\/strong>, per il quale si auspica l\u2019apertura gi\u00e0 nei prossimi mesi.<\/p>\n","protected":false},"excerpt":{"rendered":"<p>Presso il\u00a0Comune di Dossena, in provincia di Bergamo, al via i lavori a quello che sar\u00e0 il\u00a0ponte tibetano pi\u00f9 lungo al mondo\u00a0a pedata discontinua e senza tiranti laterali. Lungo 505 metri e con un\u2019altezza massima di 120 metri, collegher\u00e0 il centro del paese con il roccolo della &#8220;corna bianca&#8221;, sorvolando la cava di gesso. Una vista mozzafiato che consentir\u00e0 di ammirare i paesaggi suggestivi delle Prealpi Orobiche, con vista sulle<\/p>\n<p><a class=\"continue-reading\" href=\"https:\/\/www.article-marketing.eu\/comunicatistampa\/dossena-iniziati-i-lavori-al-ponte-tibetano-piu-lungo-del-mondo\/\">Continue reading&#8230;<\/a><\/p>\n","protected":false},"author":1855,"featured_media":0,"comment_status":"open","ping_status":"open","sticky":false,"template":"","format":"standard","meta":{"_monsterinsights_skip_tracking":false,"_monsterinsights_sitenote_active":false,"_monsterinsights_sitenote_note":"","_monsterinsights_sitenote_category":0,"footnotes":""},"categories":[346],"tags":[8040,6450,8039,6002,6451,1628],"class_list":["post-19078","post","type-post","status-publish","format-standard","hentry","category-viaggi-e-turismo","tag-cdp","tag-dossena","tag-pontetibetano","tag-regionelombardia","tag-valbrembana","tag-bergamo"],"yoast_head":"<!-- This site is optimized with the Yoast SEO plugin v27.3 - https:\/\/yoast.com\/product\/yoast-seo-wordpress\/ -->\n<title>Dossena: iniziati i lavori al ponte tibetano pi\u00f9 lungo del mondo<\/title>\n<meta name=\"robots\" content=\"index, follow, max-snippet:-1, max-image-preview:large, max-video-preview:-1\" \/>\n<link rel=\"canonical\" href=\"https:\/\/www.article-marketing.eu\/comunicatistampa\/dossena-iniziati-i-lavori-al-ponte-tibetano-piu-lungo-del-mondo\/\" \/>\n<meta property=\"og:locale\" content=\"it_IT\" \/>\n<meta property=\"og:type\" content=\"article\" \/>\n<meta property=\"og:title\" content=\"Dossena: iniziati i lavori al ponte tibetano pi\u00f9 lungo del mondo\" \/>\n<meta property=\"og:description\" content=\"Presso il\u00a0Comune di Dossena, in provincia di Bergamo, al via i lavori a quello che sar\u00e0 il\u00a0ponte tibetano pi\u00f9 lungo al mondo\u00a0a pedata discontinua e senza tiranti laterali. Lungo 505 metri e con un\u2019altezza massima di 120 metri, collegher\u00e0 il centro del paese con il roccolo della &#8220;corna bianca&#8221;, sorvolando la cava di gesso. Una vista mozzafiato che consentir\u00e0 di ammirare i paesaggi suggestivi delle Prealpi Orobiche, con vista sulleContinue reading...\" \/>\n<meta property=\"og:url\" content=\"https:\/\/www.article-marketing.eu\/comunicatistampa\/dossena-iniziati-i-lavori-al-ponte-tibetano-piu-lungo-del-mondo\/\" \/>\n<meta property=\"og:site_name\" content=\"Article Marketing\" \/>\n<meta property=\"article:published_time\" content=\"2021-06-10T12:37:15+00:00\" \/>\n<meta name=\"author\" content=\"Redaclem\" \/>\n<meta name=\"twitter:card\" content=\"summary_large_image\" \/>\n<meta name=\"twitter:label1\" content=\"Scritto da\" \/>\n\t<meta name=\"twitter:data1\" content=\"Redaclem\" \/>\n\t<meta name=\"twitter:label2\" content=\"Tempo di lettura stimato\" \/>\n\t<meta name=\"twitter:data2\" content=\"4 minuti\" \/>\n<script type=\"application\/ld+json\" class=\"yoast-schema-graph\">{\"@context\":\"https:\\\/\\\/schema.org\",\"@graph\":[{\"@type\":\"Article\",\"@id\":\"https:\\\/\\\/www.article-marketing.eu\\\/comunicatistampa\\\/dossena-iniziati-i-lavori-al-ponte-tibetano-piu-lungo-del-mondo\\\/#article\",\"isPartOf\":{\"@id\":\"https:\\\/\\\/www.article-marketing.eu\\\/comunicatistampa\\\/dossena-iniziati-i-lavori-al-ponte-tibetano-piu-lungo-del-mondo\\\/\"},\"author\":{\"name\":\"Redaclem\",\"@id\":\"https:\\\/\\\/www.article-marketing.eu\\\/comunicatistampa\\\/#\\\/schema\\\/person\\\/c0aa725eee5df8460e0adf901fde0c88\"},\"headline\":\"Dossena: iniziati i lavori al ponte tibetano pi\u00f9 lungo del mondo\",\"datePublished\":\"2021-06-10T12:37:15+00:00\",\"mainEntityOfPage\":{\"@id\":\"https:\\\/\\\/www.article-marketing.eu\\\/comunicatistampa\\\/dossena-iniziati-i-lavori-al-ponte-tibetano-piu-lungo-del-mondo\\\/\"},\"wordCount\":736,\"commentCount\":0,\"keywords\":[\"#CDP\",\"#dossena\",\"#pontetibetano\",\"#regionelombardia\",\"#valbrembana\",\"Bergamo\"],\"articleSection\":[\"Viaggi e turismo\"],\"inLanguage\":\"it-IT\",\"potentialAction\":[{\"@type\":\"CommentAction\",\"name\":\"Comment\",\"target\":[\"https:\\\/\\\/www.article-marketing.eu\\\/comunicatistampa\\\/dossena-iniziati-i-lavori-al-ponte-tibetano-piu-lungo-del-mondo\\\/#respond\"]}]},{\"@type\":\"WebPage\",\"@id\":\"https:\\\/\\\/www.article-marketing.eu\\\/comunicatistampa\\\/dossena-iniziati-i-lavori-al-ponte-tibetano-piu-lungo-del-mondo\\\/\",\"url\":\"https:\\\/\\\/www.article-marketing.eu\\\/comunicatistampa\\\/dossena-iniziati-i-lavori-al-ponte-tibetano-piu-lungo-del-mondo\\\/\",\"name\":\"Dossena: iniziati i lavori al ponte tibetano pi\u00f9 lungo del mondo\",\"isPartOf\":{\"@id\":\"https:\\\/\\\/www.article-marketing.eu\\\/comunicatistampa\\\/#website\"},\"datePublished\":\"2021-06-10T12:37:15+00:00\",\"author\":{\"@id\":\"https:\\\/\\\/www.article-marketing.eu\\\/comunicatistampa\\\/#\\\/schema\\\/person\\\/c0aa725eee5df8460e0adf901fde0c88\"},\"breadcrumb\":{\"@id\":\"https:\\\/\\\/www.article-marketing.eu\\\/comunicatistampa\\\/dossena-iniziati-i-lavori-al-ponte-tibetano-piu-lungo-del-mondo\\\/#breadcrumb\"},\"inLanguage\":\"it-IT\",\"potentialAction\":[{\"@type\":\"ReadAction\",\"target\":[\"https:\\\/\\\/www.article-marketing.eu\\\/comunicatistampa\\\/dossena-iniziati-i-lavori-al-ponte-tibetano-piu-lungo-del-mondo\\\/\"]}]},{\"@type\":\"BreadcrumbList\",\"@id\":\"https:\\\/\\\/www.article-marketing.eu\\\/comunicatistampa\\\/dossena-iniziati-i-lavori-al-ponte-tibetano-piu-lungo-del-mondo\\\/#breadcrumb\",\"itemListElement\":[{\"@type\":\"ListItem\",\"position\":1,\"name\":\"Home\",\"item\":\"https:\\\/\\\/www.article-marketing.eu\\\/comunicatistampa\\\/\"},{\"@type\":\"ListItem\",\"position\":2,\"name\":\"Dossena: iniziati i lavori al ponte tibetano pi\u00f9 lungo del mondo\"}]},{\"@type\":\"WebSite\",\"@id\":\"https:\\\/\\\/www.article-marketing.eu\\\/comunicatistampa\\\/#website\",\"url\":\"https:\\\/\\\/www.article-marketing.eu\\\/comunicatistampa\\\/\",\"name\":\"Article Marketing\",\"description\":\"article marketing &amp; press release\",\"potentialAction\":[{\"@type\":\"SearchAction\",\"target\":{\"@type\":\"EntryPoint\",\"urlTemplate\":\"https:\\\/\\\/www.article-marketing.eu\\\/comunicatistampa\\\/?s={search_term_string}\"},\"query-input\":{\"@type\":\"PropertyValueSpecification\",\"valueRequired\":true,\"valueName\":\"search_term_string\"}}],\"inLanguage\":\"it-IT\"},{\"@type\":\"Person\",\"@id\":\"https:\\\/\\\/www.article-marketing.eu\\\/comunicatistampa\\\/#\\\/schema\\\/person\\\/c0aa725eee5df8460e0adf901fde0c88\",\"name\":\"Redaclem\",\"image\":{\"@type\":\"ImageObject\",\"inLanguage\":\"it-IT\",\"@id\":\"https:\\\/\\\/secure.gravatar.com\\\/avatar\\\/4c7e41f332a0583344a91d7d39723533da9b2d0df7737c2d8c69553168c2191e?s=96&d=mm&r=g\",\"url\":\"https:\\\/\\\/secure.gravatar.com\\\/avatar\\\/4c7e41f332a0583344a91d7d39723533da9b2d0df7737c2d8c69553168c2191e?s=96&d=mm&r=g\",\"contentUrl\":\"https:\\\/\\\/secure.gravatar.com\\\/avatar\\\/4c7e41f332a0583344a91d7d39723533da9b2d0df7737c2d8c69553168c2191e?s=96&d=mm&r=g\",\"caption\":\"Redaclem\"},\"url\":\"https:\\\/\\\/www.article-marketing.eu\\\/comunicatistampa\\\/author\\\/redaclem\\\/\"}]}<\/script>\n<!-- \/ Yoast SEO plugin. -->","yoast_head_json":{"title":"Dossena: iniziati i lavori al ponte tibetano pi\u00f9 lungo del mondo","robots":{"index":"index","follow":"follow","max-snippet":"max-snippet:-1","max-image-preview":"max-image-preview:large","max-video-preview":"max-video-preview:-1"},"canonical":"https:\/\/www.article-marketing.eu\/comunicatistampa\/dossena-iniziati-i-lavori-al-ponte-tibetano-piu-lungo-del-mondo\/","og_locale":"it_IT","og_type":"article","og_title":"Dossena: iniziati i lavori al ponte tibetano pi\u00f9 lungo del mondo","og_description":"Presso il\u00a0Comune di Dossena, in provincia di Bergamo, al via i lavori a quello che sar\u00e0 il\u00a0ponte tibetano pi\u00f9 lungo al mondo\u00a0a pedata discontinua e senza tiranti laterali. Lungo 505 metri e con un\u2019altezza massima di 120 metri, collegher\u00e0 il centro del paese con il roccolo della &#8220;corna bianca&#8221;, sorvolando la cava di gesso. Una vista mozzafiato che consentir\u00e0 di ammirare i paesaggi suggestivi delle Prealpi Orobiche, con vista sulleContinue reading...","og_url":"https:\/\/www.article-marketing.eu\/comunicatistampa\/dossena-iniziati-i-lavori-al-ponte-tibetano-piu-lungo-del-mondo\/","og_site_name":"Article Marketing","article_published_time":"2021-06-10T12:37:15+00:00","author":"Redaclem","twitter_card":"summary_large_image","twitter_misc":{"Scritto da":"Redaclem","Tempo di lettura stimato":"4 minuti"},"schema":{"@context":"https:\/\/schema.org","@graph":[{"@type":"Article","@id":"https:\/\/www.article-marketing.eu\/comunicatistampa\/dossena-iniziati-i-lavori-al-ponte-tibetano-piu-lungo-del-mondo\/#article","isPartOf":{"@id":"https:\/\/www.article-marketing.eu\/comunicatistampa\/dossena-iniziati-i-lavori-al-ponte-tibetano-piu-lungo-del-mondo\/"},"author":{"name":"Redaclem","@id":"https:\/\/www.article-marketing.eu\/comunicatistampa\/#\/schema\/person\/c0aa725eee5df8460e0adf901fde0c88"},"headline":"Dossena: iniziati i lavori al ponte tibetano pi\u00f9 lungo del mondo","datePublished":"2021-06-10T12:37:15+00:00","mainEntityOfPage":{"@id":"https:\/\/www.article-marketing.eu\/comunicatistampa\/dossena-iniziati-i-lavori-al-ponte-tibetano-piu-lungo-del-mondo\/"},"wordCount":736,"commentCount":0,"keywords":["#CDP","#dossena","#pontetibetano","#regionelombardia","#valbrembana","Bergamo"],"articleSection":["Viaggi e turismo"],"inLanguage":"it-IT","potentialAction":[{"@type":"CommentAction","name":"Comment","target":["https:\/\/www.article-marketing.eu\/comunicatistampa\/dossena-iniziati-i-lavori-al-ponte-tibetano-piu-lungo-del-mondo\/#respond"]}]},{"@type":"WebPage","@id":"https:\/\/www.article-marketing.eu\/comunicatistampa\/dossena-iniziati-i-lavori-al-ponte-tibetano-piu-lungo-del-mondo\/","url":"https:\/\/www.article-marketing.eu\/comunicatistampa\/dossena-iniziati-i-lavori-al-ponte-tibetano-piu-lungo-del-mondo\/","name":"Dossena: iniziati i lavori al ponte tibetano pi\u00f9 lungo del mondo","isPartOf":{"@id":"https:\/\/www.article-marketing.eu\/comunicatistampa\/#website"},"datePublished":"2021-06-10T12:37:15+00:00","author":{"@id":"https:\/\/www.article-marketing.eu\/comunicatistampa\/#\/schema\/person\/c0aa725eee5df8460e0adf901fde0c88"},"breadcrumb":{"@id":"https:\/\/www.article-marketing.eu\/comunicatistampa\/dossena-iniziati-i-lavori-al-ponte-tibetano-piu-lungo-del-mondo\/#breadcrumb"},"inLanguage":"it-IT","potentialAction":[{"@type":"ReadAction","target":["https:\/\/www.article-marketing.eu\/comunicatistampa\/dossena-iniziati-i-lavori-al-ponte-tibetano-piu-lungo-del-mondo\/"]}]},{"@type":"BreadcrumbList","@id":"https:\/\/www.article-marketing.eu\/comunicatistampa\/dossena-iniziati-i-lavori-al-ponte-tibetano-piu-lungo-del-mondo\/#breadcrumb","itemListElement":[{"@type":"ListItem","position":1,"name":"Home","item":"https:\/\/www.article-marketing.eu\/comunicatistampa\/"},{"@type":"ListItem","position":2,"name":"Dossena: iniziati i lavori al ponte tibetano pi\u00f9 lungo del mondo"}]},{"@type":"WebSite","@id":"https:\/\/www.article-marketing.eu\/comunicatistampa\/#website","url":"https:\/\/www.article-marketing.eu\/comunicatistampa\/","name":"Article Marketing","description":"article marketing &amp; press release","potentialAction":[{"@type":"SearchAction","target":{"@type":"EntryPoint","urlTemplate":"https:\/\/www.article-marketing.eu\/comunicatistampa\/?s={search_term_string}"},"query-input":{"@type":"PropertyValueSpecification","valueRequired":true,"valueName":"search_term_string"}}],"inLanguage":"it-IT"},{"@type":"Person","@id":"https:\/\/www.article-marketing.eu\/comunicatistampa\/#\/schema\/person\/c0aa725eee5df8460e0adf901fde0c88","name":"Redaclem","image":{"@type":"ImageObject","inLanguage":"it-IT","@id":"https:\/\/secure.gravatar.com\/avatar\/4c7e41f332a0583344a91d7d39723533da9b2d0df7737c2d8c69553168c2191e?s=96&d=mm&r=g","url":"https:\/\/secure.gravatar.com\/avatar\/4c7e41f332a0583344a91d7d39723533da9b2d0df7737c2d8c69553168c2191e?s=96&d=mm&r=g","contentUrl":"https:\/\/secure.gravatar.com\/avatar\/4c7e41f332a0583344a91d7d39723533da9b2d0df7737c2d8c69553168c2191e?s=96&d=mm&r=g","caption":"Redaclem"},"url":"https:\/\/www.article-marketing.eu\/comunicatistampa\/author\/redaclem\/"}]}},"_links":{"self":[{"href":"https:\/\/www.article-marketing.eu\/comunicatistampa\/wp-json\/wp\/v2\/posts\/19078","targetHints":{"allow":["GET"]}}],"collection":[{"href":"https:\/\/www.article-marketing.eu\/comunicatistampa\/wp-json\/wp\/v2\/posts"}],"about":[{"href":"https:\/\/www.article-marketing.eu\/comunicatistampa\/wp-json\/wp\/v2\/types\/post"}],"author":[{"embeddable":true,"href":"https:\/\/www.article-marketing.eu\/comunicatistampa\/wp-json\/wp\/v2\/users\/1855"}],"replies":[{"embeddable":true,"href":"https:\/\/www.article-marketing.eu\/comunicatistampa\/wp-json\/wp\/v2\/comments?post=19078"}],"version-history":[{"count":2,"href":"https:\/\/www.article-marketing.eu\/comunicatistampa\/wp-json\/wp\/v2\/posts\/19078\/revisions"}],"predecessor-version":[{"id":19116,"href":"https:\/\/www.article-marketing.eu\/comunicatistampa\/wp-json\/wp\/v2\/posts\/19078\/revisions\/19116"}],"wp:attachment":[{"href":"https:\/\/www.article-marketing.eu\/comunicatistampa\/wp-json\/wp\/v2\/media?parent=19078"}],"wp:term":[{"taxonomy":"category","embeddable":true,"href":"https:\/\/www.article-marketing.eu\/comunicatistampa\/wp-json\/wp\/v2\/categories?post=19078"},{"taxonomy":"post_tag","embeddable":true,"href":"https:\/\/www.article-marketing.eu\/comunicatistampa\/wp-json\/wp\/v2\/tags?post=19078"}],"curies":[{"name":"wp","href":"https:\/\/api.w.org\/{rel}","templated":true}]}}