{"id":19102,"date":"2021-06-10T14:38:09","date_gmt":"2021-06-10T12:38:09","guid":{"rendered":"https:\/\/www.article-marketing.eu\/comunicatistampa\/?p=19102"},"modified":"2021-06-10T14:38:09","modified_gmt":"2021-06-10T12:38:09","slug":"covid-oltre-30-milioni-di-persone-hanno-sviluppato-nuove-paure","status":"publish","type":"post","link":"https:\/\/www.article-marketing.eu\/comunicatistampa\/covid-oltre-30-milioni-di-persone-hanno-sviluppato-nuove-paure\/","title":{"rendered":"Covid: oltre 30 milioni di persone hanno sviluppato nuove paure"},"content":{"rendered":"<p>Da pi\u00f9 di un anno a questa parte <strong>conviviamo con il virus<\/strong>, il quale non solo ha avuto conseguenze rilevanti sull\u2019economia del Paese e sulle capacit\u00e0 di spesa delle famiglie, ma ha inciso anche sui comportamenti e sul benessere delle persone tanto che <strong>pi\u00f9 di 7 individui su 10<\/strong>, pari a oltre <strong>30,7 milioni di italiani<\/strong>, hanno dichiarato di <strong>aver sviluppato paure che non avevano<\/strong> prima della pandemia. \u00c8 questo uno dei dati emersi dall\u2019indagine che <a href=\"https:\/\/www.facile.it\"><strong>Facile.it<\/strong><\/a> ha commissionato agli istituti di ricerca <em>mUp Research<\/em> e <em>Norstat<\/em> e realizzata su un campione rappresentativo della popolazione nazionale adulta*.<\/p>\n<p><strong>Voglia di uscire, ma paura di assembramenti<\/strong><\/p>\n<p><em>Grazie alla campagna vaccinale e al miglioramento della situazione epidemiologica, le restrizioni imposte dal Governo verranno gradualmente allentate e ci sar\u00e0 la <strong>possibilit\u00e0 di spostarsi sempre pi\u00f9 liberamente<\/strong>. Analizzando i dati dell\u2019indagine, tuttavia, \u00e8 emerso che quasi la <strong>met\u00e0 degli italiani<\/strong> (47,1%), vale a dire pi\u00f9 di <strong>20,6 milioni di individui<\/strong>, ha ammesso di aver <strong>paura degli assembramenti<\/strong>; la percentuale raggiunge addirittura il 67% tra i rispondenti appartenenti alla fascia 65-69 anni.<\/em><\/p>\n<p>Tanti, circa <strong>7,8 milioni<\/strong>, coloro che hanno dichiarato di aver <strong>paura di incontrare altre persone<\/strong>, sebbene siano <strong>amici, familiari o conoscenti;<\/strong> i pi\u00f9 timorosi risultano essere i giovani con un\u2019et\u00e0 compresa tra i <strong>18 e i 24 anni<\/strong> (23,2% vs 17,8% nazionale), probabilmente preoccupati dalla possibilit\u00e0 di infettare parenti anziani come i nonni.<\/p>\n<p><strong>Pi\u00f9 di 1 italiano su 3<\/strong> (36,3%, 15,8 milioni), invece, ha ammesso di aver <strong>paura di salire sui mezzi pubblici,<\/strong> mentre pi\u00f9 di <strong>9 milioni e mezzo <\/strong>di italiani si dichiarano timorosi per quanto riguarda la possibilit\u00e0 di <strong>viaggiare <\/strong>tanto che, come certificato da una precedente indagine di Facile.it, dei 6,5 milioni di italiani che non andranno in vacanza, 2 milioni hanno rinunciato proprio a causa della paura del contagio.<\/p>\n<p>Quasi <strong>8 milioni di intervistati<\/strong> (18,2%), infine, hanno <strong>paura di andare al ristorante<\/strong>; la percentuale sale fino al 27,4% tra coloro che hanno 55-64 anni, mentre scende all\u20198,1% fra i giovani appartenenti alla fascia anagrafica 18-24 anni.<\/p>\n<p><strong>Le assicurazioni sottoscritte per la prima volta<\/strong><\/p>\n<p>Per tutelarsi dalle incognite legate allo scoppio della pandemia, sono molti gli italiani che, nel corso dell\u2019ultimo anno, hanno deciso di <strong>stipulare una copertura assicurativa<\/strong>; nello specifico, pi\u00f9 di 4 milioni di individui hanno dichiarato di aver sottoscritto o rinnovato una <strong>polizza vita<\/strong> e tra questi, oltre <strong>750.000<\/strong> rispondenti lo hanno fatto <strong>per la prima volta in assoluto.<\/strong><\/p>\n<p><strong>Pi\u00f9 di mezzo milione<\/strong> (546.038, 3,1%), invece, gli intervistati che non avevano mai sottoscritto una <strong>polizza infortuni\/sanitaria\/malattia <\/strong>e che l\u2019hanno fatto per la prima volta nel corso dell\u2019ultimo anno; tra i rispondenti con un\u2019et\u00e0 compresa fra i 70 e i 74 anni il valore risulta essere addirittura il doppio (6,8%).<\/p>\n<p>Pochi meno, vale a dire oltre 520 mila, infine, gli individui che hanno stipulato una <strong>copertura assicurativa sanitaria specifica per il Covid.<\/strong><\/p>\n<p><strong><br \/>\n<\/strong><br \/>\n<em><br \/>\n<\/em><\/p>\n<p><em>Nota metodologica: l\u2019indagine \u00e8 stata svolta tra il 29 aprile ed il 3 maggio 2021 attraverso la somministrazione di n.1.012 interviste CAWI con ad un campione di individui in et\u00e0 compresa fra 18 e 74 anni, rappresentativo della popolazione italiana adulta residente sull\u2019intero territorio nazionale.<\/em><\/p>\n","protected":false},"excerpt":{"rendered":"<p>Da pi\u00f9 di un anno a questa parte conviviamo con il virus, il quale non solo ha avuto conseguenze rilevanti sull\u2019economia del Paese e sulle capacit\u00e0 di spesa delle famiglie, ma ha inciso anche sui comportamenti e sul benessere delle persone tanto che pi\u00f9 di 7 individui su 10, pari a oltre 30,7 milioni di italiani, hanno dichiarato di aver sviluppato paure che non avevano prima della pandemia. \u00c8 questo<\/p>\n<p><a class=\"continue-reading\" href=\"https:\/\/www.article-marketing.eu\/comunicatistampa\/covid-oltre-30-milioni-di-persone-hanno-sviluppato-nuove-paure\/\">Continue reading&#8230;<\/a><\/p>\n","protected":false},"author":62,"featured_media":0,"comment_status":"open","ping_status":"open","sticky":false,"template":"","format":"standard","meta":{"_monsterinsights_skip_tracking":false,"_monsterinsights_sitenote_active":false,"_monsterinsights_sitenote_note":"","_monsterinsights_sitenote_category":0,"footnotes":""},"categories":[78],"tags":[6082,564,555,7917,8044,278],"class_list":["post-19102","post","type-post","status-publish","format-standard","hentry","category-comunicati-stampa","tag-covid","tag-assicurazione-vita","tag-facile-it","tag-paure","tag-polizza-vita","tag-salute"],"yoast_head":"<!-- This site is optimized with the Yoast SEO plugin v27.3 - https:\/\/yoast.com\/product\/yoast-seo-wordpress\/ -->\n<title>Covid: oltre 30 milioni di persone hanno sviluppato nuove paure<\/title>\n<meta name=\"robots\" content=\"index, follow, max-snippet:-1, max-image-preview:large, max-video-preview:-1\" \/>\n<link rel=\"canonical\" href=\"https:\/\/www.article-marketing.eu\/comunicatistampa\/covid-oltre-30-milioni-di-persone-hanno-sviluppato-nuove-paure\/\" \/>\n<meta property=\"og:locale\" content=\"it_IT\" \/>\n<meta property=\"og:type\" content=\"article\" \/>\n<meta property=\"og:title\" content=\"Covid: oltre 30 milioni di persone hanno sviluppato nuove paure\" \/>\n<meta property=\"og:description\" content=\"Da pi\u00f9 di un anno a questa parte conviviamo con il virus, il quale non solo ha avuto conseguenze rilevanti sull\u2019economia del Paese e sulle capacit\u00e0 di spesa delle famiglie, ma ha inciso anche sui comportamenti e sul benessere delle persone tanto che pi\u00f9 di 7 individui su 10, pari a oltre 30,7 milioni di italiani, hanno dichiarato di aver sviluppato paure che non avevano prima della pandemia. \u00c8 questoContinue reading...\" \/>\n<meta property=\"og:url\" content=\"https:\/\/www.article-marketing.eu\/comunicatistampa\/covid-oltre-30-milioni-di-persone-hanno-sviluppato-nuove-paure\/\" \/>\n<meta property=\"og:site_name\" content=\"Article Marketing\" \/>\n<meta property=\"article:published_time\" content=\"2021-06-10T12:38:09+00:00\" \/>\n<meta name=\"author\" content=\"Facile.it\" \/>\n<meta name=\"twitter:card\" content=\"summary_large_image\" \/>\n<meta name=\"twitter:label1\" content=\"Scritto da\" \/>\n\t<meta name=\"twitter:data1\" content=\"Facile.it\" \/>\n\t<meta name=\"twitter:label2\" content=\"Tempo di lettura stimato\" \/>\n\t<meta name=\"twitter:data2\" content=\"3 minuti\" \/>\n<script type=\"application\/ld+json\" class=\"yoast-schema-graph\">{\"@context\":\"https:\\\/\\\/schema.org\",\"@graph\":[{\"@type\":\"Article\",\"@id\":\"https:\\\/\\\/www.article-marketing.eu\\\/comunicatistampa\\\/covid-oltre-30-milioni-di-persone-hanno-sviluppato-nuove-paure\\\/#article\",\"isPartOf\":{\"@id\":\"https:\\\/\\\/www.article-marketing.eu\\\/comunicatistampa\\\/covid-oltre-30-milioni-di-persone-hanno-sviluppato-nuove-paure\\\/\"},\"author\":{\"name\":\"Facile.it\",\"@id\":\"https:\\\/\\\/www.article-marketing.eu\\\/comunicatistampa\\\/#\\\/schema\\\/person\\\/1deca6d9e0cf173abfe76a90ef261a2a\"},\"headline\":\"Covid: oltre 30 milioni di persone hanno sviluppato nuove paure\",\"datePublished\":\"2021-06-10T12:38:09+00:00\",\"mainEntityOfPage\":{\"@id\":\"https:\\\/\\\/www.article-marketing.eu\\\/comunicatistampa\\\/covid-oltre-30-milioni-di-persone-hanno-sviluppato-nuove-paure\\\/\"},\"wordCount\":504,\"commentCount\":0,\"keywords\":[\"#covid\",\"assicurazione vita\",\"facile.it\",\"paure\",\"polizza vita\",\"salute\"],\"articleSection\":[\"Comunicati stampa\"],\"inLanguage\":\"it-IT\",\"potentialAction\":[{\"@type\":\"CommentAction\",\"name\":\"Comment\",\"target\":[\"https:\\\/\\\/www.article-marketing.eu\\\/comunicatistampa\\\/covid-oltre-30-milioni-di-persone-hanno-sviluppato-nuove-paure\\\/#respond\"]}]},{\"@type\":\"WebPage\",\"@id\":\"https:\\\/\\\/www.article-marketing.eu\\\/comunicatistampa\\\/covid-oltre-30-milioni-di-persone-hanno-sviluppato-nuove-paure\\\/\",\"url\":\"https:\\\/\\\/www.article-marketing.eu\\\/comunicatistampa\\\/covid-oltre-30-milioni-di-persone-hanno-sviluppato-nuove-paure\\\/\",\"name\":\"Covid: oltre 30 milioni di persone hanno sviluppato nuove paure\",\"isPartOf\":{\"@id\":\"https:\\\/\\\/www.article-marketing.eu\\\/comunicatistampa\\\/#website\"},\"datePublished\":\"2021-06-10T12:38:09+00:00\",\"author\":{\"@id\":\"https:\\\/\\\/www.article-marketing.eu\\\/comunicatistampa\\\/#\\\/schema\\\/person\\\/1deca6d9e0cf173abfe76a90ef261a2a\"},\"breadcrumb\":{\"@id\":\"https:\\\/\\\/www.article-marketing.eu\\\/comunicatistampa\\\/covid-oltre-30-milioni-di-persone-hanno-sviluppato-nuove-paure\\\/#breadcrumb\"},\"inLanguage\":\"it-IT\",\"potentialAction\":[{\"@type\":\"ReadAction\",\"target\":[\"https:\\\/\\\/www.article-marketing.eu\\\/comunicatistampa\\\/covid-oltre-30-milioni-di-persone-hanno-sviluppato-nuove-paure\\\/\"]}]},{\"@type\":\"BreadcrumbList\",\"@id\":\"https:\\\/\\\/www.article-marketing.eu\\\/comunicatistampa\\\/covid-oltre-30-milioni-di-persone-hanno-sviluppato-nuove-paure\\\/#breadcrumb\",\"itemListElement\":[{\"@type\":\"ListItem\",\"position\":1,\"name\":\"Home\",\"item\":\"https:\\\/\\\/www.article-marketing.eu\\\/comunicatistampa\\\/\"},{\"@type\":\"ListItem\",\"position\":2,\"name\":\"Covid: oltre 30 milioni di persone hanno sviluppato nuove paure\"}]},{\"@type\":\"WebSite\",\"@id\":\"https:\\\/\\\/www.article-marketing.eu\\\/comunicatistampa\\\/#website\",\"url\":\"https:\\\/\\\/www.article-marketing.eu\\\/comunicatistampa\\\/\",\"name\":\"Article Marketing\",\"description\":\"article marketing &amp; press release\",\"potentialAction\":[{\"@type\":\"SearchAction\",\"target\":{\"@type\":\"EntryPoint\",\"urlTemplate\":\"https:\\\/\\\/www.article-marketing.eu\\\/comunicatistampa\\\/?s={search_term_string}\"},\"query-input\":{\"@type\":\"PropertyValueSpecification\",\"valueRequired\":true,\"valueName\":\"search_term_string\"}}],\"inLanguage\":\"it-IT\"},{\"@type\":\"Person\",\"@id\":\"https:\\\/\\\/www.article-marketing.eu\\\/comunicatistampa\\\/#\\\/schema\\\/person\\\/1deca6d9e0cf173abfe76a90ef261a2a\",\"name\":\"Facile.it\",\"image\":{\"@type\":\"ImageObject\",\"inLanguage\":\"it-IT\",\"@id\":\"https:\\\/\\\/secure.gravatar.com\\\/avatar\\\/2623775dfcd174bde1a788a4bc028e9035747fa40886953f4954f56c45cf4b34?s=96&d=mm&r=g\",\"url\":\"https:\\\/\\\/secure.gravatar.com\\\/avatar\\\/2623775dfcd174bde1a788a4bc028e9035747fa40886953f4954f56c45cf4b34?s=96&d=mm&r=g\",\"contentUrl\":\"https:\\\/\\\/secure.gravatar.com\\\/avatar\\\/2623775dfcd174bde1a788a4bc028e9035747fa40886953f4954f56c45cf4b34?s=96&d=mm&r=g\",\"caption\":\"Facile.it\"},\"url\":\"https:\\\/\\\/www.article-marketing.eu\\\/comunicatistampa\\\/author\\\/facile-it\\\/\"}]}<\/script>\n<!-- \/ Yoast SEO plugin. -->","yoast_head_json":{"title":"Covid: oltre 30 milioni di persone hanno sviluppato nuove paure","robots":{"index":"index","follow":"follow","max-snippet":"max-snippet:-1","max-image-preview":"max-image-preview:large","max-video-preview":"max-video-preview:-1"},"canonical":"https:\/\/www.article-marketing.eu\/comunicatistampa\/covid-oltre-30-milioni-di-persone-hanno-sviluppato-nuove-paure\/","og_locale":"it_IT","og_type":"article","og_title":"Covid: oltre 30 milioni di persone hanno sviluppato nuove paure","og_description":"Da pi\u00f9 di un anno a questa parte conviviamo con il virus, il quale non solo ha avuto conseguenze rilevanti sull\u2019economia del Paese e sulle capacit\u00e0 di spesa delle famiglie, ma ha inciso anche sui comportamenti e sul benessere delle persone tanto che pi\u00f9 di 7 individui su 10, pari a oltre 30,7 milioni di italiani, hanno dichiarato di aver sviluppato paure che non avevano prima della pandemia. \u00c8 questoContinue reading...","og_url":"https:\/\/www.article-marketing.eu\/comunicatistampa\/covid-oltre-30-milioni-di-persone-hanno-sviluppato-nuove-paure\/","og_site_name":"Article Marketing","article_published_time":"2021-06-10T12:38:09+00:00","author":"Facile.it","twitter_card":"summary_large_image","twitter_misc":{"Scritto da":"Facile.it","Tempo di lettura stimato":"3 minuti"},"schema":{"@context":"https:\/\/schema.org","@graph":[{"@type":"Article","@id":"https:\/\/www.article-marketing.eu\/comunicatistampa\/covid-oltre-30-milioni-di-persone-hanno-sviluppato-nuove-paure\/#article","isPartOf":{"@id":"https:\/\/www.article-marketing.eu\/comunicatistampa\/covid-oltre-30-milioni-di-persone-hanno-sviluppato-nuove-paure\/"},"author":{"name":"Facile.it","@id":"https:\/\/www.article-marketing.eu\/comunicatistampa\/#\/schema\/person\/1deca6d9e0cf173abfe76a90ef261a2a"},"headline":"Covid: oltre 30 milioni di persone hanno sviluppato nuove paure","datePublished":"2021-06-10T12:38:09+00:00","mainEntityOfPage":{"@id":"https:\/\/www.article-marketing.eu\/comunicatistampa\/covid-oltre-30-milioni-di-persone-hanno-sviluppato-nuove-paure\/"},"wordCount":504,"commentCount":0,"keywords":["#covid","assicurazione vita","facile.it","paure","polizza vita","salute"],"articleSection":["Comunicati stampa"],"inLanguage":"it-IT","potentialAction":[{"@type":"CommentAction","name":"Comment","target":["https:\/\/www.article-marketing.eu\/comunicatistampa\/covid-oltre-30-milioni-di-persone-hanno-sviluppato-nuove-paure\/#respond"]}]},{"@type":"WebPage","@id":"https:\/\/www.article-marketing.eu\/comunicatistampa\/covid-oltre-30-milioni-di-persone-hanno-sviluppato-nuove-paure\/","url":"https:\/\/www.article-marketing.eu\/comunicatistampa\/covid-oltre-30-milioni-di-persone-hanno-sviluppato-nuove-paure\/","name":"Covid: oltre 30 milioni di persone hanno sviluppato nuove paure","isPartOf":{"@id":"https:\/\/www.article-marketing.eu\/comunicatistampa\/#website"},"datePublished":"2021-06-10T12:38:09+00:00","author":{"@id":"https:\/\/www.article-marketing.eu\/comunicatistampa\/#\/schema\/person\/1deca6d9e0cf173abfe76a90ef261a2a"},"breadcrumb":{"@id":"https:\/\/www.article-marketing.eu\/comunicatistampa\/covid-oltre-30-milioni-di-persone-hanno-sviluppato-nuove-paure\/#breadcrumb"},"inLanguage":"it-IT","potentialAction":[{"@type":"ReadAction","target":["https:\/\/www.article-marketing.eu\/comunicatistampa\/covid-oltre-30-milioni-di-persone-hanno-sviluppato-nuove-paure\/"]}]},{"@type":"BreadcrumbList","@id":"https:\/\/www.article-marketing.eu\/comunicatistampa\/covid-oltre-30-milioni-di-persone-hanno-sviluppato-nuove-paure\/#breadcrumb","itemListElement":[{"@type":"ListItem","position":1,"name":"Home","item":"https:\/\/www.article-marketing.eu\/comunicatistampa\/"},{"@type":"ListItem","position":2,"name":"Covid: oltre 30 milioni di persone hanno sviluppato nuove paure"}]},{"@type":"WebSite","@id":"https:\/\/www.article-marketing.eu\/comunicatistampa\/#website","url":"https:\/\/www.article-marketing.eu\/comunicatistampa\/","name":"Article Marketing","description":"article marketing &amp; press release","potentialAction":[{"@type":"SearchAction","target":{"@type":"EntryPoint","urlTemplate":"https:\/\/www.article-marketing.eu\/comunicatistampa\/?s={search_term_string}"},"query-input":{"@type":"PropertyValueSpecification","valueRequired":true,"valueName":"search_term_string"}}],"inLanguage":"it-IT"},{"@type":"Person","@id":"https:\/\/www.article-marketing.eu\/comunicatistampa\/#\/schema\/person\/1deca6d9e0cf173abfe76a90ef261a2a","name":"Facile.it","image":{"@type":"ImageObject","inLanguage":"it-IT","@id":"https:\/\/secure.gravatar.com\/avatar\/2623775dfcd174bde1a788a4bc028e9035747fa40886953f4954f56c45cf4b34?s=96&d=mm&r=g","url":"https:\/\/secure.gravatar.com\/avatar\/2623775dfcd174bde1a788a4bc028e9035747fa40886953f4954f56c45cf4b34?s=96&d=mm&r=g","contentUrl":"https:\/\/secure.gravatar.com\/avatar\/2623775dfcd174bde1a788a4bc028e9035747fa40886953f4954f56c45cf4b34?s=96&d=mm&r=g","caption":"Facile.it"},"url":"https:\/\/www.article-marketing.eu\/comunicatistampa\/author\/facile-it\/"}]}},"_links":{"self":[{"href":"https:\/\/www.article-marketing.eu\/comunicatistampa\/wp-json\/wp\/v2\/posts\/19102","targetHints":{"allow":["GET"]}}],"collection":[{"href":"https:\/\/www.article-marketing.eu\/comunicatistampa\/wp-json\/wp\/v2\/posts"}],"about":[{"href":"https:\/\/www.article-marketing.eu\/comunicatistampa\/wp-json\/wp\/v2\/types\/post"}],"author":[{"embeddable":true,"href":"https:\/\/www.article-marketing.eu\/comunicatistampa\/wp-json\/wp\/v2\/users\/62"}],"replies":[{"embeddable":true,"href":"https:\/\/www.article-marketing.eu\/comunicatistampa\/wp-json\/wp\/v2\/comments?post=19102"}],"version-history":[{"count":2,"href":"https:\/\/www.article-marketing.eu\/comunicatistampa\/wp-json\/wp\/v2\/posts\/19102\/revisions"}],"predecessor-version":[{"id":19118,"href":"https:\/\/www.article-marketing.eu\/comunicatistampa\/wp-json\/wp\/v2\/posts\/19102\/revisions\/19118"}],"wp:attachment":[{"href":"https:\/\/www.article-marketing.eu\/comunicatistampa\/wp-json\/wp\/v2\/media?parent=19102"}],"wp:term":[{"taxonomy":"category","embeddable":true,"href":"https:\/\/www.article-marketing.eu\/comunicatistampa\/wp-json\/wp\/v2\/categories?post=19102"},{"taxonomy":"post_tag","embeddable":true,"href":"https:\/\/www.article-marketing.eu\/comunicatistampa\/wp-json\/wp\/v2\/tags?post=19102"}],"curies":[{"name":"wp","href":"https:\/\/api.w.org\/{rel}","templated":true}]}}