{"id":19107,"date":"2021-06-10T14:36:47","date_gmt":"2021-06-10T12:36:47","guid":{"rendered":"https:\/\/www.article-marketing.eu\/comunicatistampa\/?p=19107"},"modified":"2021-06-10T14:36:47","modified_gmt":"2021-06-10T12:36:47","slug":"come-formare-i-responsabili-dei-manufatti-contenenti-amianto","status":"publish","type":"post","link":"https:\/\/www.article-marketing.eu\/comunicatistampa\/come-formare-i-responsabili-dei-manufatti-contenenti-amianto\/","title":{"rendered":"Come formare i responsabili dei manufatti contenenti amianto"},"content":{"rendered":"<h3>Comunicato Stampa<\/h3>\n<h3>Come formare i responsabili dei manufatti contenenti amianto<\/h3>\n<p><strong><em>Un corso in presenza a Brescia il 28, 29 e 30 giugno 2021 per la formazione dei responsabili del rischio amianto. L\u2019obiettivo \u00e8 di favorire le conoscenze per la localizzazione, la caratterizzazione e la valutazione dei manufatti contenenti amianto.<\/em><\/strong><\/p>\n<p>&nbsp;<\/p>\n<p>L\u2019<strong>amianto<\/strong>, bench\u00e9 una legge nel 1992 ne abbia bandito estrazione e impiego, \u00e8 ancora largamente presente nel nostro territorio. Secondo alcune stime in Italia sono circa 10 milioni le unit\u00e0 immobiliari in cui si possono trovare <strong>materiali contenenti amianto<\/strong> e le sole coperture in cemento amianto ammontano quasi a 2 miliardi di metri quadri.<\/p>\n<p>Proprio per ovviare ai rischi correlati alla presenza di amianto nelle strutture edili, il <strong>Decreto ministeriale 6 settembre 1994<\/strong> indica che dal momento in cui viene \u201c<em>rilevata la presenza di materiali contenenti amianto in un edificio, \u00e8 necessario che sia messo in atto un <strong>programma di controllo e manutenzione<\/strong> al fine di ridurre al minimo l&#8217;esposizione degli occupanti<\/em>\u201d. E il proprietario dell&#8217;immobile e\/o il responsabile dell&#8217;attivit\u00e0 che vi si svolge dovr\u00e0 \u201c<em>designare una <strong>figura responsabile con compiti di controllo e coordinamento<\/strong> di tutte le attivit\u00e0 manutentive che possono interessare i materiali di amianto<\/em>\u201d.<\/p>\n<p>Tuttavia per questa figura, denominata \u201c<strong>Responsabile del Rischio Amianto<\/strong>\u201d (RRA), in questi anni non sono state ancora fornite chiare indicazioni sulla durata del percorso formativo, sugli enti formatori e sui contenuti dei corsi di formazione.<\/p>\n<p>&nbsp;<\/p>\n<p><strong>Il nuovo corso per il responsabile dei manufatti contenenti amianto<\/strong><\/p>\n<p>Proprio per riuscire a fornire comunque una formazione adeguata a queste figure professionali cos\u00ec importanti per la prevenzione del rischio amianto, l\u2019<strong>Associazione Italiana Formatori ed Operatori della Sicurezza sul Lavoro<\/strong> (AiFOS) organizza a Brescia il <strong>28, 29 e 30 giugno 2021 <\/strong>un corso di 24 ore in presenza dal titolo \u201c<strong>Responsabile dei manufatti contenenti amianto con compiti di controllo e manutenzione<\/strong><strong>\u200b<\/strong>\u201d.<\/p>\n<p>Il corso \u00e8 rivolto non solo ai tecnici aventi il compito di controllare i manufatti contenenti amianto e di redigere i piani di manutenzione, ma anche a RSPP\/ASPP, formatori, consulenti, coordinatori e tecnici della prevenzione. E ha l\u2019<strong>obiettivo<\/strong> di favorire le conoscenze per la localizzazione, la caratterizzazione e la valutazione dei manufatti contenenti amianto.<\/p>\n<p>In particolare, verranno fornite le competenze necessarie per:<\/p>\n<ul>\n<li>riconoscere le diverse tipologie di materiali contenenti amianto ed il grado di rischio causato dall\u2019esposizione ad esso;<\/li>\n<li>redigere il programma di controllo e manutenzione, l\u2019informativa agli occupanti ed i report annuali.<\/li>\n<\/ul>\n<p>&nbsp;<\/p>\n<p>Il <strong>docente<\/strong> del corso in presenza sar\u00e0 <strong>Marco Magro<\/strong>, consulente e formatore esperto sicurezza sul lavoro e tematiche relative all\u2019amianto.<\/p>\n<p>&nbsp;<\/p>\n<p><strong>Le competenze necessarie per i responsabili del rischio amianto<\/strong><\/p>\n<p>La normativa prevede che il <strong>Responsabile del Rischio Amianto<\/strong> (RRA) coordini le attivit\u00e0 di manutenzione che possono riguardare i materiali contenenti amianto (MCA) e che sia di supporto in merito a diverse attivit\u00e0 inerenti il rischio amianto.<\/p>\n<p>In questo senso sono diverse le <strong>competenze<\/strong> necessarie.<\/p>\n<p>Ad esempio:<\/p>\n<ul>\n<li>saper coordinare e gestire al meglio le attivit\u00e0 di manutenzione sui materiali contenenti amianto;<\/li>\n<li>accertare la presenza di MCA per assistere il proprietario e\/o il responsabile nelle attivit\u00e0 di censimento;<\/li>\n<li>saper utilizzare adeguate metodologie per la valutazione dei rischi associati alla presenza dei materiali;<\/li>\n<li>gestire le attivit\u00e0 di custodia in modo codificato redigendo il piano di controllo e manutenzione sui MCA;<\/li>\n<li>conoscere le tecniche di bonifica e i rischi, oltre che i costi, a queste associate in modo da indirizzare al meglio il proprio committente;<\/li>\n<li>gestire adeguatamente la comunicazione del rischio.<\/li>\n<\/ul>\n<p>&nbsp;<\/p>\n<p><strong>Il programma e le informazioni sul corso<\/strong><\/p>\n<p>Il corso di 24 ore in presenza \u201c<strong>Responsabile dei manufatti contenenti amianto con compiti di controllo e manutenzione<\/strong>\u201d si svolger\u00e0 dunque nei giorni <strong>28, 29 e 30 giugno 2021 <\/strong>(9.00\/18.00), con esame pratico finale, a Brescia presso la sede di AiFOS Service in Via Branze, 45, c\/o CSMT, Universit\u00e0 degli studi di Brescia<\/p>\n<p>&nbsp;<\/p>\n<p>Questi alcuni degli <strong>argomenti<\/strong> affrontati nelle tre giornate:<\/p>\n<ul>\n<li>Normativa italiana e regionale sull\u2019amianto<\/li>\n<li>Tipologie materiali contenenti amianto<\/li>\n<li>Le malattie principali connesse all\u2019esposizione alle fibre di amianto<\/li>\n<li>Modalit\u00e0 di protezione dalle fibre<\/li>\n<li>Modalit\u00e0 di campionamento (campioni massivi e aria)<\/li>\n<li>Monitoraggi delle fibre aereodisperse<\/li>\n<li>Metodologie di analisi<\/li>\n<li>Compilazione schede di censimento<\/li>\n<li>Indici di valutazione (versar, regionali)<\/li>\n<li>Cenni normativi lavori in quota<\/li>\n<li>Valutazione del rischio amianto<\/li>\n<li>Predisposizione programma di manutenzione e controllo<\/li>\n<li>L\u2019informativa agli occupanti<\/li>\n<li>Verifica requisiti operatori amianto e procedure bonifica<\/li>\n<li>FAV<\/li>\n<li>Gestione rifiuti<\/li>\n<li>Sorveglianza sanitaria<\/li>\n<li>Responsabilit\u00e0 e sanzioni<\/li>\n<li>Uso DPI e vestizione\/svestizione<\/li>\n<li>Protezione del respiro e fit-test<\/li>\n<li>Posizionamento campionatori<\/li>\n<li>Campionamenti e valutazioni in campo.<\/li>\n<\/ul>\n<p>&nbsp;<\/p>\n<p>Il corso \u00e8 valido come <strong>16 ore<\/strong> <strong>di aggiornamento<\/strong> per RSPP\/ASPP, coordinatori alla sicurezza, formatori qualificati seconda area tematica, HSE (area tecnica in materia di sicurezza sul lavoro), Consulenti AiFOS (ambito sicurezza sul lavoro).<\/p>\n<p>&nbsp;<\/p>\n<p>Per avere ulteriori dettagli sul corso e iscriversi, \u00e8 possibile utilizzare questo link: <a href=\"https:\/\/aifos.org\/home\/formazione\/corsi\/corsi-in-programma\/corsi-in-programma\/responsabile_dei_manufatti_contenenti_amianto_con_compiti_di_controllo_e_manutezione\">https:\/\/aifos.org\/home\/formazione\/corsi\/corsi-in-programma\/corsi-in-programma\/responsabile_dei_manufatti_contenenti_amianto_con_compiti_di_controllo_e_manutezione<\/a><\/p>\n<p>&nbsp;<\/p>\n<p>&nbsp;<\/p>\n<p>&nbsp;<\/p>\n<p>Per informazioni e iscrizioni:<\/p>\n<p><strong>Sede nazionale AiFOS<\/strong> &#8211; via Branze, 45 &#8211; 25123 Brescia c\/o CSMT, Universit\u00e0 degli Studi di Brescia &#8211; tel.030.6595031 &#8211; fax 030.6595040 <a href=\"http:\/\/www.aifos.it\">www.aifos.it<\/a> &#8211; <a href=\"mailto:info@aifos.it\">info@aifos.it<\/a> &#8211; formarsi@aifos.it<\/p>\n<p>&nbsp;<\/p>\n<p><em>\u00a0<\/em><\/p>\n<p><em>10 giugno 2021<\/em><\/p>\n<p>&nbsp;<\/p>\n<p>Ufficio Stampa di AiFOS<\/p>\n<p>ufficiostampa@aifos.it<\/p>\n<p>http:\/\/www.aifos.it\/<\/p>\n","protected":false},"excerpt":{"rendered":"<p>Comunicato Stampa Come formare i responsabili dei manufatti contenenti amianto Un corso in presenza a Brescia il 28, 29 e 30 giugno 2021 per la formazione dei responsabili del rischio amianto. L\u2019obiettivo \u00e8 di favorire le conoscenze per la localizzazione, la caratterizzazione e la valutazione dei manufatti contenenti amianto. &nbsp; L\u2019amianto, bench\u00e9 una legge nel 1992 ne abbia bandito estrazione e impiego, \u00e8 ancora largamente presente nel nostro territorio. Secondo<\/p>\n<p><a class=\"continue-reading\" href=\"https:\/\/www.article-marketing.eu\/comunicatistampa\/come-formare-i-responsabili-dei-manufatti-contenenti-amianto\/\">Continue reading&#8230;<\/a><\/p>\n","protected":false},"author":881,"featured_media":0,"comment_status":"open","ping_status":"open","sticky":false,"template":"","format":"standard","meta":{"_monsterinsights_skip_tracking":false,"_monsterinsights_sitenote_active":false,"_monsterinsights_sitenote_note":"","_monsterinsights_sitenote_category":0,"footnotes":""},"categories":[416,78,379,378,369,394],"tags":[3301,6396,3235,791,6393,6399,6394,6390,6397,1861,6395,6391,6392,6398],"class_list":["post-19107","post","type-post","status-publish","format-standard","hentry","category-ambiente","category-comunicati-stampa","category-corsi","category-istruzione","category-salute-e-benessere","category-servizi","tag-aifos","tag-bonifica","tag-brescia","tag-corso","tag-decreto-ministeriale-6-settembre-1994","tag-fibre-aerodisperse","tag-manufatti-contenenti-amianto","tag-materiali-contenenti-amianto","tag-mca","tag-percorso-formativo","tag-responsabile-dei-manufatti-contenenti-amianto-con-compiti-di-controllo-e-manutenzione","tag-responsabile-del-rischio-amianto","tag-rra","tag-valutazione-del-rischio-amianto"],"yoast_head":"<!-- This site is optimized with the Yoast SEO plugin v27.3 - https:\/\/yoast.com\/product\/yoast-seo-wordpress\/ -->\n<title>Come formare i responsabili dei manufatti contenenti amianto<\/title>\n<meta name=\"robots\" content=\"index, follow, max-snippet:-1, max-image-preview:large, max-video-preview:-1\" \/>\n<link rel=\"canonical\" href=\"https:\/\/www.article-marketing.eu\/comunicatistampa\/come-formare-i-responsabili-dei-manufatti-contenenti-amianto\/\" \/>\n<meta property=\"og:locale\" content=\"it_IT\" \/>\n<meta property=\"og:type\" content=\"article\" \/>\n<meta property=\"og:title\" content=\"Come formare i responsabili dei manufatti contenenti amianto\" \/>\n<meta property=\"og:description\" content=\"Comunicato Stampa Come formare i responsabili dei manufatti contenenti amianto Un corso in presenza a Brescia il 28, 29 e 30 giugno 2021 per la formazione dei responsabili del rischio amianto. L\u2019obiettivo \u00e8 di favorire le conoscenze per la localizzazione, la caratterizzazione e la valutazione dei manufatti contenenti amianto. &nbsp; L\u2019amianto, bench\u00e9 una legge nel 1992 ne abbia bandito estrazione e impiego, \u00e8 ancora largamente presente nel nostro territorio. SecondoContinue reading...\" \/>\n<meta property=\"og:url\" content=\"https:\/\/www.article-marketing.eu\/comunicatistampa\/come-formare-i-responsabili-dei-manufatti-contenenti-amianto\/\" \/>\n<meta property=\"og:site_name\" content=\"Article Marketing\" \/>\n<meta property=\"article:published_time\" content=\"2021-06-10T12:36:47+00:00\" \/>\n<meta name=\"author\" content=\"AIFUS\" \/>\n<meta name=\"twitter:card\" content=\"summary_large_image\" \/>\n<meta name=\"twitter:label1\" content=\"Scritto da\" \/>\n\t<meta name=\"twitter:data1\" content=\"AIFUS\" \/>\n\t<meta name=\"twitter:label2\" content=\"Tempo di lettura stimato\" \/>\n\t<meta name=\"twitter:data2\" content=\"4 minuti\" \/>\n<script type=\"application\/ld+json\" class=\"yoast-schema-graph\">{\"@context\":\"https:\\\/\\\/schema.org\",\"@graph\":[{\"@type\":\"Article\",\"@id\":\"https:\\\/\\\/www.article-marketing.eu\\\/comunicatistampa\\\/come-formare-i-responsabili-dei-manufatti-contenenti-amianto\\\/#article\",\"isPartOf\":{\"@id\":\"https:\\\/\\\/www.article-marketing.eu\\\/comunicatistampa\\\/come-formare-i-responsabili-dei-manufatti-contenenti-amianto\\\/\"},\"author\":{\"name\":\"AIFUS\",\"@id\":\"https:\\\/\\\/www.article-marketing.eu\\\/comunicatistampa\\\/#\\\/schema\\\/person\\\/d1985c4955ff71a05f49d68e3034b3cd\"},\"headline\":\"Come formare i responsabili dei manufatti contenenti amianto\",\"datePublished\":\"2021-06-10T12:36:47+00:00\",\"mainEntityOfPage\":{\"@id\":\"https:\\\/\\\/www.article-marketing.eu\\\/comunicatistampa\\\/come-formare-i-responsabili-dei-manufatti-contenenti-amianto\\\/\"},\"wordCount\":847,\"commentCount\":0,\"keywords\":[\"Aifos\",\"bonifica\",\"Brescia\",\"corso\",\"Decreto ministeriale 6 settembre 1994\",\"fibre aerodisperse\",\"manufatti contenenti amianto\",\"materiali contenenti amianto\",\"MCA\",\"percorso formativo\",\"Responsabile dei manufatti contenenti amianto con compiti di controllo e manutenzione\",\"Responsabile del Rischio Amianto\",\"RRA\",\"valutazione del rischio amianto\"],\"articleSection\":[\"Ambiente\",\"Comunicati stampa\",\"Corsi\",\"Istruzione\",\"Salute e benessere\",\"Servizi\"],\"inLanguage\":\"it-IT\",\"potentialAction\":[{\"@type\":\"CommentAction\",\"name\":\"Comment\",\"target\":[\"https:\\\/\\\/www.article-marketing.eu\\\/comunicatistampa\\\/come-formare-i-responsabili-dei-manufatti-contenenti-amianto\\\/#respond\"]}]},{\"@type\":\"WebPage\",\"@id\":\"https:\\\/\\\/www.article-marketing.eu\\\/comunicatistampa\\\/come-formare-i-responsabili-dei-manufatti-contenenti-amianto\\\/\",\"url\":\"https:\\\/\\\/www.article-marketing.eu\\\/comunicatistampa\\\/come-formare-i-responsabili-dei-manufatti-contenenti-amianto\\\/\",\"name\":\"Come formare i responsabili dei manufatti contenenti amianto\",\"isPartOf\":{\"@id\":\"https:\\\/\\\/www.article-marketing.eu\\\/comunicatistampa\\\/#website\"},\"datePublished\":\"2021-06-10T12:36:47+00:00\",\"author\":{\"@id\":\"https:\\\/\\\/www.article-marketing.eu\\\/comunicatistampa\\\/#\\\/schema\\\/person\\\/d1985c4955ff71a05f49d68e3034b3cd\"},\"breadcrumb\":{\"@id\":\"https:\\\/\\\/www.article-marketing.eu\\\/comunicatistampa\\\/come-formare-i-responsabili-dei-manufatti-contenenti-amianto\\\/#breadcrumb\"},\"inLanguage\":\"it-IT\",\"potentialAction\":[{\"@type\":\"ReadAction\",\"target\":[\"https:\\\/\\\/www.article-marketing.eu\\\/comunicatistampa\\\/come-formare-i-responsabili-dei-manufatti-contenenti-amianto\\\/\"]}]},{\"@type\":\"BreadcrumbList\",\"@id\":\"https:\\\/\\\/www.article-marketing.eu\\\/comunicatistampa\\\/come-formare-i-responsabili-dei-manufatti-contenenti-amianto\\\/#breadcrumb\",\"itemListElement\":[{\"@type\":\"ListItem\",\"position\":1,\"name\":\"Home\",\"item\":\"https:\\\/\\\/www.article-marketing.eu\\\/comunicatistampa\\\/\"},{\"@type\":\"ListItem\",\"position\":2,\"name\":\"Come formare i responsabili dei manufatti contenenti amianto\"}]},{\"@type\":\"WebSite\",\"@id\":\"https:\\\/\\\/www.article-marketing.eu\\\/comunicatistampa\\\/#website\",\"url\":\"https:\\\/\\\/www.article-marketing.eu\\\/comunicatistampa\\\/\",\"name\":\"Article Marketing\",\"description\":\"article marketing &amp; press release\",\"potentialAction\":[{\"@type\":\"SearchAction\",\"target\":{\"@type\":\"EntryPoint\",\"urlTemplate\":\"https:\\\/\\\/www.article-marketing.eu\\\/comunicatistampa\\\/?s={search_term_string}\"},\"query-input\":{\"@type\":\"PropertyValueSpecification\",\"valueRequired\":true,\"valueName\":\"search_term_string\"}}],\"inLanguage\":\"it-IT\"},{\"@type\":\"Person\",\"@id\":\"https:\\\/\\\/www.article-marketing.eu\\\/comunicatistampa\\\/#\\\/schema\\\/person\\\/d1985c4955ff71a05f49d68e3034b3cd\",\"name\":\"AIFUS\",\"image\":{\"@type\":\"ImageObject\",\"inLanguage\":\"it-IT\",\"@id\":\"https:\\\/\\\/secure.gravatar.com\\\/avatar\\\/05cf2a2ba057667571308b94c84f00ff48766ffac95710a87491a9b3ddcee484?s=96&d=mm&r=g\",\"url\":\"https:\\\/\\\/secure.gravatar.com\\\/avatar\\\/05cf2a2ba057667571308b94c84f00ff48766ffac95710a87491a9b3ddcee484?s=96&d=mm&r=g\",\"contentUrl\":\"https:\\\/\\\/secure.gravatar.com\\\/avatar\\\/05cf2a2ba057667571308b94c84f00ff48766ffac95710a87491a9b3ddcee484?s=96&d=mm&r=g\",\"caption\":\"AIFUS\"},\"url\":\"https:\\\/\\\/www.article-marketing.eu\\\/comunicatistampa\\\/author\\\/aifus\\\/\"}]}<\/script>\n<!-- \/ Yoast SEO plugin. -->","yoast_head_json":{"title":"Come formare i responsabili dei manufatti contenenti amianto","robots":{"index":"index","follow":"follow","max-snippet":"max-snippet:-1","max-image-preview":"max-image-preview:large","max-video-preview":"max-video-preview:-1"},"canonical":"https:\/\/www.article-marketing.eu\/comunicatistampa\/come-formare-i-responsabili-dei-manufatti-contenenti-amianto\/","og_locale":"it_IT","og_type":"article","og_title":"Come formare i responsabili dei manufatti contenenti amianto","og_description":"Comunicato Stampa Come formare i responsabili dei manufatti contenenti amianto Un corso in presenza a Brescia il 28, 29 e 30 giugno 2021 per la formazione dei responsabili del rischio amianto. L\u2019obiettivo \u00e8 di favorire le conoscenze per la localizzazione, la caratterizzazione e la valutazione dei manufatti contenenti amianto. &nbsp; L\u2019amianto, bench\u00e9 una legge nel 1992 ne abbia bandito estrazione e impiego, \u00e8 ancora largamente presente nel nostro territorio. SecondoContinue reading...","og_url":"https:\/\/www.article-marketing.eu\/comunicatistampa\/come-formare-i-responsabili-dei-manufatti-contenenti-amianto\/","og_site_name":"Article Marketing","article_published_time":"2021-06-10T12:36:47+00:00","author":"AIFUS","twitter_card":"summary_large_image","twitter_misc":{"Scritto da":"AIFUS","Tempo di lettura stimato":"4 minuti"},"schema":{"@context":"https:\/\/schema.org","@graph":[{"@type":"Article","@id":"https:\/\/www.article-marketing.eu\/comunicatistampa\/come-formare-i-responsabili-dei-manufatti-contenenti-amianto\/#article","isPartOf":{"@id":"https:\/\/www.article-marketing.eu\/comunicatistampa\/come-formare-i-responsabili-dei-manufatti-contenenti-amianto\/"},"author":{"name":"AIFUS","@id":"https:\/\/www.article-marketing.eu\/comunicatistampa\/#\/schema\/person\/d1985c4955ff71a05f49d68e3034b3cd"},"headline":"Come formare i responsabili dei manufatti contenenti amianto","datePublished":"2021-06-10T12:36:47+00:00","mainEntityOfPage":{"@id":"https:\/\/www.article-marketing.eu\/comunicatistampa\/come-formare-i-responsabili-dei-manufatti-contenenti-amianto\/"},"wordCount":847,"commentCount":0,"keywords":["Aifos","bonifica","Brescia","corso","Decreto ministeriale 6 settembre 1994","fibre aerodisperse","manufatti contenenti amianto","materiali contenenti amianto","MCA","percorso formativo","Responsabile dei manufatti contenenti amianto con compiti di controllo e manutenzione","Responsabile del Rischio Amianto","RRA","valutazione del rischio amianto"],"articleSection":["Ambiente","Comunicati stampa","Corsi","Istruzione","Salute e benessere","Servizi"],"inLanguage":"it-IT","potentialAction":[{"@type":"CommentAction","name":"Comment","target":["https:\/\/www.article-marketing.eu\/comunicatistampa\/come-formare-i-responsabili-dei-manufatti-contenenti-amianto\/#respond"]}]},{"@type":"WebPage","@id":"https:\/\/www.article-marketing.eu\/comunicatistampa\/come-formare-i-responsabili-dei-manufatti-contenenti-amianto\/","url":"https:\/\/www.article-marketing.eu\/comunicatistampa\/come-formare-i-responsabili-dei-manufatti-contenenti-amianto\/","name":"Come formare i responsabili dei manufatti contenenti amianto","isPartOf":{"@id":"https:\/\/www.article-marketing.eu\/comunicatistampa\/#website"},"datePublished":"2021-06-10T12:36:47+00:00","author":{"@id":"https:\/\/www.article-marketing.eu\/comunicatistampa\/#\/schema\/person\/d1985c4955ff71a05f49d68e3034b3cd"},"breadcrumb":{"@id":"https:\/\/www.article-marketing.eu\/comunicatistampa\/come-formare-i-responsabili-dei-manufatti-contenenti-amianto\/#breadcrumb"},"inLanguage":"it-IT","potentialAction":[{"@type":"ReadAction","target":["https:\/\/www.article-marketing.eu\/comunicatistampa\/come-formare-i-responsabili-dei-manufatti-contenenti-amianto\/"]}]},{"@type":"BreadcrumbList","@id":"https:\/\/www.article-marketing.eu\/comunicatistampa\/come-formare-i-responsabili-dei-manufatti-contenenti-amianto\/#breadcrumb","itemListElement":[{"@type":"ListItem","position":1,"name":"Home","item":"https:\/\/www.article-marketing.eu\/comunicatistampa\/"},{"@type":"ListItem","position":2,"name":"Come formare i responsabili dei manufatti contenenti amianto"}]},{"@type":"WebSite","@id":"https:\/\/www.article-marketing.eu\/comunicatistampa\/#website","url":"https:\/\/www.article-marketing.eu\/comunicatistampa\/","name":"Article Marketing","description":"article marketing &amp; press release","potentialAction":[{"@type":"SearchAction","target":{"@type":"EntryPoint","urlTemplate":"https:\/\/www.article-marketing.eu\/comunicatistampa\/?s={search_term_string}"},"query-input":{"@type":"PropertyValueSpecification","valueRequired":true,"valueName":"search_term_string"}}],"inLanguage":"it-IT"},{"@type":"Person","@id":"https:\/\/www.article-marketing.eu\/comunicatistampa\/#\/schema\/person\/d1985c4955ff71a05f49d68e3034b3cd","name":"AIFUS","image":{"@type":"ImageObject","inLanguage":"it-IT","@id":"https:\/\/secure.gravatar.com\/avatar\/05cf2a2ba057667571308b94c84f00ff48766ffac95710a87491a9b3ddcee484?s=96&d=mm&r=g","url":"https:\/\/secure.gravatar.com\/avatar\/05cf2a2ba057667571308b94c84f00ff48766ffac95710a87491a9b3ddcee484?s=96&d=mm&r=g","contentUrl":"https:\/\/secure.gravatar.com\/avatar\/05cf2a2ba057667571308b94c84f00ff48766ffac95710a87491a9b3ddcee484?s=96&d=mm&r=g","caption":"AIFUS"},"url":"https:\/\/www.article-marketing.eu\/comunicatistampa\/author\/aifus\/"}]}},"_links":{"self":[{"href":"https:\/\/www.article-marketing.eu\/comunicatistampa\/wp-json\/wp\/v2\/posts\/19107","targetHints":{"allow":["GET"]}}],"collection":[{"href":"https:\/\/www.article-marketing.eu\/comunicatistampa\/wp-json\/wp\/v2\/posts"}],"about":[{"href":"https:\/\/www.article-marketing.eu\/comunicatistampa\/wp-json\/wp\/v2\/types\/post"}],"author":[{"embeddable":true,"href":"https:\/\/www.article-marketing.eu\/comunicatistampa\/wp-json\/wp\/v2\/users\/881"}],"replies":[{"embeddable":true,"href":"https:\/\/www.article-marketing.eu\/comunicatistampa\/wp-json\/wp\/v2\/comments?post=19107"}],"version-history":[{"count":2,"href":"https:\/\/www.article-marketing.eu\/comunicatistampa\/wp-json\/wp\/v2\/posts\/19107\/revisions"}],"predecessor-version":[{"id":19114,"href":"https:\/\/www.article-marketing.eu\/comunicatistampa\/wp-json\/wp\/v2\/posts\/19107\/revisions\/19114"}],"wp:attachment":[{"href":"https:\/\/www.article-marketing.eu\/comunicatistampa\/wp-json\/wp\/v2\/media?parent=19107"}],"wp:term":[{"taxonomy":"category","embeddable":true,"href":"https:\/\/www.article-marketing.eu\/comunicatistampa\/wp-json\/wp\/v2\/categories?post=19107"},{"taxonomy":"post_tag","embeddable":true,"href":"https:\/\/www.article-marketing.eu\/comunicatistampa\/wp-json\/wp\/v2\/tags?post=19107"}],"curies":[{"name":"wp","href":"https:\/\/api.w.org\/{rel}","templated":true}]}}