{"id":19121,"date":"2021-06-13T01:23:31","date_gmt":"2021-06-12T23:23:31","guid":{"rendered":"https:\/\/www.article-marketing.eu\/comunicatistampa\/?p=19121"},"modified":"2022-03-08T18:06:13","modified_gmt":"2022-03-08T17:06:13","slug":"e-senza-confini-cover-me-il-primo-contest-italiano-dedicato-a-bruce-springsteen","status":"publish","type":"post","link":"https:\/\/www.article-marketing.eu\/comunicatistampa\/e-senza-confini-cover-me-il-primo-contest-italiano-dedicato-a-bruce-springsteen\/","title":{"rendered":"\u00c9 senza confini &#8220;cover me&#8221;, il primo contest italiano dedicato a Bruce Springsteen"},"content":{"rendered":"<p>60 artisti, di cui 10 internazionali, e una giuria di qualit\u00e0, che avr\u00e0 il compito di selezionare le 30 cover pi\u00f9 originali. Il successo di Cover Me replica anche nella sua seconda edizione e diventa live con un tour estivo di tre tappe a ingresso gratuito a Lecco, Milano e Bergamo. Dal 10 al 30 luglio sar\u00e0 il pubblico ad esprimere la propria preferenza e decretare i 15 finalisti del contest che si esibiranno live nella finale di domenica 29 agosto a Bergamo.<\/p>\n<p>Bergamo, 10 giugno 2021 \u2013 Si apre una nuova fase di \u201cCover Me\u201d, il primo contest in Italia dedicato a Bruce Springsteen. Dal 10 al 20 giugno la giuria di qualit\u00e0 dovr\u00e0 selezionare le 30 proposte pi\u00f9 originali che per la prima volta dopo la pandemia, hanno la possibilit\u00e0 di salire sul palco in un tour live con tre tappe aperte al pubblico: sabato 17 luglio a Malgrate (LC), mercoled\u00ec 21 Luglio a Milano e venerd\u00ec 23 luglio a Bergamo. Un&#8217;occasione imperdibile per i fan di ascoltare le migliori interpretazioni dei brani del rocker dal vivo, ma anche per gli artisti di calcare un palcoscenico che sa di ripartenza per il mondo della musica post Covid-19. Ma non solo, dal 10 luglio al 30 luglio sul sito web www.noiespringsteen.com per il pubblico sar\u00e0 possibile votare l\u2019interpretazione preferita tra le 30 cover che avranno superato il verdetto della giuria di qualit\u00e0 e decretare i 15 finalisti del contest ideato dal gruppo Noi &amp; Springsteen.<\/p>\n<p>I PARTECIPANTI. La seconda edizione del contest conferma il successo di partecipazione con 60 artisti iscritti, 50 dall\u2019Italia e 10 dal Mondo. Da Catania, Como, Napoli, Roma, Cagliari, Torino, Milano e altre citt\u00e0 italiane, ma anche Germania, Spagna, Stati Uniti e Regno Unito, la forza di The Boss non conosce confini. Cover Me \u00e8 un contest italiano che apre le porte a tutto il mondo per onorare la grande leggenda del rock in una sfida di altissimo livello che porter\u00e0 alla selezione della migliore interpretazione originale di un suo brano senza snaturarne l&#8217;essenza e la melodia. 12 gli album dai quali sono stati tratti i brani presentati, 60% dei quali reinterpretati una sola volta, mentre il restante 40% circa le cover presentate pi\u00f9 volte sulle strofe pi\u00f9 rappresentative come Factory, e Dancing in the Dark. Pilastri della discografia della rockstar che renderanno gli appuntamenti live unici per gli appassionati.<\/p>\n<p>IL VOTO DEL PUBBLICO. Dal 10 luglio il pubblico sar\u00e0 chiamato ad esprimersi e potr\u00e0 votare sul sito www.noiespringsteen.com il miglior arrangiamento, ma non \u00e8 tutto, quest\u2019edizione porter\u00e0 sul palco le 30 cover, primo appuntamento di Cover Me Live, sabato 17 luglio a Rio Torto Malgrate\/Valmadrera (LC). Tappa infrasettimanale, invece, per Milano che raccoglier\u00e0 i fan di Springsteen presso il The Legend mercoled\u00ec 21 luglio 2021. Senza dimenticare l&#8217;appuntamento in casa di Noi &amp; Springsteen a Bergamo in programma venerd\u00ec 23 luglio 2021. Seguiranno maggiori informazioni sui canali social di NOI &amp; SPRINGSTEEN e sul sito www.noiespringsteen.com (in tutte le tre date gli ingressi saranno liberi).<\/p>\n<p>Un assaggio della finale, che si preannuncia infuocata, in programma per domenica 29 agosto al Seminarino di Bergamo Alta nella giornata conclusiva dell\u2019evento live \u201cBergamo racconta Springsteen V Edizione\u201d che si terr\u00e0 dal 27 al 29 Agosto 2021.<\/p>\n","protected":false},"excerpt":{"rendered":"<p>60 artisti, di cui 10 internazionali, e una giuria di qualit\u00e0, che avr\u00e0 il compito di selezionare le 30 cover pi\u00f9 originali. Il successo di Cover Me replica anche nella sua seconda edizione e diventa live con un tour estivo di tre tappe a ingresso gratuito a Lecco, Milano e Bergamo. Dal 10 al 30 luglio sar\u00e0 il pubblico ad esprimere la propria preferenza e decretare i 15 finalisti del<\/p>\n<p><a class=\"continue-reading\" href=\"https:\/\/www.article-marketing.eu\/comunicatistampa\/e-senza-confini-cover-me-il-primo-contest-italiano-dedicato-a-bruce-springsteen\/\">Continue reading&#8230;<\/a><\/p>\n","protected":false},"author":1855,"featured_media":0,"comment_status":"open","ping_status":"open","sticky":false,"template":"","format":"standard","meta":{"_monsterinsights_skip_tracking":false,"_monsterinsights_sitenote_active":false,"_monsterinsights_sitenote_note":"","_monsterinsights_sitenote_category":0,"footnotes":""},"categories":[78],"tags":[],"class_list":["post-19121","post","type-post","status-publish","format-standard","hentry","category-comunicati-stampa"],"yoast_head":"<!-- This site is optimized with the Yoast SEO plugin v27.3 - https:\/\/yoast.com\/product\/yoast-seo-wordpress\/ -->\n<title>\u00c9 senza confini &quot;cover me&quot;, il primo contest italiano dedicato a Bruce Springsteen<\/title>\n<meta name=\"robots\" content=\"index, follow, max-snippet:-1, max-image-preview:large, max-video-preview:-1\" \/>\n<link rel=\"canonical\" href=\"https:\/\/www.article-marketing.eu\/comunicatistampa\/e-senza-confini-cover-me-il-primo-contest-italiano-dedicato-a-bruce-springsteen\/\" \/>\n<meta property=\"og:locale\" content=\"it_IT\" \/>\n<meta property=\"og:type\" content=\"article\" \/>\n<meta property=\"og:title\" content=\"\u00c9 senza confini &quot;cover me&quot;, il primo contest italiano dedicato a Bruce Springsteen\" \/>\n<meta property=\"og:description\" content=\"60 artisti, di cui 10 internazionali, e una giuria di qualit\u00e0, che avr\u00e0 il compito di selezionare le 30 cover pi\u00f9 originali. Il successo di Cover Me replica anche nella sua seconda edizione e diventa live con un tour estivo di tre tappe a ingresso gratuito a Lecco, Milano e Bergamo. Dal 10 al 30 luglio sar\u00e0 il pubblico ad esprimere la propria preferenza e decretare i 15 finalisti delContinue reading...\" \/>\n<meta property=\"og:url\" content=\"https:\/\/www.article-marketing.eu\/comunicatistampa\/e-senza-confini-cover-me-il-primo-contest-italiano-dedicato-a-bruce-springsteen\/\" \/>\n<meta property=\"og:site_name\" content=\"Article Marketing\" \/>\n<meta property=\"article:published_time\" content=\"2021-06-12T23:23:31+00:00\" \/>\n<meta property=\"article:modified_time\" content=\"2022-03-08T17:06:13+00:00\" \/>\n<meta name=\"author\" content=\"Redaclem\" \/>\n<meta name=\"twitter:card\" content=\"summary_large_image\" \/>\n<meta name=\"twitter:label1\" content=\"Scritto da\" \/>\n\t<meta name=\"twitter:data1\" content=\"Redaclem\" \/>\n\t<meta name=\"twitter:label2\" content=\"Tempo di lettura stimato\" \/>\n\t<meta name=\"twitter:data2\" content=\"3 minuti\" \/>\n<script type=\"application\/ld+json\" class=\"yoast-schema-graph\">{\"@context\":\"https:\\\/\\\/schema.org\",\"@graph\":[{\"@type\":\"Article\",\"@id\":\"https:\\\/\\\/www.article-marketing.eu\\\/comunicatistampa\\\/e-senza-confini-cover-me-il-primo-contest-italiano-dedicato-a-bruce-springsteen\\\/#article\",\"isPartOf\":{\"@id\":\"https:\\\/\\\/www.article-marketing.eu\\\/comunicatistampa\\\/e-senza-confini-cover-me-il-primo-contest-italiano-dedicato-a-bruce-springsteen\\\/\"},\"author\":{\"name\":\"Redaclem\",\"@id\":\"https:\\\/\\\/www.article-marketing.eu\\\/comunicatistampa\\\/#\\\/schema\\\/person\\\/c0aa725eee5df8460e0adf901fde0c88\"},\"headline\":\"\u00c9 senza confini &#8220;cover me&#8221;, il primo contest italiano dedicato a Bruce Springsteen\",\"datePublished\":\"2021-06-12T23:23:31+00:00\",\"dateModified\":\"2022-03-08T17:06:13+00:00\",\"mainEntityOfPage\":{\"@id\":\"https:\\\/\\\/www.article-marketing.eu\\\/comunicatistampa\\\/e-senza-confini-cover-me-il-primo-contest-italiano-dedicato-a-bruce-springsteen\\\/\"},\"wordCount\":523,\"commentCount\":0,\"articleSection\":[\"Comunicati stampa\"],\"inLanguage\":\"it-IT\",\"potentialAction\":[{\"@type\":\"CommentAction\",\"name\":\"Comment\",\"target\":[\"https:\\\/\\\/www.article-marketing.eu\\\/comunicatistampa\\\/e-senza-confini-cover-me-il-primo-contest-italiano-dedicato-a-bruce-springsteen\\\/#respond\"]}]},{\"@type\":\"WebPage\",\"@id\":\"https:\\\/\\\/www.article-marketing.eu\\\/comunicatistampa\\\/e-senza-confini-cover-me-il-primo-contest-italiano-dedicato-a-bruce-springsteen\\\/\",\"url\":\"https:\\\/\\\/www.article-marketing.eu\\\/comunicatistampa\\\/e-senza-confini-cover-me-il-primo-contest-italiano-dedicato-a-bruce-springsteen\\\/\",\"name\":\"\u00c9 senza confini \\\"cover me\\\", il primo contest italiano dedicato a Bruce Springsteen\",\"isPartOf\":{\"@id\":\"https:\\\/\\\/www.article-marketing.eu\\\/comunicatistampa\\\/#website\"},\"datePublished\":\"2021-06-12T23:23:31+00:00\",\"dateModified\":\"2022-03-08T17:06:13+00:00\",\"author\":{\"@id\":\"https:\\\/\\\/www.article-marketing.eu\\\/comunicatistampa\\\/#\\\/schema\\\/person\\\/c0aa725eee5df8460e0adf901fde0c88\"},\"breadcrumb\":{\"@id\":\"https:\\\/\\\/www.article-marketing.eu\\\/comunicatistampa\\\/e-senza-confini-cover-me-il-primo-contest-italiano-dedicato-a-bruce-springsteen\\\/#breadcrumb\"},\"inLanguage\":\"it-IT\",\"potentialAction\":[{\"@type\":\"ReadAction\",\"target\":[\"https:\\\/\\\/www.article-marketing.eu\\\/comunicatistampa\\\/e-senza-confini-cover-me-il-primo-contest-italiano-dedicato-a-bruce-springsteen\\\/\"]}]},{\"@type\":\"BreadcrumbList\",\"@id\":\"https:\\\/\\\/www.article-marketing.eu\\\/comunicatistampa\\\/e-senza-confini-cover-me-il-primo-contest-italiano-dedicato-a-bruce-springsteen\\\/#breadcrumb\",\"itemListElement\":[{\"@type\":\"ListItem\",\"position\":1,\"name\":\"Home\",\"item\":\"https:\\\/\\\/www.article-marketing.eu\\\/comunicatistampa\\\/\"},{\"@type\":\"ListItem\",\"position\":2,\"name\":\"\u00c9 senza confini &#8220;cover me&#8221;, il primo contest italiano dedicato a Bruce Springsteen\"}]},{\"@type\":\"WebSite\",\"@id\":\"https:\\\/\\\/www.article-marketing.eu\\\/comunicatistampa\\\/#website\",\"url\":\"https:\\\/\\\/www.article-marketing.eu\\\/comunicatistampa\\\/\",\"name\":\"Article Marketing\",\"description\":\"article marketing &amp; press release\",\"potentialAction\":[{\"@type\":\"SearchAction\",\"target\":{\"@type\":\"EntryPoint\",\"urlTemplate\":\"https:\\\/\\\/www.article-marketing.eu\\\/comunicatistampa\\\/?s={search_term_string}\"},\"query-input\":{\"@type\":\"PropertyValueSpecification\",\"valueRequired\":true,\"valueName\":\"search_term_string\"}}],\"inLanguage\":\"it-IT\"},{\"@type\":\"Person\",\"@id\":\"https:\\\/\\\/www.article-marketing.eu\\\/comunicatistampa\\\/#\\\/schema\\\/person\\\/c0aa725eee5df8460e0adf901fde0c88\",\"name\":\"Redaclem\",\"image\":{\"@type\":\"ImageObject\",\"inLanguage\":\"it-IT\",\"@id\":\"https:\\\/\\\/secure.gravatar.com\\\/avatar\\\/4c7e41f332a0583344a91d7d39723533da9b2d0df7737c2d8c69553168c2191e?s=96&d=mm&r=g\",\"url\":\"https:\\\/\\\/secure.gravatar.com\\\/avatar\\\/4c7e41f332a0583344a91d7d39723533da9b2d0df7737c2d8c69553168c2191e?s=96&d=mm&r=g\",\"contentUrl\":\"https:\\\/\\\/secure.gravatar.com\\\/avatar\\\/4c7e41f332a0583344a91d7d39723533da9b2d0df7737c2d8c69553168c2191e?s=96&d=mm&r=g\",\"caption\":\"Redaclem\"},\"url\":\"https:\\\/\\\/www.article-marketing.eu\\\/comunicatistampa\\\/author\\\/redaclem\\\/\"}]}<\/script>\n<!-- \/ Yoast SEO plugin. -->","yoast_head_json":{"title":"\u00c9 senza confini \"cover me\", il primo contest italiano dedicato a Bruce Springsteen","robots":{"index":"index","follow":"follow","max-snippet":"max-snippet:-1","max-image-preview":"max-image-preview:large","max-video-preview":"max-video-preview:-1"},"canonical":"https:\/\/www.article-marketing.eu\/comunicatistampa\/e-senza-confini-cover-me-il-primo-contest-italiano-dedicato-a-bruce-springsteen\/","og_locale":"it_IT","og_type":"article","og_title":"\u00c9 senza confini \"cover me\", il primo contest italiano dedicato a Bruce Springsteen","og_description":"60 artisti, di cui 10 internazionali, e una giuria di qualit\u00e0, che avr\u00e0 il compito di selezionare le 30 cover pi\u00f9 originali. Il successo di Cover Me replica anche nella sua seconda edizione e diventa live con un tour estivo di tre tappe a ingresso gratuito a Lecco, Milano e Bergamo. Dal 10 al 30 luglio sar\u00e0 il pubblico ad esprimere la propria preferenza e decretare i 15 finalisti delContinue reading...","og_url":"https:\/\/www.article-marketing.eu\/comunicatistampa\/e-senza-confini-cover-me-il-primo-contest-italiano-dedicato-a-bruce-springsteen\/","og_site_name":"Article Marketing","article_published_time":"2021-06-12T23:23:31+00:00","article_modified_time":"2022-03-08T17:06:13+00:00","author":"Redaclem","twitter_card":"summary_large_image","twitter_misc":{"Scritto da":"Redaclem","Tempo di lettura stimato":"3 minuti"},"schema":{"@context":"https:\/\/schema.org","@graph":[{"@type":"Article","@id":"https:\/\/www.article-marketing.eu\/comunicatistampa\/e-senza-confini-cover-me-il-primo-contest-italiano-dedicato-a-bruce-springsteen\/#article","isPartOf":{"@id":"https:\/\/www.article-marketing.eu\/comunicatistampa\/e-senza-confini-cover-me-il-primo-contest-italiano-dedicato-a-bruce-springsteen\/"},"author":{"name":"Redaclem","@id":"https:\/\/www.article-marketing.eu\/comunicatistampa\/#\/schema\/person\/c0aa725eee5df8460e0adf901fde0c88"},"headline":"\u00c9 senza confini &#8220;cover me&#8221;, il primo contest italiano dedicato a Bruce Springsteen","datePublished":"2021-06-12T23:23:31+00:00","dateModified":"2022-03-08T17:06:13+00:00","mainEntityOfPage":{"@id":"https:\/\/www.article-marketing.eu\/comunicatistampa\/e-senza-confini-cover-me-il-primo-contest-italiano-dedicato-a-bruce-springsteen\/"},"wordCount":523,"commentCount":0,"articleSection":["Comunicati stampa"],"inLanguage":"it-IT","potentialAction":[{"@type":"CommentAction","name":"Comment","target":["https:\/\/www.article-marketing.eu\/comunicatistampa\/e-senza-confini-cover-me-il-primo-contest-italiano-dedicato-a-bruce-springsteen\/#respond"]}]},{"@type":"WebPage","@id":"https:\/\/www.article-marketing.eu\/comunicatistampa\/e-senza-confini-cover-me-il-primo-contest-italiano-dedicato-a-bruce-springsteen\/","url":"https:\/\/www.article-marketing.eu\/comunicatistampa\/e-senza-confini-cover-me-il-primo-contest-italiano-dedicato-a-bruce-springsteen\/","name":"\u00c9 senza confini \"cover me\", il primo contest italiano dedicato a Bruce Springsteen","isPartOf":{"@id":"https:\/\/www.article-marketing.eu\/comunicatistampa\/#website"},"datePublished":"2021-06-12T23:23:31+00:00","dateModified":"2022-03-08T17:06:13+00:00","author":{"@id":"https:\/\/www.article-marketing.eu\/comunicatistampa\/#\/schema\/person\/c0aa725eee5df8460e0adf901fde0c88"},"breadcrumb":{"@id":"https:\/\/www.article-marketing.eu\/comunicatistampa\/e-senza-confini-cover-me-il-primo-contest-italiano-dedicato-a-bruce-springsteen\/#breadcrumb"},"inLanguage":"it-IT","potentialAction":[{"@type":"ReadAction","target":["https:\/\/www.article-marketing.eu\/comunicatistampa\/e-senza-confini-cover-me-il-primo-contest-italiano-dedicato-a-bruce-springsteen\/"]}]},{"@type":"BreadcrumbList","@id":"https:\/\/www.article-marketing.eu\/comunicatistampa\/e-senza-confini-cover-me-il-primo-contest-italiano-dedicato-a-bruce-springsteen\/#breadcrumb","itemListElement":[{"@type":"ListItem","position":1,"name":"Home","item":"https:\/\/www.article-marketing.eu\/comunicatistampa\/"},{"@type":"ListItem","position":2,"name":"\u00c9 senza confini &#8220;cover me&#8221;, il primo contest italiano dedicato a Bruce Springsteen"}]},{"@type":"WebSite","@id":"https:\/\/www.article-marketing.eu\/comunicatistampa\/#website","url":"https:\/\/www.article-marketing.eu\/comunicatistampa\/","name":"Article Marketing","description":"article marketing &amp; press release","potentialAction":[{"@type":"SearchAction","target":{"@type":"EntryPoint","urlTemplate":"https:\/\/www.article-marketing.eu\/comunicatistampa\/?s={search_term_string}"},"query-input":{"@type":"PropertyValueSpecification","valueRequired":true,"valueName":"search_term_string"}}],"inLanguage":"it-IT"},{"@type":"Person","@id":"https:\/\/www.article-marketing.eu\/comunicatistampa\/#\/schema\/person\/c0aa725eee5df8460e0adf901fde0c88","name":"Redaclem","image":{"@type":"ImageObject","inLanguage":"it-IT","@id":"https:\/\/secure.gravatar.com\/avatar\/4c7e41f332a0583344a91d7d39723533da9b2d0df7737c2d8c69553168c2191e?s=96&d=mm&r=g","url":"https:\/\/secure.gravatar.com\/avatar\/4c7e41f332a0583344a91d7d39723533da9b2d0df7737c2d8c69553168c2191e?s=96&d=mm&r=g","contentUrl":"https:\/\/secure.gravatar.com\/avatar\/4c7e41f332a0583344a91d7d39723533da9b2d0df7737c2d8c69553168c2191e?s=96&d=mm&r=g","caption":"Redaclem"},"url":"https:\/\/www.article-marketing.eu\/comunicatistampa\/author\/redaclem\/"}]}},"_links":{"self":[{"href":"https:\/\/www.article-marketing.eu\/comunicatistampa\/wp-json\/wp\/v2\/posts\/19121","targetHints":{"allow":["GET"]}}],"collection":[{"href":"https:\/\/www.article-marketing.eu\/comunicatistampa\/wp-json\/wp\/v2\/posts"}],"about":[{"href":"https:\/\/www.article-marketing.eu\/comunicatistampa\/wp-json\/wp\/v2\/types\/post"}],"author":[{"embeddable":true,"href":"https:\/\/www.article-marketing.eu\/comunicatistampa\/wp-json\/wp\/v2\/users\/1855"}],"replies":[{"embeddable":true,"href":"https:\/\/www.article-marketing.eu\/comunicatistampa\/wp-json\/wp\/v2\/comments?post=19121"}],"version-history":[{"count":2,"href":"https:\/\/www.article-marketing.eu\/comunicatistampa\/wp-json\/wp\/v2\/posts\/19121\/revisions"}],"predecessor-version":[{"id":19162,"href":"https:\/\/www.article-marketing.eu\/comunicatistampa\/wp-json\/wp\/v2\/posts\/19121\/revisions\/19162"}],"wp:attachment":[{"href":"https:\/\/www.article-marketing.eu\/comunicatistampa\/wp-json\/wp\/v2\/media?parent=19121"}],"wp:term":[{"taxonomy":"category","embeddable":true,"href":"https:\/\/www.article-marketing.eu\/comunicatistampa\/wp-json\/wp\/v2\/categories?post=19121"},{"taxonomy":"post_tag","embeddable":true,"href":"https:\/\/www.article-marketing.eu\/comunicatistampa\/wp-json\/wp\/v2\/tags?post=19121"}],"curies":[{"name":"wp","href":"https:\/\/api.w.org\/{rel}","templated":true}]}}