{"id":19205,"date":"2021-06-18T23:05:04","date_gmt":"2021-06-18T21:05:04","guid":{"rendered":"https:\/\/www.article-marketing.eu\/comunicatistampa\/?p=19205"},"modified":"2021-06-18T23:05:04","modified_gmt":"2021-06-18T21:05:04","slug":"siamo-tutti-biodiversi-la-rete-degli-orti-botanici-della-lombardia-celebra-il-solstizio-destate","status":"publish","type":"post","link":"https:\/\/www.article-marketing.eu\/comunicatistampa\/siamo-tutti-biodiversi-la-rete-degli-orti-botanici-della-lombardia-celebra-il-solstizio-destate\/","title":{"rendered":"&#8220;SIAMO TUTTI BIODIVERSI\u201d: La rete degli orti botanici della Lombardia celebra il solstizio d&#8217;estate"},"content":{"rendered":"<p>Gli Orti botanici della Rete lombarda festeggiano l\u2019arrivo dell\u2019estate con \u201cSIAMO TUTTI BIODIVERSI\u201d, una rassegna di eventi per adulti e piccini, in programma dal 19 al 22 giugno.<\/p>\n<p>\u201cSIAMO TUTTI BIODIVERSI\u201d: \u00e8 questo il nome della rassegna di appuntamenti organizzata dalla Rete degli orti botanici della Lombardia per celebrare l\u2019arrivo della bella stagione. Dal 19 al 22 giugno, in concomitanza con il solstizio d\u2019estate del 21 giugno, gli orti botanici di Milano (Brera e Citt\u00e0 Studi), Toscolano Maderno, Bergamo, Pavia e Bormio saranno animati da percorsi tematici, laboratori, visite guidate e incontri culturali per tutte le et\u00e0.<br \/>\nQuella di quest\u2019anno sar\u00e0 la XVIII edizione della Festa del solstizio d&#8217;estate organizzata dalla Rete lombarda: l\u2019iniziativa, consolidata nel tempo, unisce gli orti botanici del circuito in una collaborazione fondata sull\u2019obiettivo comune di avvicinare il pubblico al mondo vegetale. Il tema dell\u2019edizione del 2021 si ispira proprio alle peculiarit\u00e0 degli spazi verdi della Rete: biodiversi, appunto, nei loro contrasti. Micro\/Macro, Sotto\/Sopra, Vicini\/Lontani. Un gioco degli opposti, di \u201csguardi\u201d diversi racchiusi nello slogan \u201cSIAMO TUTTI BIODIVERSI\u201d.<br \/>\nDal 19 al 22 giugno, gli appuntamenti della rassegna, consultabili sul sito della Rete a questo link (https:\/\/www.reteortibotanicilombardia.it\/2021\/06\/09\/festa-del-solstizio-destate-negli-orti-botanici-della-lombardia-xviii-edizione\/), attendono i visitatori delle due sezioni dell\u2019Orto bergamasco \u201cLorenzo Rota\u201d, degli Orti milanesi di Citt\u00e0 Studi e Brera, del Giardino botanico \u201cG.E. Ghirardi\u201d di Toscolano Maderno, dell\u2019Orto botanico di Pavia e del Giardino botanico alpino \u201cRezia\u201d di Bormio che, per l\u2019occasione, aprir\u00e0 straordinariamente al pubblico il 19 giugno, per poi partire ufficialmente con la stagione 2021 dal 1\u00b0 luglio. Il progetto della festa del Solstizio d\u2019estate, caratterizzato da una serie di iniziative che celebrano l\u2019inizio della stagione estiva e il culmine del periodo vegetativo per molte delle piante ospitate nelle collezioni, comprender\u00e0 mostre, laboratori ed eventi di intrattenimento. Un\u2019ulteriore, preziosa opportunit\u00e0 fornita dagli orti della Rete lombarda, che accoglieranno persone di tutte le et\u00e0, al fine di avvicinarle al meraviglioso mondo della botanica e della scienza.<br \/>\nPer citare alcuni eventi: domenica 20 giugno alle 11:30, presso la sezione di Citt\u00e0 Alta dell\u2019Orto di Bergamo, reading poetico per famiglie \u201cPoesie della notte e del giorno, di ogni cosa intorno\u201d (prenotazione a questo link https%3A\/\/www.eventbrite.it\/e\/biglietti-poesie-della-notte-e-del-giorno-di-ogni-cosa-intorno-154620051737); la mostra fotografica &#8220;LUCE&#8221; (focus sul tema \u201cMicro\/Macro\u201d), un progetto che Brera ospita ormai da anni e che vede gli studenti di tutta Italia coinvolti direttamente attraverso l\u2019esposizione dei propri lavori fotografici, sar\u00e0 visitabile il 19 giugno dalle 10:00 alle 18:00 presso l\u2019orto milanese; presso l\u2019Orto di Citt\u00e0 Studi, invece, la festa del Solstizio si svolger\u00e0 marted\u00ec 22 giugno con apertura straordinaria fino alle 21:00. Qui sar\u00e0 presente il Direttore dell\u2019Orto botanico, Marco Caccianiga, che dialogher\u00e0 con i visitatori in merito all\u2019operazione di studio, conservazione e reintroduzione in natura di 1000 cactus cileni del deserto di Atacama, a cui ha collaborato attivamente.<br \/>\nE ancora, all\u2019Orto di Pavia, il 19 giugno alle ore 16:00, &#8220;Specie lontane viste da vicino&#8221;: una visita guidata sulle specie originarie di paesi lontani che vivono all&#8217;Orto botanico cittadino, con il curatore Nicola M.G. Ardenghi; il Giardino botanico di Toscolano Maderno propone lo \u201cSketching botanico itinerante\u201d a cura di Renata Barilli, il 20 giugno alle 15:00; infine, il Giardino botanico alpino di Bormio organizza, nella giornata del 19 giugno e in via del tutto eccezionale, un\u2019apertura straordinaria con visite guidate alla mostra \u201cLombardia un tesoro di biodiversit\u00e0\u201d e attivit\u00e0 per bambini e famiglie a tema \u201cMicro\/Macro\u201d, dalle ore 10:00 alle ore 18:00 circa. Ma questi sono solo alcuni degli appuntamenti previsti dalla ricca rassegna \u201cSIAMO TUTTI BIODIVERSI\u201d.<br \/>\nCome afferma Martin Kater, presidente della Rete degli orti botanici della Lombardia, \u201cgli orti botanici sono musei della biodiversit\u00e0 e, grazie a questa iniziativa, i nostri Orti avranno l\u2019opportunit\u00e0 di accogliere visitatori curiosi aiutandoli ad acquisire una maggiore consapevolezza verso un patrimonio di inestimabile valore e bellezza\u201d.<br \/>\nIn tutte le sedi gli ingressi saranno contingentati per garantire la sicurezza del pubblico e del personale. Inoltre per verificare programma, orari, costi d\u2019ingresso e modalit\u00e0 di prenotazione \u00e8 fortemente consigliata la consultazione del sito www.reteortibotanicilombardia.it e dei siti dei singoli orti.<\/p>\n<p>La Rete degli orti botanici della Lombardia \u00e8 una Associazione non profit, che opera per favorire e promuovere le azioni degli orti botanici aderenti. Ne fanno parte: l\u2019Orto botanico di Bergamo \u201cLorenzo Rota\u201d; il Giardino botanico alpino \u201cRezia\u201d di Bormio; gli Orti botanici milanesi di Brera e Citt\u00e0 Studi; l\u2019Orto botanico di Pavia; il Giardino botanico \u201cG.E Ghirardi\u201d di Toscolano Maderno (BS).<br \/>\nLa Rete, nata nel 2002 per valorizzare e mettere in comune le reciproche esperienze, e costituitasi in Associazione nel 2009, si occupa inoltre della\u00a0tutela, della conoscenza, della promozione e della valorizzazione del patrimonio culturale vegetale degli orti botanici, con particolare attenzione alla conservazione delle piante, alla divulgazione scientifica e alle attivit\u00e0 educative.<br \/>\nwww.reteortibotanicilombardia.it<br \/>\nwww.ortibotanici.unimi.it<br \/>\nwww.ortobotanicodibergamo.it<br \/>\nhttps:\/\/ortobotanico.unipv.eu<br \/>\nwww.stelviopark.it<\/p>\n","protected":false},"excerpt":{"rendered":"<p>Gli Orti botanici della Rete lombarda festeggiano l\u2019arrivo dell\u2019estate con \u201cSIAMO TUTTI BIODIVERSI\u201d, una rassegna di eventi per adulti e piccini, in programma dal 19 al 22 giugno. \u201cSIAMO TUTTI BIODIVERSI\u201d: \u00e8 questo il nome della rassegna di appuntamenti organizzata dalla Rete degli orti botanici della Lombardia per celebrare l\u2019arrivo della bella stagione. Dal 19 al 22 giugno, in concomitanza con il solstizio d\u2019estate del 21 giugno, gli orti botanici<\/p>\n<p><a class=\"continue-reading\" href=\"https:\/\/www.article-marketing.eu\/comunicatistampa\/siamo-tutti-biodiversi-la-rete-degli-orti-botanici-della-lombardia-celebra-il-solstizio-destate\/\">Continue reading&#8230;<\/a><\/p>\n","protected":false},"author":1855,"featured_media":0,"comment_status":"open","ping_status":"open","sticky":false,"template":"","format":"standard","meta":{"_monsterinsights_skip_tracking":false,"_monsterinsights_sitenote_active":false,"_monsterinsights_sitenote_note":"","_monsterinsights_sitenote_category":0,"footnotes":""},"categories":[78],"tags":[6864,8100,4397],"class_list":["post-19205","post","type-post","status-publish","format-standard","hentry","category-comunicati-stampa","tag-ortibotanici","tag-rete-orti","tag-rete-orti-botanici-lombardia"],"yoast_head":"<!-- This site is optimized with the Yoast SEO plugin v27.3 - https:\/\/yoast.com\/product\/yoast-seo-wordpress\/ -->\n<title>&quot;SIAMO TUTTI BIODIVERSI\u201d: La rete degli orti botanici della Lombardia celebra il solstizio d&#039;estate - Article Marketing<\/title>\n<meta name=\"robots\" content=\"index, follow, max-snippet:-1, max-image-preview:large, max-video-preview:-1\" \/>\n<link rel=\"canonical\" href=\"https:\/\/www.article-marketing.eu\/comunicatistampa\/siamo-tutti-biodiversi-la-rete-degli-orti-botanici-della-lombardia-celebra-il-solstizio-destate\/\" \/>\n<meta property=\"og:locale\" content=\"it_IT\" \/>\n<meta property=\"og:type\" content=\"article\" \/>\n<meta property=\"og:title\" content=\"&quot;SIAMO TUTTI BIODIVERSI\u201d: La rete degli orti botanici della Lombardia celebra il solstizio d&#039;estate - Article Marketing\" \/>\n<meta property=\"og:description\" content=\"Gli Orti botanici della Rete lombarda festeggiano l\u2019arrivo dell\u2019estate con \u201cSIAMO TUTTI BIODIVERSI\u201d, una rassegna di eventi per adulti e piccini, in programma dal 19 al 22 giugno. \u201cSIAMO TUTTI BIODIVERSI\u201d: \u00e8 questo il nome della rassegna di appuntamenti organizzata dalla Rete degli orti botanici della Lombardia per celebrare l\u2019arrivo della bella stagione. Dal 19 al 22 giugno, in concomitanza con il solstizio d\u2019estate del 21 giugno, gli orti botaniciContinue reading...\" \/>\n<meta property=\"og:url\" content=\"https:\/\/www.article-marketing.eu\/comunicatistampa\/siamo-tutti-biodiversi-la-rete-degli-orti-botanici-della-lombardia-celebra-il-solstizio-destate\/\" \/>\n<meta property=\"og:site_name\" content=\"Article Marketing\" \/>\n<meta property=\"article:published_time\" content=\"2021-06-18T21:05:04+00:00\" \/>\n<meta name=\"author\" content=\"Redaclem\" \/>\n<meta name=\"twitter:card\" content=\"summary_large_image\" \/>\n<meta name=\"twitter:label1\" content=\"Scritto da\" \/>\n\t<meta name=\"twitter:data1\" content=\"Redaclem\" \/>\n\t<meta name=\"twitter:label2\" content=\"Tempo di lettura stimato\" \/>\n\t<meta name=\"twitter:data2\" content=\"4 minuti\" \/>\n<script type=\"application\/ld+json\" class=\"yoast-schema-graph\">{\"@context\":\"https:\\\/\\\/schema.org\",\"@graph\":[{\"@type\":\"Article\",\"@id\":\"https:\\\/\\\/www.article-marketing.eu\\\/comunicatistampa\\\/siamo-tutti-biodiversi-la-rete-degli-orti-botanici-della-lombardia-celebra-il-solstizio-destate\\\/#article\",\"isPartOf\":{\"@id\":\"https:\\\/\\\/www.article-marketing.eu\\\/comunicatistampa\\\/siamo-tutti-biodiversi-la-rete-degli-orti-botanici-della-lombardia-celebra-il-solstizio-destate\\\/\"},\"author\":{\"name\":\"Redaclem\",\"@id\":\"https:\\\/\\\/www.article-marketing.eu\\\/comunicatistampa\\\/#\\\/schema\\\/person\\\/c0aa725eee5df8460e0adf901fde0c88\"},\"headline\":\"&#8220;SIAMO TUTTI BIODIVERSI\u201d: La rete degli orti botanici della Lombardia celebra il solstizio d&#8217;estate\",\"datePublished\":\"2021-06-18T21:05:04+00:00\",\"mainEntityOfPage\":{\"@id\":\"https:\\\/\\\/www.article-marketing.eu\\\/comunicatistampa\\\/siamo-tutti-biodiversi-la-rete-degli-orti-botanici-della-lombardia-celebra-il-solstizio-destate\\\/\"},\"wordCount\":823,\"commentCount\":0,\"keywords\":[\"#ortibotanici\",\"rete orti\",\"rete orti botanici lombardia\"],\"articleSection\":[\"Comunicati stampa\"],\"inLanguage\":\"it-IT\",\"potentialAction\":[{\"@type\":\"CommentAction\",\"name\":\"Comment\",\"target\":[\"https:\\\/\\\/www.article-marketing.eu\\\/comunicatistampa\\\/siamo-tutti-biodiversi-la-rete-degli-orti-botanici-della-lombardia-celebra-il-solstizio-destate\\\/#respond\"]}]},{\"@type\":\"WebPage\",\"@id\":\"https:\\\/\\\/www.article-marketing.eu\\\/comunicatistampa\\\/siamo-tutti-biodiversi-la-rete-degli-orti-botanici-della-lombardia-celebra-il-solstizio-destate\\\/\",\"url\":\"https:\\\/\\\/www.article-marketing.eu\\\/comunicatistampa\\\/siamo-tutti-biodiversi-la-rete-degli-orti-botanici-della-lombardia-celebra-il-solstizio-destate\\\/\",\"name\":\"\\\"SIAMO TUTTI BIODIVERSI\u201d: La rete degli orti botanici della Lombardia celebra il solstizio d'estate - Article Marketing\",\"isPartOf\":{\"@id\":\"https:\\\/\\\/www.article-marketing.eu\\\/comunicatistampa\\\/#website\"},\"datePublished\":\"2021-06-18T21:05:04+00:00\",\"author\":{\"@id\":\"https:\\\/\\\/www.article-marketing.eu\\\/comunicatistampa\\\/#\\\/schema\\\/person\\\/c0aa725eee5df8460e0adf901fde0c88\"},\"breadcrumb\":{\"@id\":\"https:\\\/\\\/www.article-marketing.eu\\\/comunicatistampa\\\/siamo-tutti-biodiversi-la-rete-degli-orti-botanici-della-lombardia-celebra-il-solstizio-destate\\\/#breadcrumb\"},\"inLanguage\":\"it-IT\",\"potentialAction\":[{\"@type\":\"ReadAction\",\"target\":[\"https:\\\/\\\/www.article-marketing.eu\\\/comunicatistampa\\\/siamo-tutti-biodiversi-la-rete-degli-orti-botanici-della-lombardia-celebra-il-solstizio-destate\\\/\"]}]},{\"@type\":\"BreadcrumbList\",\"@id\":\"https:\\\/\\\/www.article-marketing.eu\\\/comunicatistampa\\\/siamo-tutti-biodiversi-la-rete-degli-orti-botanici-della-lombardia-celebra-il-solstizio-destate\\\/#breadcrumb\",\"itemListElement\":[{\"@type\":\"ListItem\",\"position\":1,\"name\":\"Home\",\"item\":\"https:\\\/\\\/www.article-marketing.eu\\\/comunicatistampa\\\/\"},{\"@type\":\"ListItem\",\"position\":2,\"name\":\"&#8220;SIAMO TUTTI BIODIVERSI\u201d: La rete degli orti botanici della Lombardia celebra il solstizio d&#8217;estate\"}]},{\"@type\":\"WebSite\",\"@id\":\"https:\\\/\\\/www.article-marketing.eu\\\/comunicatistampa\\\/#website\",\"url\":\"https:\\\/\\\/www.article-marketing.eu\\\/comunicatistampa\\\/\",\"name\":\"Article Marketing\",\"description\":\"article marketing &amp; press release\",\"potentialAction\":[{\"@type\":\"SearchAction\",\"target\":{\"@type\":\"EntryPoint\",\"urlTemplate\":\"https:\\\/\\\/www.article-marketing.eu\\\/comunicatistampa\\\/?s={search_term_string}\"},\"query-input\":{\"@type\":\"PropertyValueSpecification\",\"valueRequired\":true,\"valueName\":\"search_term_string\"}}],\"inLanguage\":\"it-IT\"},{\"@type\":\"Person\",\"@id\":\"https:\\\/\\\/www.article-marketing.eu\\\/comunicatistampa\\\/#\\\/schema\\\/person\\\/c0aa725eee5df8460e0adf901fde0c88\",\"name\":\"Redaclem\",\"image\":{\"@type\":\"ImageObject\",\"inLanguage\":\"it-IT\",\"@id\":\"https:\\\/\\\/secure.gravatar.com\\\/avatar\\\/4c7e41f332a0583344a91d7d39723533da9b2d0df7737c2d8c69553168c2191e?s=96&d=mm&r=g\",\"url\":\"https:\\\/\\\/secure.gravatar.com\\\/avatar\\\/4c7e41f332a0583344a91d7d39723533da9b2d0df7737c2d8c69553168c2191e?s=96&d=mm&r=g\",\"contentUrl\":\"https:\\\/\\\/secure.gravatar.com\\\/avatar\\\/4c7e41f332a0583344a91d7d39723533da9b2d0df7737c2d8c69553168c2191e?s=96&d=mm&r=g\",\"caption\":\"Redaclem\"},\"url\":\"https:\\\/\\\/www.article-marketing.eu\\\/comunicatistampa\\\/author\\\/redaclem\\\/\"}]}<\/script>\n<!-- \/ Yoast SEO plugin. -->","yoast_head_json":{"title":"\"SIAMO TUTTI BIODIVERSI\u201d: La rete degli orti botanici della Lombardia celebra il solstizio d'estate - Article Marketing","robots":{"index":"index","follow":"follow","max-snippet":"max-snippet:-1","max-image-preview":"max-image-preview:large","max-video-preview":"max-video-preview:-1"},"canonical":"https:\/\/www.article-marketing.eu\/comunicatistampa\/siamo-tutti-biodiversi-la-rete-degli-orti-botanici-della-lombardia-celebra-il-solstizio-destate\/","og_locale":"it_IT","og_type":"article","og_title":"\"SIAMO TUTTI BIODIVERSI\u201d: La rete degli orti botanici della Lombardia celebra il solstizio d'estate - Article Marketing","og_description":"Gli Orti botanici della Rete lombarda festeggiano l\u2019arrivo dell\u2019estate con \u201cSIAMO TUTTI BIODIVERSI\u201d, una rassegna di eventi per adulti e piccini, in programma dal 19 al 22 giugno. \u201cSIAMO TUTTI BIODIVERSI\u201d: \u00e8 questo il nome della rassegna di appuntamenti organizzata dalla Rete degli orti botanici della Lombardia per celebrare l\u2019arrivo della bella stagione. Dal 19 al 22 giugno, in concomitanza con il solstizio d\u2019estate del 21 giugno, gli orti botaniciContinue reading...","og_url":"https:\/\/www.article-marketing.eu\/comunicatistampa\/siamo-tutti-biodiversi-la-rete-degli-orti-botanici-della-lombardia-celebra-il-solstizio-destate\/","og_site_name":"Article Marketing","article_published_time":"2021-06-18T21:05:04+00:00","author":"Redaclem","twitter_card":"summary_large_image","twitter_misc":{"Scritto da":"Redaclem","Tempo di lettura stimato":"4 minuti"},"schema":{"@context":"https:\/\/schema.org","@graph":[{"@type":"Article","@id":"https:\/\/www.article-marketing.eu\/comunicatistampa\/siamo-tutti-biodiversi-la-rete-degli-orti-botanici-della-lombardia-celebra-il-solstizio-destate\/#article","isPartOf":{"@id":"https:\/\/www.article-marketing.eu\/comunicatistampa\/siamo-tutti-biodiversi-la-rete-degli-orti-botanici-della-lombardia-celebra-il-solstizio-destate\/"},"author":{"name":"Redaclem","@id":"https:\/\/www.article-marketing.eu\/comunicatistampa\/#\/schema\/person\/c0aa725eee5df8460e0adf901fde0c88"},"headline":"&#8220;SIAMO TUTTI BIODIVERSI\u201d: La rete degli orti botanici della Lombardia celebra il solstizio d&#8217;estate","datePublished":"2021-06-18T21:05:04+00:00","mainEntityOfPage":{"@id":"https:\/\/www.article-marketing.eu\/comunicatistampa\/siamo-tutti-biodiversi-la-rete-degli-orti-botanici-della-lombardia-celebra-il-solstizio-destate\/"},"wordCount":823,"commentCount":0,"keywords":["#ortibotanici","rete orti","rete orti botanici lombardia"],"articleSection":["Comunicati stampa"],"inLanguage":"it-IT","potentialAction":[{"@type":"CommentAction","name":"Comment","target":["https:\/\/www.article-marketing.eu\/comunicatistampa\/siamo-tutti-biodiversi-la-rete-degli-orti-botanici-della-lombardia-celebra-il-solstizio-destate\/#respond"]}]},{"@type":"WebPage","@id":"https:\/\/www.article-marketing.eu\/comunicatistampa\/siamo-tutti-biodiversi-la-rete-degli-orti-botanici-della-lombardia-celebra-il-solstizio-destate\/","url":"https:\/\/www.article-marketing.eu\/comunicatistampa\/siamo-tutti-biodiversi-la-rete-degli-orti-botanici-della-lombardia-celebra-il-solstizio-destate\/","name":"\"SIAMO TUTTI BIODIVERSI\u201d: La rete degli orti botanici della Lombardia celebra il solstizio d'estate - Article Marketing","isPartOf":{"@id":"https:\/\/www.article-marketing.eu\/comunicatistampa\/#website"},"datePublished":"2021-06-18T21:05:04+00:00","author":{"@id":"https:\/\/www.article-marketing.eu\/comunicatistampa\/#\/schema\/person\/c0aa725eee5df8460e0adf901fde0c88"},"breadcrumb":{"@id":"https:\/\/www.article-marketing.eu\/comunicatistampa\/siamo-tutti-biodiversi-la-rete-degli-orti-botanici-della-lombardia-celebra-il-solstizio-destate\/#breadcrumb"},"inLanguage":"it-IT","potentialAction":[{"@type":"ReadAction","target":["https:\/\/www.article-marketing.eu\/comunicatistampa\/siamo-tutti-biodiversi-la-rete-degli-orti-botanici-della-lombardia-celebra-il-solstizio-destate\/"]}]},{"@type":"BreadcrumbList","@id":"https:\/\/www.article-marketing.eu\/comunicatistampa\/siamo-tutti-biodiversi-la-rete-degli-orti-botanici-della-lombardia-celebra-il-solstizio-destate\/#breadcrumb","itemListElement":[{"@type":"ListItem","position":1,"name":"Home","item":"https:\/\/www.article-marketing.eu\/comunicatistampa\/"},{"@type":"ListItem","position":2,"name":"&#8220;SIAMO TUTTI BIODIVERSI\u201d: La rete degli orti botanici della Lombardia celebra il solstizio d&#8217;estate"}]},{"@type":"WebSite","@id":"https:\/\/www.article-marketing.eu\/comunicatistampa\/#website","url":"https:\/\/www.article-marketing.eu\/comunicatistampa\/","name":"Article Marketing","description":"article marketing &amp; press release","potentialAction":[{"@type":"SearchAction","target":{"@type":"EntryPoint","urlTemplate":"https:\/\/www.article-marketing.eu\/comunicatistampa\/?s={search_term_string}"},"query-input":{"@type":"PropertyValueSpecification","valueRequired":true,"valueName":"search_term_string"}}],"inLanguage":"it-IT"},{"@type":"Person","@id":"https:\/\/www.article-marketing.eu\/comunicatistampa\/#\/schema\/person\/c0aa725eee5df8460e0adf901fde0c88","name":"Redaclem","image":{"@type":"ImageObject","inLanguage":"it-IT","@id":"https:\/\/secure.gravatar.com\/avatar\/4c7e41f332a0583344a91d7d39723533da9b2d0df7737c2d8c69553168c2191e?s=96&d=mm&r=g","url":"https:\/\/secure.gravatar.com\/avatar\/4c7e41f332a0583344a91d7d39723533da9b2d0df7737c2d8c69553168c2191e?s=96&d=mm&r=g","contentUrl":"https:\/\/secure.gravatar.com\/avatar\/4c7e41f332a0583344a91d7d39723533da9b2d0df7737c2d8c69553168c2191e?s=96&d=mm&r=g","caption":"Redaclem"},"url":"https:\/\/www.article-marketing.eu\/comunicatistampa\/author\/redaclem\/"}]}},"_links":{"self":[{"href":"https:\/\/www.article-marketing.eu\/comunicatistampa\/wp-json\/wp\/v2\/posts\/19205","targetHints":{"allow":["GET"]}}],"collection":[{"href":"https:\/\/www.article-marketing.eu\/comunicatistampa\/wp-json\/wp\/v2\/posts"}],"about":[{"href":"https:\/\/www.article-marketing.eu\/comunicatistampa\/wp-json\/wp\/v2\/types\/post"}],"author":[{"embeddable":true,"href":"https:\/\/www.article-marketing.eu\/comunicatistampa\/wp-json\/wp\/v2\/users\/1855"}],"replies":[{"embeddable":true,"href":"https:\/\/www.article-marketing.eu\/comunicatistampa\/wp-json\/wp\/v2\/comments?post=19205"}],"version-history":[{"count":2,"href":"https:\/\/www.article-marketing.eu\/comunicatistampa\/wp-json\/wp\/v2\/posts\/19205\/revisions"}],"predecessor-version":[{"id":19228,"href":"https:\/\/www.article-marketing.eu\/comunicatistampa\/wp-json\/wp\/v2\/posts\/19205\/revisions\/19228"}],"wp:attachment":[{"href":"https:\/\/www.article-marketing.eu\/comunicatistampa\/wp-json\/wp\/v2\/media?parent=19205"}],"wp:term":[{"taxonomy":"category","embeddable":true,"href":"https:\/\/www.article-marketing.eu\/comunicatistampa\/wp-json\/wp\/v2\/categories?post=19205"},{"taxonomy":"post_tag","embeddable":true,"href":"https:\/\/www.article-marketing.eu\/comunicatistampa\/wp-json\/wp\/v2\/tags?post=19205"}],"curies":[{"name":"wp","href":"https:\/\/api.w.org\/{rel}","templated":true}]}}