{"id":19306,"date":"2021-06-28T23:30:07","date_gmt":"2021-06-28T21:30:07","guid":{"rendered":"https:\/\/www.article-marketing.eu\/comunicatistampa\/?p=19306"},"modified":"2022-03-08T18:05:07","modified_gmt":"2022-03-08T17:05:07","slug":"esce-napules-power-di-renato-marengo","status":"publish","type":"post","link":"https:\/\/www.article-marketing.eu\/comunicatistampa\/esce-napules-power-di-renato-marengo\/","title":{"rendered":"Esce Napule&#8217;s Power di Renato Marengo"},"content":{"rendered":"<div class=\"wp-block-media-text alignwide is-stacked-on-mobile\">\n<figure class=\"wp-block-media-text__media\"><img loading=\"lazy\" decoding=\"async\" class=\"wp-image-3798 alignleft\" src=\"https:\/\/alfaprom.com\/wp-content\/uploads\/2021\/06\/COPERTINA-LIBRO-NAPULES-POWER-688x1024.jpg\" alt=\"Copertina del libro\" width=\"235\" height=\"350\" \/><\/figure>\n<div class=\"wp-block-media-text__content\">\n<p><strong>Napule\u2019s Power<\/strong><br \/>\nMovimento Musicale Italiano<br \/>\ndi\u00a0<strong>Renato Marengo<\/strong><br \/>\nPrefazione\u00a0<strong>Renzo Cresti<\/strong><br \/>\na cura di\u00a0<strong>Paolo Zefferi<\/strong><br \/>\n<strong>Tempesta Editore<\/strong><\/p>\n<\/div>\n<\/div>\n<p>Esce per Tempesta Editore\u00a0<strong>Napule\u2019s Power<\/strong>\u00a0di Renato Marengo, il volume che sancisce definitivamente il racconto del nascere e dello svilupparsi di un movimento musicale \u2013 lungo i decenni e attraverso i molteplici generi \u2013 che, con i nuovi suoni del rock, dell\u2019etno e del pop, ha riportato la musica di Napoli in Italia e nel mondo, con tutto il suo carico di tradizione, cultura, passione e ritmo, rinnovandola. Il libro ha la prestigiosa prefazione di\u00a0<strong>Renzo Cresti\u00a0<\/strong>ed \u00e8 curato da\u00a0<strong>Paolo Zefferi<\/strong>\u00a0e gode del Patrocinio di Comune di Napoli Assessorato ai Giovani, Siae, Nuovo Imaie, Festa della Musica, Mei e Audiocoop e Osservatorio Giovani dell\u2019Universit\u00e0 Federico II.<\/p>\n<p>Era il 1971 quando per la prima volta Renato Marengo pens\u00f2 di usare la definizione\u00a0<strong>Napule\u2019s Power<\/strong>\u00a0per aggregare e guidare la vita musicale partenopea. Erano gli anni del\u00a0<em>Black Power<\/em>, il \u201968 non era passato poi da molto tempo e proprio allora stava prendendo l\u2019avvio una grande onda che, alla fine, ha coinvolto musicisti legati alla ricerca colta e popolare, artisti folk, musicisti dal curriculum internazionale, giovani appassionati di rock\u2019n\u2019roll ed artisti visionari. Artisti che conoscevano le proprie radici, che avevano ben presente le loro tradizioni, ma con uno sguardo al futuro e con una precisa volont\u00e0 di cambiamento: artistico, personale, politico. Musicisti usciti dal conservatorio di San Pietro a Maiella o cresciuti all\u2019Universit\u00e0 della strada. Musicisti che da ragazzini ascoltavano, e assimilavano, i suoni che riecheggiavano al porto subito dopo la guerra: le canzoni americane, il jazz, il rock\u2019n\u2019roll, scambiandosi note con altri musicisti che ogni sera scendevano dalle gigantesche portaerei della Nato a caccia di whisky, di musica e \u201csignurine\u201d. Musicisti arrivati al successo negli anni \u201970 e \u201980 e poi diventati il punto di riferimento delle nuove generazioni, della Napoli anni \u201990, prima, della nuova onda legata al rap, dopo, e oggi ancora di tutte le grandi novit\u00e0 che animano la citt\u00e0. Tutti, in comune, hanno avuto l\u2019opportunit\u00e0 di vivere in una citt\u00e0 come Napoli: crocevia di civilt\u00e0, luogo di incontro tra persone diverse, punto di snodo di contaminazioni, fucina di grandi idee, serbatoio della grande tradizione della canzone e luogo che per definizione \u00e8 una fucina di creativit\u00e0. La storia, raccontata da Renato Marengo, testimone e protagonista con i musicisti che diedero vita al movimento, parte nel \u201971 e arriva fino ad oggi, in un percorso in cui i ricordi, le riflessioni, i riferimenti culturali, storici e politici vanno insieme alla storia musicale, alle canzoni, ai dischi, ai concerti. Insomma questo libro racconta, anche con episodi e aneddoti piacevoli e inediti, come un gruppo di musicisti straordinari sia riuscito a creare un vero e proprio\u00a0<em>movimento<\/em>. E come questo movimento, il Napule\u2019s Power, sia diventato e sia ancora oggi patrimonio non solo di Napoli, ma di tutta Italia. Il movimento quest\u2019anno con questo libro festeggia i suoi 50.<\/p>\n<h5>Gli artisti<\/h5>\n<p>Protagonisti della storia, molti dei quali prodotti da Renato Marengo, sono: The Showmen, Renato Carosone, Nuova Compagnia di Canto Popolare, Roberto De Simone, Osanna, James Senese e Napoli Centrale, Alan Sorrenti, Edoardo Bennato, Tony Esposito, Pino Daniele, Tullio De Piscopo, Enzo Gragnaniello, Teresa De Sio, Enzo Avitabile, Franco Del Prete, Lina Sastri, Jenny Sorrenti e i Saint Just, Patrizio Trampetti, Peppe Servillo e Avion Travel, Concetta Barra, Pietra Montecorvino, Eugenio Bennato, Carlo D\u2019Angi\u00f2, Musicanova, Armando Piazza, Luciano Cilio, Mario Schiano, Daniele Sepe, Alberto Pizzo, Ciccio Merolla, , 99 Posse, Almamegretta, Raiz, Clementino, Rocco Hunt, A 67 E ancora Antonio Infantino, Patrizia Lopez, Shawn Phillips, Tony Walmsley, Mark Harris, Paul Buckmaster ed altri.<\/p>\n<h5>Contenuti ed interventi<\/h5>\n<p>Nel libro prefazione di Renzo Cresti, introduzione di Paolo Zefferi, presentazione di Francesco Coniglio, tra i vari capitoli, contributi di:\u00a0Renzo Arbore, Giovanni Minoli, Ezio Zefferi, Giorgio Verdelli, Lello Savonardo, Dino Luglio, Willy David, Anna Cepollaro, Dario Ascoli, Federico Vacalebre, Antonio Tricomi, Carmine Aymone, Claudio Poggi, Gino Aveta, Gianfranco Salvatore, Franco Schipani, Fabio Santini, Giordano Casiraghi, Vince Tempera, Giulio Tedeschi, Antonella Putignano, Arturo Morfino, Nicola Muccillo, Fabio Donato, Umberto Telesco, Enzo La Gatta, Peppe Ponti, Carlo Ferraiuolo, Nando Misuraca, Fabio Donato, Francesco Di Vicino, Giuliano Scala.<\/p>\n","protected":false},"excerpt":{"rendered":"<p>Napule\u2019s Power Movimento Musicale Italiano di\u00a0Renato Marengo Prefazione\u00a0Renzo Cresti a cura di\u00a0Paolo Zefferi Tempesta Editore Esce per Tempesta Editore\u00a0Napule\u2019s Power\u00a0di Renato Marengo, il volume che sancisce definitivamente il racconto del nascere e dello svilupparsi di un movimento musicale \u2013 lungo i decenni e attraverso i molteplici generi \u2013 che, con i nuovi suoni del rock, dell\u2019etno e del pop, ha riportato la musica di Napoli in Italia e nel mondo,<\/p>\n<p><a class=\"continue-reading\" href=\"https:\/\/www.article-marketing.eu\/comunicatistampa\/esce-napules-power-di-renato-marengo\/\">Continue reading&#8230;<\/a><\/p>\n","protected":false},"author":732,"featured_media":0,"comment_status":"open","ping_status":"open","sticky":false,"template":"","format":"standard","meta":{"_monsterinsights_skip_tracking":false,"_monsterinsights_sitenote_active":false,"_monsterinsights_sitenote_note":"","_monsterinsights_sitenote_category":0,"footnotes":""},"categories":[407,411],"tags":[],"class_list":["post-19306","post","type-post","status-publish","format-standard","hentry","category-arte-e-cultura","category-musica"],"yoast_head":"<!-- This site is optimized with the Yoast SEO plugin v27.3 - https:\/\/yoast.com\/product\/yoast-seo-wordpress\/ -->\n<title>Napule&#039;s Power di Renato Marengo - Article Marketing<\/title>\n<meta name=\"description\" content=\"Napule&#039;s Power di Renato Marengo, il racconto della particolare storia della musica napoletana, narrato da un esperto e protagonista.\" \/>\n<meta name=\"robots\" content=\"index, follow, max-snippet:-1, max-image-preview:large, max-video-preview:-1\" \/>\n<link rel=\"canonical\" href=\"https:\/\/www.article-marketing.eu\/comunicatistampa\/esce-napules-power-di-renato-marengo\/\" \/>\n<meta property=\"og:locale\" content=\"it_IT\" \/>\n<meta property=\"og:type\" content=\"article\" \/>\n<meta property=\"og:title\" content=\"Napule&#039;s Power di Renato Marengo - Article Marketing\" \/>\n<meta property=\"og:description\" content=\"Napule&#039;s Power di Renato Marengo, il racconto della particolare storia della musica napoletana, narrato da un esperto e protagonista.\" \/>\n<meta property=\"og:url\" content=\"https:\/\/www.article-marketing.eu\/comunicatistampa\/esce-napules-power-di-renato-marengo\/\" \/>\n<meta property=\"og:site_name\" content=\"Article Marketing\" \/>\n<meta property=\"article:published_time\" content=\"2021-06-28T21:30:07+00:00\" \/>\n<meta property=\"article:modified_time\" content=\"2022-03-08T17:05:07+00:00\" \/>\n<meta property=\"og:image\" content=\"https:\/\/alfaprom.com\/wp-content\/uploads\/2021\/06\/COPERTINA-LIBRO-NAPULES-POWER-688x1024.jpg\" \/>\n<meta name=\"author\" content=\"studioalfa\" \/>\n<meta name=\"twitter:card\" content=\"summary_large_image\" \/>\n<meta name=\"twitter:label1\" content=\"Scritto da\" \/>\n\t<meta name=\"twitter:data1\" content=\"studioalfa\" \/>\n\t<meta name=\"twitter:label2\" content=\"Tempo di lettura stimato\" \/>\n\t<meta name=\"twitter:data2\" content=\"4 minuti\" \/>\n<script type=\"application\/ld+json\" class=\"yoast-schema-graph\">{\"@context\":\"https:\\\/\\\/schema.org\",\"@graph\":[{\"@type\":\"Article\",\"@id\":\"https:\\\/\\\/www.article-marketing.eu\\\/comunicatistampa\\\/esce-napules-power-di-renato-marengo\\\/#article\",\"isPartOf\":{\"@id\":\"https:\\\/\\\/www.article-marketing.eu\\\/comunicatistampa\\\/esce-napules-power-di-renato-marengo\\\/\"},\"author\":{\"name\":\"studioalfa\",\"@id\":\"https:\\\/\\\/www.article-marketing.eu\\\/comunicatistampa\\\/#\\\/schema\\\/person\\\/016dfd52849dd05631ba118c3dff9ace\"},\"headline\":\"Esce Napule&#8217;s Power di Renato Marengo\",\"datePublished\":\"2021-06-28T21:30:07+00:00\",\"dateModified\":\"2022-03-08T17:05:07+00:00\",\"mainEntityOfPage\":{\"@id\":\"https:\\\/\\\/www.article-marketing.eu\\\/comunicatistampa\\\/esce-napules-power-di-renato-marengo\\\/\"},\"wordCount\":701,\"commentCount\":0,\"image\":{\"@id\":\"https:\\\/\\\/www.article-marketing.eu\\\/comunicatistampa\\\/esce-napules-power-di-renato-marengo\\\/#primaryimage\"},\"thumbnailUrl\":\"https:\\\/\\\/alfaprom.com\\\/wp-content\\\/uploads\\\/2021\\\/06\\\/COPERTINA-LIBRO-NAPULES-POWER-688x1024.jpg\",\"articleSection\":[\"Arte e cultura\",\"Musica\"],\"inLanguage\":\"it-IT\",\"potentialAction\":[{\"@type\":\"CommentAction\",\"name\":\"Comment\",\"target\":[\"https:\\\/\\\/www.article-marketing.eu\\\/comunicatistampa\\\/esce-napules-power-di-renato-marengo\\\/#respond\"]}]},{\"@type\":\"WebPage\",\"@id\":\"https:\\\/\\\/www.article-marketing.eu\\\/comunicatistampa\\\/esce-napules-power-di-renato-marengo\\\/\",\"url\":\"https:\\\/\\\/www.article-marketing.eu\\\/comunicatistampa\\\/esce-napules-power-di-renato-marengo\\\/\",\"name\":\"Napule's Power di Renato Marengo - Article Marketing\",\"isPartOf\":{\"@id\":\"https:\\\/\\\/www.article-marketing.eu\\\/comunicatistampa\\\/#website\"},\"primaryImageOfPage\":{\"@id\":\"https:\\\/\\\/www.article-marketing.eu\\\/comunicatistampa\\\/esce-napules-power-di-renato-marengo\\\/#primaryimage\"},\"image\":{\"@id\":\"https:\\\/\\\/www.article-marketing.eu\\\/comunicatistampa\\\/esce-napules-power-di-renato-marengo\\\/#primaryimage\"},\"thumbnailUrl\":\"https:\\\/\\\/alfaprom.com\\\/wp-content\\\/uploads\\\/2021\\\/06\\\/COPERTINA-LIBRO-NAPULES-POWER-688x1024.jpg\",\"datePublished\":\"2021-06-28T21:30:07+00:00\",\"dateModified\":\"2022-03-08T17:05:07+00:00\",\"author\":{\"@id\":\"https:\\\/\\\/www.article-marketing.eu\\\/comunicatistampa\\\/#\\\/schema\\\/person\\\/016dfd52849dd05631ba118c3dff9ace\"},\"description\":\"Napule's Power di Renato Marengo, il racconto della particolare storia della musica napoletana, narrato da un esperto e protagonista.\",\"breadcrumb\":{\"@id\":\"https:\\\/\\\/www.article-marketing.eu\\\/comunicatistampa\\\/esce-napules-power-di-renato-marengo\\\/#breadcrumb\"},\"inLanguage\":\"it-IT\",\"potentialAction\":[{\"@type\":\"ReadAction\",\"target\":[\"https:\\\/\\\/www.article-marketing.eu\\\/comunicatistampa\\\/esce-napules-power-di-renato-marengo\\\/\"]}]},{\"@type\":\"ImageObject\",\"inLanguage\":\"it-IT\",\"@id\":\"https:\\\/\\\/www.article-marketing.eu\\\/comunicatistampa\\\/esce-napules-power-di-renato-marengo\\\/#primaryimage\",\"url\":\"https:\\\/\\\/alfaprom.com\\\/wp-content\\\/uploads\\\/2021\\\/06\\\/COPERTINA-LIBRO-NAPULES-POWER-688x1024.jpg\",\"contentUrl\":\"https:\\\/\\\/alfaprom.com\\\/wp-content\\\/uploads\\\/2021\\\/06\\\/COPERTINA-LIBRO-NAPULES-POWER-688x1024.jpg\"},{\"@type\":\"BreadcrumbList\",\"@id\":\"https:\\\/\\\/www.article-marketing.eu\\\/comunicatistampa\\\/esce-napules-power-di-renato-marengo\\\/#breadcrumb\",\"itemListElement\":[{\"@type\":\"ListItem\",\"position\":1,\"name\":\"Home\",\"item\":\"https:\\\/\\\/www.article-marketing.eu\\\/comunicatistampa\\\/\"},{\"@type\":\"ListItem\",\"position\":2,\"name\":\"Esce Napule&#8217;s Power di Renato Marengo\"}]},{\"@type\":\"WebSite\",\"@id\":\"https:\\\/\\\/www.article-marketing.eu\\\/comunicatistampa\\\/#website\",\"url\":\"https:\\\/\\\/www.article-marketing.eu\\\/comunicatistampa\\\/\",\"name\":\"Article Marketing\",\"description\":\"article marketing &amp; press release\",\"potentialAction\":[{\"@type\":\"SearchAction\",\"target\":{\"@type\":\"EntryPoint\",\"urlTemplate\":\"https:\\\/\\\/www.article-marketing.eu\\\/comunicatistampa\\\/?s={search_term_string}\"},\"query-input\":{\"@type\":\"PropertyValueSpecification\",\"valueRequired\":true,\"valueName\":\"search_term_string\"}}],\"inLanguage\":\"it-IT\"},{\"@type\":\"Person\",\"@id\":\"https:\\\/\\\/www.article-marketing.eu\\\/comunicatistampa\\\/#\\\/schema\\\/person\\\/016dfd52849dd05631ba118c3dff9ace\",\"name\":\"studioalfa\",\"image\":{\"@type\":\"ImageObject\",\"inLanguage\":\"it-IT\",\"@id\":\"https:\\\/\\\/secure.gravatar.com\\\/avatar\\\/e7a37e17b09595ecf7196e00f441c7cc74f75800109ba49376861d605b8805d4?s=96&d=mm&r=g\",\"url\":\"https:\\\/\\\/secure.gravatar.com\\\/avatar\\\/e7a37e17b09595ecf7196e00f441c7cc74f75800109ba49376861d605b8805d4?s=96&d=mm&r=g\",\"contentUrl\":\"https:\\\/\\\/secure.gravatar.com\\\/avatar\\\/e7a37e17b09595ecf7196e00f441c7cc74f75800109ba49376861d605b8805d4?s=96&d=mm&r=g\",\"caption\":\"studioalfa\"},\"url\":\"https:\\\/\\\/www.article-marketing.eu\\\/comunicatistampa\\\/author\\\/studioalfa\\\/\"}]}<\/script>\n<!-- \/ Yoast SEO plugin. -->","yoast_head_json":{"title":"Napule's Power di Renato Marengo - Article Marketing","description":"Napule's Power di Renato Marengo, il racconto della particolare storia della musica napoletana, narrato da un esperto e protagonista.","robots":{"index":"index","follow":"follow","max-snippet":"max-snippet:-1","max-image-preview":"max-image-preview:large","max-video-preview":"max-video-preview:-1"},"canonical":"https:\/\/www.article-marketing.eu\/comunicatistampa\/esce-napules-power-di-renato-marengo\/","og_locale":"it_IT","og_type":"article","og_title":"Napule's Power di Renato Marengo - Article Marketing","og_description":"Napule's Power di Renato Marengo, il racconto della particolare storia della musica napoletana, narrato da un esperto e protagonista.","og_url":"https:\/\/www.article-marketing.eu\/comunicatistampa\/esce-napules-power-di-renato-marengo\/","og_site_name":"Article Marketing","article_published_time":"2021-06-28T21:30:07+00:00","article_modified_time":"2022-03-08T17:05:07+00:00","og_image":[{"url":"https:\/\/alfaprom.com\/wp-content\/uploads\/2021\/06\/COPERTINA-LIBRO-NAPULES-POWER-688x1024.jpg","type":"","width":"","height":""}],"author":"studioalfa","twitter_card":"summary_large_image","twitter_misc":{"Scritto da":"studioalfa","Tempo di lettura stimato":"4 minuti"},"schema":{"@context":"https:\/\/schema.org","@graph":[{"@type":"Article","@id":"https:\/\/www.article-marketing.eu\/comunicatistampa\/esce-napules-power-di-renato-marengo\/#article","isPartOf":{"@id":"https:\/\/www.article-marketing.eu\/comunicatistampa\/esce-napules-power-di-renato-marengo\/"},"author":{"name":"studioalfa","@id":"https:\/\/www.article-marketing.eu\/comunicatistampa\/#\/schema\/person\/016dfd52849dd05631ba118c3dff9ace"},"headline":"Esce Napule&#8217;s Power di Renato Marengo","datePublished":"2021-06-28T21:30:07+00:00","dateModified":"2022-03-08T17:05:07+00:00","mainEntityOfPage":{"@id":"https:\/\/www.article-marketing.eu\/comunicatistampa\/esce-napules-power-di-renato-marengo\/"},"wordCount":701,"commentCount":0,"image":{"@id":"https:\/\/www.article-marketing.eu\/comunicatistampa\/esce-napules-power-di-renato-marengo\/#primaryimage"},"thumbnailUrl":"https:\/\/alfaprom.com\/wp-content\/uploads\/2021\/06\/COPERTINA-LIBRO-NAPULES-POWER-688x1024.jpg","articleSection":["Arte e cultura","Musica"],"inLanguage":"it-IT","potentialAction":[{"@type":"CommentAction","name":"Comment","target":["https:\/\/www.article-marketing.eu\/comunicatistampa\/esce-napules-power-di-renato-marengo\/#respond"]}]},{"@type":"WebPage","@id":"https:\/\/www.article-marketing.eu\/comunicatistampa\/esce-napules-power-di-renato-marengo\/","url":"https:\/\/www.article-marketing.eu\/comunicatistampa\/esce-napules-power-di-renato-marengo\/","name":"Napule's Power di Renato Marengo - Article Marketing","isPartOf":{"@id":"https:\/\/www.article-marketing.eu\/comunicatistampa\/#website"},"primaryImageOfPage":{"@id":"https:\/\/www.article-marketing.eu\/comunicatistampa\/esce-napules-power-di-renato-marengo\/#primaryimage"},"image":{"@id":"https:\/\/www.article-marketing.eu\/comunicatistampa\/esce-napules-power-di-renato-marengo\/#primaryimage"},"thumbnailUrl":"https:\/\/alfaprom.com\/wp-content\/uploads\/2021\/06\/COPERTINA-LIBRO-NAPULES-POWER-688x1024.jpg","datePublished":"2021-06-28T21:30:07+00:00","dateModified":"2022-03-08T17:05:07+00:00","author":{"@id":"https:\/\/www.article-marketing.eu\/comunicatistampa\/#\/schema\/person\/016dfd52849dd05631ba118c3dff9ace"},"description":"Napule's Power di Renato Marengo, il racconto della particolare storia della musica napoletana, narrato da un esperto e protagonista.","breadcrumb":{"@id":"https:\/\/www.article-marketing.eu\/comunicatistampa\/esce-napules-power-di-renato-marengo\/#breadcrumb"},"inLanguage":"it-IT","potentialAction":[{"@type":"ReadAction","target":["https:\/\/www.article-marketing.eu\/comunicatistampa\/esce-napules-power-di-renato-marengo\/"]}]},{"@type":"ImageObject","inLanguage":"it-IT","@id":"https:\/\/www.article-marketing.eu\/comunicatistampa\/esce-napules-power-di-renato-marengo\/#primaryimage","url":"https:\/\/alfaprom.com\/wp-content\/uploads\/2021\/06\/COPERTINA-LIBRO-NAPULES-POWER-688x1024.jpg","contentUrl":"https:\/\/alfaprom.com\/wp-content\/uploads\/2021\/06\/COPERTINA-LIBRO-NAPULES-POWER-688x1024.jpg"},{"@type":"BreadcrumbList","@id":"https:\/\/www.article-marketing.eu\/comunicatistampa\/esce-napules-power-di-renato-marengo\/#breadcrumb","itemListElement":[{"@type":"ListItem","position":1,"name":"Home","item":"https:\/\/www.article-marketing.eu\/comunicatistampa\/"},{"@type":"ListItem","position":2,"name":"Esce Napule&#8217;s Power di Renato Marengo"}]},{"@type":"WebSite","@id":"https:\/\/www.article-marketing.eu\/comunicatistampa\/#website","url":"https:\/\/www.article-marketing.eu\/comunicatistampa\/","name":"Article Marketing","description":"article marketing &amp; press release","potentialAction":[{"@type":"SearchAction","target":{"@type":"EntryPoint","urlTemplate":"https:\/\/www.article-marketing.eu\/comunicatistampa\/?s={search_term_string}"},"query-input":{"@type":"PropertyValueSpecification","valueRequired":true,"valueName":"search_term_string"}}],"inLanguage":"it-IT"},{"@type":"Person","@id":"https:\/\/www.article-marketing.eu\/comunicatistampa\/#\/schema\/person\/016dfd52849dd05631ba118c3dff9ace","name":"studioalfa","image":{"@type":"ImageObject","inLanguage":"it-IT","@id":"https:\/\/secure.gravatar.com\/avatar\/e7a37e17b09595ecf7196e00f441c7cc74f75800109ba49376861d605b8805d4?s=96&d=mm&r=g","url":"https:\/\/secure.gravatar.com\/avatar\/e7a37e17b09595ecf7196e00f441c7cc74f75800109ba49376861d605b8805d4?s=96&d=mm&r=g","contentUrl":"https:\/\/secure.gravatar.com\/avatar\/e7a37e17b09595ecf7196e00f441c7cc74f75800109ba49376861d605b8805d4?s=96&d=mm&r=g","caption":"studioalfa"},"url":"https:\/\/www.article-marketing.eu\/comunicatistampa\/author\/studioalfa\/"}]}},"_links":{"self":[{"href":"https:\/\/www.article-marketing.eu\/comunicatistampa\/wp-json\/wp\/v2\/posts\/19306","targetHints":{"allow":["GET"]}}],"collection":[{"href":"https:\/\/www.article-marketing.eu\/comunicatistampa\/wp-json\/wp\/v2\/posts"}],"about":[{"href":"https:\/\/www.article-marketing.eu\/comunicatistampa\/wp-json\/wp\/v2\/types\/post"}],"author":[{"embeddable":true,"href":"https:\/\/www.article-marketing.eu\/comunicatistampa\/wp-json\/wp\/v2\/users\/732"}],"replies":[{"embeddable":true,"href":"https:\/\/www.article-marketing.eu\/comunicatistampa\/wp-json\/wp\/v2\/comments?post=19306"}],"version-history":[{"count":2,"href":"https:\/\/www.article-marketing.eu\/comunicatistampa\/wp-json\/wp\/v2\/posts\/19306\/revisions"}],"predecessor-version":[{"id":19342,"href":"https:\/\/www.article-marketing.eu\/comunicatistampa\/wp-json\/wp\/v2\/posts\/19306\/revisions\/19342"}],"wp:attachment":[{"href":"https:\/\/www.article-marketing.eu\/comunicatistampa\/wp-json\/wp\/v2\/media?parent=19306"}],"wp:term":[{"taxonomy":"category","embeddable":true,"href":"https:\/\/www.article-marketing.eu\/comunicatistampa\/wp-json\/wp\/v2\/categories?post=19306"},{"taxonomy":"post_tag","embeddable":true,"href":"https:\/\/www.article-marketing.eu\/comunicatistampa\/wp-json\/wp\/v2\/tags?post=19306"}],"curies":[{"name":"wp","href":"https:\/\/api.w.org\/{rel}","templated":true}]}}