{"id":19310,"date":"2021-06-28T23:29:22","date_gmt":"2021-06-28T21:29:22","guid":{"rendered":"https:\/\/www.article-marketing.eu\/comunicatistampa\/?p=19310"},"modified":"2021-06-28T23:29:22","modified_gmt":"2021-06-28T21:29:22","slug":"il-tuo-matrimonio-e-a-settembre-organizza-il-tuo-matrimonio-con-stile-scegliendo-il-tema-del-viaggio","status":"publish","type":"post","link":"https:\/\/www.article-marketing.eu\/comunicatistampa\/il-tuo-matrimonio-e-a-settembre-organizza-il-tuo-matrimonio-con-stile-scegliendo-il-tema-del-viaggio\/","title":{"rendered":"Il tuo matrimonio \u00e8 a settembre? Organizza il tuo matrimonio con stile scegliendo il tema del viaggio"},"content":{"rendered":"<p><span style=\"font-family: verdana, geneva, sans-serif;\">Il tema del viaggio \u00e8 ideale per qualsiasi matrimonio. Le carte geografiche, infatti, sono un mezzo espressivo di straordinaria flessibilit\u00e0 che si presta ad innumerevoli interpretazioni senza mai risultare banale, scontato o ripetitivo. <\/span><\/p>\n<p><span style=\"font-family: verdana, geneva, sans-serif;\">Per le nozze di fine estate poi, il tema del viaggio \u00e8 particolarmente azzeccato. L&#8217;atmosfera porta in s\u00e9 un anticipo di autunno nei suoi colori caldi e ricchi di dolcezza, invitando ad una romantica fuga dal mondo con la persona del cuore. <\/span><\/p>\n<p><span style=\"font-family: verdana, geneva, sans-serif;\">Non a caso, tante persone scelgono questo mese per prenotare la meta che sognano da tempo. <\/span><\/p>\n<h2><span style=\"font-family: verdana, geneva, sans-serif;\">Ma come realizzare un perfetto matrimonio a tema viaggio? <\/span><\/h2>\n<p><span style=\"font-family: verdana, geneva, sans-serif;\">Semplice: con la cartina geografica che meglio rappresenta la vostra storia d&#8217;amore. Potete scegliere pensando ad un luogo che amate particolarmente. <\/span><\/p>\n<p><span style=\"font-family: verdana, geneva, sans-serif;\">Oppure, semplicemente in base al vostro stile o al vostro gusto estetico: un planisfero politico coloratissimo se siete persone estroverse e solari, un&#8217;antica mappa dell&#8217;impero romano se amate le atmosfere del passato, oppure una carta del mondo antichizzata se condividete la passione per gli oggetti ricercati. <\/span><\/p>\n<p><span style=\"font-family: verdana, geneva, sans-serif;\">Una volta scelto il soggetto, si pu\u00f2 passare alla personalizzazione. La &#8220;vostra&#8221; cartina potr\u00e0 essere utilizzata come stampa per tutti gli oggetti del tema: partecipazioni, inviti, men\u00f9, tableau de mariage, portafedi, e non solo. <\/span><\/p>\n<p><span style=\"font-family: verdana, geneva, sans-serif;\">Un quaderno di viaggio, una tovaglietta all&#8217;americana plastificata, una candela profumata: queste e altre idee, personalizzate con la mappa scelta, saranno una bellissima e originale bomboniera per tutti i vostri ospiti. <\/span><\/p>\n<p><span style=\"font-family: verdana, geneva, sans-serif;\">Per i testimoni sar\u00e0 stupenda una classica carta murale di grandi dimensioni corredata da una pregevole cornice in legno o metallo. <\/span><\/p>\n<p><span style=\"font-family: verdana, geneva, sans-serif;\">Decorazioni e piccoli oggetti possono anche essere confezionati artigianalmente con le stesse cartine: \u00e8 il caso delle farfalle ornamentali, delle girandole segnaposto, delle scatoline portaconfetti e, soprattutto, dei fiori. <\/span><\/p>\n<p><span style=\"font-family: verdana, geneva, sans-serif;\">Roselline, calle, narcisi, camelie e altri fiori &#8220;costruiti&#8221; con le carte geografiche e impreziositi con nastri e perline sono splendidi per comporre il bouquet della sposa, i centrotavola per il banchetto e anche da soli, per accompagnare i sacchetti dei confetti oppure come decorazione per i banchi della chiesa. <\/span><\/p>\n<h3><a href=\"https:\/\/www.visceglia.it\/it\/62-matrimonio-eventi\"><span style=\"font-family: verdana, geneva, sans-serif;\">Programma ora il tuo matrimonio &gt;&gt;<\/span><\/a><\/h3>\n","protected":false},"excerpt":{"rendered":"<p>Il tema del viaggio \u00e8 ideale per qualsiasi matrimonio. Le carte geografiche, infatti, sono un mezzo espressivo di straordinaria flessibilit\u00e0 che si presta ad innumerevoli interpretazioni senza mai risultare banale, scontato o ripetitivo. Per le nozze di fine estate poi, il tema del viaggio \u00e8 particolarmente azzeccato. L&#8217;atmosfera porta in s\u00e9 un anticipo di autunno nei suoi colori caldi e ricchi di dolcezza, invitando ad una romantica fuga dal mondo<\/p>\n<p><a class=\"continue-reading\" href=\"https:\/\/www.article-marketing.eu\/comunicatistampa\/il-tuo-matrimonio-e-a-settembre-organizza-il-tuo-matrimonio-con-stile-scegliendo-il-tema-del-viaggio\/\">Continue reading&#8230;<\/a><\/p>\n","protected":false},"author":81,"featured_media":0,"comment_status":"open","ping_status":"open","sticky":false,"template":"","format":"standard","meta":{"_monsterinsights_skip_tracking":false,"_monsterinsights_sitenote_active":false,"_monsterinsights_sitenote_note":"","_monsterinsights_sitenote_category":0,"footnotes":""},"categories":[78],"tags":[8179],"class_list":["post-19310","post","type-post","status-publish","format-standard","hentry","category-comunicati-stampa","tag-idee-originali-matrimonio"],"yoast_head":"<!-- This site is optimized with the Yoast SEO plugin v27.3 - https:\/\/yoast.com\/product\/yoast-seo-wordpress\/ -->\n<title>Il tuo matrimonio \u00e8 a settembre? Organizza il tuo matrimonio con stile scegliendo il tema del viaggio - Article Marketing<\/title>\n<meta name=\"robots\" content=\"index, follow, max-snippet:-1, max-image-preview:large, max-video-preview:-1\" \/>\n<link rel=\"canonical\" href=\"https:\/\/www.article-marketing.eu\/comunicatistampa\/il-tuo-matrimonio-e-a-settembre-organizza-il-tuo-matrimonio-con-stile-scegliendo-il-tema-del-viaggio\/\" \/>\n<meta property=\"og:locale\" content=\"it_IT\" \/>\n<meta property=\"og:type\" content=\"article\" \/>\n<meta property=\"og:title\" content=\"Organizza il tuo matrimonio con stile scegliendo il tema del viaggio\" \/>\n<meta property=\"og:description\" content=\"Il tema del viaggio \u00e8 ideale per qualsiasi matrimonio. Le carte geografiche, infatti, sono un mezzo espressivo di straordinaria flessibilit\u00e0 che si presta ad innumerevoli interpretazioni senza mai risultare banale, scontato o ripetitivo.\" \/>\n<meta property=\"og:url\" content=\"https:\/\/www.article-marketing.eu\/comunicatistampa\/il-tuo-matrimonio-e-a-settembre-organizza-il-tuo-matrimonio-con-stile-scegliendo-il-tema-del-viaggio\/\" \/>\n<meta property=\"og:site_name\" content=\"Article Marketing\" \/>\n<meta property=\"article:published_time\" content=\"2021-06-28T21:29:22+00:00\" \/>\n<meta name=\"author\" content=\"Visceglia\" \/>\n<meta name=\"twitter:card\" content=\"summary_large_image\" \/>\n<meta name=\"twitter:title\" content=\"Organizza il tuo matrimonio con stile scegliendo il tema del viaggio\" \/>\n<meta name=\"twitter:description\" content=\"Il tema del viaggio \u00e8 ideale per qualsiasi matrimonio. Le carte geografiche, infatti, sono un mezzo espressivo di straordinaria flessibilit\u00e0 che si presta ad innumerevoli interpretazioni senza mai risultare banale, scontato o ripetitivo.\" \/>\n<meta name=\"twitter:label1\" content=\"Scritto da\" \/>\n\t<meta name=\"twitter:data1\" content=\"Visceglia\" \/>\n\t<meta name=\"twitter:label2\" content=\"Tempo di lettura stimato\" \/>\n\t<meta name=\"twitter:data2\" content=\"2 minuti\" \/>\n<script type=\"application\/ld+json\" class=\"yoast-schema-graph\">{\"@context\":\"https:\\\/\\\/schema.org\",\"@graph\":[{\"@type\":\"Article\",\"@id\":\"https:\\\/\\\/www.article-marketing.eu\\\/comunicatistampa\\\/il-tuo-matrimonio-e-a-settembre-organizza-il-tuo-matrimonio-con-stile-scegliendo-il-tema-del-viaggio\\\/#article\",\"isPartOf\":{\"@id\":\"https:\\\/\\\/www.article-marketing.eu\\\/comunicatistampa\\\/il-tuo-matrimonio-e-a-settembre-organizza-il-tuo-matrimonio-con-stile-scegliendo-il-tema-del-viaggio\\\/\"},\"author\":{\"name\":\"Visceglia\",\"@id\":\"https:\\\/\\\/www.article-marketing.eu\\\/comunicatistampa\\\/#\\\/schema\\\/person\\\/4d14ba6f13faa910ce6282d42f74a30b\"},\"headline\":\"Il tuo matrimonio \u00e8 a settembre? Organizza il tuo matrimonio con stile scegliendo il tema del viaggio\",\"datePublished\":\"2021-06-28T21:29:22+00:00\",\"mainEntityOfPage\":{\"@id\":\"https:\\\/\\\/www.article-marketing.eu\\\/comunicatistampa\\\/il-tuo-matrimonio-e-a-settembre-organizza-il-tuo-matrimonio-con-stile-scegliendo-il-tema-del-viaggio\\\/\"},\"wordCount\":351,\"commentCount\":0,\"keywords\":[\"idee originali matrimonio\"],\"articleSection\":[\"Comunicati stampa\"],\"inLanguage\":\"it-IT\",\"potentialAction\":[{\"@type\":\"CommentAction\",\"name\":\"Comment\",\"target\":[\"https:\\\/\\\/www.article-marketing.eu\\\/comunicatistampa\\\/il-tuo-matrimonio-e-a-settembre-organizza-il-tuo-matrimonio-con-stile-scegliendo-il-tema-del-viaggio\\\/#respond\"]}]},{\"@type\":\"WebPage\",\"@id\":\"https:\\\/\\\/www.article-marketing.eu\\\/comunicatistampa\\\/il-tuo-matrimonio-e-a-settembre-organizza-il-tuo-matrimonio-con-stile-scegliendo-il-tema-del-viaggio\\\/\",\"url\":\"https:\\\/\\\/www.article-marketing.eu\\\/comunicatistampa\\\/il-tuo-matrimonio-e-a-settembre-organizza-il-tuo-matrimonio-con-stile-scegliendo-il-tema-del-viaggio\\\/\",\"name\":\"Il tuo matrimonio \u00e8 a settembre? Organizza il tuo matrimonio con stile scegliendo il tema del viaggio - Article Marketing\",\"isPartOf\":{\"@id\":\"https:\\\/\\\/www.article-marketing.eu\\\/comunicatistampa\\\/#website\"},\"datePublished\":\"2021-06-28T21:29:22+00:00\",\"author\":{\"@id\":\"https:\\\/\\\/www.article-marketing.eu\\\/comunicatistampa\\\/#\\\/schema\\\/person\\\/4d14ba6f13faa910ce6282d42f74a30b\"},\"breadcrumb\":{\"@id\":\"https:\\\/\\\/www.article-marketing.eu\\\/comunicatistampa\\\/il-tuo-matrimonio-e-a-settembre-organizza-il-tuo-matrimonio-con-stile-scegliendo-il-tema-del-viaggio\\\/#breadcrumb\"},\"inLanguage\":\"it-IT\",\"potentialAction\":[{\"@type\":\"ReadAction\",\"target\":[\"https:\\\/\\\/www.article-marketing.eu\\\/comunicatistampa\\\/il-tuo-matrimonio-e-a-settembre-organizza-il-tuo-matrimonio-con-stile-scegliendo-il-tema-del-viaggio\\\/\"]}]},{\"@type\":\"BreadcrumbList\",\"@id\":\"https:\\\/\\\/www.article-marketing.eu\\\/comunicatistampa\\\/il-tuo-matrimonio-e-a-settembre-organizza-il-tuo-matrimonio-con-stile-scegliendo-il-tema-del-viaggio\\\/#breadcrumb\",\"itemListElement\":[{\"@type\":\"ListItem\",\"position\":1,\"name\":\"Home\",\"item\":\"https:\\\/\\\/www.article-marketing.eu\\\/comunicatistampa\\\/\"},{\"@type\":\"ListItem\",\"position\":2,\"name\":\"Il tuo matrimonio \u00e8 a settembre? Organizza il tuo matrimonio con stile scegliendo il tema del viaggio\"}]},{\"@type\":\"WebSite\",\"@id\":\"https:\\\/\\\/www.article-marketing.eu\\\/comunicatistampa\\\/#website\",\"url\":\"https:\\\/\\\/www.article-marketing.eu\\\/comunicatistampa\\\/\",\"name\":\"Article Marketing\",\"description\":\"article marketing &amp; press release\",\"potentialAction\":[{\"@type\":\"SearchAction\",\"target\":{\"@type\":\"EntryPoint\",\"urlTemplate\":\"https:\\\/\\\/www.article-marketing.eu\\\/comunicatistampa\\\/?s={search_term_string}\"},\"query-input\":{\"@type\":\"PropertyValueSpecification\",\"valueRequired\":true,\"valueName\":\"search_term_string\"}}],\"inLanguage\":\"it-IT\"},{\"@type\":\"Person\",\"@id\":\"https:\\\/\\\/www.article-marketing.eu\\\/comunicatistampa\\\/#\\\/schema\\\/person\\\/4d14ba6f13faa910ce6282d42f74a30b\",\"name\":\"Visceglia\",\"image\":{\"@type\":\"ImageObject\",\"inLanguage\":\"it-IT\",\"@id\":\"https:\\\/\\\/secure.gravatar.com\\\/avatar\\\/a0351dc2f94509c3d5cdf6e8a49bfd9004215a4dd093d7ee26594c6dabc6af28?s=96&d=mm&r=g\",\"url\":\"https:\\\/\\\/secure.gravatar.com\\\/avatar\\\/a0351dc2f94509c3d5cdf6e8a49bfd9004215a4dd093d7ee26594c6dabc6af28?s=96&d=mm&r=g\",\"contentUrl\":\"https:\\\/\\\/secure.gravatar.com\\\/avatar\\\/a0351dc2f94509c3d5cdf6e8a49bfd9004215a4dd093d7ee26594c6dabc6af28?s=96&d=mm&r=g\",\"caption\":\"Visceglia\"},\"url\":\"https:\\\/\\\/www.article-marketing.eu\\\/comunicatistampa\\\/author\\\/visceglia\\\/\"}]}<\/script>\n<!-- \/ Yoast SEO plugin. -->","yoast_head_json":{"title":"Il tuo matrimonio \u00e8 a settembre? Organizza il tuo matrimonio con stile scegliendo il tema del viaggio - Article Marketing","robots":{"index":"index","follow":"follow","max-snippet":"max-snippet:-1","max-image-preview":"max-image-preview:large","max-video-preview":"max-video-preview:-1"},"canonical":"https:\/\/www.article-marketing.eu\/comunicatistampa\/il-tuo-matrimonio-e-a-settembre-organizza-il-tuo-matrimonio-con-stile-scegliendo-il-tema-del-viaggio\/","og_locale":"it_IT","og_type":"article","og_title":"Organizza il tuo matrimonio con stile scegliendo il tema del viaggio","og_description":"Il tema del viaggio \u00e8 ideale per qualsiasi matrimonio. Le carte geografiche, infatti, sono un mezzo espressivo di straordinaria flessibilit\u00e0 che si presta ad innumerevoli interpretazioni senza mai risultare banale, scontato o ripetitivo.","og_url":"https:\/\/www.article-marketing.eu\/comunicatistampa\/il-tuo-matrimonio-e-a-settembre-organizza-il-tuo-matrimonio-con-stile-scegliendo-il-tema-del-viaggio\/","og_site_name":"Article Marketing","article_published_time":"2021-06-28T21:29:22+00:00","author":"Visceglia","twitter_card":"summary_large_image","twitter_title":"Organizza il tuo matrimonio con stile scegliendo il tema del viaggio","twitter_description":"Il tema del viaggio \u00e8 ideale per qualsiasi matrimonio. Le carte geografiche, infatti, sono un mezzo espressivo di straordinaria flessibilit\u00e0 che si presta ad innumerevoli interpretazioni senza mai risultare banale, scontato o ripetitivo.","twitter_misc":{"Scritto da":"Visceglia","Tempo di lettura stimato":"2 minuti"},"schema":{"@context":"https:\/\/schema.org","@graph":[{"@type":"Article","@id":"https:\/\/www.article-marketing.eu\/comunicatistampa\/il-tuo-matrimonio-e-a-settembre-organizza-il-tuo-matrimonio-con-stile-scegliendo-il-tema-del-viaggio\/#article","isPartOf":{"@id":"https:\/\/www.article-marketing.eu\/comunicatistampa\/il-tuo-matrimonio-e-a-settembre-organizza-il-tuo-matrimonio-con-stile-scegliendo-il-tema-del-viaggio\/"},"author":{"name":"Visceglia","@id":"https:\/\/www.article-marketing.eu\/comunicatistampa\/#\/schema\/person\/4d14ba6f13faa910ce6282d42f74a30b"},"headline":"Il tuo matrimonio \u00e8 a settembre? Organizza il tuo matrimonio con stile scegliendo il tema del viaggio","datePublished":"2021-06-28T21:29:22+00:00","mainEntityOfPage":{"@id":"https:\/\/www.article-marketing.eu\/comunicatistampa\/il-tuo-matrimonio-e-a-settembre-organizza-il-tuo-matrimonio-con-stile-scegliendo-il-tema-del-viaggio\/"},"wordCount":351,"commentCount":0,"keywords":["idee originali matrimonio"],"articleSection":["Comunicati stampa"],"inLanguage":"it-IT","potentialAction":[{"@type":"CommentAction","name":"Comment","target":["https:\/\/www.article-marketing.eu\/comunicatistampa\/il-tuo-matrimonio-e-a-settembre-organizza-il-tuo-matrimonio-con-stile-scegliendo-il-tema-del-viaggio\/#respond"]}]},{"@type":"WebPage","@id":"https:\/\/www.article-marketing.eu\/comunicatistampa\/il-tuo-matrimonio-e-a-settembre-organizza-il-tuo-matrimonio-con-stile-scegliendo-il-tema-del-viaggio\/","url":"https:\/\/www.article-marketing.eu\/comunicatistampa\/il-tuo-matrimonio-e-a-settembre-organizza-il-tuo-matrimonio-con-stile-scegliendo-il-tema-del-viaggio\/","name":"Il tuo matrimonio \u00e8 a settembre? Organizza il tuo matrimonio con stile scegliendo il tema del viaggio - Article Marketing","isPartOf":{"@id":"https:\/\/www.article-marketing.eu\/comunicatistampa\/#website"},"datePublished":"2021-06-28T21:29:22+00:00","author":{"@id":"https:\/\/www.article-marketing.eu\/comunicatistampa\/#\/schema\/person\/4d14ba6f13faa910ce6282d42f74a30b"},"breadcrumb":{"@id":"https:\/\/www.article-marketing.eu\/comunicatistampa\/il-tuo-matrimonio-e-a-settembre-organizza-il-tuo-matrimonio-con-stile-scegliendo-il-tema-del-viaggio\/#breadcrumb"},"inLanguage":"it-IT","potentialAction":[{"@type":"ReadAction","target":["https:\/\/www.article-marketing.eu\/comunicatistampa\/il-tuo-matrimonio-e-a-settembre-organizza-il-tuo-matrimonio-con-stile-scegliendo-il-tema-del-viaggio\/"]}]},{"@type":"BreadcrumbList","@id":"https:\/\/www.article-marketing.eu\/comunicatistampa\/il-tuo-matrimonio-e-a-settembre-organizza-il-tuo-matrimonio-con-stile-scegliendo-il-tema-del-viaggio\/#breadcrumb","itemListElement":[{"@type":"ListItem","position":1,"name":"Home","item":"https:\/\/www.article-marketing.eu\/comunicatistampa\/"},{"@type":"ListItem","position":2,"name":"Il tuo matrimonio \u00e8 a settembre? Organizza il tuo matrimonio con stile scegliendo il tema del viaggio"}]},{"@type":"WebSite","@id":"https:\/\/www.article-marketing.eu\/comunicatistampa\/#website","url":"https:\/\/www.article-marketing.eu\/comunicatistampa\/","name":"Article Marketing","description":"article marketing &amp; press release","potentialAction":[{"@type":"SearchAction","target":{"@type":"EntryPoint","urlTemplate":"https:\/\/www.article-marketing.eu\/comunicatistampa\/?s={search_term_string}"},"query-input":{"@type":"PropertyValueSpecification","valueRequired":true,"valueName":"search_term_string"}}],"inLanguage":"it-IT"},{"@type":"Person","@id":"https:\/\/www.article-marketing.eu\/comunicatistampa\/#\/schema\/person\/4d14ba6f13faa910ce6282d42f74a30b","name":"Visceglia","image":{"@type":"ImageObject","inLanguage":"it-IT","@id":"https:\/\/secure.gravatar.com\/avatar\/a0351dc2f94509c3d5cdf6e8a49bfd9004215a4dd093d7ee26594c6dabc6af28?s=96&d=mm&r=g","url":"https:\/\/secure.gravatar.com\/avatar\/a0351dc2f94509c3d5cdf6e8a49bfd9004215a4dd093d7ee26594c6dabc6af28?s=96&d=mm&r=g","contentUrl":"https:\/\/secure.gravatar.com\/avatar\/a0351dc2f94509c3d5cdf6e8a49bfd9004215a4dd093d7ee26594c6dabc6af28?s=96&d=mm&r=g","caption":"Visceglia"},"url":"https:\/\/www.article-marketing.eu\/comunicatistampa\/author\/visceglia\/"}]}},"_links":{"self":[{"href":"https:\/\/www.article-marketing.eu\/comunicatistampa\/wp-json\/wp\/v2\/posts\/19310","targetHints":{"allow":["GET"]}}],"collection":[{"href":"https:\/\/www.article-marketing.eu\/comunicatistampa\/wp-json\/wp\/v2\/posts"}],"about":[{"href":"https:\/\/www.article-marketing.eu\/comunicatistampa\/wp-json\/wp\/v2\/types\/post"}],"author":[{"embeddable":true,"href":"https:\/\/www.article-marketing.eu\/comunicatistampa\/wp-json\/wp\/v2\/users\/81"}],"replies":[{"embeddable":true,"href":"https:\/\/www.article-marketing.eu\/comunicatistampa\/wp-json\/wp\/v2\/comments?post=19310"}],"version-history":[{"count":2,"href":"https:\/\/www.article-marketing.eu\/comunicatistampa\/wp-json\/wp\/v2\/posts\/19310\/revisions"}],"predecessor-version":[{"id":19340,"href":"https:\/\/www.article-marketing.eu\/comunicatistampa\/wp-json\/wp\/v2\/posts\/19310\/revisions\/19340"}],"wp:attachment":[{"href":"https:\/\/www.article-marketing.eu\/comunicatistampa\/wp-json\/wp\/v2\/media?parent=19310"}],"wp:term":[{"taxonomy":"category","embeddable":true,"href":"https:\/\/www.article-marketing.eu\/comunicatistampa\/wp-json\/wp\/v2\/categories?post=19310"},{"taxonomy":"post_tag","embeddable":true,"href":"https:\/\/www.article-marketing.eu\/comunicatistampa\/wp-json\/wp\/v2\/tags?post=19310"}],"curies":[{"name":"wp","href":"https:\/\/api.w.org\/{rel}","templated":true}]}}