{"id":1940,"date":"2017-04-13T23:22:57","date_gmt":"2017-04-13T21:22:57","guid":{"rendered":"http:\/\/www.article-marketing.eu\/comunicatistampa\/?p=1940"},"modified":"2017-04-13T23:22:57","modified_gmt":"2017-04-13T21:22:57","slug":"arredamento-di-locali-commerciali-sul-tema-del-viaggio","status":"publish","type":"post","link":"https:\/\/www.article-marketing.eu\/comunicatistampa\/arredamento-di-locali-commerciali-sul-tema-del-viaggio\/","title":{"rendered":"Arredamento di locali commerciali sul tema del viaggio"},"content":{"rendered":"<p>L&#8217;Istituto Geografico Visceglia \u00e8 nato nel 1929, anno in cui \u00e8 stato fondato dal professor Vincenzo Visceglia, da cui appunto prende il nome.<\/p>\n<p>Da quel momento in poi, l&#8217;azienda \u00e8 diventata leader nel settore delle pubblicazioni cartografiche che piacciono in po&#8217; a tutti, non solo agli urbanisti e agli appassionati di geografia.<\/p>\n<p>S\u00ec, perch\u00e9 la ditta Visceglia negli anni ha ampliato la propria offerta in ambiti che un tempo sembravano non competerle in alcun modo, per esempio l&#8217;ambito delle attivit\u00e0 commerciali.<\/p>\n<h2>Cosa ci fanno delle cartine geografiche in un bar o in un negozio?<\/h2>\n<p>In realt\u00e0 le <a href=\"http:\/\/www.visceglia.it\/web\/index.php\/ita\/arredamento-con-carte-geografiche\"><strong>carte geografiche sono assolutamente perfette per arredare gli ambienti<\/strong><\/a>, e l&#8217;intuizione di Visceglia nel tempo si \u00e8 rivelata vincente, visto che sono sempre di pi\u00f9 i locali commerciali che decidono di scegliere un arredamento che strizza l&#8217;occhio al tema del viaggio, personalizzando cos\u00ec ambienti e complementi d&#8217;arredo con le splendide carte geografiche Visceglia.<\/p>\n<p>Sul sito ufficiale dell&#8217;azienda \u00e8 possibile trovare moltissimi esempi diversi di come delle carte geografiche possano costituire l&#8217;accessorio pi\u00f9 trendy e caratteristico di qualsiasi locale: non solo librerie, biblioteche o agenzie di viaggio, ma anche negozi di fiori, bar e ristoranti, parrucchieri e saloni di bellezza.<\/p>\n<p>Il tema del viaggio \u00e8 da sempre uno dei pi\u00f9 affascinanti per potenziali clienti di qualsiasi tipo, e consentir loro di viaggiare, anche solo con la fantasia, osservando le splendide cartine Visceglia mentre sorseggiano un t\u00e8 o si godono un massaggio rilassante, \u00e8 senza dubbio il modo migliore per coccolarli e farli sentire immersi in un&#8217;atmosfera diversa da quella che respirano di solito, molto pi\u00f9 particolare.<\/p>\n<p>La scelta di arredare il proprio locale commerciale con le cartine Visceglia \u00e8 senza dubbio una scelta non convenzionale, su cui non tutti sono d&#8217;accordo, anche perch\u00e9 &#8211; come sempre in questi casi &#8211; \u00e8 questione di gusti.<\/p>\n<p>Tuttavia chi opera nel settore commerciale da tempo, sa bene che per avere successo e soprattutto per avere la meglio sulla concorrenza pi\u00f9 spietata \u00e8 necessario distinguersi. E quale maniera migliore di distinguersi agli occhi dei clienti, che dare un tocco speciale agli arredi grazie all&#8217;utilizzo di cartine Visceglia?<\/p>\n<p>Queste cartine sono stampate su carta di qualit\u00e0 e durano a lungo nel tempo, costituendo un vero e proprio investimento a lungo termine; un investimento che inoltre \u00e8 decisamente meno caro rispetto alla maggior parte dei complementi d&#8217;arredo e di oggettistica firmati che occorre comprare per dare all&#8217;ambiente un&#8217;aria sofisticata e particolare.<\/p>\n<p>La carta Visceglia fornisce quel tocco di originalit\u00e0 e di personalit\u00e0 in pi\u00f9 agli ambienti senza costare una fortuna, e uno dei suoi grandi vantaggi \u00e8 che la si pu\u00f2 utilizzare in mille modi diversi.<\/p>\n<p>Le carte geografiche, infatti, possono essere utilizzate come tappezzeria, per decorare i soffitti o il bancone, ma anche per personalizzare tavole e sedie, rallegrando ogni ambiente.<\/p>\n","protected":false},"excerpt":{"rendered":"<p>L&#8217;Istituto Geografico Visceglia \u00e8 nato nel 1929, anno in cui \u00e8 stato fondato dal professor Vincenzo Visceglia, da cui appunto prende il nome. Da quel momento in poi, l&#8217;azienda \u00e8 diventata leader nel settore delle pubblicazioni cartografiche che piacciono in po&#8217; a tutti, non solo agli urbanisti e agli appassionati di geografia. S\u00ec, perch\u00e9 la ditta Visceglia negli anni ha ampliato la propria offerta in ambiti che un tempo sembravano<\/p>\n<p><a class=\"continue-reading\" href=\"https:\/\/www.article-marketing.eu\/comunicatistampa\/arredamento-di-locali-commerciali-sul-tema-del-viaggio\/\">Continue reading&#8230;<\/a><\/p>\n","protected":false},"author":81,"featured_media":0,"comment_status":"open","ping_status":"open","sticky":false,"template":"","format":"standard","meta":{"_monsterinsights_skip_tracking":false,"_monsterinsights_sitenote_active":false,"_monsterinsights_sitenote_note":"","_monsterinsights_sitenote_category":0,"footnotes":""},"categories":[415],"tags":[1114],"class_list":["post-1940","post","type-post","status-publish","format-standard","hentry","category-architecture","tag-arredamento"],"yoast_head":"<!-- This site is optimized with the Yoast SEO plugin v27.3 - https:\/\/yoast.com\/product\/yoast-seo-wordpress\/ -->\n<title>Arredamento di locali commerciali sul tema del viaggio - Article Marketing<\/title>\n<meta name=\"robots\" content=\"index, follow, max-snippet:-1, max-image-preview:large, max-video-preview:-1\" \/>\n<link rel=\"canonical\" href=\"https:\/\/www.article-marketing.eu\/comunicatistampa\/arredamento-di-locali-commerciali-sul-tema-del-viaggio\/\" \/>\n<meta property=\"og:locale\" content=\"it_IT\" \/>\n<meta property=\"og:type\" content=\"article\" \/>\n<meta property=\"og:title\" content=\"Arredamento di locali commerciali sul tema del viaggio - Article Marketing\" \/>\n<meta property=\"og:description\" content=\"L&#8217;Istituto Geografico Visceglia \u00e8 nato nel 1929, anno in cui \u00e8 stato fondato dal professor Vincenzo Visceglia, da cui appunto prende il nome. Da quel momento in poi, l&#8217;azienda \u00e8 diventata leader nel settore delle pubblicazioni cartografiche che piacciono in po&#8217; a tutti, non solo agli urbanisti e agli appassionati di geografia. S\u00ec, perch\u00e9 la ditta Visceglia negli anni ha ampliato la propria offerta in ambiti che un tempo sembravanoContinue reading...\" \/>\n<meta property=\"og:url\" content=\"https:\/\/www.article-marketing.eu\/comunicatistampa\/arredamento-di-locali-commerciali-sul-tema-del-viaggio\/\" \/>\n<meta property=\"og:site_name\" content=\"Article Marketing\" \/>\n<meta property=\"article:published_time\" content=\"2017-04-13T21:22:57+00:00\" \/>\n<meta name=\"author\" content=\"Visceglia\" \/>\n<meta name=\"twitter:card\" content=\"summary_large_image\" \/>\n<meta name=\"twitter:label1\" content=\"Scritto da\" \/>\n\t<meta name=\"twitter:data1\" content=\"Visceglia\" \/>\n\t<meta name=\"twitter:label2\" content=\"Tempo di lettura stimato\" \/>\n\t<meta name=\"twitter:data2\" content=\"2 minuti\" \/>\n<script type=\"application\/ld+json\" class=\"yoast-schema-graph\">{\"@context\":\"https:\\\/\\\/schema.org\",\"@graph\":[{\"@type\":\"Article\",\"@id\":\"https:\\\/\\\/www.article-marketing.eu\\\/comunicatistampa\\\/arredamento-di-locali-commerciali-sul-tema-del-viaggio\\\/#article\",\"isPartOf\":{\"@id\":\"https:\\\/\\\/www.article-marketing.eu\\\/comunicatistampa\\\/arredamento-di-locali-commerciali-sul-tema-del-viaggio\\\/\"},\"author\":{\"name\":\"Visceglia\",\"@id\":\"https:\\\/\\\/www.article-marketing.eu\\\/comunicatistampa\\\/#\\\/schema\\\/person\\\/4d14ba6f13faa910ce6282d42f74a30b\"},\"headline\":\"Arredamento di locali commerciali sul tema del viaggio\",\"datePublished\":\"2017-04-13T21:22:57+00:00\",\"mainEntityOfPage\":{\"@id\":\"https:\\\/\\\/www.article-marketing.eu\\\/comunicatistampa\\\/arredamento-di-locali-commerciali-sul-tema-del-viaggio\\\/\"},\"wordCount\":457,\"commentCount\":0,\"keywords\":[\"arredamento\"],\"articleSection\":[\"Architecture\"],\"inLanguage\":\"it-IT\",\"potentialAction\":[{\"@type\":\"CommentAction\",\"name\":\"Comment\",\"target\":[\"https:\\\/\\\/www.article-marketing.eu\\\/comunicatistampa\\\/arredamento-di-locali-commerciali-sul-tema-del-viaggio\\\/#respond\"]}]},{\"@type\":\"WebPage\",\"@id\":\"https:\\\/\\\/www.article-marketing.eu\\\/comunicatistampa\\\/arredamento-di-locali-commerciali-sul-tema-del-viaggio\\\/\",\"url\":\"https:\\\/\\\/www.article-marketing.eu\\\/comunicatistampa\\\/arredamento-di-locali-commerciali-sul-tema-del-viaggio\\\/\",\"name\":\"Arredamento di locali commerciali sul tema del viaggio - Article Marketing\",\"isPartOf\":{\"@id\":\"https:\\\/\\\/www.article-marketing.eu\\\/comunicatistampa\\\/#website\"},\"datePublished\":\"2017-04-13T21:22:57+00:00\",\"author\":{\"@id\":\"https:\\\/\\\/www.article-marketing.eu\\\/comunicatistampa\\\/#\\\/schema\\\/person\\\/4d14ba6f13faa910ce6282d42f74a30b\"},\"breadcrumb\":{\"@id\":\"https:\\\/\\\/www.article-marketing.eu\\\/comunicatistampa\\\/arredamento-di-locali-commerciali-sul-tema-del-viaggio\\\/#breadcrumb\"},\"inLanguage\":\"it-IT\",\"potentialAction\":[{\"@type\":\"ReadAction\",\"target\":[\"https:\\\/\\\/www.article-marketing.eu\\\/comunicatistampa\\\/arredamento-di-locali-commerciali-sul-tema-del-viaggio\\\/\"]}]},{\"@type\":\"BreadcrumbList\",\"@id\":\"https:\\\/\\\/www.article-marketing.eu\\\/comunicatistampa\\\/arredamento-di-locali-commerciali-sul-tema-del-viaggio\\\/#breadcrumb\",\"itemListElement\":[{\"@type\":\"ListItem\",\"position\":1,\"name\":\"Home\",\"item\":\"https:\\\/\\\/www.article-marketing.eu\\\/comunicatistampa\\\/\"},{\"@type\":\"ListItem\",\"position\":2,\"name\":\"Arredamento di locali commerciali sul tema del viaggio\"}]},{\"@type\":\"WebSite\",\"@id\":\"https:\\\/\\\/www.article-marketing.eu\\\/comunicatistampa\\\/#website\",\"url\":\"https:\\\/\\\/www.article-marketing.eu\\\/comunicatistampa\\\/\",\"name\":\"Article Marketing\",\"description\":\"article marketing &amp; press release\",\"potentialAction\":[{\"@type\":\"SearchAction\",\"target\":{\"@type\":\"EntryPoint\",\"urlTemplate\":\"https:\\\/\\\/www.article-marketing.eu\\\/comunicatistampa\\\/?s={search_term_string}\"},\"query-input\":{\"@type\":\"PropertyValueSpecification\",\"valueRequired\":true,\"valueName\":\"search_term_string\"}}],\"inLanguage\":\"it-IT\"},{\"@type\":\"Person\",\"@id\":\"https:\\\/\\\/www.article-marketing.eu\\\/comunicatistampa\\\/#\\\/schema\\\/person\\\/4d14ba6f13faa910ce6282d42f74a30b\",\"name\":\"Visceglia\",\"image\":{\"@type\":\"ImageObject\",\"inLanguage\":\"it-IT\",\"@id\":\"https:\\\/\\\/secure.gravatar.com\\\/avatar\\\/a0351dc2f94509c3d5cdf6e8a49bfd9004215a4dd093d7ee26594c6dabc6af28?s=96&d=mm&r=g\",\"url\":\"https:\\\/\\\/secure.gravatar.com\\\/avatar\\\/a0351dc2f94509c3d5cdf6e8a49bfd9004215a4dd093d7ee26594c6dabc6af28?s=96&d=mm&r=g\",\"contentUrl\":\"https:\\\/\\\/secure.gravatar.com\\\/avatar\\\/a0351dc2f94509c3d5cdf6e8a49bfd9004215a4dd093d7ee26594c6dabc6af28?s=96&d=mm&r=g\",\"caption\":\"Visceglia\"},\"url\":\"https:\\\/\\\/www.article-marketing.eu\\\/comunicatistampa\\\/author\\\/visceglia\\\/\"}]}<\/script>\n<!-- \/ Yoast SEO plugin. -->","yoast_head_json":{"title":"Arredamento di locali commerciali sul tema del viaggio - Article Marketing","robots":{"index":"index","follow":"follow","max-snippet":"max-snippet:-1","max-image-preview":"max-image-preview:large","max-video-preview":"max-video-preview:-1"},"canonical":"https:\/\/www.article-marketing.eu\/comunicatistampa\/arredamento-di-locali-commerciali-sul-tema-del-viaggio\/","og_locale":"it_IT","og_type":"article","og_title":"Arredamento di locali commerciali sul tema del viaggio - Article Marketing","og_description":"L&#8217;Istituto Geografico Visceglia \u00e8 nato nel 1929, anno in cui \u00e8 stato fondato dal professor Vincenzo Visceglia, da cui appunto prende il nome. Da quel momento in poi, l&#8217;azienda \u00e8 diventata leader nel settore delle pubblicazioni cartografiche che piacciono in po&#8217; a tutti, non solo agli urbanisti e agli appassionati di geografia. S\u00ec, perch\u00e9 la ditta Visceglia negli anni ha ampliato la propria offerta in ambiti che un tempo sembravanoContinue reading...","og_url":"https:\/\/www.article-marketing.eu\/comunicatistampa\/arredamento-di-locali-commerciali-sul-tema-del-viaggio\/","og_site_name":"Article Marketing","article_published_time":"2017-04-13T21:22:57+00:00","author":"Visceglia","twitter_card":"summary_large_image","twitter_misc":{"Scritto da":"Visceglia","Tempo di lettura stimato":"2 minuti"},"schema":{"@context":"https:\/\/schema.org","@graph":[{"@type":"Article","@id":"https:\/\/www.article-marketing.eu\/comunicatistampa\/arredamento-di-locali-commerciali-sul-tema-del-viaggio\/#article","isPartOf":{"@id":"https:\/\/www.article-marketing.eu\/comunicatistampa\/arredamento-di-locali-commerciali-sul-tema-del-viaggio\/"},"author":{"name":"Visceglia","@id":"https:\/\/www.article-marketing.eu\/comunicatistampa\/#\/schema\/person\/4d14ba6f13faa910ce6282d42f74a30b"},"headline":"Arredamento di locali commerciali sul tema del viaggio","datePublished":"2017-04-13T21:22:57+00:00","mainEntityOfPage":{"@id":"https:\/\/www.article-marketing.eu\/comunicatistampa\/arredamento-di-locali-commerciali-sul-tema-del-viaggio\/"},"wordCount":457,"commentCount":0,"keywords":["arredamento"],"articleSection":["Architecture"],"inLanguage":"it-IT","potentialAction":[{"@type":"CommentAction","name":"Comment","target":["https:\/\/www.article-marketing.eu\/comunicatistampa\/arredamento-di-locali-commerciali-sul-tema-del-viaggio\/#respond"]}]},{"@type":"WebPage","@id":"https:\/\/www.article-marketing.eu\/comunicatistampa\/arredamento-di-locali-commerciali-sul-tema-del-viaggio\/","url":"https:\/\/www.article-marketing.eu\/comunicatistampa\/arredamento-di-locali-commerciali-sul-tema-del-viaggio\/","name":"Arredamento di locali commerciali sul tema del viaggio - Article Marketing","isPartOf":{"@id":"https:\/\/www.article-marketing.eu\/comunicatistampa\/#website"},"datePublished":"2017-04-13T21:22:57+00:00","author":{"@id":"https:\/\/www.article-marketing.eu\/comunicatistampa\/#\/schema\/person\/4d14ba6f13faa910ce6282d42f74a30b"},"breadcrumb":{"@id":"https:\/\/www.article-marketing.eu\/comunicatistampa\/arredamento-di-locali-commerciali-sul-tema-del-viaggio\/#breadcrumb"},"inLanguage":"it-IT","potentialAction":[{"@type":"ReadAction","target":["https:\/\/www.article-marketing.eu\/comunicatistampa\/arredamento-di-locali-commerciali-sul-tema-del-viaggio\/"]}]},{"@type":"BreadcrumbList","@id":"https:\/\/www.article-marketing.eu\/comunicatistampa\/arredamento-di-locali-commerciali-sul-tema-del-viaggio\/#breadcrumb","itemListElement":[{"@type":"ListItem","position":1,"name":"Home","item":"https:\/\/www.article-marketing.eu\/comunicatistampa\/"},{"@type":"ListItem","position":2,"name":"Arredamento di locali commerciali sul tema del viaggio"}]},{"@type":"WebSite","@id":"https:\/\/www.article-marketing.eu\/comunicatistampa\/#website","url":"https:\/\/www.article-marketing.eu\/comunicatistampa\/","name":"Article Marketing","description":"article marketing &amp; press release","potentialAction":[{"@type":"SearchAction","target":{"@type":"EntryPoint","urlTemplate":"https:\/\/www.article-marketing.eu\/comunicatistampa\/?s={search_term_string}"},"query-input":{"@type":"PropertyValueSpecification","valueRequired":true,"valueName":"search_term_string"}}],"inLanguage":"it-IT"},{"@type":"Person","@id":"https:\/\/www.article-marketing.eu\/comunicatistampa\/#\/schema\/person\/4d14ba6f13faa910ce6282d42f74a30b","name":"Visceglia","image":{"@type":"ImageObject","inLanguage":"it-IT","@id":"https:\/\/secure.gravatar.com\/avatar\/a0351dc2f94509c3d5cdf6e8a49bfd9004215a4dd093d7ee26594c6dabc6af28?s=96&d=mm&r=g","url":"https:\/\/secure.gravatar.com\/avatar\/a0351dc2f94509c3d5cdf6e8a49bfd9004215a4dd093d7ee26594c6dabc6af28?s=96&d=mm&r=g","contentUrl":"https:\/\/secure.gravatar.com\/avatar\/a0351dc2f94509c3d5cdf6e8a49bfd9004215a4dd093d7ee26594c6dabc6af28?s=96&d=mm&r=g","caption":"Visceglia"},"url":"https:\/\/www.article-marketing.eu\/comunicatistampa\/author\/visceglia\/"}]}},"_links":{"self":[{"href":"https:\/\/www.article-marketing.eu\/comunicatistampa\/wp-json\/wp\/v2\/posts\/1940","targetHints":{"allow":["GET"]}}],"collection":[{"href":"https:\/\/www.article-marketing.eu\/comunicatistampa\/wp-json\/wp\/v2\/posts"}],"about":[{"href":"https:\/\/www.article-marketing.eu\/comunicatistampa\/wp-json\/wp\/v2\/types\/post"}],"author":[{"embeddable":true,"href":"https:\/\/www.article-marketing.eu\/comunicatistampa\/wp-json\/wp\/v2\/users\/81"}],"replies":[{"embeddable":true,"href":"https:\/\/www.article-marketing.eu\/comunicatistampa\/wp-json\/wp\/v2\/comments?post=1940"}],"version-history":[{"count":2,"href":"https:\/\/www.article-marketing.eu\/comunicatistampa\/wp-json\/wp\/v2\/posts\/1940\/revisions"}],"predecessor-version":[{"id":1967,"href":"https:\/\/www.article-marketing.eu\/comunicatistampa\/wp-json\/wp\/v2\/posts\/1940\/revisions\/1967"}],"wp:attachment":[{"href":"https:\/\/www.article-marketing.eu\/comunicatistampa\/wp-json\/wp\/v2\/media?parent=1940"}],"wp:term":[{"taxonomy":"category","embeddable":true,"href":"https:\/\/www.article-marketing.eu\/comunicatistampa\/wp-json\/wp\/v2\/categories?post=1940"},{"taxonomy":"post_tag","embeddable":true,"href":"https:\/\/www.article-marketing.eu\/comunicatistampa\/wp-json\/wp\/v2\/tags?post=1940"}],"curies":[{"name":"wp","href":"https:\/\/api.w.org\/{rel}","templated":true}]}}