{"id":19401,"date":"2021-07-14T23:38:54","date_gmt":"2021-07-14T21:38:54","guid":{"rendered":"https:\/\/www.article-marketing.eu\/comunicatistampa\/?p=19401"},"modified":"2021-07-14T23:38:54","modified_gmt":"2021-07-14T21:38:54","slug":"lislam-e-patto-sociale-laico-di-chiara-cavalieri","status":"publish","type":"post","link":"https:\/\/www.article-marketing.eu\/comunicatistampa\/lislam-e-patto-sociale-laico-di-chiara-cavalieri\/","title":{"rendered":"L&#8217;Islam e patto sociale laico di Chiara Cavalieri"},"content":{"rendered":"<p>Comodamente seduta davanti a ottimo t\u00e8 marocchino ho avuto un\u2019illuminante conversazionecon L\u2019Imam El Hachmi della moschea di Terni sui rapporti tra Stato italiano e Islam, Terrorismo e la tumulazione con rito islamico.<\/p>\n<p>&nbsp;<\/p>\n<p><strong><em>Imam El Hachmi ,i credenti musulmani sostengono che quanto praticato dai terroristi non appartenga al vero Islam, pu\u00f2 spiegarci il suo punto di vista? <\/em><\/strong><\/p>\n<p>&nbsp;<\/p>\n<p>La realt\u00e0 islamica \u00e8 molto complessa ed \u00e8 necessario puntualizzare che esistono ben 4 scuole di pensiero giuridico\/religioso. Solo per il mondo sunnita abbiamo: hanafi (turchia-egitto), hanbali, maliki (nord\u2019Africa) Shafi\u2019i (oceano indiano, Malesia, costa orientale dell\u2019Africa, Yemen); in Egitto c\u2019\u00e8 commistione tra scuola Hanafi e Maliki.<\/p>\n<p>&nbsp;<\/p>\n<p><strong><em>Ritiene che l\u2019Islam possa adeguarsi e rispettare il patto sociale laico di uno stato occidentale? <\/em><\/strong><\/p>\n<p>&nbsp;<\/p>\n<p>Lo stato italiano dovrebbe fare in modo che la scuola con cui interagire sia una sola ed in particolare quella malikita, molto pi\u00f9 tollerante verso le altre religioni e capace di adattarsi allo stato ospitante, rispettandone il patto di laicit\u00e0 sociale, al contrario della scuola hanbalita da cui derivano i fondamentalismi della fratellanza musulmana, Isis, Hamas. I Malikiti sono quei musulmani sunniti che seguono il madia (scuola giuridico-religiosa, con connotazioni anche filosofico-speculative) fondato sulla scia dell\u2019insegnamento di Malik ibn Anas di Medina. Il loro massimo esponente \u00e8 l\u2019Amir Al Mouminine, l\u2019attuale re del Marocco, che \u00e8 \u201ccomandante dei credenti\u201d e il cui principale esponente in Italia \u00e8 il dott. Abdallah Reduane della grande Moschea di Roma (che ha sempre preso posizioni durissime contro il terrorismo e contro l\u2019ambiguit\u00e0 dell\u2019UCOII)<\/p>\n<p>&nbsp;<\/p>\n<p><strong><em>Cosa dovrebbe fare lo Stato Italiano per migliorare il reciproco rispetto nell&#8217; interesse comune?<\/em><\/strong><\/p>\n<p>&nbsp;<\/p>\n<p>\u00c8 necessario che lo stato obblighi ad aggiornamenti continui anche e soprattutto sulla costituzione italiana, cos\u00ec da rendere note ai credenti le leggi laiche dello stato.Riguardo il tema delle sepolture so che le varie comunit\u00e0 hanno fatto domanda alla Presidente Tesei per ottenere spazi cimiteriali. La nostra societ\u00e0 sta diventando sempre pi\u00f9 mista e la necessit\u00e0 di avere un proprio spazio \u00e8 questione di civilt\u00e0 e di sensibilit\u00e0 per i diversi riti funebri.Speriamo l\u2019Umbria si adegui presto,come ad esempio la vicina Rieti, Bergamo,Padova,Napoli.Siamo in fiduciosa attesa.<\/p>\n<p>&nbsp;<\/p>\n<p><strong><em>Come la politica italiana pu\u00f2 aiutare i cittadini musulmani, favorendo l\u2019integrazione ?<\/em><\/strong><\/p>\n<p>&nbsp;<\/p>\n<p>\u00c8 necessario che la politica italiana, specie di una certa parte, cessi di dare voce all\u2019islam politico aprendo sempre pi\u00f9 le porte ai musulmani per bene che, per il loro impegno, sono vittime dei terroristi anche nei loro paesi. Come non ricordare per esempio la figura dell\u2019ambasciatore Somalo presso l\u2019Onu, Yusuf Mohamed Ismail Bari Bari ucciso a Mogadiscio nell\u2019attentato all\u2019hotel Maka al Mukrama ad opera di Al Shabaab, o l\u2019attentato alla moschea del nord Sinai, in Egitto, che ha causato oltre 300 morti.<\/p>\n<p>&nbsp;<\/p>\n<p>Concludendo l\u2019islam delle origini non \u00e8 quello dei tagliagole che siamo abituati a vedere nelle telecronache, ma \u00e8 un mondo variegato e affascinante; \u00e8 quello della meravigliosa Mille e una notte, \u00e8 quello di scienziati, poeti, filosofi, che guardavano all\u2019aristotelismo e ne ammiravano le scoperte e conquiste e conducevano studi all\u2019avanguardia traducendo Euclide ed Archimede. La svolta avvenne con l\u2019invasione mongola nel XIII secolo, e conn la figura di IbnTaymiyya, citato spesso anche da Osama Bin Laden, che, nel proclamare la guerra santa contro i Mongoli, rei di aver raso al suolo Baghdad e ucciso il Califfo, gett\u00f2 le basi per il fondamentalismo islamico.\u00c8 pertanto compito dei cittadini di buona volont\u00e0 evitare che i musulmani per bene, desiderosi di integrarsi e di convivere con altre realt\u00e0, siano presi tra il martello dei fondamentalisti e l\u2019incudine degli islamofobi.<\/p>\n<p>&nbsp;<\/p>\n<p>Si ringrazia il prof. Davide S. Amore, storico delle religioni, membro del SISR, e il Prof. Andrea Sartori, scrittore e giornalista per le consulenze.<\/p>\n<p>&nbsp;<\/p>\n","protected":false},"excerpt":{"rendered":"<p>Comodamente seduta davanti a ottimo t\u00e8 marocchino ho avuto un\u2019illuminante conversazionecon L\u2019Imam El Hachmi della moschea di Terni sui rapporti tra Stato italiano e Islam, Terrorismo e la tumulazione con rito islamico. &nbsp; Imam El Hachmi ,i credenti musulmani sostengono che quanto praticato dai terroristi non appartenga al vero Islam, pu\u00f2 spiegarci il suo punto di vista? &nbsp; La realt\u00e0 islamica \u00e8 molto complessa ed \u00e8 necessario puntualizzare che esistono<\/p>\n<p><a class=\"continue-reading\" href=\"https:\/\/www.article-marketing.eu\/comunicatistampa\/lislam-e-patto-sociale-laico-di-chiara-cavalieri\/\">Continue reading&#8230;<\/a><\/p>\n","protected":false},"author":913,"featured_media":0,"comment_status":"open","ping_status":"open","sticky":false,"template":"","format":"standard","meta":{"_monsterinsights_skip_tracking":false,"_monsterinsights_sitenote_active":false,"_monsterinsights_sitenote_note":"","_monsterinsights_sitenote_category":0,"footnotes":""},"categories":[78],"tags":[],"class_list":["post-19401","post","type-post","status-publish","format-standard","hentry","category-comunicati-stampa"],"yoast_head":"<!-- This site is optimized with the Yoast SEO plugin v27.3 - https:\/\/yoast.com\/product\/yoast-seo-wordpress\/ -->\n<title>L&#039;Islam e patto sociale laico di Chiara Cavalieri - Article Marketing<\/title>\n<meta name=\"robots\" content=\"index, follow, max-snippet:-1, max-image-preview:large, max-video-preview:-1\" \/>\n<link rel=\"canonical\" href=\"https:\/\/www.article-marketing.eu\/comunicatistampa\/lislam-e-patto-sociale-laico-di-chiara-cavalieri\/\" \/>\n<meta property=\"og:locale\" content=\"it_IT\" \/>\n<meta property=\"og:type\" content=\"article\" \/>\n<meta property=\"og:title\" content=\"L&#039;Islam e patto sociale laico di Chiara Cavalieri - Article Marketing\" \/>\n<meta property=\"og:description\" content=\"Comodamente seduta davanti a ottimo t\u00e8 marocchino ho avuto un\u2019illuminante conversazionecon L\u2019Imam El Hachmi della moschea di Terni sui rapporti tra Stato italiano e Islam, Terrorismo e la tumulazione con rito islamico. &nbsp; Imam El Hachmi ,i credenti musulmani sostengono che quanto praticato dai terroristi non appartenga al vero Islam, pu\u00f2 spiegarci il suo punto di vista? &nbsp; La realt\u00e0 islamica \u00e8 molto complessa ed \u00e8 necessario puntualizzare che esistonoContinue reading...\" \/>\n<meta property=\"og:url\" content=\"https:\/\/www.article-marketing.eu\/comunicatistampa\/lislam-e-patto-sociale-laico-di-chiara-cavalieri\/\" \/>\n<meta property=\"og:site_name\" content=\"Article Marketing\" \/>\n<meta property=\"article:published_time\" content=\"2021-07-14T21:38:54+00:00\" \/>\n<meta name=\"author\" content=\"bookonline99\" \/>\n<meta name=\"twitter:card\" content=\"summary_large_image\" \/>\n<meta name=\"twitter:label1\" content=\"Scritto da\" \/>\n\t<meta name=\"twitter:data1\" content=\"bookonline99\" \/>\n\t<meta name=\"twitter:label2\" content=\"Tempo di lettura stimato\" \/>\n\t<meta name=\"twitter:data2\" content=\"3 minuti\" \/>\n<script type=\"application\/ld+json\" class=\"yoast-schema-graph\">{\"@context\":\"https:\\\/\\\/schema.org\",\"@graph\":[{\"@type\":\"Article\",\"@id\":\"https:\\\/\\\/www.article-marketing.eu\\\/comunicatistampa\\\/lislam-e-patto-sociale-laico-di-chiara-cavalieri\\\/#article\",\"isPartOf\":{\"@id\":\"https:\\\/\\\/www.article-marketing.eu\\\/comunicatistampa\\\/lislam-e-patto-sociale-laico-di-chiara-cavalieri\\\/\"},\"author\":{\"name\":\"bookonline99\",\"@id\":\"https:\\\/\\\/www.article-marketing.eu\\\/comunicatistampa\\\/#\\\/schema\\\/person\\\/007cfb748bcfc0db20997d3866447e6d\"},\"headline\":\"L&#8217;Islam e patto sociale laico di Chiara Cavalieri\",\"datePublished\":\"2021-07-14T21:38:54+00:00\",\"mainEntityOfPage\":{\"@id\":\"https:\\\/\\\/www.article-marketing.eu\\\/comunicatistampa\\\/lislam-e-patto-sociale-laico-di-chiara-cavalieri\\\/\"},\"wordCount\":637,\"commentCount\":0,\"articleSection\":[\"Comunicati stampa\"],\"inLanguage\":\"it-IT\",\"potentialAction\":[{\"@type\":\"CommentAction\",\"name\":\"Comment\",\"target\":[\"https:\\\/\\\/www.article-marketing.eu\\\/comunicatistampa\\\/lislam-e-patto-sociale-laico-di-chiara-cavalieri\\\/#respond\"]}]},{\"@type\":\"WebPage\",\"@id\":\"https:\\\/\\\/www.article-marketing.eu\\\/comunicatistampa\\\/lislam-e-patto-sociale-laico-di-chiara-cavalieri\\\/\",\"url\":\"https:\\\/\\\/www.article-marketing.eu\\\/comunicatistampa\\\/lislam-e-patto-sociale-laico-di-chiara-cavalieri\\\/\",\"name\":\"L'Islam e patto sociale laico di Chiara Cavalieri - Article Marketing\",\"isPartOf\":{\"@id\":\"https:\\\/\\\/www.article-marketing.eu\\\/comunicatistampa\\\/#website\"},\"datePublished\":\"2021-07-14T21:38:54+00:00\",\"author\":{\"@id\":\"https:\\\/\\\/www.article-marketing.eu\\\/comunicatistampa\\\/#\\\/schema\\\/person\\\/007cfb748bcfc0db20997d3866447e6d\"},\"breadcrumb\":{\"@id\":\"https:\\\/\\\/www.article-marketing.eu\\\/comunicatistampa\\\/lislam-e-patto-sociale-laico-di-chiara-cavalieri\\\/#breadcrumb\"},\"inLanguage\":\"it-IT\",\"potentialAction\":[{\"@type\":\"ReadAction\",\"target\":[\"https:\\\/\\\/www.article-marketing.eu\\\/comunicatistampa\\\/lislam-e-patto-sociale-laico-di-chiara-cavalieri\\\/\"]}]},{\"@type\":\"BreadcrumbList\",\"@id\":\"https:\\\/\\\/www.article-marketing.eu\\\/comunicatistampa\\\/lislam-e-patto-sociale-laico-di-chiara-cavalieri\\\/#breadcrumb\",\"itemListElement\":[{\"@type\":\"ListItem\",\"position\":1,\"name\":\"Home\",\"item\":\"https:\\\/\\\/www.article-marketing.eu\\\/comunicatistampa\\\/\"},{\"@type\":\"ListItem\",\"position\":2,\"name\":\"L&#8217;Islam e patto sociale laico di Chiara Cavalieri\"}]},{\"@type\":\"WebSite\",\"@id\":\"https:\\\/\\\/www.article-marketing.eu\\\/comunicatistampa\\\/#website\",\"url\":\"https:\\\/\\\/www.article-marketing.eu\\\/comunicatistampa\\\/\",\"name\":\"Article Marketing\",\"description\":\"article marketing &amp; press release\",\"potentialAction\":[{\"@type\":\"SearchAction\",\"target\":{\"@type\":\"EntryPoint\",\"urlTemplate\":\"https:\\\/\\\/www.article-marketing.eu\\\/comunicatistampa\\\/?s={search_term_string}\"},\"query-input\":{\"@type\":\"PropertyValueSpecification\",\"valueRequired\":true,\"valueName\":\"search_term_string\"}}],\"inLanguage\":\"it-IT\"},{\"@type\":\"Person\",\"@id\":\"https:\\\/\\\/www.article-marketing.eu\\\/comunicatistampa\\\/#\\\/schema\\\/person\\\/007cfb748bcfc0db20997d3866447e6d\",\"name\":\"bookonline99\",\"image\":{\"@type\":\"ImageObject\",\"inLanguage\":\"it-IT\",\"@id\":\"https:\\\/\\\/secure.gravatar.com\\\/avatar\\\/aba6bce0175376184c8ed84fd24a7bc2b8f03e17e9600fba648415511dab6352?s=96&d=mm&r=g\",\"url\":\"https:\\\/\\\/secure.gravatar.com\\\/avatar\\\/aba6bce0175376184c8ed84fd24a7bc2b8f03e17e9600fba648415511dab6352?s=96&d=mm&r=g\",\"contentUrl\":\"https:\\\/\\\/secure.gravatar.com\\\/avatar\\\/aba6bce0175376184c8ed84fd24a7bc2b8f03e17e9600fba648415511dab6352?s=96&d=mm&r=g\",\"caption\":\"bookonline99\"},\"url\":\"https:\\\/\\\/www.article-marketing.eu\\\/comunicatistampa\\\/author\\\/bookonline99\\\/\"}]}<\/script>\n<!-- \/ Yoast SEO plugin. -->","yoast_head_json":{"title":"L'Islam e patto sociale laico di Chiara Cavalieri - Article Marketing","robots":{"index":"index","follow":"follow","max-snippet":"max-snippet:-1","max-image-preview":"max-image-preview:large","max-video-preview":"max-video-preview:-1"},"canonical":"https:\/\/www.article-marketing.eu\/comunicatistampa\/lislam-e-patto-sociale-laico-di-chiara-cavalieri\/","og_locale":"it_IT","og_type":"article","og_title":"L'Islam e patto sociale laico di Chiara Cavalieri - Article Marketing","og_description":"Comodamente seduta davanti a ottimo t\u00e8 marocchino ho avuto un\u2019illuminante conversazionecon L\u2019Imam El Hachmi della moschea di Terni sui rapporti tra Stato italiano e Islam, Terrorismo e la tumulazione con rito islamico. &nbsp; Imam El Hachmi ,i credenti musulmani sostengono che quanto praticato dai terroristi non appartenga al vero Islam, pu\u00f2 spiegarci il suo punto di vista? &nbsp; La realt\u00e0 islamica \u00e8 molto complessa ed \u00e8 necessario puntualizzare che esistonoContinue reading...","og_url":"https:\/\/www.article-marketing.eu\/comunicatistampa\/lislam-e-patto-sociale-laico-di-chiara-cavalieri\/","og_site_name":"Article Marketing","article_published_time":"2021-07-14T21:38:54+00:00","author":"bookonline99","twitter_card":"summary_large_image","twitter_misc":{"Scritto da":"bookonline99","Tempo di lettura stimato":"3 minuti"},"schema":{"@context":"https:\/\/schema.org","@graph":[{"@type":"Article","@id":"https:\/\/www.article-marketing.eu\/comunicatistampa\/lislam-e-patto-sociale-laico-di-chiara-cavalieri\/#article","isPartOf":{"@id":"https:\/\/www.article-marketing.eu\/comunicatistampa\/lislam-e-patto-sociale-laico-di-chiara-cavalieri\/"},"author":{"name":"bookonline99","@id":"https:\/\/www.article-marketing.eu\/comunicatistampa\/#\/schema\/person\/007cfb748bcfc0db20997d3866447e6d"},"headline":"L&#8217;Islam e patto sociale laico di Chiara Cavalieri","datePublished":"2021-07-14T21:38:54+00:00","mainEntityOfPage":{"@id":"https:\/\/www.article-marketing.eu\/comunicatistampa\/lislam-e-patto-sociale-laico-di-chiara-cavalieri\/"},"wordCount":637,"commentCount":0,"articleSection":["Comunicati stampa"],"inLanguage":"it-IT","potentialAction":[{"@type":"CommentAction","name":"Comment","target":["https:\/\/www.article-marketing.eu\/comunicatistampa\/lislam-e-patto-sociale-laico-di-chiara-cavalieri\/#respond"]}]},{"@type":"WebPage","@id":"https:\/\/www.article-marketing.eu\/comunicatistampa\/lislam-e-patto-sociale-laico-di-chiara-cavalieri\/","url":"https:\/\/www.article-marketing.eu\/comunicatistampa\/lislam-e-patto-sociale-laico-di-chiara-cavalieri\/","name":"L'Islam e patto sociale laico di Chiara Cavalieri - Article Marketing","isPartOf":{"@id":"https:\/\/www.article-marketing.eu\/comunicatistampa\/#website"},"datePublished":"2021-07-14T21:38:54+00:00","author":{"@id":"https:\/\/www.article-marketing.eu\/comunicatistampa\/#\/schema\/person\/007cfb748bcfc0db20997d3866447e6d"},"breadcrumb":{"@id":"https:\/\/www.article-marketing.eu\/comunicatistampa\/lislam-e-patto-sociale-laico-di-chiara-cavalieri\/#breadcrumb"},"inLanguage":"it-IT","potentialAction":[{"@type":"ReadAction","target":["https:\/\/www.article-marketing.eu\/comunicatistampa\/lislam-e-patto-sociale-laico-di-chiara-cavalieri\/"]}]},{"@type":"BreadcrumbList","@id":"https:\/\/www.article-marketing.eu\/comunicatistampa\/lislam-e-patto-sociale-laico-di-chiara-cavalieri\/#breadcrumb","itemListElement":[{"@type":"ListItem","position":1,"name":"Home","item":"https:\/\/www.article-marketing.eu\/comunicatistampa\/"},{"@type":"ListItem","position":2,"name":"L&#8217;Islam e patto sociale laico di Chiara Cavalieri"}]},{"@type":"WebSite","@id":"https:\/\/www.article-marketing.eu\/comunicatistampa\/#website","url":"https:\/\/www.article-marketing.eu\/comunicatistampa\/","name":"Article Marketing","description":"article marketing &amp; press release","potentialAction":[{"@type":"SearchAction","target":{"@type":"EntryPoint","urlTemplate":"https:\/\/www.article-marketing.eu\/comunicatistampa\/?s={search_term_string}"},"query-input":{"@type":"PropertyValueSpecification","valueRequired":true,"valueName":"search_term_string"}}],"inLanguage":"it-IT"},{"@type":"Person","@id":"https:\/\/www.article-marketing.eu\/comunicatistampa\/#\/schema\/person\/007cfb748bcfc0db20997d3866447e6d","name":"bookonline99","image":{"@type":"ImageObject","inLanguage":"it-IT","@id":"https:\/\/secure.gravatar.com\/avatar\/aba6bce0175376184c8ed84fd24a7bc2b8f03e17e9600fba648415511dab6352?s=96&d=mm&r=g","url":"https:\/\/secure.gravatar.com\/avatar\/aba6bce0175376184c8ed84fd24a7bc2b8f03e17e9600fba648415511dab6352?s=96&d=mm&r=g","contentUrl":"https:\/\/secure.gravatar.com\/avatar\/aba6bce0175376184c8ed84fd24a7bc2b8f03e17e9600fba648415511dab6352?s=96&d=mm&r=g","caption":"bookonline99"},"url":"https:\/\/www.article-marketing.eu\/comunicatistampa\/author\/bookonline99\/"}]}},"_links":{"self":[{"href":"https:\/\/www.article-marketing.eu\/comunicatistampa\/wp-json\/wp\/v2\/posts\/19401","targetHints":{"allow":["GET"]}}],"collection":[{"href":"https:\/\/www.article-marketing.eu\/comunicatistampa\/wp-json\/wp\/v2\/posts"}],"about":[{"href":"https:\/\/www.article-marketing.eu\/comunicatistampa\/wp-json\/wp\/v2\/types\/post"}],"author":[{"embeddable":true,"href":"https:\/\/www.article-marketing.eu\/comunicatistampa\/wp-json\/wp\/v2\/users\/913"}],"replies":[{"embeddable":true,"href":"https:\/\/www.article-marketing.eu\/comunicatistampa\/wp-json\/wp\/v2\/comments?post=19401"}],"version-history":[{"count":2,"href":"https:\/\/www.article-marketing.eu\/comunicatistampa\/wp-json\/wp\/v2\/posts\/19401\/revisions"}],"predecessor-version":[{"id":19542,"href":"https:\/\/www.article-marketing.eu\/comunicatistampa\/wp-json\/wp\/v2\/posts\/19401\/revisions\/19542"}],"wp:attachment":[{"href":"https:\/\/www.article-marketing.eu\/comunicatistampa\/wp-json\/wp\/v2\/media?parent=19401"}],"wp:term":[{"taxonomy":"category","embeddable":true,"href":"https:\/\/www.article-marketing.eu\/comunicatistampa\/wp-json\/wp\/v2\/categories?post=19401"},{"taxonomy":"post_tag","embeddable":true,"href":"https:\/\/www.article-marketing.eu\/comunicatistampa\/wp-json\/wp\/v2\/tags?post=19401"}],"curies":[{"name":"wp","href":"https:\/\/api.w.org\/{rel}","templated":true}]}}