{"id":19445,"date":"2021-07-14T23:59:36","date_gmt":"2021-07-14T21:59:36","guid":{"rendered":"https:\/\/www.article-marketing.eu\/comunicatistampa\/?p=19445"},"modified":"2022-03-08T18:04:19","modified_gmt":"2022-03-08T17:04:19","slug":"cover-me-il-primo-contest-italiano-dedicato-a-bruce-springsteen-fa-il-giro-del-mondo","status":"publish","type":"post","link":"https:\/\/www.article-marketing.eu\/comunicatistampa\/cover-me-il-primo-contest-italiano-dedicato-a-bruce-springsteen-fa-il-giro-del-mondo\/","title":{"rendered":"\u201cCover Me\u201d, il primo contest italiano dedicato a Bruce Springsteen, fa il giro del mondo"},"content":{"rendered":"<p style=\"font-weight: 400;\">Mentre The Boss \u00e8 in scena al St. James Theatre di New York con \u2018Springsteen on Broadway\u2019, l\u2019Italia e\u00a0<strong>Noi &amp; Springsteen<\/strong>\u00a0scaldano l\u2019attesa del suo ritorno e quello della sua band dal vivo nel Bel Paese diffondendo l\u2019energia del rocker con un successo straordinario.<\/p>\n<p style=\"font-weight: 400;\">\u201cCover Me\u201d, il primo contest in Italia dedicato a Bruce Springsteen, infatti, porter\u00e0 sul palco in un tour live con tre tappe aperte al pubblico a partecipazione gratuita, i 30 artisti considerati pi\u00f9 originali secondo la giuria di qualit\u00e0:\u00a0<strong>sabato 17 luglio a Malgrate Valmadrera (LC), mercoled\u00ec 21 Luglio a Milano e venerd\u00ec 23 luglio a Bergamo.<\/strong>\u00a0Una occasione imperdibile per i fan di ascoltare le migliori interpretazioni dei brani del rocker dal vivo, ma anche per gli artisti, di calcare un palcoscenico che sa di ripartenza per il mondo della musica post Covid-19.<\/p>\n<p style=\"font-weight: 400;\">Ma non solo,\u00a0<strong>dal 10 luglio al 30 luglio\u00a0<\/strong>sul sito web\u00a0<a href=\"http:\/\/www.noiespringsteen.com\/\" data-saferedirecturl=\"https:\/\/www.google.com\/url?q=http:\/\/www.noiespringsteen.com\/&amp;source=gmail&amp;ust=1625656663949000&amp;usg=AFQjCNEVYoAKAGhR7wAcBpDAzCVAhUQ6Pg\"><strong>www.noiespringsteen.com<\/strong><\/a>\u00a0per il pubblico sar\u00e0 possibile votare il miglior arrangiamento e l\u2019interpretazione preferita tra le 30 cover che avranno superato il verdetto della giuria di qualit\u00e0 e\u00a0<strong>decretare i 15 finalisti<\/strong>\u00a0del contest ideato dal gruppo Noi &amp; Springsteen. Seguiranno maggiori informazioni sui canali social di NOI &amp; SPRINGSTEEN e sul sito\u00a0<a href=\"http:\/\/www.noiespringsteen.com\/\" data-saferedirecturl=\"https:\/\/www.google.com\/url?q=http:\/\/www.noiespringsteen.com\/&amp;source=gmail&amp;ust=1625656663949000&amp;usg=AFQjCNEVYoAKAGhR7wAcBpDAzCVAhUQ6Pg\">www.noiespringsteen.com<\/a><\/p>\n<p style=\"font-weight: 400;\">E tra il pubblico anche\u00a0<strong>Jon Landau<\/strong>. Il giornalista e critico musicale statunitense, che Springsteen ha voluto co\u00adme coproduttore di alcuni suoi capolavori, ha espresso il suo apprezzamento convinto per il brano e il video a uno dei partecipanti. E non \u00e8 tutto: per tramite di Landau, anche il plauso incondiziona\u00adto di Bruce e di sua moglie Patti Scialfa.<\/p>\n<p style=\"font-weight: 400;\">Un preludio che preannuncia una finale infuocata\u00a0<strong>domenica 29 agosto al Seminarino di Bergamo Alta<\/strong>\u00a0nella giornata conclusiva dell\u2019evento live\u00a0<strong>\u201cCERCASI BRUCE DISPERATAMENTE. Quando era la musica a parlare\u201d\u00a0<\/strong>che si terr\u00e0 dal\u00a0<strong>27 al 29 Agosto 2021.<\/strong><\/p>\n","protected":false},"excerpt":{"rendered":"<p>Mentre The Boss \u00e8 in scena al St. James Theatre di New York con \u2018Springsteen on Broadway\u2019, l\u2019Italia e\u00a0Noi &amp; Springsteen\u00a0scaldano l\u2019attesa del suo ritorno e quello della sua band dal vivo nel Bel Paese diffondendo l\u2019energia del rocker con un successo straordinario. \u201cCover Me\u201d, il primo contest in Italia dedicato a Bruce Springsteen, infatti, porter\u00e0 sul palco in un tour live con tre tappe aperte al pubblico a partecipazione<\/p>\n<p><a class=\"continue-reading\" href=\"https:\/\/www.article-marketing.eu\/comunicatistampa\/cover-me-il-primo-contest-italiano-dedicato-a-bruce-springsteen-fa-il-giro-del-mondo\/\">Continue reading&#8230;<\/a><\/p>\n","protected":false},"author":1855,"featured_media":0,"comment_status":"open","ping_status":"open","sticky":false,"template":"","format":"standard","meta":{"_monsterinsights_skip_tracking":false,"_monsterinsights_sitenote_active":false,"_monsterinsights_sitenote_note":"","_monsterinsights_sitenote_category":0,"footnotes":""},"categories":[392],"tags":[8263],"class_list":["post-19445","post","type-post","status-publish","format-standard","hentry","category-eventi","tag-coverme-brucespringsteen"],"yoast_head":"<!-- This site is optimized with the Yoast SEO plugin v27.3 - https:\/\/yoast.com\/product\/yoast-seo-wordpress\/ -->\n<title>\u201cCover Me\u201d, il primo contest italiano dedicato a Bruce Springsteen, fa il giro del mondo<\/title>\n<meta name=\"robots\" content=\"index, follow, max-snippet:-1, max-image-preview:large, max-video-preview:-1\" \/>\n<link rel=\"canonical\" href=\"https:\/\/www.article-marketing.eu\/comunicatistampa\/cover-me-il-primo-contest-italiano-dedicato-a-bruce-springsteen-fa-il-giro-del-mondo\/\" \/>\n<meta property=\"og:locale\" content=\"it_IT\" \/>\n<meta property=\"og:type\" content=\"article\" \/>\n<meta property=\"og:title\" content=\"\u201cCover Me\u201d, il primo contest italiano dedicato a Bruce Springsteen, fa il giro del mondo\" \/>\n<meta property=\"og:description\" content=\"Mentre The Boss \u00e8 in scena al St. James Theatre di New York con \u2018Springsteen on Broadway\u2019, l\u2019Italia e\u00a0Noi &amp; Springsteen\u00a0scaldano l\u2019attesa del suo ritorno e quello della sua band dal vivo nel Bel Paese diffondendo l\u2019energia del rocker con un successo straordinario. \u201cCover Me\u201d, il primo contest in Italia dedicato a Bruce Springsteen, infatti, porter\u00e0 sul palco in un tour live con tre tappe aperte al pubblico a partecipazioneContinue reading...\" \/>\n<meta property=\"og:url\" content=\"https:\/\/www.article-marketing.eu\/comunicatistampa\/cover-me-il-primo-contest-italiano-dedicato-a-bruce-springsteen-fa-il-giro-del-mondo\/\" \/>\n<meta property=\"og:site_name\" content=\"Article Marketing\" \/>\n<meta property=\"article:published_time\" content=\"2021-07-14T21:59:36+00:00\" \/>\n<meta property=\"article:modified_time\" content=\"2022-03-08T17:04:19+00:00\" \/>\n<meta name=\"author\" content=\"Redaclem\" \/>\n<meta name=\"twitter:card\" content=\"summary_large_image\" \/>\n<meta name=\"twitter:label1\" content=\"Scritto da\" \/>\n\t<meta name=\"twitter:data1\" content=\"Redaclem\" \/>\n\t<meta name=\"twitter:label2\" content=\"Tempo di lettura stimato\" \/>\n\t<meta name=\"twitter:data2\" content=\"2 minuti\" \/>\n<script type=\"application\/ld+json\" class=\"yoast-schema-graph\">{\"@context\":\"https:\\\/\\\/schema.org\",\"@graph\":[{\"@type\":\"Article\",\"@id\":\"https:\\\/\\\/www.article-marketing.eu\\\/comunicatistampa\\\/cover-me-il-primo-contest-italiano-dedicato-a-bruce-springsteen-fa-il-giro-del-mondo\\\/#article\",\"isPartOf\":{\"@id\":\"https:\\\/\\\/www.article-marketing.eu\\\/comunicatistampa\\\/cover-me-il-primo-contest-italiano-dedicato-a-bruce-springsteen-fa-il-giro-del-mondo\\\/\"},\"author\":{\"name\":\"Redaclem\",\"@id\":\"https:\\\/\\\/www.article-marketing.eu\\\/comunicatistampa\\\/#\\\/schema\\\/person\\\/c0aa725eee5df8460e0adf901fde0c88\"},\"headline\":\"\u201cCover Me\u201d, il primo contest italiano dedicato a Bruce Springsteen, fa il giro del mondo\",\"datePublished\":\"2021-07-14T21:59:36+00:00\",\"dateModified\":\"2022-03-08T17:04:19+00:00\",\"mainEntityOfPage\":{\"@id\":\"https:\\\/\\\/www.article-marketing.eu\\\/comunicatistampa\\\/cover-me-il-primo-contest-italiano-dedicato-a-bruce-springsteen-fa-il-giro-del-mondo\\\/\"},\"wordCount\":313,\"commentCount\":0,\"keywords\":[\"#coverme; #brucespringsteen\"],\"articleSection\":[\"Eventi\"],\"inLanguage\":\"it-IT\",\"potentialAction\":[{\"@type\":\"CommentAction\",\"name\":\"Comment\",\"target\":[\"https:\\\/\\\/www.article-marketing.eu\\\/comunicatistampa\\\/cover-me-il-primo-contest-italiano-dedicato-a-bruce-springsteen-fa-il-giro-del-mondo\\\/#respond\"]}]},{\"@type\":\"WebPage\",\"@id\":\"https:\\\/\\\/www.article-marketing.eu\\\/comunicatistampa\\\/cover-me-il-primo-contest-italiano-dedicato-a-bruce-springsteen-fa-il-giro-del-mondo\\\/\",\"url\":\"https:\\\/\\\/www.article-marketing.eu\\\/comunicatistampa\\\/cover-me-il-primo-contest-italiano-dedicato-a-bruce-springsteen-fa-il-giro-del-mondo\\\/\",\"name\":\"\u201cCover Me\u201d, il primo contest italiano dedicato a Bruce Springsteen, fa il giro del mondo\",\"isPartOf\":{\"@id\":\"https:\\\/\\\/www.article-marketing.eu\\\/comunicatistampa\\\/#website\"},\"datePublished\":\"2021-07-14T21:59:36+00:00\",\"dateModified\":\"2022-03-08T17:04:19+00:00\",\"author\":{\"@id\":\"https:\\\/\\\/www.article-marketing.eu\\\/comunicatistampa\\\/#\\\/schema\\\/person\\\/c0aa725eee5df8460e0adf901fde0c88\"},\"breadcrumb\":{\"@id\":\"https:\\\/\\\/www.article-marketing.eu\\\/comunicatistampa\\\/cover-me-il-primo-contest-italiano-dedicato-a-bruce-springsteen-fa-il-giro-del-mondo\\\/#breadcrumb\"},\"inLanguage\":\"it-IT\",\"potentialAction\":[{\"@type\":\"ReadAction\",\"target\":[\"https:\\\/\\\/www.article-marketing.eu\\\/comunicatistampa\\\/cover-me-il-primo-contest-italiano-dedicato-a-bruce-springsteen-fa-il-giro-del-mondo\\\/\"]}]},{\"@type\":\"BreadcrumbList\",\"@id\":\"https:\\\/\\\/www.article-marketing.eu\\\/comunicatistampa\\\/cover-me-il-primo-contest-italiano-dedicato-a-bruce-springsteen-fa-il-giro-del-mondo\\\/#breadcrumb\",\"itemListElement\":[{\"@type\":\"ListItem\",\"position\":1,\"name\":\"Home\",\"item\":\"https:\\\/\\\/www.article-marketing.eu\\\/comunicatistampa\\\/\"},{\"@type\":\"ListItem\",\"position\":2,\"name\":\"\u201cCover Me\u201d, il primo contest italiano dedicato a Bruce Springsteen, fa il giro del mondo\"}]},{\"@type\":\"WebSite\",\"@id\":\"https:\\\/\\\/www.article-marketing.eu\\\/comunicatistampa\\\/#website\",\"url\":\"https:\\\/\\\/www.article-marketing.eu\\\/comunicatistampa\\\/\",\"name\":\"Article Marketing\",\"description\":\"article marketing &amp; press release\",\"potentialAction\":[{\"@type\":\"SearchAction\",\"target\":{\"@type\":\"EntryPoint\",\"urlTemplate\":\"https:\\\/\\\/www.article-marketing.eu\\\/comunicatistampa\\\/?s={search_term_string}\"},\"query-input\":{\"@type\":\"PropertyValueSpecification\",\"valueRequired\":true,\"valueName\":\"search_term_string\"}}],\"inLanguage\":\"it-IT\"},{\"@type\":\"Person\",\"@id\":\"https:\\\/\\\/www.article-marketing.eu\\\/comunicatistampa\\\/#\\\/schema\\\/person\\\/c0aa725eee5df8460e0adf901fde0c88\",\"name\":\"Redaclem\",\"image\":{\"@type\":\"ImageObject\",\"inLanguage\":\"it-IT\",\"@id\":\"https:\\\/\\\/secure.gravatar.com\\\/avatar\\\/4c7e41f332a0583344a91d7d39723533da9b2d0df7737c2d8c69553168c2191e?s=96&d=mm&r=g\",\"url\":\"https:\\\/\\\/secure.gravatar.com\\\/avatar\\\/4c7e41f332a0583344a91d7d39723533da9b2d0df7737c2d8c69553168c2191e?s=96&d=mm&r=g\",\"contentUrl\":\"https:\\\/\\\/secure.gravatar.com\\\/avatar\\\/4c7e41f332a0583344a91d7d39723533da9b2d0df7737c2d8c69553168c2191e?s=96&d=mm&r=g\",\"caption\":\"Redaclem\"},\"url\":\"https:\\\/\\\/www.article-marketing.eu\\\/comunicatistampa\\\/author\\\/redaclem\\\/\"}]}<\/script>\n<!-- \/ Yoast SEO plugin. -->","yoast_head_json":{"title":"\u201cCover Me\u201d, il primo contest italiano dedicato a Bruce Springsteen, fa il giro del mondo","robots":{"index":"index","follow":"follow","max-snippet":"max-snippet:-1","max-image-preview":"max-image-preview:large","max-video-preview":"max-video-preview:-1"},"canonical":"https:\/\/www.article-marketing.eu\/comunicatistampa\/cover-me-il-primo-contest-italiano-dedicato-a-bruce-springsteen-fa-il-giro-del-mondo\/","og_locale":"it_IT","og_type":"article","og_title":"\u201cCover Me\u201d, il primo contest italiano dedicato a Bruce Springsteen, fa il giro del mondo","og_description":"Mentre The Boss \u00e8 in scena al St. James Theatre di New York con \u2018Springsteen on Broadway\u2019, l\u2019Italia e\u00a0Noi &amp; Springsteen\u00a0scaldano l\u2019attesa del suo ritorno e quello della sua band dal vivo nel Bel Paese diffondendo l\u2019energia del rocker con un successo straordinario. \u201cCover Me\u201d, il primo contest in Italia dedicato a Bruce Springsteen, infatti, porter\u00e0 sul palco in un tour live con tre tappe aperte al pubblico a partecipazioneContinue reading...","og_url":"https:\/\/www.article-marketing.eu\/comunicatistampa\/cover-me-il-primo-contest-italiano-dedicato-a-bruce-springsteen-fa-il-giro-del-mondo\/","og_site_name":"Article Marketing","article_published_time":"2021-07-14T21:59:36+00:00","article_modified_time":"2022-03-08T17:04:19+00:00","author":"Redaclem","twitter_card":"summary_large_image","twitter_misc":{"Scritto da":"Redaclem","Tempo di lettura stimato":"2 minuti"},"schema":{"@context":"https:\/\/schema.org","@graph":[{"@type":"Article","@id":"https:\/\/www.article-marketing.eu\/comunicatistampa\/cover-me-il-primo-contest-italiano-dedicato-a-bruce-springsteen-fa-il-giro-del-mondo\/#article","isPartOf":{"@id":"https:\/\/www.article-marketing.eu\/comunicatistampa\/cover-me-il-primo-contest-italiano-dedicato-a-bruce-springsteen-fa-il-giro-del-mondo\/"},"author":{"name":"Redaclem","@id":"https:\/\/www.article-marketing.eu\/comunicatistampa\/#\/schema\/person\/c0aa725eee5df8460e0adf901fde0c88"},"headline":"\u201cCover Me\u201d, il primo contest italiano dedicato a Bruce Springsteen, fa il giro del mondo","datePublished":"2021-07-14T21:59:36+00:00","dateModified":"2022-03-08T17:04:19+00:00","mainEntityOfPage":{"@id":"https:\/\/www.article-marketing.eu\/comunicatistampa\/cover-me-il-primo-contest-italiano-dedicato-a-bruce-springsteen-fa-il-giro-del-mondo\/"},"wordCount":313,"commentCount":0,"keywords":["#coverme; #brucespringsteen"],"articleSection":["Eventi"],"inLanguage":"it-IT","potentialAction":[{"@type":"CommentAction","name":"Comment","target":["https:\/\/www.article-marketing.eu\/comunicatistampa\/cover-me-il-primo-contest-italiano-dedicato-a-bruce-springsteen-fa-il-giro-del-mondo\/#respond"]}]},{"@type":"WebPage","@id":"https:\/\/www.article-marketing.eu\/comunicatistampa\/cover-me-il-primo-contest-italiano-dedicato-a-bruce-springsteen-fa-il-giro-del-mondo\/","url":"https:\/\/www.article-marketing.eu\/comunicatistampa\/cover-me-il-primo-contest-italiano-dedicato-a-bruce-springsteen-fa-il-giro-del-mondo\/","name":"\u201cCover Me\u201d, il primo contest italiano dedicato a Bruce Springsteen, fa il giro del mondo","isPartOf":{"@id":"https:\/\/www.article-marketing.eu\/comunicatistampa\/#website"},"datePublished":"2021-07-14T21:59:36+00:00","dateModified":"2022-03-08T17:04:19+00:00","author":{"@id":"https:\/\/www.article-marketing.eu\/comunicatistampa\/#\/schema\/person\/c0aa725eee5df8460e0adf901fde0c88"},"breadcrumb":{"@id":"https:\/\/www.article-marketing.eu\/comunicatistampa\/cover-me-il-primo-contest-italiano-dedicato-a-bruce-springsteen-fa-il-giro-del-mondo\/#breadcrumb"},"inLanguage":"it-IT","potentialAction":[{"@type":"ReadAction","target":["https:\/\/www.article-marketing.eu\/comunicatistampa\/cover-me-il-primo-contest-italiano-dedicato-a-bruce-springsteen-fa-il-giro-del-mondo\/"]}]},{"@type":"BreadcrumbList","@id":"https:\/\/www.article-marketing.eu\/comunicatistampa\/cover-me-il-primo-contest-italiano-dedicato-a-bruce-springsteen-fa-il-giro-del-mondo\/#breadcrumb","itemListElement":[{"@type":"ListItem","position":1,"name":"Home","item":"https:\/\/www.article-marketing.eu\/comunicatistampa\/"},{"@type":"ListItem","position":2,"name":"\u201cCover Me\u201d, il primo contest italiano dedicato a Bruce Springsteen, fa il giro del mondo"}]},{"@type":"WebSite","@id":"https:\/\/www.article-marketing.eu\/comunicatistampa\/#website","url":"https:\/\/www.article-marketing.eu\/comunicatistampa\/","name":"Article Marketing","description":"article marketing &amp; press release","potentialAction":[{"@type":"SearchAction","target":{"@type":"EntryPoint","urlTemplate":"https:\/\/www.article-marketing.eu\/comunicatistampa\/?s={search_term_string}"},"query-input":{"@type":"PropertyValueSpecification","valueRequired":true,"valueName":"search_term_string"}}],"inLanguage":"it-IT"},{"@type":"Person","@id":"https:\/\/www.article-marketing.eu\/comunicatistampa\/#\/schema\/person\/c0aa725eee5df8460e0adf901fde0c88","name":"Redaclem","image":{"@type":"ImageObject","inLanguage":"it-IT","@id":"https:\/\/secure.gravatar.com\/avatar\/4c7e41f332a0583344a91d7d39723533da9b2d0df7737c2d8c69553168c2191e?s=96&d=mm&r=g","url":"https:\/\/secure.gravatar.com\/avatar\/4c7e41f332a0583344a91d7d39723533da9b2d0df7737c2d8c69553168c2191e?s=96&d=mm&r=g","contentUrl":"https:\/\/secure.gravatar.com\/avatar\/4c7e41f332a0583344a91d7d39723533da9b2d0df7737c2d8c69553168c2191e?s=96&d=mm&r=g","caption":"Redaclem"},"url":"https:\/\/www.article-marketing.eu\/comunicatistampa\/author\/redaclem\/"}]}},"_links":{"self":[{"href":"https:\/\/www.article-marketing.eu\/comunicatistampa\/wp-json\/wp\/v2\/posts\/19445","targetHints":{"allow":["GET"]}}],"collection":[{"href":"https:\/\/www.article-marketing.eu\/comunicatistampa\/wp-json\/wp\/v2\/posts"}],"about":[{"href":"https:\/\/www.article-marketing.eu\/comunicatistampa\/wp-json\/wp\/v2\/types\/post"}],"author":[{"embeddable":true,"href":"https:\/\/www.article-marketing.eu\/comunicatistampa\/wp-json\/wp\/v2\/users\/1855"}],"replies":[{"embeddable":true,"href":"https:\/\/www.article-marketing.eu\/comunicatistampa\/wp-json\/wp\/v2\/comments?post=19445"}],"version-history":[{"count":2,"href":"https:\/\/www.article-marketing.eu\/comunicatistampa\/wp-json\/wp\/v2\/posts\/19445\/revisions"}],"predecessor-version":[{"id":19582,"href":"https:\/\/www.article-marketing.eu\/comunicatistampa\/wp-json\/wp\/v2\/posts\/19445\/revisions\/19582"}],"wp:attachment":[{"href":"https:\/\/www.article-marketing.eu\/comunicatistampa\/wp-json\/wp\/v2\/media?parent=19445"}],"wp:term":[{"taxonomy":"category","embeddable":true,"href":"https:\/\/www.article-marketing.eu\/comunicatistampa\/wp-json\/wp\/v2\/categories?post=19445"},{"taxonomy":"post_tag","embeddable":true,"href":"https:\/\/www.article-marketing.eu\/comunicatistampa\/wp-json\/wp\/v2\/tags?post=19445"}],"curies":[{"name":"wp","href":"https:\/\/api.w.org\/{rel}","templated":true}]}}