{"id":19470,"date":"2021-07-14T23:49:14","date_gmt":"2021-07-14T21:49:14","guid":{"rendered":"https:\/\/www.article-marketing.eu\/comunicatistampa\/?p=19470"},"modified":"2021-07-14T23:49:14","modified_gmt":"2021-07-14T21:49:14","slug":"a-treviglio-il-nuovo-centro-polifunzionale-giuliano-donati-petteni","status":"publish","type":"post","link":"https:\/\/www.article-marketing.eu\/comunicatistampa\/a-treviglio-il-nuovo-centro-polifunzionale-giuliano-donati-petteni\/","title":{"rendered":"A TREVIGLIO IL NUOVO CENTRO POLIFUNZIONALE \u201cGIULIANO DONATI PETTENI\u201d"},"content":{"rendered":"<p dir=\"ltr\">La Fondazione Istituti Educativi di Bergamo ha presentato questa mattina i nuovi progetti che vedono al centro la frazione di Castel Cerreto: la nuova Scuola per lavorare nell\u2019agroalimentare \u2013 FMD; il nuovo progetto di rilevanza sociale \u201cCorte dei Massari a sostegno di minori e famiglie\u201d Consorzio Fa e Cooperativa Alchimia; la Casa Museo Piazzoni che vede la valorizzazione degli spazi storici della Corte padronale, esaltandone il patrimonio artistico.<\/p>\n<p dir=\"ltr\">Continua l\u2019impegno della Fondazione Istituti Educativi di Bergamo per la valorizzazione e la salvaguardia di Castel Cerreto, piccolo borgo del comune di Treviglio. Proprio con questo obiettivo, \u00e8 stato presentato oggi il nuovo Centro Polifunzionale Giuliano Donati Petteni alla presenza di Luigi Sorzi, Presidente Fondazione Istituti Educativi di Bergamo; Juri Imeri, Sindaco di Treviglio; Beatrice Bolandrini, Conservatore della collezione di Opere d\u2019arte della Fondazione Istituti Educativi e responsabile del Progetto Casa Museo e Francesco Fossati, Presidente Consorzio FA &#8211; Famiglie e Accoglienza e responsabile del Progetto Sociale Corte dei Massari.<\/p>\n<p dir=\"ltr\">\u201cL\u2019idea \u00e8 quella di far confluire in un unico edificio agricoltura, solidariet\u00e0, sostenibilit\u00e0 e valorizzazione del patrimonio, affinch\u00e9 il centro diventi un solido punto di riferimento per la comunit\u00e0 e il territorio. Il borgo di Castel Cerreto ha alle spalle una vocazione agricola di lungo corso: si \u00e8 deciso quindi di adeguare questo luogo alle esigenze del territorio trasformandolo in una \u201cColonia agricola 2.0\u201d, dedicata alla formazione professionale in ambito agroalimentare e dell\u2019economia circolare, grazie a Fondazione Maddalena di Canossa.\u201d ha spiegato Luigi Sorzi, Presidente della Fondazione Istituti Educativi di Bergamo.<\/p>\n<p dir=\"ltr\">Il centro polifunzionale vedr\u00e0 \u2013 oltre all\u2019apertura del progetto Casa Museo \u2013 l\u2019avvio di un progetto sociale all\u2019interno della Corte dei Massari gestito dalla Cooperativa Alchimia e dal Consorzio FA \u2013 Famiglie e Accoglienza. Per l\u2019occasione il fotografo Giambattista Longhi ha prodotto e realizzato una mostra fotografica nata per raccontare il nuovo volto e la storia di Castel Cerreto. Il nuovo centro sar\u00e0 dedicato a GIULIANO DONATI PETTENI, poeta, scrittore e giornalista che, rimasto orfano della madre, frequent\u00f2 le scuole primaria e secondaria dai Padri Giuseppini del Murialdo, nella colonia agricola di Castel Cerreto e nell&#8217;Orfanotrofio maschile di Bergamo. Un esempio virtuoso di riscatto sociale per le giovani generazioni.<\/p>\n<p dir=\"ltr\">\u201c\u00c8 un progetto importante per la comunit\u00e0 di Castel Cerreto, che vede riqualificata un&#8217;area nel cuore della frazione e che avr\u00e0 a disposizione nuovi servizi in spazi adeguati e moderni. Ma \u00e8 un progetto prezioso anche per tutta Treviglio e il territorio, perch\u00e9 permetter\u00e0 alle giovani generazioni di entrare in contatto con il settore agroalimentare biologico, delle nuove tecnologie, della mobilit\u00e0 sostenibile e dell\u2019economia circolare grazie a tirocini e alla formazione, con ricadute considerevoli sull\u2019incremento di opportunit\u00e0 occupazionali. Un\u2019opportunit\u00e0 notevole dopo le pesanti ricadute economiche e occupazionali legate all\u2019emergenza sanitaria del Covid 19. Opportunit\u00e0 legate anche l\u2019aumento dei servizi, scolastici, formativi, sportivi, culturali e di trasporto\u201d ha sottolineato il Sindaco di Treviglio, Juri Imeri.<\/p>\n<p dir=\"ltr\">Il progetto prevede l&#8217;ideazione di una vera e propria casa museo all&#8217;interno dell&#8217;edificio nobiliare situato a Castel Cerreto. \u201cL&#8217;intento di questa nuova destinazione d&#8217;uso di una parte del palazzo e\u0300 quello di dare vita nei prossimi anni ad una vera e propria casa museo che possa essere formalmente riconosciuta ed inserita in percorsi di visita di ampio respiro, consentendo la riscoperta di ambienti dal fascino antico, quali la ghiacciaia ed il piano nobile, un tempo abitato proprio dalla contessa Piazzoni, e rendendo consultabile l&#8217;archivio storico, in un territorio tutto da riscoprire e da amare\u201d, ha illustrato Beatrice Bolandrini, Storica dell\u2019Arte, Conservatrice del Patrimonio artistico della Fondazione Istituti Educativi di Bergamo.<\/p>\n<p dir=\"ltr\">Centrale per lo sviluppo del progetto anche la collaborazione con la Cooperativa Alchimia e il Consorzio FA che insieme hanno realizzato\u00a0uno spazio abitativo, socio-educativo innovativo, vocato alla cura e allo sviluppo della comunit\u00e0 locale, una vera e propria corte solidale. Il progetto sociale Corte dei Massari infatti \u201craggruppa progetti\u00a0socio educativi che rispondono a diversi bisogni di minori e famiglie come comunit\u00e0 alloggio per l\u2019accoglienza residenziale di minori in difficolt\u00e0, servizi per l\u2019autismo, laboratori contro la dispersione scolastica e il ritiro sociale per adolescenti, progetti di\u00a0housing sociale\u00a0per soggetti fragili,\u00a0 il tutto nel pieno rispetto del contesto territoriale e cercando di valorizzare il patrimonio naturale e culturale in cui \u00e8 inserito. Abbiamo nel cuore di contribuire a rendere Castel Cerreto sempre pi\u00f9 un quartiere solidale, inclusivo ed accogliente\u201d ha raccontato Francesco Fossati, Presidente Consorzio FA, Cooperativa Sociale.<\/p>\n","protected":false},"excerpt":{"rendered":"<p>La Fondazione Istituti Educativi di Bergamo ha presentato questa mattina i nuovi progetti che vedono al centro la frazione di Castel Cerreto: la nuova Scuola per lavorare nell\u2019agroalimentare \u2013 FMD; il nuovo progetto di rilevanza sociale \u201cCorte dei Massari a sostegno di minori e famiglie\u201d Consorzio Fa e Cooperativa Alchimia; la Casa Museo Piazzoni che vede la valorizzazione degli spazi storici della Corte padronale, esaltandone il patrimonio artistico. Continua l\u2019impegno<\/p>\n<p><a class=\"continue-reading\" href=\"https:\/\/www.article-marketing.eu\/comunicatistampa\/a-treviglio-il-nuovo-centro-polifunzionale-giuliano-donati-petteni\/\">Continue reading&#8230;<\/a><\/p>\n","protected":false},"author":1855,"featured_media":0,"comment_status":"open","ping_status":"open","sticky":false,"template":"","format":"standard","meta":{"_monsterinsights_skip_tracking":false,"_monsterinsights_sitenote_active":false,"_monsterinsights_sitenote_note":"","_monsterinsights_sitenote_category":0,"footnotes":""},"categories":[78],"tags":[],"class_list":["post-19470","post","type-post","status-publish","format-standard","hentry","category-comunicati-stampa"],"yoast_head":"<!-- This site is optimized with the Yoast SEO plugin v27.3 - https:\/\/yoast.com\/product\/yoast-seo-wordpress\/ -->\n<title>A TREVIGLIO IL NUOVO CENTRO POLIFUNZIONALE \u201cGIULIANO DONATI PETTENI\u201d<\/title>\n<meta name=\"robots\" content=\"index, follow, max-snippet:-1, max-image-preview:large, max-video-preview:-1\" \/>\n<link rel=\"canonical\" href=\"https:\/\/www.article-marketing.eu\/comunicatistampa\/a-treviglio-il-nuovo-centro-polifunzionale-giuliano-donati-petteni\/\" \/>\n<meta property=\"og:locale\" content=\"it_IT\" \/>\n<meta property=\"og:type\" content=\"article\" \/>\n<meta property=\"og:title\" content=\"A TREVIGLIO IL NUOVO CENTRO POLIFUNZIONALE \u201cGIULIANO DONATI PETTENI\u201d\" \/>\n<meta property=\"og:description\" content=\"La Fondazione Istituti Educativi di Bergamo ha presentato questa mattina i nuovi progetti che vedono al centro la frazione di Castel Cerreto: la nuova Scuola per lavorare nell\u2019agroalimentare \u2013 FMD; il nuovo progetto di rilevanza sociale \u201cCorte dei Massari a sostegno di minori e famiglie\u201d Consorzio Fa e Cooperativa Alchimia; la Casa Museo Piazzoni che vede la valorizzazione degli spazi storici della Corte padronale, esaltandone il patrimonio artistico. Continua l\u2019impegnoContinue reading...\" \/>\n<meta property=\"og:url\" content=\"https:\/\/www.article-marketing.eu\/comunicatistampa\/a-treviglio-il-nuovo-centro-polifunzionale-giuliano-donati-petteni\/\" \/>\n<meta property=\"og:site_name\" content=\"Article Marketing\" \/>\n<meta property=\"article:published_time\" content=\"2021-07-14T21:49:14+00:00\" \/>\n<meta name=\"author\" content=\"Redaclem\" \/>\n<meta name=\"twitter:card\" content=\"summary_large_image\" \/>\n<meta name=\"twitter:label1\" content=\"Scritto da\" \/>\n\t<meta name=\"twitter:data1\" content=\"Redaclem\" \/>\n\t<meta name=\"twitter:label2\" content=\"Tempo di lettura stimato\" \/>\n\t<meta name=\"twitter:data2\" content=\"4 minuti\" \/>\n<script type=\"application\/ld+json\" class=\"yoast-schema-graph\">{\"@context\":\"https:\\\/\\\/schema.org\",\"@graph\":[{\"@type\":\"Article\",\"@id\":\"https:\\\/\\\/www.article-marketing.eu\\\/comunicatistampa\\\/a-treviglio-il-nuovo-centro-polifunzionale-giuliano-donati-petteni\\\/#article\",\"isPartOf\":{\"@id\":\"https:\\\/\\\/www.article-marketing.eu\\\/comunicatistampa\\\/a-treviglio-il-nuovo-centro-polifunzionale-giuliano-donati-petteni\\\/\"},\"author\":{\"name\":\"Redaclem\",\"@id\":\"https:\\\/\\\/www.article-marketing.eu\\\/comunicatistampa\\\/#\\\/schema\\\/person\\\/c0aa725eee5df8460e0adf901fde0c88\"},\"headline\":\"A TREVIGLIO IL NUOVO CENTRO POLIFUNZIONALE \u201cGIULIANO DONATI PETTENI\u201d\",\"datePublished\":\"2021-07-14T21:49:14+00:00\",\"mainEntityOfPage\":{\"@id\":\"https:\\\/\\\/www.article-marketing.eu\\\/comunicatistampa\\\/a-treviglio-il-nuovo-centro-polifunzionale-giuliano-donati-petteni\\\/\"},\"wordCount\":735,\"commentCount\":0,\"articleSection\":[\"Comunicati stampa\"],\"inLanguage\":\"it-IT\",\"potentialAction\":[{\"@type\":\"CommentAction\",\"name\":\"Comment\",\"target\":[\"https:\\\/\\\/www.article-marketing.eu\\\/comunicatistampa\\\/a-treviglio-il-nuovo-centro-polifunzionale-giuliano-donati-petteni\\\/#respond\"]}]},{\"@type\":\"WebPage\",\"@id\":\"https:\\\/\\\/www.article-marketing.eu\\\/comunicatistampa\\\/a-treviglio-il-nuovo-centro-polifunzionale-giuliano-donati-petteni\\\/\",\"url\":\"https:\\\/\\\/www.article-marketing.eu\\\/comunicatistampa\\\/a-treviglio-il-nuovo-centro-polifunzionale-giuliano-donati-petteni\\\/\",\"name\":\"A TREVIGLIO IL NUOVO CENTRO POLIFUNZIONALE \u201cGIULIANO DONATI PETTENI\u201d\",\"isPartOf\":{\"@id\":\"https:\\\/\\\/www.article-marketing.eu\\\/comunicatistampa\\\/#website\"},\"datePublished\":\"2021-07-14T21:49:14+00:00\",\"author\":{\"@id\":\"https:\\\/\\\/www.article-marketing.eu\\\/comunicatistampa\\\/#\\\/schema\\\/person\\\/c0aa725eee5df8460e0adf901fde0c88\"},\"breadcrumb\":{\"@id\":\"https:\\\/\\\/www.article-marketing.eu\\\/comunicatistampa\\\/a-treviglio-il-nuovo-centro-polifunzionale-giuliano-donati-petteni\\\/#breadcrumb\"},\"inLanguage\":\"it-IT\",\"potentialAction\":[{\"@type\":\"ReadAction\",\"target\":[\"https:\\\/\\\/www.article-marketing.eu\\\/comunicatistampa\\\/a-treviglio-il-nuovo-centro-polifunzionale-giuliano-donati-petteni\\\/\"]}]},{\"@type\":\"BreadcrumbList\",\"@id\":\"https:\\\/\\\/www.article-marketing.eu\\\/comunicatistampa\\\/a-treviglio-il-nuovo-centro-polifunzionale-giuliano-donati-petteni\\\/#breadcrumb\",\"itemListElement\":[{\"@type\":\"ListItem\",\"position\":1,\"name\":\"Home\",\"item\":\"https:\\\/\\\/www.article-marketing.eu\\\/comunicatistampa\\\/\"},{\"@type\":\"ListItem\",\"position\":2,\"name\":\"A TREVIGLIO IL NUOVO CENTRO POLIFUNZIONALE \u201cGIULIANO DONATI PETTENI\u201d\"}]},{\"@type\":\"WebSite\",\"@id\":\"https:\\\/\\\/www.article-marketing.eu\\\/comunicatistampa\\\/#website\",\"url\":\"https:\\\/\\\/www.article-marketing.eu\\\/comunicatistampa\\\/\",\"name\":\"Article Marketing\",\"description\":\"article marketing &amp; press release\",\"potentialAction\":[{\"@type\":\"SearchAction\",\"target\":{\"@type\":\"EntryPoint\",\"urlTemplate\":\"https:\\\/\\\/www.article-marketing.eu\\\/comunicatistampa\\\/?s={search_term_string}\"},\"query-input\":{\"@type\":\"PropertyValueSpecification\",\"valueRequired\":true,\"valueName\":\"search_term_string\"}}],\"inLanguage\":\"it-IT\"},{\"@type\":\"Person\",\"@id\":\"https:\\\/\\\/www.article-marketing.eu\\\/comunicatistampa\\\/#\\\/schema\\\/person\\\/c0aa725eee5df8460e0adf901fde0c88\",\"name\":\"Redaclem\",\"image\":{\"@type\":\"ImageObject\",\"inLanguage\":\"it-IT\",\"@id\":\"https:\\\/\\\/secure.gravatar.com\\\/avatar\\\/4c7e41f332a0583344a91d7d39723533da9b2d0df7737c2d8c69553168c2191e?s=96&d=mm&r=g\",\"url\":\"https:\\\/\\\/secure.gravatar.com\\\/avatar\\\/4c7e41f332a0583344a91d7d39723533da9b2d0df7737c2d8c69553168c2191e?s=96&d=mm&r=g\",\"contentUrl\":\"https:\\\/\\\/secure.gravatar.com\\\/avatar\\\/4c7e41f332a0583344a91d7d39723533da9b2d0df7737c2d8c69553168c2191e?s=96&d=mm&r=g\",\"caption\":\"Redaclem\"},\"url\":\"https:\\\/\\\/www.article-marketing.eu\\\/comunicatistampa\\\/author\\\/redaclem\\\/\"}]}<\/script>\n<!-- \/ Yoast SEO plugin. -->","yoast_head_json":{"title":"A TREVIGLIO IL NUOVO CENTRO POLIFUNZIONALE \u201cGIULIANO DONATI PETTENI\u201d","robots":{"index":"index","follow":"follow","max-snippet":"max-snippet:-1","max-image-preview":"max-image-preview:large","max-video-preview":"max-video-preview:-1"},"canonical":"https:\/\/www.article-marketing.eu\/comunicatistampa\/a-treviglio-il-nuovo-centro-polifunzionale-giuliano-donati-petteni\/","og_locale":"it_IT","og_type":"article","og_title":"A TREVIGLIO IL NUOVO CENTRO POLIFUNZIONALE \u201cGIULIANO DONATI PETTENI\u201d","og_description":"La Fondazione Istituti Educativi di Bergamo ha presentato questa mattina i nuovi progetti che vedono al centro la frazione di Castel Cerreto: la nuova Scuola per lavorare nell\u2019agroalimentare \u2013 FMD; il nuovo progetto di rilevanza sociale \u201cCorte dei Massari a sostegno di minori e famiglie\u201d Consorzio Fa e Cooperativa Alchimia; la Casa Museo Piazzoni che vede la valorizzazione degli spazi storici della Corte padronale, esaltandone il patrimonio artistico. Continua l\u2019impegnoContinue reading...","og_url":"https:\/\/www.article-marketing.eu\/comunicatistampa\/a-treviglio-il-nuovo-centro-polifunzionale-giuliano-donati-petteni\/","og_site_name":"Article Marketing","article_published_time":"2021-07-14T21:49:14+00:00","author":"Redaclem","twitter_card":"summary_large_image","twitter_misc":{"Scritto da":"Redaclem","Tempo di lettura stimato":"4 minuti"},"schema":{"@context":"https:\/\/schema.org","@graph":[{"@type":"Article","@id":"https:\/\/www.article-marketing.eu\/comunicatistampa\/a-treviglio-il-nuovo-centro-polifunzionale-giuliano-donati-petteni\/#article","isPartOf":{"@id":"https:\/\/www.article-marketing.eu\/comunicatistampa\/a-treviglio-il-nuovo-centro-polifunzionale-giuliano-donati-petteni\/"},"author":{"name":"Redaclem","@id":"https:\/\/www.article-marketing.eu\/comunicatistampa\/#\/schema\/person\/c0aa725eee5df8460e0adf901fde0c88"},"headline":"A TREVIGLIO IL NUOVO CENTRO POLIFUNZIONALE \u201cGIULIANO DONATI PETTENI\u201d","datePublished":"2021-07-14T21:49:14+00:00","mainEntityOfPage":{"@id":"https:\/\/www.article-marketing.eu\/comunicatistampa\/a-treviglio-il-nuovo-centro-polifunzionale-giuliano-donati-petteni\/"},"wordCount":735,"commentCount":0,"articleSection":["Comunicati stampa"],"inLanguage":"it-IT","potentialAction":[{"@type":"CommentAction","name":"Comment","target":["https:\/\/www.article-marketing.eu\/comunicatistampa\/a-treviglio-il-nuovo-centro-polifunzionale-giuliano-donati-petteni\/#respond"]}]},{"@type":"WebPage","@id":"https:\/\/www.article-marketing.eu\/comunicatistampa\/a-treviglio-il-nuovo-centro-polifunzionale-giuliano-donati-petteni\/","url":"https:\/\/www.article-marketing.eu\/comunicatistampa\/a-treviglio-il-nuovo-centro-polifunzionale-giuliano-donati-petteni\/","name":"A TREVIGLIO IL NUOVO CENTRO POLIFUNZIONALE \u201cGIULIANO DONATI PETTENI\u201d","isPartOf":{"@id":"https:\/\/www.article-marketing.eu\/comunicatistampa\/#website"},"datePublished":"2021-07-14T21:49:14+00:00","author":{"@id":"https:\/\/www.article-marketing.eu\/comunicatistampa\/#\/schema\/person\/c0aa725eee5df8460e0adf901fde0c88"},"breadcrumb":{"@id":"https:\/\/www.article-marketing.eu\/comunicatistampa\/a-treviglio-il-nuovo-centro-polifunzionale-giuliano-donati-petteni\/#breadcrumb"},"inLanguage":"it-IT","potentialAction":[{"@type":"ReadAction","target":["https:\/\/www.article-marketing.eu\/comunicatistampa\/a-treviglio-il-nuovo-centro-polifunzionale-giuliano-donati-petteni\/"]}]},{"@type":"BreadcrumbList","@id":"https:\/\/www.article-marketing.eu\/comunicatistampa\/a-treviglio-il-nuovo-centro-polifunzionale-giuliano-donati-petteni\/#breadcrumb","itemListElement":[{"@type":"ListItem","position":1,"name":"Home","item":"https:\/\/www.article-marketing.eu\/comunicatistampa\/"},{"@type":"ListItem","position":2,"name":"A TREVIGLIO IL NUOVO CENTRO POLIFUNZIONALE \u201cGIULIANO DONATI PETTENI\u201d"}]},{"@type":"WebSite","@id":"https:\/\/www.article-marketing.eu\/comunicatistampa\/#website","url":"https:\/\/www.article-marketing.eu\/comunicatistampa\/","name":"Article Marketing","description":"article marketing &amp; press release","potentialAction":[{"@type":"SearchAction","target":{"@type":"EntryPoint","urlTemplate":"https:\/\/www.article-marketing.eu\/comunicatistampa\/?s={search_term_string}"},"query-input":{"@type":"PropertyValueSpecification","valueRequired":true,"valueName":"search_term_string"}}],"inLanguage":"it-IT"},{"@type":"Person","@id":"https:\/\/www.article-marketing.eu\/comunicatistampa\/#\/schema\/person\/c0aa725eee5df8460e0adf901fde0c88","name":"Redaclem","image":{"@type":"ImageObject","inLanguage":"it-IT","@id":"https:\/\/secure.gravatar.com\/avatar\/4c7e41f332a0583344a91d7d39723533da9b2d0df7737c2d8c69553168c2191e?s=96&d=mm&r=g","url":"https:\/\/secure.gravatar.com\/avatar\/4c7e41f332a0583344a91d7d39723533da9b2d0df7737c2d8c69553168c2191e?s=96&d=mm&r=g","contentUrl":"https:\/\/secure.gravatar.com\/avatar\/4c7e41f332a0583344a91d7d39723533da9b2d0df7737c2d8c69553168c2191e?s=96&d=mm&r=g","caption":"Redaclem"},"url":"https:\/\/www.article-marketing.eu\/comunicatistampa\/author\/redaclem\/"}]}},"_links":{"self":[{"href":"https:\/\/www.article-marketing.eu\/comunicatistampa\/wp-json\/wp\/v2\/posts\/19470","targetHints":{"allow":["GET"]}}],"collection":[{"href":"https:\/\/www.article-marketing.eu\/comunicatistampa\/wp-json\/wp\/v2\/posts"}],"about":[{"href":"https:\/\/www.article-marketing.eu\/comunicatistampa\/wp-json\/wp\/v2\/types\/post"}],"author":[{"embeddable":true,"href":"https:\/\/www.article-marketing.eu\/comunicatistampa\/wp-json\/wp\/v2\/users\/1855"}],"replies":[{"embeddable":true,"href":"https:\/\/www.article-marketing.eu\/comunicatistampa\/wp-json\/wp\/v2\/comments?post=19470"}],"version-history":[{"count":2,"href":"https:\/\/www.article-marketing.eu\/comunicatistampa\/wp-json\/wp\/v2\/posts\/19470\/revisions"}],"predecessor-version":[{"id":19560,"href":"https:\/\/www.article-marketing.eu\/comunicatistampa\/wp-json\/wp\/v2\/posts\/19470\/revisions\/19560"}],"wp:attachment":[{"href":"https:\/\/www.article-marketing.eu\/comunicatistampa\/wp-json\/wp\/v2\/media?parent=19470"}],"wp:term":[{"taxonomy":"category","embeddable":true,"href":"https:\/\/www.article-marketing.eu\/comunicatistampa\/wp-json\/wp\/v2\/categories?post=19470"},{"taxonomy":"post_tag","embeddable":true,"href":"https:\/\/www.article-marketing.eu\/comunicatistampa\/wp-json\/wp\/v2\/tags?post=19470"}],"curies":[{"name":"wp","href":"https:\/\/api.w.org\/{rel}","templated":true}]}}