{"id":19496,"date":"2021-07-14T23:51:06","date_gmt":"2021-07-14T21:51:06","guid":{"rendered":"https:\/\/www.article-marketing.eu\/comunicatistampa\/?p=19496"},"modified":"2021-07-14T23:51:06","modified_gmt":"2021-07-14T21:51:06","slug":"un-ventennale-nel-segno-del-welfare-per-il-terziario-bolognese","status":"publish","type":"post","link":"https:\/\/www.article-marketing.eu\/comunicatistampa\/un-ventennale-nel-segno-del-welfare-per-il-terziario-bolognese\/","title":{"rendered":"Un ventennale nel segno del welfare per il terziario bolognese"},"content":{"rendered":"<p><em>Nel 2020 E.Bi.Ter.Bo, l\u2019Ente Bilaterale del Terziario della Citt\u00e0 Metropolitana di Bologna ha erogato misure di sostegno al reddito straordinario per un importo totale di \u20ac 732.909,91, oltre alle sue normali attivit\u00e0. Un insieme di aiuti consistenti che nell\u2019anno del ventennale dell\u2019ente ne conferma il valore del ruolo e dell\u2019attivit\u00e0 svolta<\/em><\/p>\n<p>&nbsp;<\/p>\n<p>&nbsp;<\/p>\n<p>Un 2020 molto difficile per la pandemia Covid-19 che, di contro, ha messo in luce il contributo offerto da <strong>realt\u00e0 cittadine nel campo del welfare<\/strong>, della formazione e della solidariet\u00e0.<\/p>\n<p>E\u2019 il caso di <strong>E.Bi.Ter.Bo<\/strong>., l\u2019Ente Bilaterale del Terziario della citt\u00e0 di Metropolitana di Bologna, <strong>costituito nel 2000<\/strong> con lo scopo di svolgere attivit\u00e0 destinate a <strong>sostenere l\u2019innovazione, la competitivit\u00e0 e lo sviluppo nel settore del Commercio, ossia, del Terziario, della Distribuzione e dei Servizi<\/strong> con particolare <strong>focus sull\u2019accrescimento e il miglioramento delle competenze dei lavoratori<\/strong>.<\/p>\n<p>Proprio nel ventennale dalla sua costituzione, <strong>E.Bi.Ter.Bo<\/strong>., <strong>costituito da <\/strong>Confcommercio Imprese per l\u2019Italia e <strong>dalle Organizzazioni Sindacali dei Lavoratori <\/strong>FILCAMS-CGIL, FISASCAT-CISL e UILTUCS-UIL, firmatarie del contratto nazionale di lavoro di riferimento del settore, \u00e8 intervenuto in maniera importante per fronteggiare la crisi causata dall\u2019emergenza epidemiologica erogando a favore di lavoratori e aziende prestazioni FSR per un importo pari a \u20ac 732.909,91.<\/p>\n<p>La chiusura del bilancio relativo all\u2019anno scorso ha testimoniato un importante segnale per Bologna, a conferma della capacit\u00e0 operativa dell\u2019ente che conta 5.560 aziende aderenti, di cui 389 supportate assieme ai loro dipendenti attraverso le azioni dell\u2019ente, in un anno cos\u00ec difficoltoso e in vista di un futuro ricco di sfide.<\/p>\n<p>Sono diverse le tipologie di misure anticrisi straordinarie stanziate a sostegno del reddito. Dell\u2019importo totale, \u20ac 9.869,81 sono stati erogati ai 40 richiedenti come Welfare straordinario per i lavoratori che si sono assentati dal lavoro per accudire i propri figli di et\u00e0 fino a 14 anni, nel periodo di chiusura delle scuole. Di \u20ac 521.401,31 hanno beneficiato 1.538 soggetti come contributo solidaristico per i lavoratori aderenti che abbiano subito una sospensione o una riduzione dell\u2019attivit\u00e0 lavorativa causa Covid. Con \u20ac 200.638,79 sono stati sostenuti 662 richiedenti come contributo serenit\u00e0 abitativa per i lavoratori aderenti che hanno subito una riduzione salariale, titolari di un mutuo prima casa o locatori di un\u2019abitazione. <strong>Un pacchetto di aiuti consistenti e di cui <\/strong><strong>E.Bi.Ter.Bo. si \u00e8 potuto fare carico per un cifra complessiva di \u20ac <\/strong><em>732.909,91<\/em><em>. <\/em><\/p>\n<p>La Presidenza di turno, composta da Valentino Di Pisa (Presidente, di designazione datoriale) e Mario Antonio Forte (Vice Presidente di designazione sindacale), concordemente afferma che \u201c<em>E.Bi.Ter.Bo, fin da quando \u00e8 stato istituito ha risposto al bisogno delle imprese e dei loro dipendenti, curandone la crescita professionale con positiva ricaduta sul lavoro sul piano della qualit\u00e0 e della competitivit\u00e0 nel settore. Ha sempre sostenuto il reddito dei lavoratori in difficolt\u00e0, favorito la genitorialit\u00e0 e lo studio dei lavoratori e dei loro figli<\/em>\u201d.<\/p>\n<p>La Presidenza evidenzia che \u201c<em>Non \u00e8 la prima volta che l\u2019Ente Bilaterale risponde a particolari necessit\u00e0 come oggi. Ha dato risposte concrete negli anni che hanno seguito la crisi finanziaria globale del 2008 e nei tragici momenti conseguenti al sisma in Emilia del 2012<\/em>\u201d, sottolineando che \u201c<em>Il successo delle attivit\u00e0 dell\u2019Ente \u00e8 frutto di vari elementi maturati nel tempo ma gi\u00e0 ben radicati da quando \u00e8 nato. Le buone relazioni tra le Parti Sociali di riferimento e il loro costante rapporto con il Consiglio Direttivo hanno reso tutti consapevoli dei bisogni e sensibili alle risposte da dare tramite l\u2019apprezzabile e qualificata opera quotidiana dei dipendenti dell\u2019Ente. Ci\u00f2 ha consentito, a soggetti portatori di interessi economici differenti come Associazioni Datoriali e Organizzazioni Sindacali, di determinare e traguardare importanti obiettivi comuni<\/em>\u201d.<\/p>\n<p>Il Presidente e il Vice Presidente ribadiscono che \u201c<em>Le stesse Parti Sociali, la Presidenza ed il Consiglio Direttivo oggi valorizzano l\u2019esperienza maturata in questi 20 anni e proseguono il cammino assieme verso lo sviluppo costante del settore con attenzione al bisogno dei propri aderenti, imprese e lavoratori<\/em>\u201d.<\/p>\n<p>Numeri importanti, quelli emersi dal Bilancio 2020 che se da un lato denunciano le difficolt\u00e0 emerse in mesi cos\u00ec complessi, dall\u2019altro attestano l\u2019esistenza di realt\u00e0 in grado di fornire un sostegno concreto a persone e aziende. Un aiuto tangibile che negli anni non \u00e8 mai mancato, ma che indubbiamente si \u00e8 dimostrato ancor pi\u00f9 prezioso in un frangente tanto complesso e problematico come quello da cui, seppur lentamente, sembra uscire la vasta platea che vede in E.Bi.Ter.Bo. un punto di riferimento.<\/p>\n<p>Un ventennale di grande impegno e un traguardo importante dunque da cui proseguire con rinnovato slancio, in cui <strong>E.Bi.Ter.Bo<\/strong> <strong>ha avviato un nuovo progetto di comunicazione <\/strong><strong>finalizzato ad essere ancora pi\u00f9 vicino ai lavoratori e alle imprese<\/strong>, partendo dal <strong>restyling del proprio logo, per evidenziarne ancora di pi\u00f9 <\/strong><strong>valori e finalit\u00e0<\/strong>. L\u2019immagine vede protagoniste la Garisenda e l\u2019Asinelli, le Due Torri simbolo di Bologna e di riferimento per l\u2019ampia area geografica coperta dall\u2019ente, da cui partono due linee che uniscono in un abbraccio ideale tutta la Citt\u00e0 Metropolitana. Una visione grafica pensata non solo per <strong>contestualizzare il territorio di competenza<\/strong> e il raggio d\u2019azione dell\u2019ente, ma anche e soprattutto per <strong>unire simbolicamente<\/strong>, in un dialogo continuo fatto di scambio e confronto, <strong>le due compagini di cui si occupa<\/strong><strong>: le aziende e i lavoratori<\/strong>.<\/p>\n<p><strong>Anche nel 2021 prosegue l\u2019organizzazione di diversi progetti formativi gratuiti<\/strong>, tra cui i corsi specializzati volti a trasmettere un <strong>continuo aggiornamento professionale e culturale ai lavoratori del Terziario e i seminari orientati sia ai lavoratori che agli imprenditori<\/strong>. Visto il perdurare della pandemia, <strong>anche per l\u2019anno 2021 \u00e8 stato rinnovato l\u2019Accordo Straordinario per sostenere le misure anti-covid con ulteriori risorse finanziarie a carico di E.Bi.Ter.Bo<\/strong>.<\/p>\n<p>&nbsp;<\/p>\n<p>&nbsp;<\/p>\n<p><a href=\"https:\/\/www.ebiterbo.it\/it\/s\/index.jsp\"><strong>E.Bi.Ter.Bo<\/strong> <\/a>\u00e8 l\u2019Ente Bilaterale del Terziario della Citt\u00e0 Metropolitana di Bologna, costituito nel 2000 da CONFCOMMERCIO IMPRESE PER L&#8217;ITALIA e dalle Organizzazioni Sindacali dei Lavoratori FILCAMS-CGIL, FISASCAT-CISL e UILTUCS-UIL in base a quanto previsto dal Contratto Collettivo nazionale di Lavoro. Svolge attivit\u00e0 destinate a sostenere l\u2019innovazione, la competitivit\u00e0 e lo sviluppo dell\u2019intero settore del Terziario, della Distribuzione e dei Servizi con particolare focus sull\u2019accrescimento e il miglioramento delle competenze dei lavoratori<\/p>\n","protected":false},"excerpt":{"rendered":"<p>Nel 2020 E.Bi.Ter.Bo, l\u2019Ente Bilaterale del Terziario della Citt\u00e0 Metropolitana di Bologna ha erogato misure di sostegno al reddito straordinario per un importo totale di \u20ac 732.909,91, oltre alle sue normali attivit\u00e0. Un insieme di aiuti consistenti che nell\u2019anno del ventennale dell\u2019ente ne conferma il valore del ruolo e dell\u2019attivit\u00e0 svolta &nbsp; &nbsp; Un 2020 molto difficile per la pandemia Covid-19 che, di contro, ha messo in luce il contributo<\/p>\n<p><a class=\"continue-reading\" href=\"https:\/\/www.article-marketing.eu\/comunicatistampa\/un-ventennale-nel-segno-del-welfare-per-il-terziario-bolognese\/\">Continue reading&#8230;<\/a><\/p>\n","protected":false},"author":397,"featured_media":0,"comment_status":"open","ping_status":"open","sticky":false,"template":"","format":"standard","meta":{"_monsterinsights_skip_tracking":false,"_monsterinsights_sitenote_active":false,"_monsterinsights_sitenote_note":"","_monsterinsights_sitenote_category":0,"footnotes":""},"categories":[78],"tags":[2074,1016,8293,8297,8286,8287,8288,8289,8291,8295,8294,2187,314,8292,8290,8296],"class_list":["post-19496","post","type-post","status-publish","format-standard","hentry","category-comunicati-stampa","tag-bologna","tag-corsi","tag-distribuzione","tag-e-bi-ter-bo","tag-ebiterbo","tag-ente-bilaterale-del-terziario-della-citta-di-bologna","tag-imprese-lavoratori","tag-misure-anticrisi","tag-misure-di-sostegno-al-reddito","tag-progetti-formativi-gratuiti","tag-restyling-grafico","tag-seminari","tag-servizi","tag-terziario","tag-ventennale","tag-welfare-territoriale"],"yoast_head":"<!-- This site is optimized with the Yoast SEO plugin v27.3 - https:\/\/yoast.com\/product\/yoast-seo-wordpress\/ -->\n<title>Un ventennale nel segno del welfare per il terziario bolognese<\/title>\n<meta name=\"robots\" content=\"index, follow, max-snippet:-1, max-image-preview:large, max-video-preview:-1\" \/>\n<link rel=\"canonical\" href=\"https:\/\/www.article-marketing.eu\/comunicatistampa\/un-ventennale-nel-segno-del-welfare-per-il-terziario-bolognese\/\" \/>\n<meta property=\"og:locale\" content=\"it_IT\" \/>\n<meta property=\"og:type\" content=\"article\" \/>\n<meta property=\"og:title\" content=\"Un ventennale nel segno del welfare per il terziario bolognese\" \/>\n<meta property=\"og:description\" content=\"Nel 2020 E.Bi.Ter.Bo, l\u2019Ente Bilaterale del Terziario della Citt\u00e0 Metropolitana di Bologna ha erogato misure di sostegno al reddito straordinario per un importo totale di \u20ac 732.909,91, oltre alle sue normali attivit\u00e0. Un insieme di aiuti consistenti che nell\u2019anno del ventennale dell\u2019ente ne conferma il valore del ruolo e dell\u2019attivit\u00e0 svolta &nbsp; &nbsp; Un 2020 molto difficile per la pandemia Covid-19 che, di contro, ha messo in luce il contributoContinue reading...\" \/>\n<meta property=\"og:url\" content=\"https:\/\/www.article-marketing.eu\/comunicatistampa\/un-ventennale-nel-segno-del-welfare-per-il-terziario-bolognese\/\" \/>\n<meta property=\"og:site_name\" content=\"Article Marketing\" \/>\n<meta property=\"article:published_time\" content=\"2021-07-14T21:51:06+00:00\" \/>\n<meta name=\"author\" content=\"Borderline Agency\" \/>\n<meta name=\"twitter:card\" content=\"summary_large_image\" \/>\n<meta name=\"twitter:label1\" content=\"Scritto da\" \/>\n\t<meta name=\"twitter:data1\" content=\"Borderline Agency\" \/>\n\t<meta name=\"twitter:label2\" content=\"Tempo di lettura stimato\" \/>\n\t<meta name=\"twitter:data2\" content=\"5 minuti\" \/>\n<script type=\"application\/ld+json\" class=\"yoast-schema-graph\">{\"@context\":\"https:\\\/\\\/schema.org\",\"@graph\":[{\"@type\":\"Article\",\"@id\":\"https:\\\/\\\/www.article-marketing.eu\\\/comunicatistampa\\\/un-ventennale-nel-segno-del-welfare-per-il-terziario-bolognese\\\/#article\",\"isPartOf\":{\"@id\":\"https:\\\/\\\/www.article-marketing.eu\\\/comunicatistampa\\\/un-ventennale-nel-segno-del-welfare-per-il-terziario-bolognese\\\/\"},\"author\":{\"name\":\"Borderline Agency\",\"@id\":\"https:\\\/\\\/www.article-marketing.eu\\\/comunicatistampa\\\/#\\\/schema\\\/person\\\/1c4ab1c7aad84347e26e78235da6ff1b\"},\"headline\":\"Un ventennale nel segno del welfare per il terziario bolognese\",\"datePublished\":\"2021-07-14T21:51:06+00:00\",\"mainEntityOfPage\":{\"@id\":\"https:\\\/\\\/www.article-marketing.eu\\\/comunicatistampa\\\/un-ventennale-nel-segno-del-welfare-per-il-terziario-bolognese\\\/\"},\"wordCount\":1025,\"commentCount\":0,\"keywords\":[\"Bologna\",\"corsi\",\"distribuzione\",\"E.Bi.Ter.Bo.\",\"Ebiterbo\",\"Ente Bilaterale del Terziario della Citt\u00e0 di Bologna\",\"imprese lavoratori\",\"misure anticrisi\",\"misure di sostegno al reddito\",\"progetti formativi gratuiti\",\"restyling grafico\",\"seminari\",\"servizi\",\"terziario\",\"ventennale\",\"welfare territoriale\"],\"articleSection\":[\"Comunicati stampa\"],\"inLanguage\":\"it-IT\",\"potentialAction\":[{\"@type\":\"CommentAction\",\"name\":\"Comment\",\"target\":[\"https:\\\/\\\/www.article-marketing.eu\\\/comunicatistampa\\\/un-ventennale-nel-segno-del-welfare-per-il-terziario-bolognese\\\/#respond\"]}]},{\"@type\":\"WebPage\",\"@id\":\"https:\\\/\\\/www.article-marketing.eu\\\/comunicatistampa\\\/un-ventennale-nel-segno-del-welfare-per-il-terziario-bolognese\\\/\",\"url\":\"https:\\\/\\\/www.article-marketing.eu\\\/comunicatistampa\\\/un-ventennale-nel-segno-del-welfare-per-il-terziario-bolognese\\\/\",\"name\":\"Un ventennale nel segno del welfare per il terziario bolognese\",\"isPartOf\":{\"@id\":\"https:\\\/\\\/www.article-marketing.eu\\\/comunicatistampa\\\/#website\"},\"datePublished\":\"2021-07-14T21:51:06+00:00\",\"author\":{\"@id\":\"https:\\\/\\\/www.article-marketing.eu\\\/comunicatistampa\\\/#\\\/schema\\\/person\\\/1c4ab1c7aad84347e26e78235da6ff1b\"},\"breadcrumb\":{\"@id\":\"https:\\\/\\\/www.article-marketing.eu\\\/comunicatistampa\\\/un-ventennale-nel-segno-del-welfare-per-il-terziario-bolognese\\\/#breadcrumb\"},\"inLanguage\":\"it-IT\",\"potentialAction\":[{\"@type\":\"ReadAction\",\"target\":[\"https:\\\/\\\/www.article-marketing.eu\\\/comunicatistampa\\\/un-ventennale-nel-segno-del-welfare-per-il-terziario-bolognese\\\/\"]}]},{\"@type\":\"BreadcrumbList\",\"@id\":\"https:\\\/\\\/www.article-marketing.eu\\\/comunicatistampa\\\/un-ventennale-nel-segno-del-welfare-per-il-terziario-bolognese\\\/#breadcrumb\",\"itemListElement\":[{\"@type\":\"ListItem\",\"position\":1,\"name\":\"Home\",\"item\":\"https:\\\/\\\/www.article-marketing.eu\\\/comunicatistampa\\\/\"},{\"@type\":\"ListItem\",\"position\":2,\"name\":\"Un ventennale nel segno del welfare per il terziario bolognese\"}]},{\"@type\":\"WebSite\",\"@id\":\"https:\\\/\\\/www.article-marketing.eu\\\/comunicatistampa\\\/#website\",\"url\":\"https:\\\/\\\/www.article-marketing.eu\\\/comunicatistampa\\\/\",\"name\":\"Article Marketing\",\"description\":\"article marketing &amp; press release\",\"potentialAction\":[{\"@type\":\"SearchAction\",\"target\":{\"@type\":\"EntryPoint\",\"urlTemplate\":\"https:\\\/\\\/www.article-marketing.eu\\\/comunicatistampa\\\/?s={search_term_string}\"},\"query-input\":{\"@type\":\"PropertyValueSpecification\",\"valueRequired\":true,\"valueName\":\"search_term_string\"}}],\"inLanguage\":\"it-IT\"},{\"@type\":\"Person\",\"@id\":\"https:\\\/\\\/www.article-marketing.eu\\\/comunicatistampa\\\/#\\\/schema\\\/person\\\/1c4ab1c7aad84347e26e78235da6ff1b\",\"name\":\"Borderline Agency\",\"image\":{\"@type\":\"ImageObject\",\"inLanguage\":\"it-IT\",\"@id\":\"https:\\\/\\\/secure.gravatar.com\\\/avatar\\\/741fa053101610cb0be7dc835c116926549ae4ae2142ff35eac04d78fda61461?s=96&d=mm&r=g\",\"url\":\"https:\\\/\\\/secure.gravatar.com\\\/avatar\\\/741fa053101610cb0be7dc835c116926549ae4ae2142ff35eac04d78fda61461?s=96&d=mm&r=g\",\"contentUrl\":\"https:\\\/\\\/secure.gravatar.com\\\/avatar\\\/741fa053101610cb0be7dc835c116926549ae4ae2142ff35eac04d78fda61461?s=96&d=mm&r=g\",\"caption\":\"Borderline Agency\"},\"url\":\"https:\\\/\\\/www.article-marketing.eu\\\/comunicatistampa\\\/author\\\/borderline-agency\\\/\"}]}<\/script>\n<!-- \/ Yoast SEO plugin. -->","yoast_head_json":{"title":"Un ventennale nel segno del welfare per il terziario bolognese","robots":{"index":"index","follow":"follow","max-snippet":"max-snippet:-1","max-image-preview":"max-image-preview:large","max-video-preview":"max-video-preview:-1"},"canonical":"https:\/\/www.article-marketing.eu\/comunicatistampa\/un-ventennale-nel-segno-del-welfare-per-il-terziario-bolognese\/","og_locale":"it_IT","og_type":"article","og_title":"Un ventennale nel segno del welfare per il terziario bolognese","og_description":"Nel 2020 E.Bi.Ter.Bo, l\u2019Ente Bilaterale del Terziario della Citt\u00e0 Metropolitana di Bologna ha erogato misure di sostegno al reddito straordinario per un importo totale di \u20ac 732.909,91, oltre alle sue normali attivit\u00e0. Un insieme di aiuti consistenti che nell\u2019anno del ventennale dell\u2019ente ne conferma il valore del ruolo e dell\u2019attivit\u00e0 svolta &nbsp; &nbsp; Un 2020 molto difficile per la pandemia Covid-19 che, di contro, ha messo in luce il contributoContinue reading...","og_url":"https:\/\/www.article-marketing.eu\/comunicatistampa\/un-ventennale-nel-segno-del-welfare-per-il-terziario-bolognese\/","og_site_name":"Article Marketing","article_published_time":"2021-07-14T21:51:06+00:00","author":"Borderline Agency","twitter_card":"summary_large_image","twitter_misc":{"Scritto da":"Borderline Agency","Tempo di lettura stimato":"5 minuti"},"schema":{"@context":"https:\/\/schema.org","@graph":[{"@type":"Article","@id":"https:\/\/www.article-marketing.eu\/comunicatistampa\/un-ventennale-nel-segno-del-welfare-per-il-terziario-bolognese\/#article","isPartOf":{"@id":"https:\/\/www.article-marketing.eu\/comunicatistampa\/un-ventennale-nel-segno-del-welfare-per-il-terziario-bolognese\/"},"author":{"name":"Borderline Agency","@id":"https:\/\/www.article-marketing.eu\/comunicatistampa\/#\/schema\/person\/1c4ab1c7aad84347e26e78235da6ff1b"},"headline":"Un ventennale nel segno del welfare per il terziario bolognese","datePublished":"2021-07-14T21:51:06+00:00","mainEntityOfPage":{"@id":"https:\/\/www.article-marketing.eu\/comunicatistampa\/un-ventennale-nel-segno-del-welfare-per-il-terziario-bolognese\/"},"wordCount":1025,"commentCount":0,"keywords":["Bologna","corsi","distribuzione","E.Bi.Ter.Bo.","Ebiterbo","Ente Bilaterale del Terziario della Citt\u00e0 di Bologna","imprese lavoratori","misure anticrisi","misure di sostegno al reddito","progetti formativi gratuiti","restyling grafico","seminari","servizi","terziario","ventennale","welfare territoriale"],"articleSection":["Comunicati stampa"],"inLanguage":"it-IT","potentialAction":[{"@type":"CommentAction","name":"Comment","target":["https:\/\/www.article-marketing.eu\/comunicatistampa\/un-ventennale-nel-segno-del-welfare-per-il-terziario-bolognese\/#respond"]}]},{"@type":"WebPage","@id":"https:\/\/www.article-marketing.eu\/comunicatistampa\/un-ventennale-nel-segno-del-welfare-per-il-terziario-bolognese\/","url":"https:\/\/www.article-marketing.eu\/comunicatistampa\/un-ventennale-nel-segno-del-welfare-per-il-terziario-bolognese\/","name":"Un ventennale nel segno del welfare per il terziario bolognese","isPartOf":{"@id":"https:\/\/www.article-marketing.eu\/comunicatistampa\/#website"},"datePublished":"2021-07-14T21:51:06+00:00","author":{"@id":"https:\/\/www.article-marketing.eu\/comunicatistampa\/#\/schema\/person\/1c4ab1c7aad84347e26e78235da6ff1b"},"breadcrumb":{"@id":"https:\/\/www.article-marketing.eu\/comunicatistampa\/un-ventennale-nel-segno-del-welfare-per-il-terziario-bolognese\/#breadcrumb"},"inLanguage":"it-IT","potentialAction":[{"@type":"ReadAction","target":["https:\/\/www.article-marketing.eu\/comunicatistampa\/un-ventennale-nel-segno-del-welfare-per-il-terziario-bolognese\/"]}]},{"@type":"BreadcrumbList","@id":"https:\/\/www.article-marketing.eu\/comunicatistampa\/un-ventennale-nel-segno-del-welfare-per-il-terziario-bolognese\/#breadcrumb","itemListElement":[{"@type":"ListItem","position":1,"name":"Home","item":"https:\/\/www.article-marketing.eu\/comunicatistampa\/"},{"@type":"ListItem","position":2,"name":"Un ventennale nel segno del welfare per il terziario bolognese"}]},{"@type":"WebSite","@id":"https:\/\/www.article-marketing.eu\/comunicatistampa\/#website","url":"https:\/\/www.article-marketing.eu\/comunicatistampa\/","name":"Article Marketing","description":"article marketing &amp; press release","potentialAction":[{"@type":"SearchAction","target":{"@type":"EntryPoint","urlTemplate":"https:\/\/www.article-marketing.eu\/comunicatistampa\/?s={search_term_string}"},"query-input":{"@type":"PropertyValueSpecification","valueRequired":true,"valueName":"search_term_string"}}],"inLanguage":"it-IT"},{"@type":"Person","@id":"https:\/\/www.article-marketing.eu\/comunicatistampa\/#\/schema\/person\/1c4ab1c7aad84347e26e78235da6ff1b","name":"Borderline Agency","image":{"@type":"ImageObject","inLanguage":"it-IT","@id":"https:\/\/secure.gravatar.com\/avatar\/741fa053101610cb0be7dc835c116926549ae4ae2142ff35eac04d78fda61461?s=96&d=mm&r=g","url":"https:\/\/secure.gravatar.com\/avatar\/741fa053101610cb0be7dc835c116926549ae4ae2142ff35eac04d78fda61461?s=96&d=mm&r=g","contentUrl":"https:\/\/secure.gravatar.com\/avatar\/741fa053101610cb0be7dc835c116926549ae4ae2142ff35eac04d78fda61461?s=96&d=mm&r=g","caption":"Borderline Agency"},"url":"https:\/\/www.article-marketing.eu\/comunicatistampa\/author\/borderline-agency\/"}]}},"_links":{"self":[{"href":"https:\/\/www.article-marketing.eu\/comunicatistampa\/wp-json\/wp\/v2\/posts\/19496","targetHints":{"allow":["GET"]}}],"collection":[{"href":"https:\/\/www.article-marketing.eu\/comunicatistampa\/wp-json\/wp\/v2\/posts"}],"about":[{"href":"https:\/\/www.article-marketing.eu\/comunicatistampa\/wp-json\/wp\/v2\/types\/post"}],"author":[{"embeddable":true,"href":"https:\/\/www.article-marketing.eu\/comunicatistampa\/wp-json\/wp\/v2\/users\/397"}],"replies":[{"embeddable":true,"href":"https:\/\/www.article-marketing.eu\/comunicatistampa\/wp-json\/wp\/v2\/comments?post=19496"}],"version-history":[{"count":4,"href":"https:\/\/www.article-marketing.eu\/comunicatistampa\/wp-json\/wp\/v2\/posts\/19496\/revisions"}],"predecessor-version":[{"id":19570,"href":"https:\/\/www.article-marketing.eu\/comunicatistampa\/wp-json\/wp\/v2\/posts\/19496\/revisions\/19570"}],"wp:attachment":[{"href":"https:\/\/www.article-marketing.eu\/comunicatistampa\/wp-json\/wp\/v2\/media?parent=19496"}],"wp:term":[{"taxonomy":"category","embeddable":true,"href":"https:\/\/www.article-marketing.eu\/comunicatistampa\/wp-json\/wp\/v2\/categories?post=19496"},{"taxonomy":"post_tag","embeddable":true,"href":"https:\/\/www.article-marketing.eu\/comunicatistampa\/wp-json\/wp\/v2\/tags?post=19496"}],"curies":[{"name":"wp","href":"https:\/\/api.w.org\/{rel}","templated":true}]}}